
{"id":18877,"date":"2017-11-07T19:51:25","date_gmt":"2017-11-07T19:51:25","guid":{"rendered":"http:\/\/colegioarquitectos.com\/?p=18877"},"modified":"2017-11-08T19:56:43","modified_gmt":"2017-11-08T19:56:43","slug":"jornadas-dialogos-con-energia-8-y-9-de-noviembre","status":"publish","type":"post","link":"https:\/\/colegioarquitectos.com\/noticias\/?p=18877","title":{"rendered":"Jornadas \u201cDi\u00e1logos con Energ\u00eda\u201d 8 y 9 de noviembre"},"content":{"rendered":"<p>\u00bfPor qu\u00e9 la gesti\u00f3n local y el ordenamiento territorial son di\u00e1logos impostergables para el sector energ\u00eda?<\/p>\n<p>\u00bfCu\u00e1les son los desaf\u00edos que enfrena la gesti\u00f3n local y el ordenamiento territorial para el sector energ\u00eda con miras al 2030?<\/p>\n<p>Estas son las preguntas que se abordar\u00e1n el 8 y 9 de noviembre en las dos mesas de di\u00e1logo organizadas por la Bienal en conjunto con el Ministerio de Energ\u00eda, que por primera vez participa como instituci\u00f3n patrocinadora de la Bienal.<\/p>\n<p>Ambas actividades ser\u00e1n el Parque Cultural de Valpara\u00edso.<\/p>\n<p>&nbsp;<\/p>\n<p><strong>Energ\u00eda y gesti\u00f3n local<\/strong><\/p>\n<p><em>Mi\u00e9rcoles 8 noviembre | 13:00 \u2013 14:00 hrs<\/em><\/p>\n<p>Modera: Sebasti\u00e1n Seisdedos M. Divisi\u00f3n de Desarrollo Sustentable, Ministerio de Energ\u00eda<\/p>\n<p>Comentan:<\/p>\n<p>Nicol\u00e1s Zamorano, Coordinador Comuna Energ\u00e9tica, Divisi\u00f3n de Desarrollo Sustentable, Ministerio de Energ\u00eda.<\/p>\n<p>Francisco Merino, Coordinador Generaci\u00f3n Comunitaria, Divisi\u00f3n de Participaci\u00f3n y Di\u00e1logo Social, Ministerio de Energ\u00eda.<\/p>\n<p>Rodrigo Barrera, Divisi\u00f3n de Desarrollo Sustentable, Ministerio de Energ\u00eda.<\/p>\n<p>&nbsp;<\/p>\n<p><strong>Energ\u00eda y ordenamiento territorial<\/strong><\/p>\n<p><em>Jueves 9 de noviembre | 12:00 \u2013 13:30 hrs.<\/em><\/p>\n<p>Modera: Sebasti\u00e1n Seisdedos M. Divisi\u00f3n de Desarrollo Sustentable, Ministerio de Energ\u00eda<\/p>\n<p>Comentan:<\/p>\n<p>Crist\u00f3bal Mu\u00f1oz, Divisi\u00f3n de Pol\u00edtica y Prospectiva Energ\u00e9tica, Ministerio de Energ\u00eda.<\/p>\n<p>Gustavo Labb\u00e9, Coordinador Unidad de Gesti\u00f3n Territorial, Divisi\u00f3n de Desarrollo Sustentable, Ministerio de Energ\u00eda.<\/p>\n<p>Guillermo Espinoza, Secretar\u00eda T\u00e9cnica Comit\u00e9 Interministerial Ciudad, Vivienda y Territorio (COMICIVYT).<\/p>\n<p>Jorge Ib\u00e1\u00f1ez, Departamento de Pol\u00edticas y Descentralizaci\u00f3n, Subsecretar\u00eda de Desarrollo Regional (SUBDERE).<\/p>\n<p><\/p>","protected":false},"excerpt":{"rendered":"<p>\u00bfPor qu\u00e9 la gesti\u00f3n local y el ordenamiento territorial son di\u00e1logos impostergables para el sector energ\u00eda? \u00bfCu\u00e1les son los desaf\u00edos que enfrena la gesti\u00f3n local y el ordenamiento territorial para el sector energ\u00eda con miras al 2030? Estas son las &hellip; <a class=\"more-link\" href=\"https:\/\/colegioarquitectos.com\/noticias\/?p=18877\">ver m\u00e1s<\/a><\/p>","protected":false},"author":4,"featured_media":18880,"comment_status":"closed","ping_status":"closed","sticky":false,"template":"","format":"standard","meta":{"footnotes":""},"categories":[59],"tags":[],"class_list":["post-18877","post","type-post","status-publish","format-standard","has-post-thumbnail","hentry","category-bienal"],"yoast_head":"<!-- This site is optimized with the Yoast SEO plugin v24.2 - https:\/\/yoast.com\/wordpress\/plugins\/seo\/ -->\n<title>Jornadas \u201cDi\u00e1logos con Energ\u00eda\u201d 8 y 9 de noviembre - COLEGIO DE ARQUITECTOS DE CHILE<\/title>\n<meta name=\"robots\" content=\"index, follow, max-snippet:-1, max-image-preview:large, max-video-preview:-1\" \/>\n<link rel=\"canonical\" href=\"https:\/\/colegioarquitectos.com\/noticias\/?p=18877\" \/>\n<meta property=\"og:locale\" content=\"es_ES\" \/>\n<meta property=\"og:type\" content=\"article\" \/>\n<meta property=\"og:title\" content=\"Jornadas \u201cDi\u00e1logos con Energ\u00eda\u201d 8 y 9 de noviembre - COLEGIO DE ARQUITECTOS DE CHILE\" \/>\n<meta property=\"og:description\" content=\"\u00bfPor qu\u00e9 la gesti\u00f3n local y el ordenamiento territorial son di\u00e1logos impostergables para el sector energ\u00eda? \u00bfCu\u00e1les son los desaf\u00edos que enfrena la gesti\u00f3n local y el ordenamiento territorial para el sector energ\u00eda con miras al 2030? Estas son las &hellip; ver m\u00e1s\" \/>\n<meta property=\"og:url\" content=\"https:\/\/colegioarquitectos.com\/noticias\/?p=18877\" \/>\n<meta property=\"og:site_name\" content=\"COLEGIO DE ARQUITECTOS DE CHILE\" \/>\n<meta property=\"article:publisher\" content=\"https:\/\/facebook.com\/Colegioarq\/\" \/>\n<meta property=\"article:published_time\" content=\"2017-11-07T19:51:25+00:00\" \/>\n<meta property=\"article:modified_time\" content=\"2017-11-08T19:56:43+00:00\" \/>\n<meta property=\"og:image\" content=\"https:\/\/colegioarquitectos.com\/noticias\/wp-content\/uploads\/2017\/11\/Ministerio-de-Energ\u00eda-XX-Bienal.jpg\" \/>\n\t<meta property=\"og:image:width\" content=\"690\" \/>\n\t<meta property=\"og:image:height\" content=\"350\" \/>\n\t<meta property=\"og:image:type\" content=\"image\/jpeg\" \/>\n<meta name=\"author\" content=\"Colegio de Arquitectos de Chile\" \/>\n<meta name=\"twitter:card\" content=\"summary_large_image\" \/>\n<meta name=\"twitter:creator\" content=\"@colegioarq\" \/>\n<meta name=\"twitter:site\" content=\"@colegioarq\" \/>\n<meta name=\"twitter:label1\" content=\"Escrito por\" \/>\n\t<meta name=\"twitter:data1\" content=\"Colegio de Arquitectos de Chile\" \/>\n\t<meta name=\"twitter:label2\" content=\"Tiempo de lectura\" \/>\n\t<meta name=\"twitter:data2\" content=\"1 minuto\" \/>\n<script type=\"application\/ld+json\" class=\"yoast-schema-graph\">{\"@context\":\"https:\/\/schema.org\",\"@graph\":[{\"@type\":\"Article\",\"@id\":\"https:\/\/colegioarquitectos.com\/noticias\/?p=18877#article\",\"isPartOf\":{\"@id\":\"https:\/\/colegioarquitectos.com\/noticias\/?p=18877\"},\"author\":{\"name\":\"Colegio de Arquitectos de Chile\",\"@id\":\"https:\/\/colegioarquitectos.com\/noticias\/#\/schema\/person\/685cc0aad148303c5608f049af8285ad\"},\"headline\":\"Jornadas \u201cDi\u00e1logos con Energ\u00eda\u201d 8 y 9 de noviembre\",\"datePublished\":\"2017-11-07T19:51:25+00:00\",\"dateModified\":\"2017-11-08T19:56:43+00:00\",\"mainEntityOfPage\":{\"@id\":\"https:\/\/colegioarquitectos.com\/noticias\/?p=18877\"},\"wordCount\":265,\"publisher\":{\"@id\":\"https:\/\/colegioarquitectos.com\/noticias\/#organization\"},\"image\":{\"@id\":\"https:\/\/colegioarquitectos.com\/noticias\/?p=18877#primaryimage\"},\"thumbnailUrl\":\"https:\/\/colegioarquitectos.com\/noticias\/wp-content\/uploads\/2017\/11\/Ministerio-de-Energ\u00eda-XX-Bienal.jpg\",\"articleSection\":[\"Bienal\"],\"inLanguage\":\"es\"},{\"@type\":\"WebPage\",\"@id\":\"https:\/\/colegioarquitectos.com\/noticias\/?p=18877\",\"url\":\"https:\/\/colegioarquitectos.com\/noticias\/?p=18877\",\"name\":\"Jornadas \u201cDi\u00e1logos con Energ\u00eda\u201d 8 y 9 de noviembre - COLEGIO DE ARQUITECTOS DE CHILE\",\"isPartOf\":{\"@id\":\"https:\/\/colegioarquitectos.com\/noticias\/#website\"},\"primaryImageOfPage\":{\"@id\":\"https:\/\/colegioarquitectos.com\/noticias\/?p=18877#primaryimage\"},\"image\":{\"@id\":\"https:\/\/colegioarquitectos.com\/noticias\/?p=18877#primaryimage\"},\"thumbnailUrl\":\"https:\/\/colegioarquitectos.com\/noticias\/wp-content\/uploads\/2017\/11\/Ministerio-de-Energ\u00eda-XX-Bienal.jpg\",\"datePublished\":\"2017-11-07T19:51:25+00:00\",\"dateModified\":\"2017-11-08T19:56:43+00:00\",\"breadcrumb\":{\"@id\":\"https:\/\/colegioarquitectos.com\/noticias\/?p=18877#breadcrumb\"},\"inLanguage\":\"es\",\"potentialAction\":[{\"@type\":\"ReadAction\",\"target\":[\"https:\/\/colegioarquitectos.com\/noticias\/?p=18877\"]}]},{\"@type\":\"ImageObject\",\"inLanguage\":\"es\",\"@id\":\"https:\/\/colegioarquitectos.com\/noticias\/?p=18877#primaryimage\",\"url\":\"https:\/\/colegioarquitectos.com\/noticias\/wp-content\/uploads\/2017\/11\/Ministerio-de-Energ\u00eda-XX-Bienal.jpg\",\"contentUrl\":\"https:\/\/colegioarquitectos.com\/noticias\/wp-content\/uploads\/2017\/11\/Ministerio-de-Energ\u00eda-XX-Bienal.jpg\",\"width\":690,\"height\":350},{\"@type\":\"BreadcrumbList\",\"@id\":\"https:\/\/colegioarquitectos.com\/noticias\/?p=18877#breadcrumb\",\"itemListElement\":[{\"@type\":\"ListItem\",\"position\":1,\"name\":\"Portada\",\"item\":\"https:\/\/colegioarquitectos.com\/noticias\"},{\"@type\":\"ListItem\",\"position\":2,\"name\":\"Jornadas \u201cDi\u00e1logos con Energ\u00eda\u201d 8 y 9 de noviembre\"}]},{\"@type\":\"WebSite\",\"@id\":\"https:\/\/colegioarquitectos.com\/noticias\/#website\",\"url\":\"https:\/\/colegioarquitectos.com\/noticias\/\",\"name\":\"COLEGIO DE ARQUITECTOS DE CHILE\",\"description\":\"\",\"publisher\":{\"@id\":\"https:\/\/colegioarquitectos.com\/noticias\/#organization\"},\"potentialAction\":[{\"@type\":\"SearchAction\",\"target\":{\"@type\":\"EntryPoint\",\"urlTemplate\":\"https:\/\/colegioarquitectos.com\/noticias\/?s={search_term_string}\"},\"query-input\":{\"@type\":\"PropertyValueSpecification\",\"valueRequired\":true,\"valueName\":\"search_term_string\"}}],\"inLanguage\":\"es\"},{\"@type\":\"Organization\",\"@id\":\"https:\/\/colegioarquitectos.com\/noticias\/#organization\",\"name\":\"COLEGIO DE ARQUITECTOS DE CHILE\",\"url\":\"https:\/\/colegioarquitectos.com\/noticias\/\",\"logo\":{\"@type\":\"ImageObject\",\"inLanguage\":\"es\",\"@id\":\"https:\/\/colegioarquitectos.com\/noticias\/#\/schema\/logo\/image\/\",\"url\":\"https:\/\/colegioarquitectos.com\/noticias\/wp-content\/uploads\/2021\/05\/ENCABEZADO-LOGO-CA.jpg\",\"contentUrl\":\"https:\/\/colegioarquitectos.com\/noticias\/wp-content\/uploads\/2021\/05\/ENCABEZADO-LOGO-CA.jpg\",\"width\":690,\"height\":350,\"caption\":\"COLEGIO DE ARQUITECTOS DE CHILE\"},\"image\":{\"@id\":\"https:\/\/colegioarquitectos.com\/noticias\/#\/schema\/logo\/image\/\"},\"sameAs\":[\"https:\/\/facebook.com\/Colegioarq\/\",\"https:\/\/x.com\/colegioarq\",\"https:\/\/instagram.com\/colegioarq\",\"https:\/\/youtube.com\/@ColegiodeArquitectosdeChile\"]},{\"@type\":\"Person\",\"@id\":\"https:\/\/colegioarquitectos.com\/noticias\/#\/schema\/person\/685cc0aad148303c5608f049af8285ad\",\"name\":\"Colegio de Arquitectos de Chile\",\"url\":\"https:\/\/colegioarquitectos.com\/noticias\/?author=4\"}]}<\/script>\n<!-- \/ Yoast SEO plugin. -->","yoast_head_json":{"title":"Jornadas \u201cDi\u00e1logos con Energ\u00eda\u201d 8 y 9 de noviembre - COLEGIO DE ARQUITECTOS DE CHILE","robots":{"index":"index","follow":"follow","max-snippet":"max-snippet:-1","max-image-preview":"max-image-preview:large","max-video-preview":"max-video-preview:-1"},"canonical":"https:\/\/colegioarquitectos.com\/noticias\/?p=18877","og_locale":"es_ES","og_type":"article","og_title":"Jornadas \u201cDi\u00e1logos con Energ\u00eda\u201d 8 y 9 de noviembre - COLEGIO DE ARQUITECTOS DE CHILE","og_description":"\u00bfPor qu\u00e9 la gesti\u00f3n local y el ordenamiento territorial son di\u00e1logos impostergables para el sector energ\u00eda? \u00bfCu\u00e1les son los desaf\u00edos que enfrena la gesti\u00f3n local y el ordenamiento territorial para el sector energ\u00eda con miras al 2030? Estas son las &hellip; ver m\u00e1s","og_url":"https:\/\/colegioarquitectos.com\/noticias\/?p=18877","og_site_name":"COLEGIO DE ARQUITECTOS DE CHILE","article_publisher":"https:\/\/facebook.com\/Colegioarq\/","article_published_time":"2017-11-07T19:51:25+00:00","article_modified_time":"2017-11-08T19:56:43+00:00","og_image":[{"width":690,"height":350,"url":"https:\/\/colegioarquitectos.com\/noticias\/wp-content\/uploads\/2017\/11\/Ministerio-de-Energ\u00eda-XX-Bienal.jpg","type":"image\/jpeg"}],"author":"Colegio de Arquitectos de Chile","twitter_card":"summary_large_image","twitter_creator":"@colegioarq","twitter_site":"@colegioarq","twitter_misc":{"Escrito por":"Colegio de Arquitectos de Chile","Tiempo de lectura":"1 minuto"},"schema":{"@context":"https:\/\/schema.org","@graph":[{"@type":"Article","@id":"https:\/\/colegioarquitectos.com\/noticias\/?p=18877#article","isPartOf":{"@id":"https:\/\/colegioarquitectos.com\/noticias\/?p=18877"},"author":{"name":"Colegio de Arquitectos de Chile","@id":"https:\/\/colegioarquitectos.com\/noticias\/#\/schema\/person\/685cc0aad148303c5608f049af8285ad"},"headline":"Jornadas \u201cDi\u00e1logos con Energ\u00eda\u201d 8 y 9 de noviembre","datePublished":"2017-11-07T19:51:25+00:00","dateModified":"2017-11-08T19:56:43+00:00","mainEntityOfPage":{"@id":"https:\/\/colegioarquitectos.com\/noticias\/?p=18877"},"wordCount":265,"publisher":{"@id":"https:\/\/colegioarquitectos.com\/noticias\/#organization"},"image":{"@id":"https:\/\/colegioarquitectos.com\/noticias\/?p=18877#primaryimage"},"thumbnailUrl":"https:\/\/colegioarquitectos.com\/noticias\/wp-content\/uploads\/2017\/11\/Ministerio-de-Energ\u00eda-XX-Bienal.jpg","articleSection":["Bienal"],"inLanguage":"es"},{"@type":"WebPage","@id":"https:\/\/colegioarquitectos.com\/noticias\/?p=18877","url":"https:\/\/colegioarquitectos.com\/noticias\/?p=18877","name":"Jornadas \u201cDi\u00e1logos con Energ\u00eda\u201d 8 y 9 de noviembre - COLEGIO DE ARQUITECTOS DE CHILE","isPartOf":{"@id":"https:\/\/colegioarquitectos.com\/noticias\/#website"},"primaryImageOfPage":{"@id":"https:\/\/colegioarquitectos.com\/noticias\/?p=18877#primaryimage"},"image":{"@id":"https:\/\/colegioarquitectos.com\/noticias\/?p=18877#primaryimage"},"thumbnailUrl":"https:\/\/colegioarquitectos.com\/noticias\/wp-content\/uploads\/2017\/11\/Ministerio-de-Energ\u00eda-XX-Bienal.jpg","datePublished":"2017-11-07T19:51:25+00:00","dateModified":"2017-11-08T19:56:43+00:00","breadcrumb":{"@id":"https:\/\/colegioarquitectos.com\/noticias\/?p=18877#breadcrumb"},"inLanguage":"es","potentialAction":[{"@type":"ReadAction","target":["https:\/\/colegioarquitectos.com\/noticias\/?p=18877"]}]},{"@type":"ImageObject","inLanguage":"es","@id":"https:\/\/colegioarquitectos.com\/noticias\/?p=18877#primaryimage","url":"https:\/\/colegioarquitectos.com\/noticias\/wp-content\/uploads\/2017\/11\/Ministerio-de-Energ\u00eda-XX-Bienal.jpg","contentUrl":"https:\/\/colegioarquitectos.com\/noticias\/wp-content\/uploads\/2017\/11\/Ministerio-de-Energ\u00eda-XX-Bienal.jpg","width":690,"height":350},{"@type":"BreadcrumbList","@id":"https:\/\/colegioarquitectos.com\/noticias\/?p=18877#breadcrumb","itemListElement":[{"@type":"ListItem","position":1,"name":"Portada","item":"https:\/\/colegioarquitectos.com\/noticias"},{"@type":"ListItem","position":2,"name":"Jornadas \u201cDi\u00e1logos con Energ\u00eda\u201d 8 y 9 de noviembre"}]},{"@type":"WebSite","@id":"https:\/\/colegioarquitectos.com\/noticias\/#website","url":"https:\/\/colegioarquitectos.com\/noticias\/","name":"COLEGIO DE ARQUITECTOS DE CHILE","description":"","publisher":{"@id":"https:\/\/colegioarquitectos.com\/noticias\/#organization"},"potentialAction":[{"@type":"SearchAction","target":{"@type":"EntryPoint","urlTemplate":"https:\/\/colegioarquitectos.com\/noticias\/?s={search_term_string}"},"query-input":{"@type":"PropertyValueSpecification","valueRequired":true,"valueName":"search_term_string"}}],"inLanguage":"es"},{"@type":"Organization","@id":"https:\/\/colegioarquitectos.com\/noticias\/#organization","name":"COLEGIO DE ARQUITECTOS DE CHILE","url":"https:\/\/colegioarquitectos.com\/noticias\/","logo":{"@type":"ImageObject","inLanguage":"es","@id":"https:\/\/colegioarquitectos.com\/noticias\/#\/schema\/logo\/image\/","url":"https:\/\/colegioarquitectos.com\/noticias\/wp-content\/uploads\/2021\/05\/ENCABEZADO-LOGO-CA.jpg","contentUrl":"https:\/\/colegioarquitectos.com\/noticias\/wp-content\/uploads\/2021\/05\/ENCABEZADO-LOGO-CA.jpg","width":690,"height":350,"caption":"COLEGIO DE ARQUITECTOS DE CHILE"},"image":{"@id":"https:\/\/colegioarquitectos.com\/noticias\/#\/schema\/logo\/image\/"},"sameAs":["https:\/\/facebook.com\/Colegioarq\/","https:\/\/x.com\/colegioarq","https:\/\/instagram.com\/colegioarq","https:\/\/youtube.com\/@ColegiodeArquitectosdeChile"]},{"@type":"Person","@id":"https:\/\/colegioarquitectos.com\/noticias\/#\/schema\/person\/685cc0aad148303c5608f049af8285ad","name":"Colegio de Arquitectos de Chile","url":"https:\/\/colegioarquitectos.com\/noticias\/?author=4"}]}},"_links":{"self":[{"href":"https:\/\/colegioarquitectos.com\/noticias\/index.php?rest_route=\/wp\/v2\/posts\/18877","targetHints":{"allow":["GET"]}}],"collection":[{"href":"https:\/\/colegioarquitectos.com\/noticias\/index.php?rest_route=\/wp\/v2\/posts"}],"about":[{"href":"https:\/\/colegioarquitectos.com\/noticias\/index.php?rest_route=\/wp\/v2\/types\/post"}],"author":[{"embeddable":true,"href":"https:\/\/colegioarquitectos.com\/noticias\/index.php?rest_route=\/wp\/v2\/users\/4"}],"replies":[{"embeddable":true,"href":"https:\/\/colegioarquitectos.com\/noticias\/index.php?rest_route=%2Fwp%2Fv2%2Fcomments&post=18877"}],"version-history":[{"count":0,"href":"https:\/\/colegioarquitectos.com\/noticias\/index.php?rest_route=\/wp\/v2\/posts\/18877\/revisions"}],"wp:featuredmedia":[{"embeddable":true,"href":"https:\/\/colegioarquitectos.com\/noticias\/index.php?rest_route=\/wp\/v2\/media\/18880"}],"wp:attachment":[{"href":"https:\/\/colegioarquitectos.com\/noticias\/index.php?rest_route=%2Fwp%2Fv2%2Fmedia&parent=18877"}],"wp:term":[{"taxonomy":"category","embeddable":true,"href":"https:\/\/colegioarquitectos.com\/noticias\/index.php?rest_route=%2Fwp%2Fv2%2Fcategories&post=18877"},{"taxonomy":"post_tag","embeddable":true,"href":"https:\/\/colegioarquitectos.com\/noticias\/index.php?rest_route=%2Fwp%2Fv2%2Ftags&post=18877"}],"curies":[{"name":"wp","href":"https:\/\/api.w.org\/{rel}","templated":true}]}}