
{"id":19092,"date":"2017-12-04T18:55:30","date_gmt":"2017-12-04T18:55:30","guid":{"rendered":"http:\/\/colegioarquitectos.com\/?p=19092"},"modified":"2017-12-14T19:27:44","modified_gmt":"2017-12-14T19:27:44","slug":"19092","status":"publish","type":"post","link":"https:\/\/colegioarquitectos.com\/noticias\/?p=19092","title":{"rendered":"Elecciones CA 2017: Conoce los postulantes a cargos nacionales y regionales"},"content":{"rendered":"<p class=\"Estilo17\">Arquitectos colegiados:<\/p>\n<p class=\"Estilo17\">A continuaci\u00f3n compartimos con Uds. la\u00a0<strong>n\u00f3mina de candidatos<\/strong>\u00a0para las pr\u00f3ximas\u00a0<strong>Elecciones CA 2017<\/strong>, tanto para los cargos de nivel nacional\u00a0como para las Delegaciones Zonales Regionales que renuevan sus dirigentes, quienes ser\u00e1n nuestros representantes para el per\u00edodo\u00a0<strong>2018-2019<\/strong>.<\/p>\n<p class=\"Estilo17\">La lista sigue el orden que tendr\u00e1n los postulantes en estas elecciones que se realizar\u00e1n de manera online el pr\u00f3ximo\u00a0<strong>18 y 19 de diciembre<\/strong>. Te informaremos a tiempo sobre el proceso, calendario y sistema de votaci\u00f3n.<\/p>\n<p class=\"Estilo17\">Pincha sobre los nombres para conocer las propuestas de cada uno para el Colegio de Arquitectos y su experiencia profesional.<\/p>\n<p class=\"Estilo17\">A continuaci\u00f3n las listas:<\/p>\n<p>&nbsp;<\/p>\n<p><strong>Candidatos a Directorio Nacional<\/strong><\/p>\n<table style=\"height: 453px;\" width=\"386\">\n<tbody>\n<tr>\n<td width=\"48\">NRO<\/td>\n<td width=\"254\">NOMBRE Y APELLIDOS<\/td>\n<td width=\"80\">ICA<\/td>\n<\/tr>\n<tr>\n<td>1<\/td>\n<td><a href=\"http:\/\/colegioarquitectos.com\/noticias\/?p=19096\">Fernando Mar\u00edn Cruchaga<\/a><\/td>\n<td>5203<\/td>\n<\/tr>\n<tr>\n<td>2<\/td>\n<td><a href=\"http:\/\/colegioarquitectos.com\/noticias\/?p=19101\">Macarena Avilas Burdiles<\/a><\/td>\n<td>9276<\/td>\n<\/tr>\n<tr>\n<td>3<\/td>\n<td><a href=\"http:\/\/colegioarquitectos.com\/noticias\/?p=19106\">Uwe Rohwedder Gremler<\/a><\/td>\n<td>4989<\/td>\n<\/tr>\n<tr>\n<td>4<\/td>\n<td><a href=\"http:\/\/colegioarquitectos.com\/noticias\/?p=19117\">Jorge Guzm\u00e1n Briones<\/a><\/td>\n<td>2273<\/td>\n<\/tr>\n<tr>\n<td>5<\/td>\n<td><a href=\"http:\/\/colegioarquitectos.com\/noticias\/?p=19123\">Mar\u00eda Soledad Larra\u00edn Salinas<\/a><\/td>\n<td>11263<\/td>\n<\/tr>\n<tr>\n<td>6<\/td>\n<td><a href=\"http:\/\/colegioarquitectos.com\/noticias\/?p=19128\">Carlos Maillet Ar\u00e1nguiz<\/a><\/td>\n<td>7352<\/td>\n<\/tr>\n<tr>\n<td>7<\/td>\n<td><a href=\"http:\/\/colegioarquitectos.com\/noticias\/?p=19132\">Manuel Marchant Rubilar<\/a><\/td>\n<td>3924<\/td>\n<\/tr>\n<tr>\n<td>8<\/td>\n<td><a href=\"http:\/\/colegioarquitectos.com\/noticias\/?p=19136\">Diego Alfonso Rebolledo Flores<\/a><\/td>\n<td>10602<\/td>\n<\/tr>\n<tr>\n<td>9<\/td>\n<td><a href=\"http:\/\/colegioarquitectos.com\/noticias\/?p=19140\">Alicia Alarc\u00f3n Ram\u00edrez<\/a><\/td>\n<td>4435<\/td>\n<\/tr>\n<tr>\n<td>10<\/td>\n<td><a href=\"http:\/\/colegioarquitectos.com\/noticias\/?p=19165\">Jorge Espinosa Cereceda<\/a><\/td>\n<td>4517<\/td>\n<\/tr>\n<tr>\n<td>11<\/td>\n<td><a href=\"http:\/\/colegioarquitectos.com\/noticias\/?p=19170\">Javier Contreras Gonz\u00e1lez<\/a><\/td>\n<td>9434<\/td>\n<\/tr>\n<tr>\n<td>12<\/td>\n<td><a href=\"http:\/\/colegioarquitectos.com\/noticias\/?p=19174\">Humberto Eliash D\u00edaz<\/a><\/td>\n<td>3178<\/td>\n<\/tr>\n<\/tbody>\n<\/table>\n<p>&nbsp;<\/p>\n<p><strong>Candidatos al Tribunal de \u00c9tica Nacional<\/strong><\/p>\n<table style=\"height: 373px;\" width=\"387\">\n<tbody>\n<tr>\n<td width=\"42\">NRO<\/td>\n<td width=\"257\">NOMBRE Y APELLIDOS<\/td>\n<td width=\"81\">ICA<\/td>\n<\/tr>\n<tr>\n<td>1<\/td>\n<td><a href=\"http:\/\/colegioarquitectos.com\/noticias\/?p=19199\">Marcelo Carvallo Ceroni<\/a><\/td>\n<td>11558<\/td>\n<\/tr>\n<tr>\n<td>2<\/td>\n<td><a href=\"http:\/\/colegioarquitectos.com\/noticias\/?p=19203\">Mario Ter\u00e1n Pardo<\/a><\/td>\n<td>3317<\/td>\n<\/tr>\n<tr>\n<td>3<\/td>\n<td><a href=\"http:\/\/colegioarquitectos.com\/noticias\/?p=19206\">Iv\u00e1n Cartes Siade<\/a><\/td>\n<td>5126<\/td>\n<\/tr>\n<tr>\n<td>4<\/td>\n<td><a href=\"http:\/\/colegioarquitectos.com\/noticias\/?p=19212\">Mariana Beatriz Rojas Lennox-Robertson<\/a><\/td>\n<td>3987<\/td>\n<\/tr>\n<tr>\n<td>5<\/td>\n<td><a href=\"http:\/\/colegioarquitectos.com\/noticias\/?p=19215\">Mar\u00eda Teresa Rojo Lorca<\/a><\/td>\n<td>3653<\/td>\n<\/tr>\n<tr>\n<td>6<\/td>\n<td><a href=\"http:\/\/colegioarquitectos.com\/noticias\/?p=19219\">Sergio Andreu Matta<\/a><\/td>\n<td>3691<\/td>\n<\/tr>\n<tr>\n<td>7<\/td>\n<td><a href=\"http:\/\/colegioarquitectos.com\/noticias\/?p=19224\">Rodolfo Jim\u00e9nez Cavieres<\/a><\/td>\n<td>4500<\/td>\n<\/tr>\n<tr>\n<td>8<\/td>\n<td><a href=\"http:\/\/colegioarquitectos.com\/noticias\/?p=19228\">Vicente Gumucio Barros<\/a><\/td>\n<td>4047<\/td>\n<\/tr>\n<tr>\n<td>9<\/td>\n<td><a href=\"http:\/\/colegioarquitectos.com\/noticias\/?p=19232\">Gloria Hidalgo Beas<\/a><\/td>\n<td>5034<\/td>\n<\/tr>\n<\/tbody>\n<\/table>\n<p>&nbsp;<\/p>\n<p><strong>Candidatos a Directorio Delegaci\u00f3n Zonal Tarapac\u00e1 &#8211; Iquique<\/strong><\/p>\n<table style=\"height: 186px;\" width=\"378\">\n<tbody>\n<tr>\n<td width=\"33\">NRO<\/td>\n<td width=\"215\">Nombre<\/td>\n<td width=\"54\">ICA<\/td>\n<\/tr>\n<tr>\n<td>1<\/td>\n<td><a href=\"http:\/\/colegioarquitectos.com\/noticias\/?p=19248\">Vesna Obilinovic Gonz\u00e1lez<\/a><\/td>\n<td>9755<\/td>\n<\/tr>\n<tr>\n<td>2<\/td>\n<td><a href=\"http:\/\/colegioarquitectos.com\/noticias\/?p=19252\">Javiera Salinas Solari<\/a><\/td>\n<td>10601<\/td>\n<\/tr>\n<tr>\n<td>3<\/td>\n<td><a href=\"http:\/\/colegioarquitectos.com\/noticias\/?p=19256\">Roy Z\u00fa\u00f1iga Morales<\/a><\/td>\n<td>10181<\/td>\n<\/tr>\n<tr>\n<td>4<\/td>\n<td><a href=\"http:\/\/colegioarquitectos.com\/noticias\/?p=19260\">Francisco Javier Mart\u00ednez Segovia<\/a><\/td>\n<td>11569<\/td>\n<\/tr>\n<\/tbody>\n<\/table>\n<p>&nbsp;<\/p>\n<p><strong>Candidatos a Directorio Delegaci\u00f3n Zonal Coquimbo &#8211; La Serena<\/strong><\/p>\n<table style=\"height: 386px;\" width=\"381\">\n<tbody>\n<tr>\n<td width=\"41\">NRO<\/td>\n<td width=\"207\">Nombre<\/td>\n<td width=\"51\">ICA<\/td>\n<\/tr>\n<tr>\n<td>1<\/td>\n<td><a href=\"http:\/\/colegioarquitectos.com\/noticias\/?p=19267\">Mauricio Namoncura Poblete<\/a><\/td>\n<td>10641<\/td>\n<\/tr>\n<tr>\n<td>2<\/td>\n<td><a href=\"http:\/\/colegioarquitectos.com\/noticias\/?p=19271\">Salvador Guti\u00e9rrez Mill\u00e1n<\/a><\/td>\n<td>10490<\/td>\n<\/tr>\n<tr>\n<td>3<\/td>\n<td><a href=\"http:\/\/colegioarquitectos.com\/noticias\/?p=19277\">Juana Varela Kawasaki<\/a><\/td>\n<td>3446<\/td>\n<\/tr>\n<tr>\n<td>4<\/td>\n<td><a href=\"http:\/\/colegioarquitectos.com\/noticias\/?p=19282\">Luis Alberto Viada Ovalle<\/a><\/td>\n<td>5933<\/td>\n<\/tr>\n<tr>\n<td>5<\/td>\n<td><a href=\"http:\/\/colegioarquitectos.com\/noticias\/?p=19286\">Constanza Galleguillos Carvallo<\/a><\/td>\n<td>9788<\/td>\n<\/tr>\n<tr>\n<td>6<\/td>\n<td><a href=\"http:\/\/colegioarquitectos.com\/noticias\/?p=19290\">Alex Garrido Tapia<\/a><\/td>\n<td>8892<\/td>\n<\/tr>\n<tr>\n<td>7<\/td>\n<td><a href=\"http:\/\/colegioarquitectos.com\/noticias\/?p=19294\">Rodrigo Tapia Cerda<\/a><\/td>\n<td>7288<\/td>\n<\/tr>\n<\/tbody>\n<\/table>\n<p>&nbsp;<\/p>\n<p><strong>Candidatos a Directorio Delegaci\u00f3n Zonal Valpara\u00edso<\/strong><\/p>\n<table style=\"height: 279px;\" width=\"381\">\n<tbody>\n<tr>\n<td width=\"37\">NRO<\/td>\n<td width=\"191\">Nombre<\/td>\n<td width=\"55\">ICA<\/td>\n<\/tr>\n<tr>\n<td>1<\/td>\n<td><a href=\"http:\/\/colegioarquitectos.com\/noticias\/?p=19303\">Carolina Pe\u00f1aloza Pinto<\/a><\/td>\n<td>10391<\/td>\n<\/tr>\n<tr>\n<td>2<\/td>\n<td><a href=\"http:\/\/colegioarquitectos.com\/noticias\/?p=19308\">Claudia Woywood Rodr\u00edguez<\/a><\/td>\n<td>9360<\/td>\n<\/tr>\n<tr>\n<td>3<\/td>\n<td><a href=\"http:\/\/colegioarquitectos.com\/noticias\/?p=19313\">Joan Saavedra de Mateo<\/a><\/td>\n<td>11093<\/td>\n<\/tr>\n<tr>\n<td>4<\/td>\n<td><a href=\"http:\/\/colegioarquitectos.com\/noticias\/?p=19319\">Felipe Vollmer Pizarro<\/a><\/td>\n<td>11144<\/td>\n<\/tr>\n<tr>\n<td>5<\/td>\n<td><a href=\"http:\/\/colegioarquitectos.com\/noticias\/?p=19324\">Claudio Carrasco Aldunate<\/a><\/td>\n<td>5929<\/td>\n<\/tr>\n<\/tbody>\n<\/table>\n<p>&nbsp;<\/p>\n<p><strong>Candidatos a Tribunal de \u00c9tica Delegaci\u00f3n Zonal Valpara\u00edso<\/strong><\/p>\n<table style=\"height: 195px;\" width=\"374\">\n<tbody>\n<tr>\n<td width=\"51\">NRO<\/td>\n<td width=\"173\">Nombre<\/td>\n<td width=\"54\">ICA<\/td>\n<\/tr>\n<tr>\n<td>1<\/td>\n<td><a href=\"http:\/\/colegioarquitectos.com\/noticias\/?p=19332\">Fernando Villanueva Carmona<\/a><\/td>\n<td>2979<\/td>\n<\/tr>\n<tr>\n<td>2<\/td>\n<td><a href=\"http:\/\/colegioarquitectos.com\/noticias\/?p=19338\">Gonzalo Vegas Cort\u00e9s<\/a><\/td>\n<td>3274<\/td>\n<\/tr>\n<tr>\n<td>3<\/td>\n<td><a href=\"http:\/\/colegioarquitectos.com\/noticias\/?p=19343\">Juan Ricardo D\u00edaz Milovic<\/a><\/td>\n<td>3108<\/td>\n<\/tr>\n<tr>\n<td>4<\/td>\n<td><a href=\"http:\/\/colegioarquitectos.com\/noticias\/?p=19351\">V\u00edctor Manuel Sere\u00f1o Varas<\/a><\/td>\n<td>3577<\/td>\n<\/tr>\n<\/tbody>\n<\/table>\n<p>&nbsp;<\/p>\n<p><strong>Candidatos a Directorio Delegaci\u00f3n Zonal Concepci\u00f3n<\/strong><\/p>\n<table style=\"height: 283px;\" width=\"381\">\n<tbody>\n<tr>\n<td width=\"48\">ICA<\/td>\n<td width=\"204\">Nombre<\/td>\n<td width=\"67\">ICA<\/td>\n<\/tr>\n<tr>\n<td>1<\/td>\n<td><a href=\"http:\/\/colegioarquitectos.com\/noticias\/?p=19359\">Evelyn Andrea Narv\u00e1ez Mardones<\/a><\/td>\n<td>10938<\/td>\n<\/tr>\n<tr>\n<td>2<\/td>\n<td><a href=\"http:\/\/colegioarquitectos.com\/noticias\/?p=19365\">Carolina Beatriz D\u00edaz C\u00e1ceres<\/a><\/td>\n<td>10478<\/td>\n<\/tr>\n<tr>\n<td>3<\/td>\n<td><a href=\"http:\/\/colegioarquitectos.com\/noticias\/?p=19370\">Ivonne Mella Vidal<\/a><\/td>\n<td>7233<\/td>\n<\/tr>\n<tr>\n<td>4<\/td>\n<td><a href=\"http:\/\/colegioarquitectos.com\/noticias\/?p=19374\">Claudio Arce Ayub<\/a><\/td>\n<td>5294<\/td>\n<\/tr>\n<tr>\n<td>5<\/td>\n<td><a href=\"http:\/\/colegioarquitectos.com\/noticias\/?p=19379\">Cecilia Andrea Mart\u00edn Herranz<\/a><\/td>\n<td>9137<\/td>\n<\/tr>\n<tr>\n<td>6<\/td>\n<td><a href=\"http:\/\/colegioarquitectos.com\/noticias\/?p=19386\">Iv\u00e1n Cartes Siade<\/a><\/td>\n<td>5126<\/td>\n<\/tr>\n<\/tbody>\n<\/table>\n<p>&nbsp;<\/p>\n<p><strong>Candidato a Tribunal de \u00c9tica Delegaci\u00f3n Zonal Concepci\u00f3n<\/strong><\/p>\n<table style=\"height: 46px;\" width=\"385\">\n<tbody>\n<tr>\n<td width=\"37\">Nro<\/td>\n<td width=\"80\">Nombre<\/td>\n<td width=\"67\">ICA<\/td>\n<\/tr>\n<tr>\n<td>1<\/td>\n<td><strong>Werner Stehr<\/strong><\/td>\n<td>2487<\/td>\n<\/tr>\n<\/tbody>\n<\/table>\n<p>&nbsp;<\/p>\n<p><strong>Candidatos a Directorio Delegaci\u00f3n Zonal Chilo\u00e9<\/strong><\/p>\n<table style=\"height: 103px;\" width=\"388\">\n<tbody>\n<tr>\n<td width=\"42\">NRO<\/td>\n<td width=\"165\">Nombre<\/td>\n<td width=\"66\">ICA<\/td>\n<\/tr>\n<tr>\n<td>1<\/td>\n<td><a href=\"http:\/\/colegioarquitectos.com\/noticias\/?p=19396\">Juan Fernando Ya\u00f1ez Porras<\/a><\/td>\n<td>9377<\/td>\n<\/tr>\n<tr>\n<td>2<\/td>\n<td><a href=\"http:\/\/colegioarquitectos.com\/noticias\/?p=19400\">Jorge Inostroza Codoceo<\/a><\/td>\n<td>11125<\/td>\n<\/tr>\n<\/tbody>\n<\/table>\n<p>&nbsp;<\/p>\n<p><strong>Candidatos a Directorio Delegaci\u00f3n Zonal Ays\u00e9n<\/strong><\/p>\n<table style=\"height: 245px;\" width=\"389\">\n<tbody>\n<tr>\n<td width=\"41\">NRO<\/td>\n<td width=\"173\">Nombre<\/td>\n<td width=\"56\">ICA<\/td>\n<\/tr>\n<tr>\n<td>1<\/td>\n<td><a href=\"http:\/\/colegioarquitectos.com\/noticias\/?p=19406\">Gisela Gonz\u00e1lez Garc\u00e9s<\/a><\/td>\n<td>11000<\/td>\n<\/tr>\n<tr>\n<td>2<\/td>\n<td><a href=\"http:\/\/colegioarquitectos.com\/noticias\/?p=19410\">Ricardo Sol\u00e9 \u00d3rdenes<\/a><\/td>\n<td>8599<\/td>\n<\/tr>\n<tr>\n<td>3<\/td>\n<td><a href=\"http:\/\/colegioarquitectos.com\/noticias\/?p=19417\">Fernando Miranda Monsalve<\/a><\/td>\n<td>8598<\/td>\n<\/tr>\n<tr>\n<td>4<\/td>\n<td><a href=\"http:\/\/colegioarquitectos.com\/noticias\/?p=19424\">Carlos Ot\u00e1rola Oyarz\u00fan<\/a><\/td>\n<td>10365<\/td>\n<\/tr>\n<tr>\n<td>5<\/td>\n<td><a href=\"http:\/\/colegioarquitectos.com\/noticias\/?p=19430\">Paula Galindo C\u00e1rcamo<\/a><\/td>\n<td>7186<\/td>\n<\/tr>\n<\/tbody>\n<\/table>\n<p><\/p>","protected":false},"excerpt":{"rendered":"<p>Arquitectos colegiados: A continuaci\u00f3n compartimos con Uds. la\u00a0n\u00f3mina de candidatos\u00a0para las pr\u00f3ximas\u00a0Elecciones CA 2017, tanto para los cargos de nivel nacional\u00a0como para las Delegaciones Zonales Regionales que renuevan sus dirigentes, quienes ser\u00e1n nuestros representantes para el per\u00edodo\u00a02018-2019. La lista sigue &hellip; <a class=\"more-link\" href=\"https:\/\/colegioarquitectos.com\/noticias\/?p=19092\">ver m\u00e1s<\/a><\/p>","protected":false},"author":4,"featured_media":19157,"comment_status":"closed","ping_status":"closed","sticky":false,"template":"","format":"standard","meta":{"footnotes":""},"categories":[8,67],"tags":[],"class_list":["post-19092","post","type-post","status-publish","format-standard","has-post-thumbnail","hentry","category-colegio-de-arquitectos","category-eleccionesca2017"],"yoast_head":"<!-- This site is optimized with the Yoast SEO plugin v24.2 - https:\/\/yoast.com\/wordpress\/plugins\/seo\/ -->\n<title>Elecciones CA 2017: Conoce los postulantes a cargos nacionales y regionales - COLEGIO DE ARQUITECTOS DE CHILE<\/title>\n<meta name=\"robots\" content=\"index, follow, max-snippet:-1, max-image-preview:large, max-video-preview:-1\" \/>\n<link rel=\"canonical\" href=\"https:\/\/colegioarquitectos.com\/noticias\/?p=19092\" \/>\n<meta property=\"og:locale\" content=\"es_ES\" \/>\n<meta property=\"og:type\" content=\"article\" \/>\n<meta property=\"og:title\" content=\"Elecciones CA 2017: Conoce los postulantes a cargos nacionales y regionales - COLEGIO DE ARQUITECTOS DE CHILE\" \/>\n<meta property=\"og:description\" content=\"Arquitectos colegiados: A continuaci\u00f3n compartimos con Uds. la\u00a0n\u00f3mina de candidatos\u00a0para las pr\u00f3ximas\u00a0Elecciones CA 2017, tanto para los cargos de nivel nacional\u00a0como para las Delegaciones Zonales Regionales que renuevan sus dirigentes, quienes ser\u00e1n nuestros representantes para el per\u00edodo\u00a02018-2019. La lista sigue &hellip; ver m\u00e1s\" \/>\n<meta property=\"og:url\" content=\"https:\/\/colegioarquitectos.com\/noticias\/?p=19092\" \/>\n<meta property=\"og:site_name\" content=\"COLEGIO DE ARQUITECTOS DE CHILE\" \/>\n<meta property=\"article:publisher\" content=\"https:\/\/facebook.com\/Colegioarq\/\" \/>\n<meta property=\"article:published_time\" content=\"2017-12-04T18:55:30+00:00\" \/>\n<meta property=\"article:modified_time\" content=\"2017-12-14T19:27:44+00:00\" \/>\n<meta property=\"og:image\" content=\"https:\/\/colegioarquitectos.com\/noticias\/wp-content\/uploads\/2017\/12\/Elecciones-CA-2017-portada-web.jpg\" \/>\n\t<meta property=\"og:image:width\" content=\"690\" \/>\n\t<meta property=\"og:image:height\" content=\"350\" \/>\n\t<meta property=\"og:image:type\" content=\"image\/jpeg\" \/>\n<meta name=\"author\" content=\"Colegio de Arquitectos de Chile\" \/>\n<meta name=\"twitter:card\" content=\"summary_large_image\" \/>\n<meta name=\"twitter:creator\" content=\"@colegioarq\" \/>\n<meta name=\"twitter:site\" content=\"@colegioarq\" \/>\n<meta name=\"twitter:label1\" content=\"Escrito por\" \/>\n\t<meta name=\"twitter:data1\" content=\"Colegio de Arquitectos de Chile\" \/>\n\t<meta name=\"twitter:label2\" content=\"Tiempo de lectura\" \/>\n\t<meta name=\"twitter:data2\" content=\"2 minutos\" \/>\n<script type=\"application\/ld+json\" class=\"yoast-schema-graph\">{\"@context\":\"https:\/\/schema.org\",\"@graph\":[{\"@type\":\"Article\",\"@id\":\"https:\/\/colegioarquitectos.com\/noticias\/?p=19092#article\",\"isPartOf\":{\"@id\":\"https:\/\/colegioarquitectos.com\/noticias\/?p=19092\"},\"author\":{\"name\":\"Colegio de Arquitectos de Chile\",\"@id\":\"https:\/\/colegioarquitectos.com\/noticias\/#\/schema\/person\/685cc0aad148303c5608f049af8285ad\"},\"headline\":\"Elecciones CA 2017: Conoce los postulantes a cargos nacionales y regionales\",\"datePublished\":\"2017-12-04T18:55:30+00:00\",\"dateModified\":\"2017-12-14T19:27:44+00:00\",\"mainEntityOfPage\":{\"@id\":\"https:\/\/colegioarquitectos.com\/noticias\/?p=19092\"},\"wordCount\":456,\"publisher\":{\"@id\":\"https:\/\/colegioarquitectos.com\/noticias\/#organization\"},\"image\":{\"@id\":\"https:\/\/colegioarquitectos.com\/noticias\/?p=19092#primaryimage\"},\"thumbnailUrl\":\"https:\/\/colegioarquitectos.com\/noticias\/wp-content\/uploads\/2017\/12\/Elecciones-CA-2017-portada-web.jpg\",\"articleSection\":[\"Colegio\",\"EleccionesCA2017\"],\"inLanguage\":\"es\"},{\"@type\":\"WebPage\",\"@id\":\"https:\/\/colegioarquitectos.com\/noticias\/?p=19092\",\"url\":\"https:\/\/colegioarquitectos.com\/noticias\/?p=19092\",\"name\":\"Elecciones CA 2017: Conoce los postulantes a cargos nacionales y regionales - COLEGIO DE ARQUITECTOS DE CHILE\",\"isPartOf\":{\"@id\":\"https:\/\/colegioarquitectos.com\/noticias\/#website\"},\"primaryImageOfPage\":{\"@id\":\"https:\/\/colegioarquitectos.com\/noticias\/?p=19092#primaryimage\"},\"image\":{\"@id\":\"https:\/\/colegioarquitectos.com\/noticias\/?p=19092#primaryimage\"},\"thumbnailUrl\":\"https:\/\/colegioarquitectos.com\/noticias\/wp-content\/uploads\/2017\/12\/Elecciones-CA-2017-portada-web.jpg\",\"datePublished\":\"2017-12-04T18:55:30+00:00\",\"dateModified\":\"2017-12-14T19:27:44+00:00\",\"breadcrumb\":{\"@id\":\"https:\/\/colegioarquitectos.com\/noticias\/?p=19092#breadcrumb\"},\"inLanguage\":\"es\",\"potentialAction\":[{\"@type\":\"ReadAction\",\"target\":[\"https:\/\/colegioarquitectos.com\/noticias\/?p=19092\"]}]},{\"@type\":\"ImageObject\",\"inLanguage\":\"es\",\"@id\":\"https:\/\/colegioarquitectos.com\/noticias\/?p=19092#primaryimage\",\"url\":\"https:\/\/colegioarquitectos.com\/noticias\/wp-content\/uploads\/2017\/12\/Elecciones-CA-2017-portada-web.jpg\",\"contentUrl\":\"https:\/\/colegioarquitectos.com\/noticias\/wp-content\/uploads\/2017\/12\/Elecciones-CA-2017-portada-web.jpg\",\"width\":690,\"height\":350},{\"@type\":\"BreadcrumbList\",\"@id\":\"https:\/\/colegioarquitectos.com\/noticias\/?p=19092#breadcrumb\",\"itemListElement\":[{\"@type\":\"ListItem\",\"position\":1,\"name\":\"Portada\",\"item\":\"https:\/\/colegioarquitectos.com\/noticias\"},{\"@type\":\"ListItem\",\"position\":2,\"name\":\"Elecciones CA 2017: Conoce los postulantes a cargos nacionales y regionales\"}]},{\"@type\":\"WebSite\",\"@id\":\"https:\/\/colegioarquitectos.com\/noticias\/#website\",\"url\":\"https:\/\/colegioarquitectos.com\/noticias\/\",\"name\":\"COLEGIO DE ARQUITECTOS DE CHILE\",\"description\":\"\",\"publisher\":{\"@id\":\"https:\/\/colegioarquitectos.com\/noticias\/#organization\"},\"potentialAction\":[{\"@type\":\"SearchAction\",\"target\":{\"@type\":\"EntryPoint\",\"urlTemplate\":\"https:\/\/colegioarquitectos.com\/noticias\/?s={search_term_string}\"},\"query-input\":{\"@type\":\"PropertyValueSpecification\",\"valueRequired\":true,\"valueName\":\"search_term_string\"}}],\"inLanguage\":\"es\"},{\"@type\":\"Organization\",\"@id\":\"https:\/\/colegioarquitectos.com\/noticias\/#organization\",\"name\":\"COLEGIO DE ARQUITECTOS DE CHILE\",\"url\":\"https:\/\/colegioarquitectos.com\/noticias\/\",\"logo\":{\"@type\":\"ImageObject\",\"inLanguage\":\"es\",\"@id\":\"https:\/\/colegioarquitectos.com\/noticias\/#\/schema\/logo\/image\/\",\"url\":\"https:\/\/colegioarquitectos.com\/noticias\/wp-content\/uploads\/2021\/05\/ENCABEZADO-LOGO-CA.jpg\",\"contentUrl\":\"https:\/\/colegioarquitectos.com\/noticias\/wp-content\/uploads\/2021\/05\/ENCABEZADO-LOGO-CA.jpg\",\"width\":690,\"height\":350,\"caption\":\"COLEGIO DE ARQUITECTOS DE CHILE\"},\"image\":{\"@id\":\"https:\/\/colegioarquitectos.com\/noticias\/#\/schema\/logo\/image\/\"},\"sameAs\":[\"https:\/\/facebook.com\/Colegioarq\/\",\"https:\/\/x.com\/colegioarq\",\"https:\/\/instagram.com\/colegioarq\",\"https:\/\/youtube.com\/@ColegiodeArquitectosdeChile\"]},{\"@type\":\"Person\",\"@id\":\"https:\/\/colegioarquitectos.com\/noticias\/#\/schema\/person\/685cc0aad148303c5608f049af8285ad\",\"name\":\"Colegio de Arquitectos de Chile\",\"url\":\"https:\/\/colegioarquitectos.com\/noticias\/?author=4\"}]}<\/script>\n<!-- \/ Yoast SEO plugin. -->","yoast_head_json":{"title":"Elecciones CA 2017: Conoce los postulantes a cargos nacionales y regionales - COLEGIO DE ARQUITECTOS DE CHILE","robots":{"index":"index","follow":"follow","max-snippet":"max-snippet:-1","max-image-preview":"max-image-preview:large","max-video-preview":"max-video-preview:-1"},"canonical":"https:\/\/colegioarquitectos.com\/noticias\/?p=19092","og_locale":"es_ES","og_type":"article","og_title":"Elecciones CA 2017: Conoce los postulantes a cargos nacionales y regionales - COLEGIO DE ARQUITECTOS DE CHILE","og_description":"Arquitectos colegiados: A continuaci\u00f3n compartimos con Uds. la\u00a0n\u00f3mina de candidatos\u00a0para las pr\u00f3ximas\u00a0Elecciones CA 2017, tanto para los cargos de nivel nacional\u00a0como para las Delegaciones Zonales Regionales que renuevan sus dirigentes, quienes ser\u00e1n nuestros representantes para el per\u00edodo\u00a02018-2019. La lista sigue &hellip; ver m\u00e1s","og_url":"https:\/\/colegioarquitectos.com\/noticias\/?p=19092","og_site_name":"COLEGIO DE ARQUITECTOS DE CHILE","article_publisher":"https:\/\/facebook.com\/Colegioarq\/","article_published_time":"2017-12-04T18:55:30+00:00","article_modified_time":"2017-12-14T19:27:44+00:00","og_image":[{"width":690,"height":350,"url":"https:\/\/colegioarquitectos.com\/noticias\/wp-content\/uploads\/2017\/12\/Elecciones-CA-2017-portada-web.jpg","type":"image\/jpeg"}],"author":"Colegio de Arquitectos de Chile","twitter_card":"summary_large_image","twitter_creator":"@colegioarq","twitter_site":"@colegioarq","twitter_misc":{"Escrito por":"Colegio de Arquitectos de Chile","Tiempo de lectura":"2 minutos"},"schema":{"@context":"https:\/\/schema.org","@graph":[{"@type":"Article","@id":"https:\/\/colegioarquitectos.com\/noticias\/?p=19092#article","isPartOf":{"@id":"https:\/\/colegioarquitectos.com\/noticias\/?p=19092"},"author":{"name":"Colegio de Arquitectos de Chile","@id":"https:\/\/colegioarquitectos.com\/noticias\/#\/schema\/person\/685cc0aad148303c5608f049af8285ad"},"headline":"Elecciones CA 2017: Conoce los postulantes a cargos nacionales y regionales","datePublished":"2017-12-04T18:55:30+00:00","dateModified":"2017-12-14T19:27:44+00:00","mainEntityOfPage":{"@id":"https:\/\/colegioarquitectos.com\/noticias\/?p=19092"},"wordCount":456,"publisher":{"@id":"https:\/\/colegioarquitectos.com\/noticias\/#organization"},"image":{"@id":"https:\/\/colegioarquitectos.com\/noticias\/?p=19092#primaryimage"},"thumbnailUrl":"https:\/\/colegioarquitectos.com\/noticias\/wp-content\/uploads\/2017\/12\/Elecciones-CA-2017-portada-web.jpg","articleSection":["Colegio","EleccionesCA2017"],"inLanguage":"es"},{"@type":"WebPage","@id":"https:\/\/colegioarquitectos.com\/noticias\/?p=19092","url":"https:\/\/colegioarquitectos.com\/noticias\/?p=19092","name":"Elecciones CA 2017: Conoce los postulantes a cargos nacionales y regionales - COLEGIO DE ARQUITECTOS DE CHILE","isPartOf":{"@id":"https:\/\/colegioarquitectos.com\/noticias\/#website"},"primaryImageOfPage":{"@id":"https:\/\/colegioarquitectos.com\/noticias\/?p=19092#primaryimage"},"image":{"@id":"https:\/\/colegioarquitectos.com\/noticias\/?p=19092#primaryimage"},"thumbnailUrl":"https:\/\/colegioarquitectos.com\/noticias\/wp-content\/uploads\/2017\/12\/Elecciones-CA-2017-portada-web.jpg","datePublished":"2017-12-04T18:55:30+00:00","dateModified":"2017-12-14T19:27:44+00:00","breadcrumb":{"@id":"https:\/\/colegioarquitectos.com\/noticias\/?p=19092#breadcrumb"},"inLanguage":"es","potentialAction":[{"@type":"ReadAction","target":["https:\/\/colegioarquitectos.com\/noticias\/?p=19092"]}]},{"@type":"ImageObject","inLanguage":"es","@id":"https:\/\/colegioarquitectos.com\/noticias\/?p=19092#primaryimage","url":"https:\/\/colegioarquitectos.com\/noticias\/wp-content\/uploads\/2017\/12\/Elecciones-CA-2017-portada-web.jpg","contentUrl":"https:\/\/colegioarquitectos.com\/noticias\/wp-content\/uploads\/2017\/12\/Elecciones-CA-2017-portada-web.jpg","width":690,"height":350},{"@type":"BreadcrumbList","@id":"https:\/\/colegioarquitectos.com\/noticias\/?p=19092#breadcrumb","itemListElement":[{"@type":"ListItem","position":1,"name":"Portada","item":"https:\/\/colegioarquitectos.com\/noticias"},{"@type":"ListItem","position":2,"name":"Elecciones CA 2017: Conoce los postulantes a cargos nacionales y regionales"}]},{"@type":"WebSite","@id":"https:\/\/colegioarquitectos.com\/noticias\/#website","url":"https:\/\/colegioarquitectos.com\/noticias\/","name":"COLEGIO DE ARQUITECTOS DE CHILE","description":"","publisher":{"@id":"https:\/\/colegioarquitectos.com\/noticias\/#organization"},"potentialAction":[{"@type":"SearchAction","target":{"@type":"EntryPoint","urlTemplate":"https:\/\/colegioarquitectos.com\/noticias\/?s={search_term_string}"},"query-input":{"@type":"PropertyValueSpecification","valueRequired":true,"valueName":"search_term_string"}}],"inLanguage":"es"},{"@type":"Organization","@id":"https:\/\/colegioarquitectos.com\/noticias\/#organization","name":"COLEGIO DE ARQUITECTOS DE CHILE","url":"https:\/\/colegioarquitectos.com\/noticias\/","logo":{"@type":"ImageObject","inLanguage":"es","@id":"https:\/\/colegioarquitectos.com\/noticias\/#\/schema\/logo\/image\/","url":"https:\/\/colegioarquitectos.com\/noticias\/wp-content\/uploads\/2021\/05\/ENCABEZADO-LOGO-CA.jpg","contentUrl":"https:\/\/colegioarquitectos.com\/noticias\/wp-content\/uploads\/2021\/05\/ENCABEZADO-LOGO-CA.jpg","width":690,"height":350,"caption":"COLEGIO DE ARQUITECTOS DE CHILE"},"image":{"@id":"https:\/\/colegioarquitectos.com\/noticias\/#\/schema\/logo\/image\/"},"sameAs":["https:\/\/facebook.com\/Colegioarq\/","https:\/\/x.com\/colegioarq","https:\/\/instagram.com\/colegioarq","https:\/\/youtube.com\/@ColegiodeArquitectosdeChile"]},{"@type":"Person","@id":"https:\/\/colegioarquitectos.com\/noticias\/#\/schema\/person\/685cc0aad148303c5608f049af8285ad","name":"Colegio de Arquitectos de Chile","url":"https:\/\/colegioarquitectos.com\/noticias\/?author=4"}]}},"_links":{"self":[{"href":"https:\/\/colegioarquitectos.com\/noticias\/index.php?rest_route=\/wp\/v2\/posts\/19092","targetHints":{"allow":["GET"]}}],"collection":[{"href":"https:\/\/colegioarquitectos.com\/noticias\/index.php?rest_route=\/wp\/v2\/posts"}],"about":[{"href":"https:\/\/colegioarquitectos.com\/noticias\/index.php?rest_route=\/wp\/v2\/types\/post"}],"author":[{"embeddable":true,"href":"https:\/\/colegioarquitectos.com\/noticias\/index.php?rest_route=\/wp\/v2\/users\/4"}],"replies":[{"embeddable":true,"href":"https:\/\/colegioarquitectos.com\/noticias\/index.php?rest_route=%2Fwp%2Fv2%2Fcomments&post=19092"}],"version-history":[{"count":0,"href":"https:\/\/colegioarquitectos.com\/noticias\/index.php?rest_route=\/wp\/v2\/posts\/19092\/revisions"}],"wp:featuredmedia":[{"embeddable":true,"href":"https:\/\/colegioarquitectos.com\/noticias\/index.php?rest_route=\/wp\/v2\/media\/19157"}],"wp:attachment":[{"href":"https:\/\/colegioarquitectos.com\/noticias\/index.php?rest_route=%2Fwp%2Fv2%2Fmedia&parent=19092"}],"wp:term":[{"taxonomy":"category","embeddable":true,"href":"https:\/\/colegioarquitectos.com\/noticias\/index.php?rest_route=%2Fwp%2Fv2%2Fcategories&post=19092"},{"taxonomy":"post_tag","embeddable":true,"href":"https:\/\/colegioarquitectos.com\/noticias\/index.php?rest_route=%2Fwp%2Fv2%2Ftags&post=19092"}],"curies":[{"name":"wp","href":"https:\/\/api.w.org\/{rel}","templated":true}]}}