
{"id":19303,"date":"2017-12-06T16:15:46","date_gmt":"2017-12-06T16:15:46","guid":{"rendered":"http:\/\/colegioarquitectos.com\/?p=19303"},"modified":"2022-05-24T16:38:27","modified_gmt":"2022-05-24T20:38:27","slug":"carolina-penaloza-pinto-ica-10391","status":"publish","type":"post","link":"https:\/\/colegioarquitectos.com\/noticias\/?p=19303","title":{"rendered":"Carolina Pe\u00f1aloza Pinto (ICA 10391)"},"content":{"rendered":"<p><img loading=\"lazy\" decoding=\"async\" class=\"alignnone size-full wp-image-19304\" src=\"http:\/\/colegioarquitectos.com\/noticias\/wp-content\/uploads\/2017\/12\/Carolina-Pe\u00f1aloza.jpg\" alt=\"\" width=\"300\" height=\"300\" srcset=\"https:\/\/colegioarquitectos.com\/noticias\/wp-content\/uploads\/2017\/12\/Carolina-Pe\u00f1aloza.jpg 300w, https:\/\/colegioarquitectos.com\/noticias\/wp-content\/uploads\/2017\/12\/Carolina-Pe\u00f1aloza-180x180.jpg 180w\" sizes=\"auto, (max-width: 300px) 100vw, 300px\" \/><\/p>\n<p><strong><u>Ideas para una construcci\u00f3n program\u00e1tica para la Delegaci\u00f3n Quinta Regi\u00f3n Valpara\u00edso<\/u><\/strong><\/p>\n<p>Desde la V Regi\u00f3n de Valpara\u00edso nuestro gremio tiene, sin duda, numerosas deudas y desaf\u00edos. Sin embargo, sabemos que muchas de las soluciones se construyen diariamente en base a un l\u00f3gico, natural y din\u00e1mico proceso de actividad gremial y profesional en tanto podamos converger en acuerdos y trabajo mancomunado.<\/p>\n<p>En raz\u00f3n de ello es que la propuesta para integrar la directiva se traza a partir de la identificaci\u00f3n de prioridades que puedan orientarnos a lograr la necesaria acci\u00f3n comprometida del gremio con la ciudad.<\/p>\n<p>En este sentido se proponen cuatro ejes fundamentales en el trabajo de la Delegaci\u00f3n Regi\u00f3n de Valpara\u00edso:<\/p>\n<ol>\n<li><strong>Fortalecimiento del rol cr\u00edtico del arquitecto en la construcci\u00f3n de la ciudad<\/strong><\/li>\n<\/ol>\n<p>Se hace cada vez m\u00e1s necesaria la acci\u00f3n comprometida del arquitecto como colaborador y actor responsable en la construcci\u00f3n de la ciudad. Esto es, a trav\u00e9s de la necesaria reflexi\u00f3n que nos debe motivar cotidianamente en el quehacer profesional y gremial.<\/p>\n<p>En este \u00e1mbito, se propone robustecer la participaci\u00f3n en distintos canales de reflexi\u00f3n y cr\u00edtica sobre el hecho urbano en general, a trav\u00e9s de la opini\u00f3n fundada y t\u00e9cnica que, a partir de consensos logre transformar una opini\u00f3n interna en opini\u00f3n orientadora, capaz de visibilizar nuestra acci\u00f3n. El rol del arquitecto en la sociedad debe, por cierto, garantizar la b\u00fasqueda del bien com\u00fan en la acci\u00f3n profesional y para esto debemos activar la comunicaci\u00f3n.<\/p>\n<ol start=\"2\">\n<li><strong>Acci\u00f3n gremial desconcentrada y convocante<\/strong><\/li>\n<\/ol>\n<p>Refiere a la necesidad de enfocar el trabajo gremial con fuerte presencia de la regi\u00f3n en el contexto nacional, con \u00e9nfasis en las discusiones sobre la condici\u00f3n Metropolitana que conformamos. El Gran Valpara\u00edso como pretexto de la acci\u00f3n gremial, pero asimismo trabajar en lograr la participaci\u00f3n e integraci\u00f3n de otras comunas de la Regi\u00f3n a trav\u00e9s de representantes locales que puedan enriquecer el debate y la actividad del Colegio.<\/p>\n<p>Se propone trabajar desde la regi\u00f3n, propendiendo mejorar la capacidad de incidir en entornos urbanos y sociales que demanden nuestro compromiso. Para esto es fundamental, mejorar la acci\u00f3n convocante e invitar a trabajar y participar de nuestro colegio a trav\u00e9s de la actividad incentivadora, que logre expandir la acci\u00f3n hacia la regi\u00f3n de manera efectiva.<\/p>\n<ol start=\"3\">\n<li><strong>Acercamiento y participaci\u00f3n del Colegio en la academia<\/strong><\/li>\n<\/ol>\n<p>La permanente y necesaria relaci\u00f3n del \u00e1mbito profesional y acad\u00e9mico, debe ser una de nuestras preocupaciones constantes. Se plantea entonces, trabajar por la participaci\u00f3n efectiva en el \u00e1rea acad\u00e9mica, logrando mayor presencia del colegio y la acci\u00f3n gremial, con la finalidad de fortalecer v\u00ednculos, complementar la acci\u00f3n reflexiva y cr\u00edtica, y apoyar\u00a0 el desarrollo de los procesos de formaci\u00f3n de pre y post grado.<\/p>\n<ol start=\"4\">\n<li><strong>Consolidaci\u00f3n del trabajo interno a trav\u00e9s de comit\u00e9s integrados<\/strong><\/li>\n<\/ol>\n<p>Dada la experiencia de los \u00faltimos a\u00f1os y la evidente necesidad de actuar en escenarios urbanos y socio culturales cada vez m\u00e1s complejos, es que se demanda la capacidad de comprender problem\u00e1ticas y trabajar en funci\u00f3n de m\u00faltiples variables. Esa as\u00ed como, el trabajo en cada comit\u00e9 debe necesariamente coordinarse y complementarse con otros.<\/p>\n<p>Se plantea para ello buscar en conjunto un sistema de organizaci\u00f3n que integre comisiones para producir debates y resultados acordes con las complejidades de las ciudades actuales (incorporando distintas escalas del quehacer profesional).<\/p>\n<p>Debemos adem\u00e1s considerar la integraci\u00f3n en instancias concretas con otros campos profesionales, conformando as\u00ed una l\u00ednea de acci\u00f3n del Colegio en relaci\u00f3n a producir pensamiento cr\u00edtico y\u00a0 acci\u00f3n gremial multidisciplinar.<\/p>\n<p>&nbsp;<\/p>\n<p><\/p>","protected":false},"excerpt":{"rendered":"<p>Ideas para una construcci\u00f3n program\u00e1tica para la Delegaci\u00f3n Quinta Regi\u00f3n Valpara\u00edso Desde la V Regi\u00f3n de Valpara\u00edso nuestro gremio tiene, sin duda, numerosas deudas y desaf\u00edos. Sin embargo, sabemos que muchas de las soluciones se construyen diariamente en base a &hellip; <a class=\"more-link\" href=\"https:\/\/colegioarquitectos.com\/noticias\/?p=19303\">ver m\u00e1s<\/a><\/p>","protected":false},"author":4,"featured_media":0,"comment_status":"closed","ping_status":"closed","sticky":false,"template":"","format":"standard","meta":{"footnotes":""},"categories":[1],"tags":[],"class_list":["post-19303","post","type-post","status-publish","format-standard","hentry","category-sin-categoria"],"yoast_head":"<!-- This site is optimized with the Yoast SEO plugin v24.2 - https:\/\/yoast.com\/wordpress\/plugins\/seo\/ -->\n<title>Carolina Pe\u00f1aloza Pinto (ICA 10391) - COLEGIO DE ARQUITECTOS DE CHILE<\/title>\n<meta name=\"robots\" content=\"index, follow, max-snippet:-1, max-image-preview:large, max-video-preview:-1\" \/>\n<link rel=\"canonical\" href=\"https:\/\/colegioarquitectos.com\/noticias\/?p=19303\" \/>\n<meta property=\"og:locale\" content=\"es_ES\" \/>\n<meta property=\"og:type\" content=\"article\" \/>\n<meta property=\"og:title\" content=\"Carolina Pe\u00f1aloza Pinto (ICA 10391) - COLEGIO DE ARQUITECTOS DE CHILE\" \/>\n<meta property=\"og:description\" content=\"Ideas para una construcci\u00f3n program\u00e1tica para la Delegaci\u00f3n Quinta Regi\u00f3n Valpara\u00edso Desde la V Regi\u00f3n de Valpara\u00edso nuestro gremio tiene, sin duda, numerosas deudas y desaf\u00edos. Sin embargo, sabemos que muchas de las soluciones se construyen diariamente en base a &hellip; ver m\u00e1s\" \/>\n<meta property=\"og:url\" content=\"https:\/\/colegioarquitectos.com\/noticias\/?p=19303\" \/>\n<meta property=\"og:site_name\" content=\"COLEGIO DE ARQUITECTOS DE CHILE\" \/>\n<meta property=\"article:publisher\" content=\"https:\/\/facebook.com\/Colegioarq\/\" \/>\n<meta property=\"article:published_time\" content=\"2017-12-06T16:15:46+00:00\" \/>\n<meta property=\"article:modified_time\" content=\"2022-05-24T20:38:27+00:00\" \/>\n<meta name=\"author\" content=\"Colegio de Arquitectos de Chile\" \/>\n<meta name=\"twitter:card\" content=\"summary_large_image\" \/>\n<meta name=\"twitter:creator\" content=\"@colegioarq\" \/>\n<meta name=\"twitter:site\" content=\"@colegioarq\" \/>\n<meta name=\"twitter:label1\" content=\"Escrito por\" \/>\n\t<meta name=\"twitter:data1\" content=\"Colegio de Arquitectos de Chile\" \/>\n\t<meta name=\"twitter:label2\" content=\"Tiempo de lectura\" \/>\n\t<meta name=\"twitter:data2\" content=\"3 minutos\" \/>\n<script type=\"application\/ld+json\" class=\"yoast-schema-graph\">{\"@context\":\"https:\/\/schema.org\",\"@graph\":[{\"@type\":\"Article\",\"@id\":\"https:\/\/colegioarquitectos.com\/noticias\/?p=19303#article\",\"isPartOf\":{\"@id\":\"https:\/\/colegioarquitectos.com\/noticias\/?p=19303\"},\"author\":{\"name\":\"Colegio de Arquitectos de Chile\",\"@id\":\"https:\/\/colegioarquitectos.com\/noticias\/#\/schema\/person\/685cc0aad148303c5608f049af8285ad\"},\"headline\":\"Carolina Pe\u00f1aloza Pinto (ICA 10391)\",\"datePublished\":\"2017-12-06T16:15:46+00:00\",\"dateModified\":\"2022-05-24T20:38:27+00:00\",\"mainEntityOfPage\":{\"@id\":\"https:\/\/colegioarquitectos.com\/noticias\/?p=19303\"},\"wordCount\":648,\"publisher\":{\"@id\":\"https:\/\/colegioarquitectos.com\/noticias\/#organization\"},\"inLanguage\":\"es\"},{\"@type\":\"WebPage\",\"@id\":\"https:\/\/colegioarquitectos.com\/noticias\/?p=19303\",\"url\":\"https:\/\/colegioarquitectos.com\/noticias\/?p=19303\",\"name\":\"Carolina Pe\u00f1aloza Pinto (ICA 10391) - COLEGIO DE ARQUITECTOS DE CHILE\",\"isPartOf\":{\"@id\":\"https:\/\/colegioarquitectos.com\/noticias\/#website\"},\"datePublished\":\"2017-12-06T16:15:46+00:00\",\"dateModified\":\"2022-05-24T20:38:27+00:00\",\"breadcrumb\":{\"@id\":\"https:\/\/colegioarquitectos.com\/noticias\/?p=19303#breadcrumb\"},\"inLanguage\":\"es\",\"potentialAction\":[{\"@type\":\"ReadAction\",\"target\":[\"https:\/\/colegioarquitectos.com\/noticias\/?p=19303\"]}]},{\"@type\":\"BreadcrumbList\",\"@id\":\"https:\/\/colegioarquitectos.com\/noticias\/?p=19303#breadcrumb\",\"itemListElement\":[{\"@type\":\"ListItem\",\"position\":1,\"name\":\"Portada\",\"item\":\"https:\/\/colegioarquitectos.com\/noticias\"},{\"@type\":\"ListItem\",\"position\":2,\"name\":\"Carolina Pe\u00f1aloza Pinto (ICA 10391)\"}]},{\"@type\":\"WebSite\",\"@id\":\"https:\/\/colegioarquitectos.com\/noticias\/#website\",\"url\":\"https:\/\/colegioarquitectos.com\/noticias\/\",\"name\":\"COLEGIO DE ARQUITECTOS DE CHILE\",\"description\":\"\",\"publisher\":{\"@id\":\"https:\/\/colegioarquitectos.com\/noticias\/#organization\"},\"potentialAction\":[{\"@type\":\"SearchAction\",\"target\":{\"@type\":\"EntryPoint\",\"urlTemplate\":\"https:\/\/colegioarquitectos.com\/noticias\/?s={search_term_string}\"},\"query-input\":{\"@type\":\"PropertyValueSpecification\",\"valueRequired\":true,\"valueName\":\"search_term_string\"}}],\"inLanguage\":\"es\"},{\"@type\":\"Organization\",\"@id\":\"https:\/\/colegioarquitectos.com\/noticias\/#organization\",\"name\":\"COLEGIO DE ARQUITECTOS DE CHILE\",\"url\":\"https:\/\/colegioarquitectos.com\/noticias\/\",\"logo\":{\"@type\":\"ImageObject\",\"inLanguage\":\"es\",\"@id\":\"https:\/\/colegioarquitectos.com\/noticias\/#\/schema\/logo\/image\/\",\"url\":\"https:\/\/colegioarquitectos.com\/noticias\/wp-content\/uploads\/2021\/05\/ENCABEZADO-LOGO-CA.jpg\",\"contentUrl\":\"https:\/\/colegioarquitectos.com\/noticias\/wp-content\/uploads\/2021\/05\/ENCABEZADO-LOGO-CA.jpg\",\"width\":690,\"height\":350,\"caption\":\"COLEGIO DE ARQUITECTOS DE CHILE\"},\"image\":{\"@id\":\"https:\/\/colegioarquitectos.com\/noticias\/#\/schema\/logo\/image\/\"},\"sameAs\":[\"https:\/\/facebook.com\/Colegioarq\/\",\"https:\/\/x.com\/colegioarq\",\"https:\/\/instagram.com\/colegioarq\",\"https:\/\/youtube.com\/@ColegiodeArquitectosdeChile\"]},{\"@type\":\"Person\",\"@id\":\"https:\/\/colegioarquitectos.com\/noticias\/#\/schema\/person\/685cc0aad148303c5608f049af8285ad\",\"name\":\"Colegio de Arquitectos de Chile\",\"url\":\"https:\/\/colegioarquitectos.com\/noticias\/?author=4\"}]}<\/script>\n<!-- \/ Yoast SEO plugin. -->","yoast_head_json":{"title":"Carolina Pe\u00f1aloza Pinto (ICA 10391) - COLEGIO DE ARQUITECTOS DE CHILE","robots":{"index":"index","follow":"follow","max-snippet":"max-snippet:-1","max-image-preview":"max-image-preview:large","max-video-preview":"max-video-preview:-1"},"canonical":"https:\/\/colegioarquitectos.com\/noticias\/?p=19303","og_locale":"es_ES","og_type":"article","og_title":"Carolina Pe\u00f1aloza Pinto (ICA 10391) - COLEGIO DE ARQUITECTOS DE CHILE","og_description":"Ideas para una construcci\u00f3n program\u00e1tica para la Delegaci\u00f3n Quinta Regi\u00f3n Valpara\u00edso Desde la V Regi\u00f3n de Valpara\u00edso nuestro gremio tiene, sin duda, numerosas deudas y desaf\u00edos. Sin embargo, sabemos que muchas de las soluciones se construyen diariamente en base a &hellip; ver m\u00e1s","og_url":"https:\/\/colegioarquitectos.com\/noticias\/?p=19303","og_site_name":"COLEGIO DE ARQUITECTOS DE CHILE","article_publisher":"https:\/\/facebook.com\/Colegioarq\/","article_published_time":"2017-12-06T16:15:46+00:00","article_modified_time":"2022-05-24T20:38:27+00:00","author":"Colegio de Arquitectos de Chile","twitter_card":"summary_large_image","twitter_creator":"@colegioarq","twitter_site":"@colegioarq","twitter_misc":{"Escrito por":"Colegio de Arquitectos de Chile","Tiempo de lectura":"3 minutos"},"schema":{"@context":"https:\/\/schema.org","@graph":[{"@type":"Article","@id":"https:\/\/colegioarquitectos.com\/noticias\/?p=19303#article","isPartOf":{"@id":"https:\/\/colegioarquitectos.com\/noticias\/?p=19303"},"author":{"name":"Colegio de Arquitectos de Chile","@id":"https:\/\/colegioarquitectos.com\/noticias\/#\/schema\/person\/685cc0aad148303c5608f049af8285ad"},"headline":"Carolina Pe\u00f1aloza Pinto (ICA 10391)","datePublished":"2017-12-06T16:15:46+00:00","dateModified":"2022-05-24T20:38:27+00:00","mainEntityOfPage":{"@id":"https:\/\/colegioarquitectos.com\/noticias\/?p=19303"},"wordCount":648,"publisher":{"@id":"https:\/\/colegioarquitectos.com\/noticias\/#organization"},"inLanguage":"es"},{"@type":"WebPage","@id":"https:\/\/colegioarquitectos.com\/noticias\/?p=19303","url":"https:\/\/colegioarquitectos.com\/noticias\/?p=19303","name":"Carolina Pe\u00f1aloza Pinto (ICA 10391) - COLEGIO DE ARQUITECTOS DE CHILE","isPartOf":{"@id":"https:\/\/colegioarquitectos.com\/noticias\/#website"},"datePublished":"2017-12-06T16:15:46+00:00","dateModified":"2022-05-24T20:38:27+00:00","breadcrumb":{"@id":"https:\/\/colegioarquitectos.com\/noticias\/?p=19303#breadcrumb"},"inLanguage":"es","potentialAction":[{"@type":"ReadAction","target":["https:\/\/colegioarquitectos.com\/noticias\/?p=19303"]}]},{"@type":"BreadcrumbList","@id":"https:\/\/colegioarquitectos.com\/noticias\/?p=19303#breadcrumb","itemListElement":[{"@type":"ListItem","position":1,"name":"Portada","item":"https:\/\/colegioarquitectos.com\/noticias"},{"@type":"ListItem","position":2,"name":"Carolina Pe\u00f1aloza Pinto (ICA 10391)"}]},{"@type":"WebSite","@id":"https:\/\/colegioarquitectos.com\/noticias\/#website","url":"https:\/\/colegioarquitectos.com\/noticias\/","name":"COLEGIO DE ARQUITECTOS DE CHILE","description":"","publisher":{"@id":"https:\/\/colegioarquitectos.com\/noticias\/#organization"},"potentialAction":[{"@type":"SearchAction","target":{"@type":"EntryPoint","urlTemplate":"https:\/\/colegioarquitectos.com\/noticias\/?s={search_term_string}"},"query-input":{"@type":"PropertyValueSpecification","valueRequired":true,"valueName":"search_term_string"}}],"inLanguage":"es"},{"@type":"Organization","@id":"https:\/\/colegioarquitectos.com\/noticias\/#organization","name":"COLEGIO DE ARQUITECTOS DE CHILE","url":"https:\/\/colegioarquitectos.com\/noticias\/","logo":{"@type":"ImageObject","inLanguage":"es","@id":"https:\/\/colegioarquitectos.com\/noticias\/#\/schema\/logo\/image\/","url":"https:\/\/colegioarquitectos.com\/noticias\/wp-content\/uploads\/2021\/05\/ENCABEZADO-LOGO-CA.jpg","contentUrl":"https:\/\/colegioarquitectos.com\/noticias\/wp-content\/uploads\/2021\/05\/ENCABEZADO-LOGO-CA.jpg","width":690,"height":350,"caption":"COLEGIO DE ARQUITECTOS DE CHILE"},"image":{"@id":"https:\/\/colegioarquitectos.com\/noticias\/#\/schema\/logo\/image\/"},"sameAs":["https:\/\/facebook.com\/Colegioarq\/","https:\/\/x.com\/colegioarq","https:\/\/instagram.com\/colegioarq","https:\/\/youtube.com\/@ColegiodeArquitectosdeChile"]},{"@type":"Person","@id":"https:\/\/colegioarquitectos.com\/noticias\/#\/schema\/person\/685cc0aad148303c5608f049af8285ad","name":"Colegio de Arquitectos de Chile","url":"https:\/\/colegioarquitectos.com\/noticias\/?author=4"}]}},"_links":{"self":[{"href":"https:\/\/colegioarquitectos.com\/noticias\/index.php?rest_route=\/wp\/v2\/posts\/19303","targetHints":{"allow":["GET"]}}],"collection":[{"href":"https:\/\/colegioarquitectos.com\/noticias\/index.php?rest_route=\/wp\/v2\/posts"}],"about":[{"href":"https:\/\/colegioarquitectos.com\/noticias\/index.php?rest_route=\/wp\/v2\/types\/post"}],"author":[{"embeddable":true,"href":"https:\/\/colegioarquitectos.com\/noticias\/index.php?rest_route=\/wp\/v2\/users\/4"}],"replies":[{"embeddable":true,"href":"https:\/\/colegioarquitectos.com\/noticias\/index.php?rest_route=%2Fwp%2Fv2%2Fcomments&post=19303"}],"version-history":[{"count":0,"href":"https:\/\/colegioarquitectos.com\/noticias\/index.php?rest_route=\/wp\/v2\/posts\/19303\/revisions"}],"wp:attachment":[{"href":"https:\/\/colegioarquitectos.com\/noticias\/index.php?rest_route=%2Fwp%2Fv2%2Fmedia&parent=19303"}],"wp:term":[{"taxonomy":"category","embeddable":true,"href":"https:\/\/colegioarquitectos.com\/noticias\/index.php?rest_route=%2Fwp%2Fv2%2Fcategories&post=19303"},{"taxonomy":"post_tag","embeddable":true,"href":"https:\/\/colegioarquitectos.com\/noticias\/index.php?rest_route=%2Fwp%2Fv2%2Ftags&post=19303"}],"curies":[{"name":"wp","href":"https:\/\/api.w.org\/{rel}","templated":true}]}}