
{"id":19308,"date":"2017-12-06T16:33:12","date_gmt":"2017-12-06T16:33:12","guid":{"rendered":"http:\/\/colegioarquitectos.com\/?p=19308"},"modified":"2017-12-06T16:33:12","modified_gmt":"2017-12-06T16:33:12","slug":"claudia-woywood-rodriguez-ica-9360","status":"publish","type":"post","link":"https:\/\/colegioarquitectos.com\/noticias\/?p=19308","title":{"rendered":"Claudia Woywood Rodr\u00edguez (ICA 9360)"},"content":{"rendered":"<p><a href=\"http:\/\/colegioarquitectos.com\/noticias\/wp-content\/uploads\/2017\/12\/CAV_CV_nov_2017_candidata_C_Woywood.pdf\"><\/a> <img loading=\"lazy\" decoding=\"async\" class=\"alignnone size-medium wp-image-19310\" src=\"http:\/\/colegioarquitectos.com\/noticias\/wp-content\/uploads\/2017\/12\/Claudia-Woywood.jpg\" alt=\"\" width=\"300\" height=\"300\" srcset=\"https:\/\/colegioarquitectos.com\/noticias\/wp-content\/uploads\/2017\/12\/Claudia-Woywood.jpg 300w, https:\/\/colegioarquitectos.com\/noticias\/wp-content\/uploads\/2017\/12\/Claudia-Woywood-180x180.jpg 180w\" sizes=\"auto, (max-width: 300px) 100vw, 300px\" \/><\/p>\n<p>Estoy convencida que el Colegio de Arquitectos de la Regi\u00f3n de Valpara\u00edso (CAV) puede avanzar significativamente en su consolidaci\u00f3n como un actor activo, responsable y propositivo que favorezca el desarrollo urbano sostenible en la regi\u00f3n, adem\u00e1s de promover una revalorizaci\u00f3n del rol de los arquitectos en este proceso. Con esta finalidad, mi invitaci\u00f3n y compromiso es a trabajar en torno a los siguientes 3 ejes de acci\u00f3n:<\/p>\n<ol>\n<li><strong>Un CAV ACTIVO y CONVOCANTE<\/strong><\/li>\n<\/ol>\n<p>En lo que respecta a su organizaci\u00f3n interna, creo que el CAV enfrenta dos grandes desaf\u00edos:<\/p>\n<p>El primero tiene que ver con la capacidad de adaptar nuestro funcionamiento interno a un escenario cada vez m\u00e1s din\u00e1mico, que exige agilidad y flexibilidad para entregar respuestas oportunas, proyect\u00e1ndose como un actor significativo en el debate. Esto implica desarrollar una estructura y procesos de toma de decisi\u00f3n que favorezcan la confluencia de intereses y eviten la dilaci\u00f3n. Por ejemplo, transitando de un modelo de gesti\u00f3n basado en reuniones presenciales, hacia una cultura que combine el uso de plataformas digitales para entregar respuestas y definir v\u00edas de acci\u00f3n de manera m\u00e1s oportuna, transparente y participativa.<\/p>\n<p>Un segundo desaf\u00edo interno se refiere a la necesidad de poder sumar m\u00e1s colegiados, que participen del CAV de diferentes maneras. Este objetivo no ser\u00e1 alcanzado sin comprender lo que representa hoy el CAV tanto para los arquitectos colegiados como para quienes no lo son. Es fundamental identificar las posibles barreras de entrada, las expectativas y percepciones que representa el CAV para nuestros colegas. Una vez realizado este diagn\u00f3stico, podremos revisar nuestra organizaci\u00f3n y nuestros procesos de trabajo, para poder convocar de manera eficiente a nuevos miembros.<\/p>\n<p><strong>2. Un CAV INTEGRADO a la comunidad<\/strong><\/p>\n<p>Creo que debemos reforzar nuestra presencia y compromiso con los diferentes actores sociales de la Regi\u00f3n. Para esto es importante continuar el trabajo conjunto con otras instituciones y asociaciones (SEREM\u00cdAS, CORDEP, Municipalidades, ONG\u2019s, Universidades, JJVV, etc.), en una amplia diversidad de proyectos y problem\u00e1ticas. Al mismo tiempo, se deben proyectar y ampliar los servicios que brindamos a la comunidad estableciendo, por ejemplo, un Servicio de Asistencia T\u00e9cnica (SAT) patrimonial.<\/p>\n<p><strong>3. Un CAV INDISPENSABLE<\/strong><\/p>\n<p>Creo firmemente que el Colegio de Arquitectos ha sido y es una organizaci\u00f3n relevante para el pa\u00eds y su futuro. Sin embargo, estimo que su importancia se ha ido desdibujando en el tiempo. Como prueba de esto se pueden mencionar la baja tasa de colegiados y su rol relativamente secundario en varias controversias p\u00fablicas.<\/p>\n<p>Me parece necesario trabajar para revertir esta tendencia. Para esto, Debemos ser capaces de ofrecer servicios \u00fatiles y pertinentes a nuestros miembros, en el marco de una defensa y revalorizaci\u00f3n activa de nuestra profesi\u00f3n. Por otra parte, probablemente nunca nuestra regi\u00f3n ha habido un debate tan intenso respecto a su desarrollo urbano y patrimonial. Este contexto es una oportunidad para posicionar al CAV como una voz indispensable en la defensa de nuestros principios, de manera oportuna y proactiva. S\u00f3lo de esta forma, pondremos fortalecer nuestra influencia en las decisiones cruciales que hoy est\u00e1n en juego.<\/p>\n<p>&nbsp;<\/p>\n<p><a href=\"http:\/\/colegioarquitectos.com\/noticias\/wp-content\/uploads\/2017\/12\/CAV_CV_nov_2017_candidata_C_Woywood.pdf\">Revisa el CV de Claudia Woywood\u00a0<\/a><\/p>\n<p><\/p>","protected":false},"excerpt":{"rendered":"<p>Estoy convencida que el Colegio de Arquitectos de la Regi\u00f3n de Valpara\u00edso (CAV) puede avanzar significativamente en su consolidaci\u00f3n como un actor activo, responsable y propositivo que favorezca el desarrollo urbano sostenible en la regi\u00f3n, adem\u00e1s de promover una revalorizaci\u00f3n &hellip; <a class=\"more-link\" href=\"https:\/\/colegioarquitectos.com\/noticias\/?p=19308\">ver m\u00e1s<\/a><\/p>","protected":false},"author":4,"featured_media":0,"comment_status":"closed","ping_status":"closed","sticky":false,"template":"","format":"standard","meta":{"footnotes":""},"categories":[1],"tags":[],"class_list":["post-19308","post","type-post","status-publish","format-standard","hentry","category-sin-categoria"],"yoast_head":"<!-- This site is optimized with the Yoast SEO plugin v24.2 - https:\/\/yoast.com\/wordpress\/plugins\/seo\/ -->\n<title>Claudia Woywood Rodr\u00edguez (ICA 9360) - COLEGIO DE ARQUITECTOS DE CHILE<\/title>\n<meta name=\"robots\" content=\"index, follow, max-snippet:-1, max-image-preview:large, max-video-preview:-1\" \/>\n<link rel=\"canonical\" href=\"https:\/\/colegioarquitectos.com\/noticias\/?p=19308\" \/>\n<meta property=\"og:locale\" content=\"es_ES\" \/>\n<meta property=\"og:type\" content=\"article\" \/>\n<meta property=\"og:title\" content=\"Claudia Woywood Rodr\u00edguez (ICA 9360) - COLEGIO DE ARQUITECTOS DE CHILE\" \/>\n<meta property=\"og:description\" content=\"Estoy convencida que el Colegio de Arquitectos de la Regi\u00f3n de Valpara\u00edso (CAV) puede avanzar significativamente en su consolidaci\u00f3n como un actor activo, responsable y propositivo que favorezca el desarrollo urbano sostenible en la regi\u00f3n, adem\u00e1s de promover una revalorizaci\u00f3n &hellip; ver m\u00e1s\" \/>\n<meta property=\"og:url\" content=\"https:\/\/colegioarquitectos.com\/noticias\/?p=19308\" \/>\n<meta property=\"og:site_name\" content=\"COLEGIO DE ARQUITECTOS DE CHILE\" \/>\n<meta property=\"article:publisher\" content=\"https:\/\/facebook.com\/Colegioarq\/\" \/>\n<meta property=\"article:published_time\" content=\"2017-12-06T16:33:12+00:00\" \/>\n<meta property=\"og:image\" content=\"https:\/\/colegioarquitectos.com\/noticias\/wp-content\/uploads\/2017\/12\/Claudia-Woywood.jpg\" \/>\n\t<meta property=\"og:image:width\" content=\"300\" \/>\n\t<meta property=\"og:image:height\" content=\"300\" \/>\n\t<meta property=\"og:image:type\" content=\"image\/jpeg\" \/>\n<meta name=\"author\" content=\"Colegio de Arquitectos de Chile\" \/>\n<meta name=\"twitter:card\" content=\"summary_large_image\" \/>\n<meta name=\"twitter:creator\" content=\"@colegioarq\" \/>\n<meta name=\"twitter:site\" content=\"@colegioarq\" \/>\n<meta name=\"twitter:label1\" content=\"Escrito por\" \/>\n\t<meta name=\"twitter:data1\" content=\"Colegio de Arquitectos de Chile\" \/>\n\t<meta name=\"twitter:label2\" content=\"Tiempo de lectura\" \/>\n\t<meta name=\"twitter:data2\" content=\"3 minutos\" \/>\n<script type=\"application\/ld+json\" class=\"yoast-schema-graph\">{\"@context\":\"https:\/\/schema.org\",\"@graph\":[{\"@type\":\"Article\",\"@id\":\"https:\/\/colegioarquitectos.com\/noticias\/?p=19308#article\",\"isPartOf\":{\"@id\":\"https:\/\/colegioarquitectos.com\/noticias\/?p=19308\"},\"author\":{\"name\":\"Colegio de Arquitectos de Chile\",\"@id\":\"https:\/\/colegioarquitectos.com\/noticias\/#\/schema\/person\/685cc0aad148303c5608f049af8285ad\"},\"headline\":\"Claudia Woywood Rodr\u00edguez (ICA 9360)\",\"datePublished\":\"2017-12-06T16:33:12+00:00\",\"dateModified\":\"2017-12-06T16:33:12+00:00\",\"mainEntityOfPage\":{\"@id\":\"https:\/\/colegioarquitectos.com\/noticias\/?p=19308\"},\"wordCount\":544,\"publisher\":{\"@id\":\"https:\/\/colegioarquitectos.com\/noticias\/#organization\"},\"image\":{\"@id\":\"https:\/\/colegioarquitectos.com\/noticias\/?p=19308#primaryimage\"},\"thumbnailUrl\":\"http:\/\/colegioarquitectos.com\/noticias\/wp-content\/uploads\/2017\/12\/Claudia-Woywood.jpg\",\"inLanguage\":\"es\"},{\"@type\":\"WebPage\",\"@id\":\"https:\/\/colegioarquitectos.com\/noticias\/?p=19308\",\"url\":\"https:\/\/colegioarquitectos.com\/noticias\/?p=19308\",\"name\":\"Claudia Woywood Rodr\u00edguez (ICA 9360) - COLEGIO DE ARQUITECTOS DE CHILE\",\"isPartOf\":{\"@id\":\"https:\/\/colegioarquitectos.com\/noticias\/#website\"},\"primaryImageOfPage\":{\"@id\":\"https:\/\/colegioarquitectos.com\/noticias\/?p=19308#primaryimage\"},\"image\":{\"@id\":\"https:\/\/colegioarquitectos.com\/noticias\/?p=19308#primaryimage\"},\"thumbnailUrl\":\"http:\/\/colegioarquitectos.com\/noticias\/wp-content\/uploads\/2017\/12\/Claudia-Woywood.jpg\",\"datePublished\":\"2017-12-06T16:33:12+00:00\",\"dateModified\":\"2017-12-06T16:33:12+00:00\",\"breadcrumb\":{\"@id\":\"https:\/\/colegioarquitectos.com\/noticias\/?p=19308#breadcrumb\"},\"inLanguage\":\"es\",\"potentialAction\":[{\"@type\":\"ReadAction\",\"target\":[\"https:\/\/colegioarquitectos.com\/noticias\/?p=19308\"]}]},{\"@type\":\"ImageObject\",\"inLanguage\":\"es\",\"@id\":\"https:\/\/colegioarquitectos.com\/noticias\/?p=19308#primaryimage\",\"url\":\"https:\/\/colegioarquitectos.com\/noticias\/wp-content\/uploads\/2017\/12\/Claudia-Woywood.jpg\",\"contentUrl\":\"https:\/\/colegioarquitectos.com\/noticias\/wp-content\/uploads\/2017\/12\/Claudia-Woywood.jpg\",\"width\":300,\"height\":300},{\"@type\":\"BreadcrumbList\",\"@id\":\"https:\/\/colegioarquitectos.com\/noticias\/?p=19308#breadcrumb\",\"itemListElement\":[{\"@type\":\"ListItem\",\"position\":1,\"name\":\"Portada\",\"item\":\"https:\/\/colegioarquitectos.com\/noticias\"},{\"@type\":\"ListItem\",\"position\":2,\"name\":\"Claudia Woywood Rodr\u00edguez (ICA 9360)\"}]},{\"@type\":\"WebSite\",\"@id\":\"https:\/\/colegioarquitectos.com\/noticias\/#website\",\"url\":\"https:\/\/colegioarquitectos.com\/noticias\/\",\"name\":\"COLEGIO DE ARQUITECTOS DE CHILE\",\"description\":\"\",\"publisher\":{\"@id\":\"https:\/\/colegioarquitectos.com\/noticias\/#organization\"},\"potentialAction\":[{\"@type\":\"SearchAction\",\"target\":{\"@type\":\"EntryPoint\",\"urlTemplate\":\"https:\/\/colegioarquitectos.com\/noticias\/?s={search_term_string}\"},\"query-input\":{\"@type\":\"PropertyValueSpecification\",\"valueRequired\":true,\"valueName\":\"search_term_string\"}}],\"inLanguage\":\"es\"},{\"@type\":\"Organization\",\"@id\":\"https:\/\/colegioarquitectos.com\/noticias\/#organization\",\"name\":\"COLEGIO DE ARQUITECTOS DE CHILE\",\"url\":\"https:\/\/colegioarquitectos.com\/noticias\/\",\"logo\":{\"@type\":\"ImageObject\",\"inLanguage\":\"es\",\"@id\":\"https:\/\/colegioarquitectos.com\/noticias\/#\/schema\/logo\/image\/\",\"url\":\"https:\/\/colegioarquitectos.com\/noticias\/wp-content\/uploads\/2021\/05\/ENCABEZADO-LOGO-CA.jpg\",\"contentUrl\":\"https:\/\/colegioarquitectos.com\/noticias\/wp-content\/uploads\/2021\/05\/ENCABEZADO-LOGO-CA.jpg\",\"width\":690,\"height\":350,\"caption\":\"COLEGIO DE ARQUITECTOS DE CHILE\"},\"image\":{\"@id\":\"https:\/\/colegioarquitectos.com\/noticias\/#\/schema\/logo\/image\/\"},\"sameAs\":[\"https:\/\/facebook.com\/Colegioarq\/\",\"https:\/\/x.com\/colegioarq\",\"https:\/\/instagram.com\/colegioarq\",\"https:\/\/youtube.com\/@ColegiodeArquitectosdeChile\"]},{\"@type\":\"Person\",\"@id\":\"https:\/\/colegioarquitectos.com\/noticias\/#\/schema\/person\/685cc0aad148303c5608f049af8285ad\",\"name\":\"Colegio de Arquitectos de Chile\",\"url\":\"https:\/\/colegioarquitectos.com\/noticias\/?author=4\"}]}<\/script>\n<!-- \/ Yoast SEO plugin. -->","yoast_head_json":{"title":"Claudia Woywood Rodr\u00edguez (ICA 9360) - COLEGIO DE ARQUITECTOS DE CHILE","robots":{"index":"index","follow":"follow","max-snippet":"max-snippet:-1","max-image-preview":"max-image-preview:large","max-video-preview":"max-video-preview:-1"},"canonical":"https:\/\/colegioarquitectos.com\/noticias\/?p=19308","og_locale":"es_ES","og_type":"article","og_title":"Claudia Woywood Rodr\u00edguez (ICA 9360) - COLEGIO DE ARQUITECTOS DE CHILE","og_description":"Estoy convencida que el Colegio de Arquitectos de la Regi\u00f3n de Valpara\u00edso (CAV) puede avanzar significativamente en su consolidaci\u00f3n como un actor activo, responsable y propositivo que favorezca el desarrollo urbano sostenible en la regi\u00f3n, adem\u00e1s de promover una revalorizaci\u00f3n &hellip; ver m\u00e1s","og_url":"https:\/\/colegioarquitectos.com\/noticias\/?p=19308","og_site_name":"COLEGIO DE ARQUITECTOS DE CHILE","article_publisher":"https:\/\/facebook.com\/Colegioarq\/","article_published_time":"2017-12-06T16:33:12+00:00","og_image":[{"width":300,"height":300,"url":"https:\/\/colegioarquitectos.com\/noticias\/wp-content\/uploads\/2017\/12\/Claudia-Woywood.jpg","type":"image\/jpeg"}],"author":"Colegio de Arquitectos de Chile","twitter_card":"summary_large_image","twitter_creator":"@colegioarq","twitter_site":"@colegioarq","twitter_misc":{"Escrito por":"Colegio de Arquitectos de Chile","Tiempo de lectura":"3 minutos"},"schema":{"@context":"https:\/\/schema.org","@graph":[{"@type":"Article","@id":"https:\/\/colegioarquitectos.com\/noticias\/?p=19308#article","isPartOf":{"@id":"https:\/\/colegioarquitectos.com\/noticias\/?p=19308"},"author":{"name":"Colegio de Arquitectos de Chile","@id":"https:\/\/colegioarquitectos.com\/noticias\/#\/schema\/person\/685cc0aad148303c5608f049af8285ad"},"headline":"Claudia Woywood Rodr\u00edguez (ICA 9360)","datePublished":"2017-12-06T16:33:12+00:00","dateModified":"2017-12-06T16:33:12+00:00","mainEntityOfPage":{"@id":"https:\/\/colegioarquitectos.com\/noticias\/?p=19308"},"wordCount":544,"publisher":{"@id":"https:\/\/colegioarquitectos.com\/noticias\/#organization"},"image":{"@id":"https:\/\/colegioarquitectos.com\/noticias\/?p=19308#primaryimage"},"thumbnailUrl":"http:\/\/colegioarquitectos.com\/noticias\/wp-content\/uploads\/2017\/12\/Claudia-Woywood.jpg","inLanguage":"es"},{"@type":"WebPage","@id":"https:\/\/colegioarquitectos.com\/noticias\/?p=19308","url":"https:\/\/colegioarquitectos.com\/noticias\/?p=19308","name":"Claudia Woywood Rodr\u00edguez (ICA 9360) - COLEGIO DE ARQUITECTOS DE CHILE","isPartOf":{"@id":"https:\/\/colegioarquitectos.com\/noticias\/#website"},"primaryImageOfPage":{"@id":"https:\/\/colegioarquitectos.com\/noticias\/?p=19308#primaryimage"},"image":{"@id":"https:\/\/colegioarquitectos.com\/noticias\/?p=19308#primaryimage"},"thumbnailUrl":"http:\/\/colegioarquitectos.com\/noticias\/wp-content\/uploads\/2017\/12\/Claudia-Woywood.jpg","datePublished":"2017-12-06T16:33:12+00:00","dateModified":"2017-12-06T16:33:12+00:00","breadcrumb":{"@id":"https:\/\/colegioarquitectos.com\/noticias\/?p=19308#breadcrumb"},"inLanguage":"es","potentialAction":[{"@type":"ReadAction","target":["https:\/\/colegioarquitectos.com\/noticias\/?p=19308"]}]},{"@type":"ImageObject","inLanguage":"es","@id":"https:\/\/colegioarquitectos.com\/noticias\/?p=19308#primaryimage","url":"https:\/\/colegioarquitectos.com\/noticias\/wp-content\/uploads\/2017\/12\/Claudia-Woywood.jpg","contentUrl":"https:\/\/colegioarquitectos.com\/noticias\/wp-content\/uploads\/2017\/12\/Claudia-Woywood.jpg","width":300,"height":300},{"@type":"BreadcrumbList","@id":"https:\/\/colegioarquitectos.com\/noticias\/?p=19308#breadcrumb","itemListElement":[{"@type":"ListItem","position":1,"name":"Portada","item":"https:\/\/colegioarquitectos.com\/noticias"},{"@type":"ListItem","position":2,"name":"Claudia Woywood Rodr\u00edguez (ICA 9360)"}]},{"@type":"WebSite","@id":"https:\/\/colegioarquitectos.com\/noticias\/#website","url":"https:\/\/colegioarquitectos.com\/noticias\/","name":"COLEGIO DE ARQUITECTOS DE CHILE","description":"","publisher":{"@id":"https:\/\/colegioarquitectos.com\/noticias\/#organization"},"potentialAction":[{"@type":"SearchAction","target":{"@type":"EntryPoint","urlTemplate":"https:\/\/colegioarquitectos.com\/noticias\/?s={search_term_string}"},"query-input":{"@type":"PropertyValueSpecification","valueRequired":true,"valueName":"search_term_string"}}],"inLanguage":"es"},{"@type":"Organization","@id":"https:\/\/colegioarquitectos.com\/noticias\/#organization","name":"COLEGIO DE ARQUITECTOS DE CHILE","url":"https:\/\/colegioarquitectos.com\/noticias\/","logo":{"@type":"ImageObject","inLanguage":"es","@id":"https:\/\/colegioarquitectos.com\/noticias\/#\/schema\/logo\/image\/","url":"https:\/\/colegioarquitectos.com\/noticias\/wp-content\/uploads\/2021\/05\/ENCABEZADO-LOGO-CA.jpg","contentUrl":"https:\/\/colegioarquitectos.com\/noticias\/wp-content\/uploads\/2021\/05\/ENCABEZADO-LOGO-CA.jpg","width":690,"height":350,"caption":"COLEGIO DE ARQUITECTOS DE CHILE"},"image":{"@id":"https:\/\/colegioarquitectos.com\/noticias\/#\/schema\/logo\/image\/"},"sameAs":["https:\/\/facebook.com\/Colegioarq\/","https:\/\/x.com\/colegioarq","https:\/\/instagram.com\/colegioarq","https:\/\/youtube.com\/@ColegiodeArquitectosdeChile"]},{"@type":"Person","@id":"https:\/\/colegioarquitectos.com\/noticias\/#\/schema\/person\/685cc0aad148303c5608f049af8285ad","name":"Colegio de Arquitectos de Chile","url":"https:\/\/colegioarquitectos.com\/noticias\/?author=4"}]}},"_links":{"self":[{"href":"https:\/\/colegioarquitectos.com\/noticias\/index.php?rest_route=\/wp\/v2\/posts\/19308","targetHints":{"allow":["GET"]}}],"collection":[{"href":"https:\/\/colegioarquitectos.com\/noticias\/index.php?rest_route=\/wp\/v2\/posts"}],"about":[{"href":"https:\/\/colegioarquitectos.com\/noticias\/index.php?rest_route=\/wp\/v2\/types\/post"}],"author":[{"embeddable":true,"href":"https:\/\/colegioarquitectos.com\/noticias\/index.php?rest_route=\/wp\/v2\/users\/4"}],"replies":[{"embeddable":true,"href":"https:\/\/colegioarquitectos.com\/noticias\/index.php?rest_route=%2Fwp%2Fv2%2Fcomments&post=19308"}],"version-history":[{"count":0,"href":"https:\/\/colegioarquitectos.com\/noticias\/index.php?rest_route=\/wp\/v2\/posts\/19308\/revisions"}],"wp:attachment":[{"href":"https:\/\/colegioarquitectos.com\/noticias\/index.php?rest_route=%2Fwp%2Fv2%2Fmedia&parent=19308"}],"wp:term":[{"taxonomy":"category","embeddable":true,"href":"https:\/\/colegioarquitectos.com\/noticias\/index.php?rest_route=%2Fwp%2Fv2%2Fcategories&post=19308"},{"taxonomy":"post_tag","embeddable":true,"href":"https:\/\/colegioarquitectos.com\/noticias\/index.php?rest_route=%2Fwp%2Fv2%2Ftags&post=19308"}],"curies":[{"name":"wp","href":"https:\/\/api.w.org\/{rel}","templated":true}]}}