
{"id":19313,"date":"2017-12-06T16:41:52","date_gmt":"2017-12-06T16:41:52","guid":{"rendered":"http:\/\/colegioarquitectos.com\/?p=19313"},"modified":"2019-07-03T14:36:26","modified_gmt":"2019-07-03T14:36:26","slug":"joan-saavedra-de-mateo-ica-11093","status":"publish","type":"post","link":"https:\/\/colegioarquitectos.com\/noticias\/?p=19313","title":{"rendered":"Joan Saavedra de Mateo (ICA 11093)"},"content":{"rendered":"<p><img loading=\"lazy\" decoding=\"async\" class=\"alignnone size-full wp-image-19314\" src=\"http:\/\/colegioarquitectos.com\/noticias\/wp-content\/uploads\/2017\/12\/Foto-Joan-Saavedra-ICA-11093.jpg\" alt=\"\" width=\"200\" height=\"200\" srcset=\"https:\/\/colegioarquitectos.com\/noticias\/wp-content\/uploads\/2017\/12\/Foto-Joan-Saavedra-ICA-11093.jpg 200w, https:\/\/colegioarquitectos.com\/noticias\/wp-content\/uploads\/2017\/12\/Foto-Joan-Saavedra-ICA-11093-180x180.jpg 180w\" sizes=\"auto, (max-width: 200px) 100vw, 200px\" \/><\/p>\n<p>Ideas y Plan de Trabajo para la Delegaci\u00f3n Zonal Valpara\u00edso<\/p>\n<p>Durante dos a\u00f1os me he desempe\u00f1ado como Presidente de la Comisi\u00f3n de Desarrollo Urbano, en la cual hemos levantado cuatro propuestas urbanas tanto de car\u00e1cter comunal como metropolitano, organizando seminarios y charlas. Este trabajo es sumamente relevante reforzarlo y ha permitido crecer a la Delegaci\u00f3n en varios aspectos.<\/p>\n<p>Primero el entusiasmo a los colegas arquitectos y urbanistas por participar de estas actividades, en donde el gremio logra ser convocante, conciliador y presenta una estructura de trabajo colaborativo para la ideaci\u00f3n de nuevos planteamientos. Aqu\u00ed propongo continuar esta senda, extendi\u00e9ndonos hacia las comunas del interior de la regi\u00f3n, levantando insumos mediante reuniones de alcaldes, a fin de realizar propuestas urbanas. Este trabajo activa la participaci\u00f3n de colegas que se encuentran desarrollando labores fuera de la capital regional, los cuales est\u00e1n altamente interesados en la actividad gremial y en participar.<\/p>\n<p>Segundo, la instalaci\u00f3n medi\u00e1tica, continuar con la p\u00e1gina web y la puerta abierta de las columnas de opini\u00f3n, bajo el comit\u00e9 editorial, siendo una voz para discutir el quehacer de la disciplina, junto con relevar los temas tanto contingentes como estructurales que est\u00e1n sucediendo, a saber, la problem\u00e1tica del borde costero en el sector norte de la regi\u00f3n, el desmoronamiento urbano de las riberas de los r\u00edos Aconcagua y la Ligua por la presi\u00f3n de arenadores y empresas con el consecuente impacto ambiental, el producci\u00f3n de viviendas privadas y p\u00fablicas en zonas de extensi\u00f3n urbana consumiendo suelo valioso. A su vez una labor informativa, como en que van los procesos de planificaci\u00f3n urbana, planes maestros, actualizaci\u00f3n de Pladecos, entre otros.<\/p>\n<p>Interesa para este nuevo per\u00edodo consolidar al Colegio a su vez en su rol de mediador entre las comunidades y la acci\u00f3n p\u00fablica y privada, de acuerdo a los conocimientos t\u00e9cnicos de su grupo humano, a fin de contribuir a la sociedad en ese \u00e1mbito. Es fundamental, y en especial en nuestra regi\u00f3n, el continuar estrechando lazos con la academia, en especial para la discusi\u00f3n disciplinar, entendiendo que la el proceso formativo de los estudiantes de arquitectura debiera abrirse a la experiencia del campo profesional, a fin de preparar de mejor manera a los nuevos colegas, permitiendo a su vez, integrarlo al gremio con su creatividad, energ\u00eda e impulso para el trabajo que se desarrolla de manera interna.<\/p>\n<p>Contamos con buenas relaciones para con las escuelas de arquitectura y este lazo permite abrir nuevos caminos de construcci\u00f3n de una mejor disciplina. En la Bienal pasada se estableci\u00f3 un hito muy importante para la delegaci\u00f3n, tuvimos una participaci\u00f3n gravitante. Este esfuerzo debe continuar en estos dos a\u00f1os y proyectarse para la versi\u00f3n XXI, aunando fuerzas para que se realice nuevamente en Valpara\u00edso o en otra regi\u00f3n, pues es necesaria la participaci\u00f3n de las regiones en estos procesos de alta concurrencia y riqueza en t\u00e9rminos de reflexi\u00f3n, conocimiento y cobertura. Se inici\u00f3 un trabajo y camino el cual requiere ir paviment\u00e1ndose y consolidando como la forma de establecer acuerdos y crecimiento gremial.<\/p>\n<p><\/p>","protected":false},"excerpt":{"rendered":"<p>Ideas y Plan de Trabajo para la Delegaci\u00f3n Zonal Valpara\u00edso Durante dos a\u00f1os me he desempe\u00f1ado como Presidente de la Comisi\u00f3n de Desarrollo Urbano, en la cual hemos levantado cuatro propuestas urbanas tanto de car\u00e1cter comunal como metropolitano, organizando seminarios &hellip; <a class=\"more-link\" href=\"https:\/\/colegioarquitectos.com\/noticias\/?p=19313\">ver m\u00e1s<\/a><\/p>","protected":false},"author":4,"featured_media":0,"comment_status":"closed","ping_status":"closed","sticky":false,"template":"","format":"standard","meta":{"footnotes":""},"categories":[1],"tags":[],"class_list":["post-19313","post","type-post","status-publish","format-standard","hentry","category-sin-categoria"],"yoast_head":"<!-- This site is optimized with the Yoast SEO plugin v24.2 - https:\/\/yoast.com\/wordpress\/plugins\/seo\/ -->\n<title>Joan Saavedra de Mateo (ICA 11093) - COLEGIO DE ARQUITECTOS DE CHILE<\/title>\n<meta name=\"robots\" content=\"index, follow, max-snippet:-1, max-image-preview:large, max-video-preview:-1\" \/>\n<link rel=\"canonical\" href=\"https:\/\/colegioarquitectos.com\/noticias\/?p=19313\" \/>\n<meta property=\"og:locale\" content=\"es_ES\" \/>\n<meta property=\"og:type\" content=\"article\" \/>\n<meta property=\"og:title\" content=\"Joan Saavedra de Mateo (ICA 11093) - COLEGIO DE ARQUITECTOS DE CHILE\" \/>\n<meta property=\"og:description\" content=\"Ideas y Plan de Trabajo para la Delegaci\u00f3n Zonal Valpara\u00edso Durante dos a\u00f1os me he desempe\u00f1ado como Presidente de la Comisi\u00f3n de Desarrollo Urbano, en la cual hemos levantado cuatro propuestas urbanas tanto de car\u00e1cter comunal como metropolitano, organizando seminarios &hellip; ver m\u00e1s\" \/>\n<meta property=\"og:url\" content=\"https:\/\/colegioarquitectos.com\/noticias\/?p=19313\" \/>\n<meta property=\"og:site_name\" content=\"COLEGIO DE ARQUITECTOS DE CHILE\" \/>\n<meta property=\"article:publisher\" content=\"https:\/\/facebook.com\/Colegioarq\/\" \/>\n<meta property=\"article:published_time\" content=\"2017-12-06T16:41:52+00:00\" \/>\n<meta property=\"article:modified_time\" content=\"2019-07-03T14:36:26+00:00\" \/>\n<meta property=\"og:image\" content=\"https:\/\/colegioarquitectos.com\/noticias\/wp-content\/uploads\/2017\/12\/Foto-Joan-Saavedra-ICA-11093.jpg\" \/>\n\t<meta property=\"og:image:width\" content=\"200\" \/>\n\t<meta property=\"og:image:height\" content=\"200\" \/>\n\t<meta property=\"og:image:type\" content=\"image\/jpeg\" \/>\n<meta name=\"author\" content=\"Colegio de Arquitectos de Chile\" \/>\n<meta name=\"twitter:card\" content=\"summary_large_image\" \/>\n<meta name=\"twitter:creator\" content=\"@colegioarq\" \/>\n<meta name=\"twitter:site\" content=\"@colegioarq\" \/>\n<meta name=\"twitter:label1\" content=\"Escrito por\" \/>\n\t<meta name=\"twitter:data1\" content=\"Colegio de Arquitectos de Chile\" \/>\n\t<meta name=\"twitter:label2\" content=\"Tiempo de lectura\" \/>\n\t<meta name=\"twitter:data2\" content=\"3 minutos\" \/>\n<script type=\"application\/ld+json\" class=\"yoast-schema-graph\">{\"@context\":\"https:\/\/schema.org\",\"@graph\":[{\"@type\":\"Article\",\"@id\":\"https:\/\/colegioarquitectos.com\/noticias\/?p=19313#article\",\"isPartOf\":{\"@id\":\"https:\/\/colegioarquitectos.com\/noticias\/?p=19313\"},\"author\":{\"name\":\"Colegio de Arquitectos de Chile\",\"@id\":\"https:\/\/colegioarquitectos.com\/noticias\/#\/schema\/person\/685cc0aad148303c5608f049af8285ad\"},\"headline\":\"Joan Saavedra de Mateo (ICA 11093)\",\"datePublished\":\"2017-12-06T16:41:52+00:00\",\"dateModified\":\"2019-07-03T14:36:26+00:00\",\"mainEntityOfPage\":{\"@id\":\"https:\/\/colegioarquitectos.com\/noticias\/?p=19313\"},\"wordCount\":547,\"publisher\":{\"@id\":\"https:\/\/colegioarquitectos.com\/noticias\/#organization\"},\"image\":{\"@id\":\"https:\/\/colegioarquitectos.com\/noticias\/?p=19313#primaryimage\"},\"thumbnailUrl\":\"http:\/\/colegioarquitectos.com\/noticias\/wp-content\/uploads\/2017\/12\/Foto-Joan-Saavedra-ICA-11093.jpg\",\"inLanguage\":\"es\"},{\"@type\":\"WebPage\",\"@id\":\"https:\/\/colegioarquitectos.com\/noticias\/?p=19313\",\"url\":\"https:\/\/colegioarquitectos.com\/noticias\/?p=19313\",\"name\":\"Joan Saavedra de Mateo (ICA 11093) - COLEGIO DE ARQUITECTOS DE CHILE\",\"isPartOf\":{\"@id\":\"https:\/\/colegioarquitectos.com\/noticias\/#website\"},\"primaryImageOfPage\":{\"@id\":\"https:\/\/colegioarquitectos.com\/noticias\/?p=19313#primaryimage\"},\"image\":{\"@id\":\"https:\/\/colegioarquitectos.com\/noticias\/?p=19313#primaryimage\"},\"thumbnailUrl\":\"http:\/\/colegioarquitectos.com\/noticias\/wp-content\/uploads\/2017\/12\/Foto-Joan-Saavedra-ICA-11093.jpg\",\"datePublished\":\"2017-12-06T16:41:52+00:00\",\"dateModified\":\"2019-07-03T14:36:26+00:00\",\"breadcrumb\":{\"@id\":\"https:\/\/colegioarquitectos.com\/noticias\/?p=19313#breadcrumb\"},\"inLanguage\":\"es\",\"potentialAction\":[{\"@type\":\"ReadAction\",\"target\":[\"https:\/\/colegioarquitectos.com\/noticias\/?p=19313\"]}]},{\"@type\":\"ImageObject\",\"inLanguage\":\"es\",\"@id\":\"https:\/\/colegioarquitectos.com\/noticias\/?p=19313#primaryimage\",\"url\":\"https:\/\/colegioarquitectos.com\/noticias\/wp-content\/uploads\/2017\/12\/Foto-Joan-Saavedra-ICA-11093.jpg\",\"contentUrl\":\"https:\/\/colegioarquitectos.com\/noticias\/wp-content\/uploads\/2017\/12\/Foto-Joan-Saavedra-ICA-11093.jpg\",\"width\":200,\"height\":200},{\"@type\":\"BreadcrumbList\",\"@id\":\"https:\/\/colegioarquitectos.com\/noticias\/?p=19313#breadcrumb\",\"itemListElement\":[{\"@type\":\"ListItem\",\"position\":1,\"name\":\"Portada\",\"item\":\"https:\/\/colegioarquitectos.com\/noticias\"},{\"@type\":\"ListItem\",\"position\":2,\"name\":\"Joan Saavedra de Mateo (ICA 11093)\"}]},{\"@type\":\"WebSite\",\"@id\":\"https:\/\/colegioarquitectos.com\/noticias\/#website\",\"url\":\"https:\/\/colegioarquitectos.com\/noticias\/\",\"name\":\"COLEGIO DE ARQUITECTOS DE CHILE\",\"description\":\"\",\"publisher\":{\"@id\":\"https:\/\/colegioarquitectos.com\/noticias\/#organization\"},\"potentialAction\":[{\"@type\":\"SearchAction\",\"target\":{\"@type\":\"EntryPoint\",\"urlTemplate\":\"https:\/\/colegioarquitectos.com\/noticias\/?s={search_term_string}\"},\"query-input\":{\"@type\":\"PropertyValueSpecification\",\"valueRequired\":true,\"valueName\":\"search_term_string\"}}],\"inLanguage\":\"es\"},{\"@type\":\"Organization\",\"@id\":\"https:\/\/colegioarquitectos.com\/noticias\/#organization\",\"name\":\"COLEGIO DE ARQUITECTOS DE CHILE\",\"url\":\"https:\/\/colegioarquitectos.com\/noticias\/\",\"logo\":{\"@type\":\"ImageObject\",\"inLanguage\":\"es\",\"@id\":\"https:\/\/colegioarquitectos.com\/noticias\/#\/schema\/logo\/image\/\",\"url\":\"https:\/\/colegioarquitectos.com\/noticias\/wp-content\/uploads\/2021\/05\/ENCABEZADO-LOGO-CA.jpg\",\"contentUrl\":\"https:\/\/colegioarquitectos.com\/noticias\/wp-content\/uploads\/2021\/05\/ENCABEZADO-LOGO-CA.jpg\",\"width\":690,\"height\":350,\"caption\":\"COLEGIO DE ARQUITECTOS DE CHILE\"},\"image\":{\"@id\":\"https:\/\/colegioarquitectos.com\/noticias\/#\/schema\/logo\/image\/\"},\"sameAs\":[\"https:\/\/facebook.com\/Colegioarq\/\",\"https:\/\/x.com\/colegioarq\",\"https:\/\/instagram.com\/colegioarq\",\"https:\/\/youtube.com\/@ColegiodeArquitectosdeChile\"]},{\"@type\":\"Person\",\"@id\":\"https:\/\/colegioarquitectos.com\/noticias\/#\/schema\/person\/685cc0aad148303c5608f049af8285ad\",\"name\":\"Colegio de Arquitectos de Chile\",\"url\":\"https:\/\/colegioarquitectos.com\/noticias\/?author=4\"}]}<\/script>\n<!-- \/ Yoast SEO plugin. -->","yoast_head_json":{"title":"Joan Saavedra de Mateo (ICA 11093) - COLEGIO DE ARQUITECTOS DE CHILE","robots":{"index":"index","follow":"follow","max-snippet":"max-snippet:-1","max-image-preview":"max-image-preview:large","max-video-preview":"max-video-preview:-1"},"canonical":"https:\/\/colegioarquitectos.com\/noticias\/?p=19313","og_locale":"es_ES","og_type":"article","og_title":"Joan Saavedra de Mateo (ICA 11093) - COLEGIO DE ARQUITECTOS DE CHILE","og_description":"Ideas y Plan de Trabajo para la Delegaci\u00f3n Zonal Valpara\u00edso Durante dos a\u00f1os me he desempe\u00f1ado como Presidente de la Comisi\u00f3n de Desarrollo Urbano, en la cual hemos levantado cuatro propuestas urbanas tanto de car\u00e1cter comunal como metropolitano, organizando seminarios &hellip; ver m\u00e1s","og_url":"https:\/\/colegioarquitectos.com\/noticias\/?p=19313","og_site_name":"COLEGIO DE ARQUITECTOS DE CHILE","article_publisher":"https:\/\/facebook.com\/Colegioarq\/","article_published_time":"2017-12-06T16:41:52+00:00","article_modified_time":"2019-07-03T14:36:26+00:00","og_image":[{"width":200,"height":200,"url":"https:\/\/colegioarquitectos.com\/noticias\/wp-content\/uploads\/2017\/12\/Foto-Joan-Saavedra-ICA-11093.jpg","type":"image\/jpeg"}],"author":"Colegio de Arquitectos de Chile","twitter_card":"summary_large_image","twitter_creator":"@colegioarq","twitter_site":"@colegioarq","twitter_misc":{"Escrito por":"Colegio de Arquitectos de Chile","Tiempo de lectura":"3 minutos"},"schema":{"@context":"https:\/\/schema.org","@graph":[{"@type":"Article","@id":"https:\/\/colegioarquitectos.com\/noticias\/?p=19313#article","isPartOf":{"@id":"https:\/\/colegioarquitectos.com\/noticias\/?p=19313"},"author":{"name":"Colegio de Arquitectos de Chile","@id":"https:\/\/colegioarquitectos.com\/noticias\/#\/schema\/person\/685cc0aad148303c5608f049af8285ad"},"headline":"Joan Saavedra de Mateo (ICA 11093)","datePublished":"2017-12-06T16:41:52+00:00","dateModified":"2019-07-03T14:36:26+00:00","mainEntityOfPage":{"@id":"https:\/\/colegioarquitectos.com\/noticias\/?p=19313"},"wordCount":547,"publisher":{"@id":"https:\/\/colegioarquitectos.com\/noticias\/#organization"},"image":{"@id":"https:\/\/colegioarquitectos.com\/noticias\/?p=19313#primaryimage"},"thumbnailUrl":"http:\/\/colegioarquitectos.com\/noticias\/wp-content\/uploads\/2017\/12\/Foto-Joan-Saavedra-ICA-11093.jpg","inLanguage":"es"},{"@type":"WebPage","@id":"https:\/\/colegioarquitectos.com\/noticias\/?p=19313","url":"https:\/\/colegioarquitectos.com\/noticias\/?p=19313","name":"Joan Saavedra de Mateo (ICA 11093) - COLEGIO DE ARQUITECTOS DE CHILE","isPartOf":{"@id":"https:\/\/colegioarquitectos.com\/noticias\/#website"},"primaryImageOfPage":{"@id":"https:\/\/colegioarquitectos.com\/noticias\/?p=19313#primaryimage"},"image":{"@id":"https:\/\/colegioarquitectos.com\/noticias\/?p=19313#primaryimage"},"thumbnailUrl":"http:\/\/colegioarquitectos.com\/noticias\/wp-content\/uploads\/2017\/12\/Foto-Joan-Saavedra-ICA-11093.jpg","datePublished":"2017-12-06T16:41:52+00:00","dateModified":"2019-07-03T14:36:26+00:00","breadcrumb":{"@id":"https:\/\/colegioarquitectos.com\/noticias\/?p=19313#breadcrumb"},"inLanguage":"es","potentialAction":[{"@type":"ReadAction","target":["https:\/\/colegioarquitectos.com\/noticias\/?p=19313"]}]},{"@type":"ImageObject","inLanguage":"es","@id":"https:\/\/colegioarquitectos.com\/noticias\/?p=19313#primaryimage","url":"https:\/\/colegioarquitectos.com\/noticias\/wp-content\/uploads\/2017\/12\/Foto-Joan-Saavedra-ICA-11093.jpg","contentUrl":"https:\/\/colegioarquitectos.com\/noticias\/wp-content\/uploads\/2017\/12\/Foto-Joan-Saavedra-ICA-11093.jpg","width":200,"height":200},{"@type":"BreadcrumbList","@id":"https:\/\/colegioarquitectos.com\/noticias\/?p=19313#breadcrumb","itemListElement":[{"@type":"ListItem","position":1,"name":"Portada","item":"https:\/\/colegioarquitectos.com\/noticias"},{"@type":"ListItem","position":2,"name":"Joan Saavedra de Mateo (ICA 11093)"}]},{"@type":"WebSite","@id":"https:\/\/colegioarquitectos.com\/noticias\/#website","url":"https:\/\/colegioarquitectos.com\/noticias\/","name":"COLEGIO DE ARQUITECTOS DE CHILE","description":"","publisher":{"@id":"https:\/\/colegioarquitectos.com\/noticias\/#organization"},"potentialAction":[{"@type":"SearchAction","target":{"@type":"EntryPoint","urlTemplate":"https:\/\/colegioarquitectos.com\/noticias\/?s={search_term_string}"},"query-input":{"@type":"PropertyValueSpecification","valueRequired":true,"valueName":"search_term_string"}}],"inLanguage":"es"},{"@type":"Organization","@id":"https:\/\/colegioarquitectos.com\/noticias\/#organization","name":"COLEGIO DE ARQUITECTOS DE CHILE","url":"https:\/\/colegioarquitectos.com\/noticias\/","logo":{"@type":"ImageObject","inLanguage":"es","@id":"https:\/\/colegioarquitectos.com\/noticias\/#\/schema\/logo\/image\/","url":"https:\/\/colegioarquitectos.com\/noticias\/wp-content\/uploads\/2021\/05\/ENCABEZADO-LOGO-CA.jpg","contentUrl":"https:\/\/colegioarquitectos.com\/noticias\/wp-content\/uploads\/2021\/05\/ENCABEZADO-LOGO-CA.jpg","width":690,"height":350,"caption":"COLEGIO DE ARQUITECTOS DE CHILE"},"image":{"@id":"https:\/\/colegioarquitectos.com\/noticias\/#\/schema\/logo\/image\/"},"sameAs":["https:\/\/facebook.com\/Colegioarq\/","https:\/\/x.com\/colegioarq","https:\/\/instagram.com\/colegioarq","https:\/\/youtube.com\/@ColegiodeArquitectosdeChile"]},{"@type":"Person","@id":"https:\/\/colegioarquitectos.com\/noticias\/#\/schema\/person\/685cc0aad148303c5608f049af8285ad","name":"Colegio de Arquitectos de Chile","url":"https:\/\/colegioarquitectos.com\/noticias\/?author=4"}]}},"_links":{"self":[{"href":"https:\/\/colegioarquitectos.com\/noticias\/index.php?rest_route=\/wp\/v2\/posts\/19313","targetHints":{"allow":["GET"]}}],"collection":[{"href":"https:\/\/colegioarquitectos.com\/noticias\/index.php?rest_route=\/wp\/v2\/posts"}],"about":[{"href":"https:\/\/colegioarquitectos.com\/noticias\/index.php?rest_route=\/wp\/v2\/types\/post"}],"author":[{"embeddable":true,"href":"https:\/\/colegioarquitectos.com\/noticias\/index.php?rest_route=\/wp\/v2\/users\/4"}],"replies":[{"embeddable":true,"href":"https:\/\/colegioarquitectos.com\/noticias\/index.php?rest_route=%2Fwp%2Fv2%2Fcomments&post=19313"}],"version-history":[{"count":0,"href":"https:\/\/colegioarquitectos.com\/noticias\/index.php?rest_route=\/wp\/v2\/posts\/19313\/revisions"}],"wp:attachment":[{"href":"https:\/\/colegioarquitectos.com\/noticias\/index.php?rest_route=%2Fwp%2Fv2%2Fmedia&parent=19313"}],"wp:term":[{"taxonomy":"category","embeddable":true,"href":"https:\/\/colegioarquitectos.com\/noticias\/index.php?rest_route=%2Fwp%2Fv2%2Fcategories&post=19313"},{"taxonomy":"post_tag","embeddable":true,"href":"https:\/\/colegioarquitectos.com\/noticias\/index.php?rest_route=%2Fwp%2Fv2%2Ftags&post=19313"}],"curies":[{"name":"wp","href":"https:\/\/api.w.org\/{rel}","templated":true}]}}