
{"id":1943,"date":"2012-08-10T17:20:57","date_gmt":"2012-08-10T17:20:57","guid":{"rendered":"http:\/\/colegioarquitectos.com\/noticias\/?p=1943"},"modified":"2012-08-20T17:56:42","modified_gmt":"2012-08-20T17:56:42","slug":"reactivacion-trabajo-de-delegacion-zonal-valdivia-colegio-de-arquitectos-de-chile","status":"publish","type":"post","link":"https:\/\/colegioarquitectos.com\/noticias\/?p=1943","title":{"rendered":"Reactivaci\u00f3n trabajo de DELEGACION ZONAL VALDIVIA &#8211; COLEGIO DE ARQUITECTOS DE CHILE"},"content":{"rendered":"<p style=\"text-align: justify;\">El pasado viernes 03 de agosto en dependencias del Club de la Uni\u00f3n de Valdivia, se constituy\u00f3 la nueva directiva de la delegaci\u00f3n Valdivia del Colegio de Arquitectos, donde se presentaron los desaf\u00edos e intereses que se quieren abordar a corto mediano y largo plazo, principalmente en materias, de patrimonio y planificaci\u00f3n urbana y territorial.<\/p>\n<p style=\"text-align: justify;\">En primer lugar, se realiz\u00f3 la presentaci\u00f3n oficial del nuevo Directorio que qued\u00f3 constituido de la siguiente manera: Mauricio Jelves P\u00e9rez, Presidente; Gustavo Rodr\u00edguez Jaques, Vicepresidente, y Ximena Su\u00e1rez Ortega, Secretaria.<\/p>\n<p style=\"text-align: justify;\">En palabras de su Presidente, este primer encuentro, permiti\u00f3 constatar el creciente inter\u00e9s en desarrollar y fortalecer la presencia del Colegio de Arquitectos frente a la comunidad, y especialmente integrar las visiones de desarrollo urbano de todo el territorio regional.<\/p>\n<p style=\"text-align: justify;\">En este marco, se plantearon diversas acciones a seguir como l\u00ednea de trabajo, entre las cuales destacan el motivar a otros Arquitectos para que se colegien e integren a la Delegaci\u00f3n; realizar alianzas con entidades como la C\u00e1mara Chilena de la Construcci\u00f3n, y la propuesta de tener una Columna en el Diario Austral para desarrollar, comentar, proponer temas de inter\u00e9s y darse a conocer dentro de la regi\u00f3n. Junto con ello, se discuti\u00f3 la importancia de tener m\u00e1s participaci\u00f3n con la comunidad en cuanto a la opini\u00f3n de la Delegaci\u00f3n sobre los Planes Reguladores que se encuentran desarrollando en las distintas comunas de la Regi\u00f3n. Al respecto, plantean que se iniciar\u00e1 el trabajo el martes 07 de agosto en la Municipalidad de Valdivia, adem\u00e1s de solicitarse una presentaci\u00f3n especial del Plan Regulador a la Delegaci\u00f3n.<\/p>\n<p style=\"text-align: justify;\"><a href=\"http:\/\/colegioarquitectos.com\/noticias\/wp-content\/uploads\/2012\/08\/WEB-11.jpg\"><img loading=\"lazy\" decoding=\"async\" class=\"alignnone size-full wp-image-1944\" title=\"WEB 1\" src=\"http:\/\/colegioarquitectos.com\/noticias\/wp-content\/uploads\/2012\/08\/WEB-11.jpg\" alt=\"\" width=\"553\" height=\"415\" srcset=\"https:\/\/colegioarquitectos.com\/noticias\/wp-content\/uploads\/2012\/08\/WEB-11.jpg 553w, https:\/\/colegioarquitectos.com\/noticias\/wp-content\/uploads\/2012\/08\/WEB-11-300x225.jpg 300w\" sizes=\"auto, (max-width: 553px) 100vw, 553px\" \/><\/a><\/p>\n<p><\/p>","protected":false},"excerpt":{"rendered":"<p>El pasado viernes 03 de agosto en dependencias del Club de la Uni\u00f3n de Valdivia, se constituy\u00f3 la nueva directiva de la delegaci\u00f3n Valdivia del Colegio de Arquitectos, donde se presentaron los desaf\u00edos e intereses que se quieren abordar a &hellip; <a class=\"more-link\" href=\"https:\/\/colegioarquitectos.com\/noticias\/?p=1943\">ver m\u00e1s<\/a><\/p>","protected":false},"author":1,"featured_media":0,"comment_status":"open","ping_status":"open","sticky":false,"template":"","format":"standard","meta":{"footnotes":""},"categories":[8,10,3],"tags":[],"class_list":["post-1943","post","type-post","status-publish","format-standard","hentry","category-colegio-de-arquitectos","category-delegaciones-zonales","category-noticias"],"yoast_head":"<!-- This site is optimized with the Yoast SEO plugin v24.2 - https:\/\/yoast.com\/wordpress\/plugins\/seo\/ -->\n<title>Reactivaci\u00f3n trabajo de DELEGACION ZONAL VALDIVIA - COLEGIO DE ARQUITECTOS DE CHILE  - COLEGIO DE ARQUITECTOS DE CHILE<\/title>\n<meta name=\"robots\" content=\"index, follow, max-snippet:-1, max-image-preview:large, max-video-preview:-1\" \/>\n<link rel=\"canonical\" href=\"https:\/\/colegioarquitectos.com\/noticias\/?p=1943\" \/>\n<meta property=\"og:locale\" content=\"es_ES\" \/>\n<meta property=\"og:type\" content=\"article\" \/>\n<meta property=\"og:title\" content=\"Reactivaci\u00f3n trabajo de DELEGACION ZONAL VALDIVIA - COLEGIO DE ARQUITECTOS DE CHILE  - COLEGIO DE ARQUITECTOS DE CHILE\" \/>\n<meta property=\"og:description\" content=\"El pasado viernes 03 de agosto en dependencias del Club de la Uni\u00f3n de Valdivia, se constituy\u00f3 la nueva directiva de la delegaci\u00f3n Valdivia del Colegio de Arquitectos, donde se presentaron los desaf\u00edos e intereses que se quieren abordar a &hellip; ver m\u00e1s\" \/>\n<meta property=\"og:url\" content=\"https:\/\/colegioarquitectos.com\/noticias\/?p=1943\" \/>\n<meta property=\"og:site_name\" content=\"COLEGIO DE ARQUITECTOS DE CHILE\" \/>\n<meta property=\"article:publisher\" content=\"https:\/\/facebook.com\/Colegioarq\/\" \/>\n<meta property=\"article:published_time\" content=\"2012-08-10T17:20:57+00:00\" \/>\n<meta property=\"article:modified_time\" content=\"2012-08-20T17:56:42+00:00\" \/>\n<meta property=\"og:image\" content=\"https:\/\/colegioarquitectos.com\/noticias\/wp-content\/uploads\/2012\/08\/WEB-11.jpg\" \/>\n\t<meta property=\"og:image:width\" content=\"553\" \/>\n\t<meta property=\"og:image:height\" content=\"415\" \/>\n\t<meta property=\"og:image:type\" content=\"image\/jpeg\" \/>\n<meta name=\"author\" content=\"Gabriel Salgado S.\" \/>\n<meta name=\"twitter:card\" content=\"summary_large_image\" \/>\n<meta name=\"twitter:creator\" content=\"@colegioarq\" \/>\n<meta name=\"twitter:site\" content=\"@colegioarq\" \/>\n<meta name=\"twitter:label1\" content=\"Escrito por\" \/>\n\t<meta name=\"twitter:data1\" content=\"Gabriel Salgado S.\" \/>\n\t<meta name=\"twitter:label2\" content=\"Tiempo de lectura\" \/>\n\t<meta name=\"twitter:data2\" content=\"1 minuto\" \/>\n<script type=\"application\/ld+json\" class=\"yoast-schema-graph\">{\"@context\":\"https:\/\/schema.org\",\"@graph\":[{\"@type\":\"Article\",\"@id\":\"https:\/\/colegioarquitectos.com\/noticias\/?p=1943#article\",\"isPartOf\":{\"@id\":\"https:\/\/colegioarquitectos.com\/noticias\/?p=1943\"},\"author\":{\"name\":\"Gabriel Salgado S.\",\"@id\":\"https:\/\/colegioarquitectos.com\/noticias\/#\/schema\/person\/b6c7e912cd1283c089114093ed09741f\"},\"headline\":\"Reactivaci\u00f3n trabajo de DELEGACION ZONAL VALDIVIA &#8211; COLEGIO DE ARQUITECTOS DE CHILE\",\"datePublished\":\"2012-08-10T17:20:57+00:00\",\"dateModified\":\"2012-08-20T17:56:42+00:00\",\"mainEntityOfPage\":{\"@id\":\"https:\/\/colegioarquitectos.com\/noticias\/?p=1943\"},\"wordCount\":295,\"commentCount\":0,\"publisher\":{\"@id\":\"https:\/\/colegioarquitectos.com\/noticias\/#organization\"},\"image\":{\"@id\":\"https:\/\/colegioarquitectos.com\/noticias\/?p=1943#primaryimage\"},\"thumbnailUrl\":\"http:\/\/colegioarquitectos.com\/noticias\/wp-content\/uploads\/2012\/08\/WEB-11.jpg\",\"articleSection\":[\"Colegio\",\"Delegaciones\",\"Noticias\"],\"inLanguage\":\"es\",\"potentialAction\":[{\"@type\":\"CommentAction\",\"name\":\"Comment\",\"target\":[\"https:\/\/colegioarquitectos.com\/noticias\/?p=1943#respond\"]}]},{\"@type\":\"WebPage\",\"@id\":\"https:\/\/colegioarquitectos.com\/noticias\/?p=1943\",\"url\":\"https:\/\/colegioarquitectos.com\/noticias\/?p=1943\",\"name\":\"Reactivaci\u00f3n trabajo de DELEGACION ZONAL VALDIVIA - COLEGIO DE ARQUITECTOS DE CHILE - COLEGIO DE ARQUITECTOS DE CHILE\",\"isPartOf\":{\"@id\":\"https:\/\/colegioarquitectos.com\/noticias\/#website\"},\"primaryImageOfPage\":{\"@id\":\"https:\/\/colegioarquitectos.com\/noticias\/?p=1943#primaryimage\"},\"image\":{\"@id\":\"https:\/\/colegioarquitectos.com\/noticias\/?p=1943#primaryimage\"},\"thumbnailUrl\":\"http:\/\/colegioarquitectos.com\/noticias\/wp-content\/uploads\/2012\/08\/WEB-11.jpg\",\"datePublished\":\"2012-08-10T17:20:57+00:00\",\"dateModified\":\"2012-08-20T17:56:42+00:00\",\"breadcrumb\":{\"@id\":\"https:\/\/colegioarquitectos.com\/noticias\/?p=1943#breadcrumb\"},\"inLanguage\":\"es\",\"potentialAction\":[{\"@type\":\"ReadAction\",\"target\":[\"https:\/\/colegioarquitectos.com\/noticias\/?p=1943\"]}]},{\"@type\":\"ImageObject\",\"inLanguage\":\"es\",\"@id\":\"https:\/\/colegioarquitectos.com\/noticias\/?p=1943#primaryimage\",\"url\":\"http:\/\/colegioarquitectos.com\/noticias\/wp-content\/uploads\/2012\/08\/WEB-11.jpg\",\"contentUrl\":\"http:\/\/colegioarquitectos.com\/noticias\/wp-content\/uploads\/2012\/08\/WEB-11.jpg\"},{\"@type\":\"BreadcrumbList\",\"@id\":\"https:\/\/colegioarquitectos.com\/noticias\/?p=1943#breadcrumb\",\"itemListElement\":[{\"@type\":\"ListItem\",\"position\":1,\"name\":\"Portada\",\"item\":\"https:\/\/colegioarquitectos.com\/noticias\"},{\"@type\":\"ListItem\",\"position\":2,\"name\":\"Reactivaci\u00f3n trabajo de DELEGACION ZONAL VALDIVIA &#8211; COLEGIO DE ARQUITECTOS DE CHILE\"}]},{\"@type\":\"WebSite\",\"@id\":\"https:\/\/colegioarquitectos.com\/noticias\/#website\",\"url\":\"https:\/\/colegioarquitectos.com\/noticias\/\",\"name\":\"COLEGIO DE ARQUITECTOS DE CHILE\",\"description\":\"\",\"publisher\":{\"@id\":\"https:\/\/colegioarquitectos.com\/noticias\/#organization\"},\"potentialAction\":[{\"@type\":\"SearchAction\",\"target\":{\"@type\":\"EntryPoint\",\"urlTemplate\":\"https:\/\/colegioarquitectos.com\/noticias\/?s={search_term_string}\"},\"query-input\":{\"@type\":\"PropertyValueSpecification\",\"valueRequired\":true,\"valueName\":\"search_term_string\"}}],\"inLanguage\":\"es\"},{\"@type\":\"Organization\",\"@id\":\"https:\/\/colegioarquitectos.com\/noticias\/#organization\",\"name\":\"COLEGIO DE ARQUITECTOS DE CHILE\",\"url\":\"https:\/\/colegioarquitectos.com\/noticias\/\",\"logo\":{\"@type\":\"ImageObject\",\"inLanguage\":\"es\",\"@id\":\"https:\/\/colegioarquitectos.com\/noticias\/#\/schema\/logo\/image\/\",\"url\":\"https:\/\/colegioarquitectos.com\/noticias\/wp-content\/uploads\/2021\/05\/ENCABEZADO-LOGO-CA.jpg\",\"contentUrl\":\"https:\/\/colegioarquitectos.com\/noticias\/wp-content\/uploads\/2021\/05\/ENCABEZADO-LOGO-CA.jpg\",\"width\":690,\"height\":350,\"caption\":\"COLEGIO DE ARQUITECTOS DE CHILE\"},\"image\":{\"@id\":\"https:\/\/colegioarquitectos.com\/noticias\/#\/schema\/logo\/image\/\"},\"sameAs\":[\"https:\/\/facebook.com\/Colegioarq\/\",\"https:\/\/x.com\/colegioarq\",\"https:\/\/instagram.com\/colegioarq\",\"https:\/\/youtube.com\/@ColegiodeArquitectosdeChile\"]},{\"@type\":\"Person\",\"@id\":\"https:\/\/colegioarquitectos.com\/noticias\/#\/schema\/person\/b6c7e912cd1283c089114093ed09741f\",\"name\":\"Gabriel Salgado S.\",\"url\":\"https:\/\/colegioarquitectos.com\/noticias\/?author=1\"}]}<\/script>\n<!-- \/ Yoast SEO plugin. -->","yoast_head_json":{"title":"Reactivaci\u00f3n trabajo de DELEGACION ZONAL VALDIVIA - COLEGIO DE ARQUITECTOS DE CHILE  - COLEGIO DE ARQUITECTOS DE CHILE","robots":{"index":"index","follow":"follow","max-snippet":"max-snippet:-1","max-image-preview":"max-image-preview:large","max-video-preview":"max-video-preview:-1"},"canonical":"https:\/\/colegioarquitectos.com\/noticias\/?p=1943","og_locale":"es_ES","og_type":"article","og_title":"Reactivaci\u00f3n trabajo de DELEGACION ZONAL VALDIVIA - COLEGIO DE ARQUITECTOS DE CHILE  - COLEGIO DE ARQUITECTOS DE CHILE","og_description":"El pasado viernes 03 de agosto en dependencias del Club de la Uni\u00f3n de Valdivia, se constituy\u00f3 la nueva directiva de la delegaci\u00f3n Valdivia del Colegio de Arquitectos, donde se presentaron los desaf\u00edos e intereses que se quieren abordar a &hellip; ver m\u00e1s","og_url":"https:\/\/colegioarquitectos.com\/noticias\/?p=1943","og_site_name":"COLEGIO DE ARQUITECTOS DE CHILE","article_publisher":"https:\/\/facebook.com\/Colegioarq\/","article_published_time":"2012-08-10T17:20:57+00:00","article_modified_time":"2012-08-20T17:56:42+00:00","og_image":[{"width":553,"height":415,"url":"https:\/\/colegioarquitectos.com\/noticias\/wp-content\/uploads\/2012\/08\/WEB-11.jpg","type":"image\/jpeg"}],"author":"Gabriel Salgado S.","twitter_card":"summary_large_image","twitter_creator":"@colegioarq","twitter_site":"@colegioarq","twitter_misc":{"Escrito por":"Gabriel Salgado S.","Tiempo de lectura":"1 minuto"},"schema":{"@context":"https:\/\/schema.org","@graph":[{"@type":"Article","@id":"https:\/\/colegioarquitectos.com\/noticias\/?p=1943#article","isPartOf":{"@id":"https:\/\/colegioarquitectos.com\/noticias\/?p=1943"},"author":{"name":"Gabriel Salgado S.","@id":"https:\/\/colegioarquitectos.com\/noticias\/#\/schema\/person\/b6c7e912cd1283c089114093ed09741f"},"headline":"Reactivaci\u00f3n trabajo de DELEGACION ZONAL VALDIVIA &#8211; COLEGIO DE ARQUITECTOS DE CHILE","datePublished":"2012-08-10T17:20:57+00:00","dateModified":"2012-08-20T17:56:42+00:00","mainEntityOfPage":{"@id":"https:\/\/colegioarquitectos.com\/noticias\/?p=1943"},"wordCount":295,"commentCount":0,"publisher":{"@id":"https:\/\/colegioarquitectos.com\/noticias\/#organization"},"image":{"@id":"https:\/\/colegioarquitectos.com\/noticias\/?p=1943#primaryimage"},"thumbnailUrl":"http:\/\/colegioarquitectos.com\/noticias\/wp-content\/uploads\/2012\/08\/WEB-11.jpg","articleSection":["Colegio","Delegaciones","Noticias"],"inLanguage":"es","potentialAction":[{"@type":"CommentAction","name":"Comment","target":["https:\/\/colegioarquitectos.com\/noticias\/?p=1943#respond"]}]},{"@type":"WebPage","@id":"https:\/\/colegioarquitectos.com\/noticias\/?p=1943","url":"https:\/\/colegioarquitectos.com\/noticias\/?p=1943","name":"Reactivaci\u00f3n trabajo de DELEGACION ZONAL VALDIVIA - COLEGIO DE ARQUITECTOS DE CHILE - COLEGIO DE ARQUITECTOS DE CHILE","isPartOf":{"@id":"https:\/\/colegioarquitectos.com\/noticias\/#website"},"primaryImageOfPage":{"@id":"https:\/\/colegioarquitectos.com\/noticias\/?p=1943#primaryimage"},"image":{"@id":"https:\/\/colegioarquitectos.com\/noticias\/?p=1943#primaryimage"},"thumbnailUrl":"http:\/\/colegioarquitectos.com\/noticias\/wp-content\/uploads\/2012\/08\/WEB-11.jpg","datePublished":"2012-08-10T17:20:57+00:00","dateModified":"2012-08-20T17:56:42+00:00","breadcrumb":{"@id":"https:\/\/colegioarquitectos.com\/noticias\/?p=1943#breadcrumb"},"inLanguage":"es","potentialAction":[{"@type":"ReadAction","target":["https:\/\/colegioarquitectos.com\/noticias\/?p=1943"]}]},{"@type":"ImageObject","inLanguage":"es","@id":"https:\/\/colegioarquitectos.com\/noticias\/?p=1943#primaryimage","url":"http:\/\/colegioarquitectos.com\/noticias\/wp-content\/uploads\/2012\/08\/WEB-11.jpg","contentUrl":"http:\/\/colegioarquitectos.com\/noticias\/wp-content\/uploads\/2012\/08\/WEB-11.jpg"},{"@type":"BreadcrumbList","@id":"https:\/\/colegioarquitectos.com\/noticias\/?p=1943#breadcrumb","itemListElement":[{"@type":"ListItem","position":1,"name":"Portada","item":"https:\/\/colegioarquitectos.com\/noticias"},{"@type":"ListItem","position":2,"name":"Reactivaci\u00f3n trabajo de DELEGACION ZONAL VALDIVIA &#8211; COLEGIO DE ARQUITECTOS DE CHILE"}]},{"@type":"WebSite","@id":"https:\/\/colegioarquitectos.com\/noticias\/#website","url":"https:\/\/colegioarquitectos.com\/noticias\/","name":"COLEGIO DE ARQUITECTOS DE CHILE","description":"","publisher":{"@id":"https:\/\/colegioarquitectos.com\/noticias\/#organization"},"potentialAction":[{"@type":"SearchAction","target":{"@type":"EntryPoint","urlTemplate":"https:\/\/colegioarquitectos.com\/noticias\/?s={search_term_string}"},"query-input":{"@type":"PropertyValueSpecification","valueRequired":true,"valueName":"search_term_string"}}],"inLanguage":"es"},{"@type":"Organization","@id":"https:\/\/colegioarquitectos.com\/noticias\/#organization","name":"COLEGIO DE ARQUITECTOS DE CHILE","url":"https:\/\/colegioarquitectos.com\/noticias\/","logo":{"@type":"ImageObject","inLanguage":"es","@id":"https:\/\/colegioarquitectos.com\/noticias\/#\/schema\/logo\/image\/","url":"https:\/\/colegioarquitectos.com\/noticias\/wp-content\/uploads\/2021\/05\/ENCABEZADO-LOGO-CA.jpg","contentUrl":"https:\/\/colegioarquitectos.com\/noticias\/wp-content\/uploads\/2021\/05\/ENCABEZADO-LOGO-CA.jpg","width":690,"height":350,"caption":"COLEGIO DE ARQUITECTOS DE CHILE"},"image":{"@id":"https:\/\/colegioarquitectos.com\/noticias\/#\/schema\/logo\/image\/"},"sameAs":["https:\/\/facebook.com\/Colegioarq\/","https:\/\/x.com\/colegioarq","https:\/\/instagram.com\/colegioarq","https:\/\/youtube.com\/@ColegiodeArquitectosdeChile"]},{"@type":"Person","@id":"https:\/\/colegioarquitectos.com\/noticias\/#\/schema\/person\/b6c7e912cd1283c089114093ed09741f","name":"Gabriel Salgado S.","url":"https:\/\/colegioarquitectos.com\/noticias\/?author=1"}]}},"_links":{"self":[{"href":"https:\/\/colegioarquitectos.com\/noticias\/index.php?rest_route=\/wp\/v2\/posts\/1943","targetHints":{"allow":["GET"]}}],"collection":[{"href":"https:\/\/colegioarquitectos.com\/noticias\/index.php?rest_route=\/wp\/v2\/posts"}],"about":[{"href":"https:\/\/colegioarquitectos.com\/noticias\/index.php?rest_route=\/wp\/v2\/types\/post"}],"author":[{"embeddable":true,"href":"https:\/\/colegioarquitectos.com\/noticias\/index.php?rest_route=\/wp\/v2\/users\/1"}],"replies":[{"embeddable":true,"href":"https:\/\/colegioarquitectos.com\/noticias\/index.php?rest_route=%2Fwp%2Fv2%2Fcomments&post=1943"}],"version-history":[{"count":0,"href":"https:\/\/colegioarquitectos.com\/noticias\/index.php?rest_route=\/wp\/v2\/posts\/1943\/revisions"}],"wp:attachment":[{"href":"https:\/\/colegioarquitectos.com\/noticias\/index.php?rest_route=%2Fwp%2Fv2%2Fmedia&parent=1943"}],"wp:term":[{"taxonomy":"category","embeddable":true,"href":"https:\/\/colegioarquitectos.com\/noticias\/index.php?rest_route=%2Fwp%2Fv2%2Fcategories&post=1943"},{"taxonomy":"post_tag","embeddable":true,"href":"https:\/\/colegioarquitectos.com\/noticias\/index.php?rest_route=%2Fwp%2Fv2%2Ftags&post=1943"}],"curies":[{"name":"wp","href":"https:\/\/api.w.org\/{rel}","templated":true}]}}