
{"id":19548,"date":"2017-12-20T20:46:59","date_gmt":"2017-12-20T20:46:59","guid":{"rendered":"http:\/\/colegioarquitectos.com\/?p=19548"},"modified":"2017-12-21T14:44:44","modified_gmt":"2017-12-21T14:44:44","slug":"los-resultados-de-las-elecciones-ca-2017","status":"publish","type":"post","link":"https:\/\/colegioarquitectos.com\/noticias\/?p=19548","title":{"rendered":"Los resultados de las Elecciones CA 2017"},"content":{"rendered":"<p>Estimados arquitectos y arquitectas:<\/p>\n<p>Ya tenemos los resultados de las recientes Elecciones CA 2017 y tal como se determin\u00f3 en Asamblea, hemos concluido el proceso llevado a cabo los d\u00edas 18 y 19 de diciembre. Como informamos de manera p\u00fablica, el Directorio Nacional decidi\u00f3 innovar y garantizar la transparencia a trav\u00e9s de un sistema eleccionario completamente electr\u00f3nico, que a\u00fan requiere ajustes pero que logr\u00f3 aumentar la participaci\u00f3n en este formato en un 6,5% respecto de la elecci\u00f3n anterior de 2015. Cabe destacar la amplia participaci\u00f3n de las Delegaciones Zonales y el haber logrado durante este proceso un significativo avance en la actualizaci\u00f3n de nuestras bases de datos.<\/p>\n<p>Estamos dando un paso importante para continuar con la modernizaci\u00f3n de nuestro Colegio, con autoridades nacionales y regionales representativas que trabajar\u00e1n por la recuperaci\u00f3n de lazos y confianzas entre los asociados y la Instituci\u00f3n.<\/p>\n<p>A continuaci\u00f3n compartimos con uds. las preferencias de nuestros asociados para los cargos de Directorio Nacional, Directorios de Delegaciones Zonales y miembros del Tribunal de \u00c9tica Nacional y regionales. Hoy publicamos solo los porcentajes pero el d\u00eda 26 de diciembre ser\u00e1n incluidos en nuestra web todos los dem\u00e1s detalles de las votaciones y el Acta oficial de la Comisi\u00f3n Calificadora de Elecciones.<\/p>\n<p>Del total de los 2.013 arquitectos habilitados para votar lo hicieron 474, es decir el 23.54%.<\/p>\n<p>&nbsp;<\/p>\n<p><strong>Los resultados<\/strong><\/p>\n<p>&nbsp;<\/p>\n<ol>\n<li><strong> Directorio Nacional <\/strong><\/li>\n<\/ol>\n<p>Se presentaron 12 candidatos de los cuales ser\u00e1n electos\u00a0 10. Cada asociado pudo elegir hasta por 5 candidatos en su votaci\u00f3n. El orden de las preferencias:<\/p>\n<ul>\n<li>Humberto Eliash D\u00edaz (21,5%)<em>\u00a0 <\/em><\/li>\n<li>Mar\u00eda Soledad Larra\u00edn Salinas (11,7%)\u00a0 <em>\u00a0\u00a0<\/em><\/li>\n<li>Jorge Espinosa Cereceda (9,4%)\u00a0 <em>\u00a0\u00a0<\/em><\/li>\n<li>Diego Alfonso Rebolledo Flores (9%)\u00a0 <em>\u00a0\u00a0<\/em><\/li>\n<li>Fernando Mar\u00edn Cruchaga y Javier Contreras Gonz\u00e1lez (7,9%)\u00a0 <em>\u00a0\u00a0<\/em><\/li>\n<li>Alicia Alarc\u00f3n Ram\u00edrez (7,4%)\u00a0 <em>\u00a0\u00a0<\/em><\/li>\n<li>Manuel Marchant Rubilar (5,6%)\u00a0 <em>\u00a0\u00a0<\/em><\/li>\n<li>Jorge Guzm\u00e1n Briones (5,3%)\u00a0 <em>\u00a0\u00a0<\/em><\/li>\n<li>Uwe Rohwedder Gremler y Macarena \u00c1vila Burdiles (4,8%)<\/li>\n<li>Carlos Maillet Ar\u00e1nguiz (4,7%)<\/li>\n<li>Votos en blanco (0,2%)<\/li>\n<\/ul>\n<p>&nbsp;<\/p>\n<p><em>*El caso de empate entre Uwe Rohwedder Gremler y Macarena \u00c1vila Burdiles ser\u00e1 dirimido por sorteo que se efectuar\u00e1 en la Sede correspondiente por el Secretario General en la Asamblea General en que se efect\u00faen las respectivas proclamaciones <a href=\"http:\/\/colegioarquitectos.com\/noticias\/wp-content\/uploads\/2017\/11\/REGLAMENTO-ELECCIONES-2017-CA.pdf\">ARTICULO N\u00b0 2, Reglamento de Elecciones 2017<\/a>.<\/em><\/p>\n<p>Conoce las propuestas de los candidatos a Directorio Nacional y los dem\u00e1s candidatos de estas Elecciones en el siguiente link\u00a0<a href=\"https:\/\/goo.gl\/qC4XWC\">https:\/\/goo.gl\/qC4XWC<\/a>.<\/p>\n<p>&nbsp;<\/p>\n<ol start=\"2\">\n<li><strong> Tribunal de \u00c9tica Nacional <\/strong><\/li>\n<\/ol>\n<p>Se presentaron 9 candidatos, de los cuales son elegidos los 3 con mayor votaci\u00f3n, para integrarse a un equipo que incluye otros tres miembros que ya se mantienen por un segundo periodo. Los asociados habilitados para votar pudieron decidir por dos del total de candidatos.<\/p>\n<p>Ordenados de mayor a menor votaci\u00f3n:<\/p>\n<ul>\n<li>Mario Ter\u00e1n Pardo (18,6%) <em>\u00a0 <\/em><\/li>\n<li>Mar\u00eda Teresa Rojo Lorca (11,9%) <em>\u00a0\u00a0\u00a0<\/em><\/li>\n<li>Sergio Andreu Matta (11,8)\u00a0 <em>\u00a0\u00a0<\/em><\/li>\n<li>Vicente Gumucio Barros (11,6%)<\/li>\n<li>Marcelo Carvallo Ceroni (10,9%)<\/li>\n<li>Rodolfo Jim\u00e9nez Cavieres (10,0%)<\/li>\n<li>Gloria Hidalgo Beas (8,8%)<\/li>\n<li>Iv\u00e1n Cartes Siade (8,4%)<\/li>\n<li>Mariana Beatriz Rojas Lennox-Robertson (7,3%)<\/li>\n<li>Votos en blanco (0,8%)<\/li>\n<\/ul>\n<p>&nbsp;<\/p>\n<p>&nbsp;<\/p>\n<ol start=\"3\">\n<li><strong>Resultados para el Directorio de la Delegaci\u00f3n Zonal Tarapac\u00e1<\/strong><\/li>\n<\/ol>\n<p>Los arquitectos asociados de la Regi\u00f3n de Tarapac\u00e1 pudieron votar hasta por dos de los cuatro candidatos y ser\u00e1n elegidas las cuatro primeras mayor\u00edas.<\/p>\n<p>Ordenados de mayor a menor votaci\u00f3n:<\/p>\n<ul>\n<li>Javiera Salinas Solari (41,9%)\u00a0\u00a0\u00a0\u00a0\u00a0\u00a0\u00a0\u00a0\u00a0\u00a0\u00a0\u00a0\u00a0\u00a0\u00a0 <em>\u00a0 <\/em><\/li>\n<li>Roy Z\u00fa\u00f1iga Morales (25,8%) <em>\u00a0\u00a0\u00a0<\/em><\/li>\n<li>Francisco Javier Mart\u00ednez Segovia (22,6%)\u00a0 <em>\u00a0\u00a0<\/em><\/li>\n<li>Vesna Obilinovic Gonz\u00e1lez (6,5%)<\/li>\n<li>Votos en blanco (3,2%)<\/li>\n<\/ul>\n<p>&nbsp;<\/p>\n<ol start=\"4\">\n<li><strong> Resultados para el Directorio de la Delegaci\u00f3n Zonal Coquimbo<\/strong><\/li>\n<\/ol>\n<p>Los arquitectos asociados de la Regi\u00f3n de Coquimbo pudieron votar por dos de los siete candidatos, ser\u00e1n elegidos los que tengan las cuatro primeras mayor\u00edas.<\/p>\n<p>Ordenados de mayor a menor votaci\u00f3n:<\/p>\n<ul>\n<li>Luis Alberto Viada Ovalle (25,8%)\u00a0\u00a0\u00a0\u00a0\u00a0\u00a0\u00a0\u00a0\u00a0\u00a0\u00a0\u00a0\u00a0\u00a0\u00a0 <em>\u00a0 <\/em><\/li>\n<li>Juana Varela Kawasaki (21,0%)<\/li>\n<li>Constanza Galleguillos Carvallo (17,7%)<\/li>\n<li>Rodrigo Tapia Cerda (12,9%)<\/li>\n<li>Alex Garrido Tapia (11,3%)<\/li>\n<li>Salvador Guti\u00e9rrez Mill\u00e1n (8,1%)<\/li>\n<li>Mauricio Namoncura Poblete (3,2%)<\/li>\n<li>Votos en blanco (0%)<\/li>\n<\/ul>\n<p>&nbsp;<\/p>\n<ol start=\"5\">\n<li><strong> Resultados para la Delegaci\u00f3n Zonal Valpara\u00edso<\/strong><\/li>\n<\/ol>\n<p>5.1\u00a0 <u>Directorio DZ Valpara\u00edso<\/u><\/p>\n<p>Los arquitectos asociados de la Regi\u00f3n de Valpara\u00edso pudieron votar por dos de los siete candidatos. Ser\u00e1n elegidos los que tengan las cuatro primeras mayor\u00edas.<\/p>\n<p>Ordenados de mayor a menor votaci\u00f3n:<\/p>\n<ul>\n<li>Claudio Carrasco Aldunate (28,0%)\u00a0\u00a0\u00a0\u00a0\u00a0\u00a0\u00a0\u00a0\u00a0\u00a0\u00a0\u00a0\u00a0\u00a0\u00a0 <em>\u00a0 <\/em><\/li>\n<li>Joan Saavedra de Mateo (24%)<\/li>\n<li>Carolina Pe\u00f1aloza Pinto (20%)<\/li>\n<li>Claudia Woywood Rodr\u00edguez (14,7%)<\/li>\n<li>Felipe Vollmer Pizarro (13,3%)<\/li>\n<li>Votos en blanco (0%)<\/li>\n<\/ul>\n<p>&nbsp;<\/p>\n<p>5.2\u00a0 <u>Tribunal de \u00c9tica Regional Delegaci\u00f3n Valpara\u00edso<\/u><\/p>\n<p>Los arquitectos asociados de la Regi\u00f3n de Valpara\u00edso pudieron votar por dos de los cuatro candidatos. Ser\u00e1n elegidos los que tengan las cuatro primeras mayor\u00edas.<\/p>\n<p>Ordenados de mayor a menor votaci\u00f3n:<\/p>\n<ul>\n<li>V\u00edctor Manuel Sere\u00f1o Varas (38,1%)<\/li>\n<li>Gonzalo Vegas Cort\u00e9s y Juan Ricardo D\u00edaz Milovic (23,8%)<\/li>\n<li>Fernando Villanueva Carmona (14,3%)<\/li>\n<li>Votos en blanco (0%) <em>\u00a0 <\/em><\/li>\n<\/ul>\n<p>&nbsp;<\/p>\n<ol start=\"6\">\n<li><strong>Resultados para la Delegaci\u00f3n Zonal Concepci\u00f3n<\/strong><\/li>\n<\/ol>\n<p>6.1\u00a0 <u>Directorio DZ Concepci\u00f3n<\/u><\/p>\n<p>Los arquitectos asociados de la Regi\u00f3n del Biob\u00edo pudieron votar por dos de los seis candidatos. Ser\u00e1n electos los que obtengan las cuatro primeras mayor\u00edas.<\/p>\n<p>Ordenados de mayor a menor votaci\u00f3n:<\/p>\n<ul>\n<li>Claudio Arce Ayub (35,2%)<\/li>\n<li>Cecilia Andrea Mart\u00edn Herranz (22,7%)<\/li>\n<li>Iv\u00e1n Cartes Siade (13,6%)<\/li>\n<li>Carolina Beatriz D\u00edaz C\u00e1ceres (12,5%)<\/li>\n<li>Evelyn Andrea Narv\u00e1ez Mardones (10,2%)<\/li>\n<li>Ivonne Mella Vidal (5,7%)<\/li>\n<li>Votos en blanco (0%)<\/li>\n<\/ul>\n<p><em>\u00a0 <\/em><\/p>\n<p>6.2\u00a0 <u>Tribunal de \u00c9tica Regional Delegaci\u00f3n Concepci\u00f3n<\/u><\/p>\n<p>Los arquitectos asociados de la Regi\u00f3n del Biob\u00edo pudieron votar por un candidato \u00fanico.<\/p>\n<p>La votaci\u00f3n:<\/p>\n<ul>\n<li>Werner Stehr Wilchens (97,9%)<\/li>\n<li>Votos en blanco (2,1%)<\/li>\n<\/ul>\n<p>&nbsp;<\/p>\n<ol start=\"7\">\n<li><strong>Resultados para el Directorio de la Delegaci\u00f3n Zonal Chilo\u00e9<\/strong><\/li>\n<\/ol>\n<p>Los arquitectos asociados de Chilo\u00e9 pudieron votar por uno de los dos candidatos.<\/p>\n<p>Ordenados de mayor a menor votaci\u00f3n:<\/p>\n<ul>\n<li>Juan Fernando Y\u00e1\u00f1ez Porras (53,6%)\u00a0\u00a0\u00a0\u00a0\u00a0\u00a0\u00a0\u00a0\u00a0\u00a0\u00a0\u00a0\u00a0\u00a0\u00a0 <em>\u00a0 <\/em><\/li>\n<li>Jorge Inostroza Codoceo (46,4%)<\/li>\n<\/ul>\n<p>&nbsp;<\/p>\n<ol start=\"8\">\n<li><strong> Resultados para el Directorio de la Delegaci\u00f3n Zonal Ays\u00e9n<\/strong><\/li>\n<\/ol>\n<p>Los arquitectos asociados de la Regi\u00f3n de Ays\u00e9n pudieron votar hasta por dos de los cinco candidatos que se presentaron. Ser\u00e1n electos los que obtengan las cuatro primeras mayor\u00edas.<\/p>\n<p>Ordenados de mayor a menor votaci\u00f3n:<\/p>\n<ul>\n<li>Fernando Miranda Monsalve (38,9%)\u00a0\u00a0\u00a0\u00a0\u00a0\u00a0\u00a0\u00a0\u00a0\u00a0\u00a0\u00a0\u00a0\u00a0\u00a0 <em>\u00a0 <\/em><\/li>\n<li>Gisela Gonz\u00e1lez Garc\u00e9s (22,2%)<\/li>\n<li>Ricardo Sol\u00e9 \u00d3rdenes y Paula Galindo C\u00e1rcamo (16,7%)<\/li>\n<li>Carlos Ot\u00e1rola Oyarz\u00fan (5,6%)<\/li>\n<\/ul>\n<p>&nbsp;<\/p>\n<p>&nbsp;<\/p>\n<p>Los nuevos Cargos Directivos ser\u00e1n proclamados en la Asamblea Ordinaria del pr\u00f3ximo jueves 11 de enero en la Sede Nacional del Colegio de Arquitectos.<\/p>\n<p>\u201cAgradecemos la participaci\u00f3n lograda y el apoyo de cada uno de los colegiados para esta nueva etapa que iniciamos por un colegio m\u00e1s eficiente, transparente y representativo\u00bb.<\/p>\n<p>&nbsp;<\/p>\n<p>&nbsp;<\/p>\n<p style=\"text-align: center;\"><strong>Alberto Texido Zlatar<\/strong><\/p>\n<p style=\"text-align: center;\">Presidente Nacional<\/p>\n<p style=\"text-align: center;\">Colegio de Arquitectos de Chile<\/p>\n<p>&nbsp;<\/p>\n<p><\/p>","protected":false},"excerpt":{"rendered":"<p>Estimados arquitectos y arquitectas: Ya tenemos los resultados de las recientes Elecciones CA 2017 y tal como se determin\u00f3 en Asamblea, hemos concluido el proceso llevado a cabo los d\u00edas 18 y 19 de diciembre. Como informamos de manera p\u00fablica, &hellip; <a class=\"more-link\" href=\"https:\/\/colegioarquitectos.com\/noticias\/?p=19548\">ver m\u00e1s<\/a><\/p>","protected":false},"author":4,"featured_media":19549,"comment_status":"closed","ping_status":"closed","sticky":false,"template":"","format":"standard","meta":{"footnotes":""},"categories":[8],"tags":[],"class_list":["post-19548","post","type-post","status-publish","format-standard","has-post-thumbnail","hentry","category-colegio-de-arquitectos"],"yoast_head":"<!-- This site is optimized with the Yoast SEO plugin v24.2 - https:\/\/yoast.com\/wordpress\/plugins\/seo\/ -->\n<title>Los resultados de las Elecciones CA 2017 - COLEGIO DE ARQUITECTOS DE CHILE<\/title>\n<meta name=\"robots\" content=\"index, follow, max-snippet:-1, max-image-preview:large, max-video-preview:-1\" \/>\n<link rel=\"canonical\" href=\"https:\/\/colegioarquitectos.com\/noticias\/?p=19548\" \/>\n<meta property=\"og:locale\" content=\"es_ES\" \/>\n<meta property=\"og:type\" content=\"article\" \/>\n<meta property=\"og:title\" content=\"Los resultados de las Elecciones CA 2017 - COLEGIO DE ARQUITECTOS DE CHILE\" \/>\n<meta property=\"og:description\" content=\"Estimados arquitectos y arquitectas: Ya tenemos los resultados de las recientes Elecciones CA 2017 y tal como se determin\u00f3 en Asamblea, hemos concluido el proceso llevado a cabo los d\u00edas 18 y 19 de diciembre. Como informamos de manera p\u00fablica, &hellip; ver m\u00e1s\" \/>\n<meta property=\"og:url\" content=\"https:\/\/colegioarquitectos.com\/noticias\/?p=19548\" \/>\n<meta property=\"og:site_name\" content=\"COLEGIO DE ARQUITECTOS DE CHILE\" \/>\n<meta property=\"article:publisher\" content=\"https:\/\/facebook.com\/Colegioarq\/\" \/>\n<meta property=\"article:published_time\" content=\"2017-12-20T20:46:59+00:00\" \/>\n<meta property=\"article:modified_time\" content=\"2017-12-21T14:44:44+00:00\" \/>\n<meta property=\"og:image\" content=\"https:\/\/colegioarquitectos.com\/noticias\/wp-content\/uploads\/2017\/12\/Logo-CA-web.jpg\" \/>\n\t<meta property=\"og:image:width\" content=\"690\" \/>\n\t<meta property=\"og:image:height\" content=\"320\" \/>\n\t<meta property=\"og:image:type\" content=\"image\/jpeg\" \/>\n<meta name=\"author\" content=\"Colegio de Arquitectos de Chile\" \/>\n<meta name=\"twitter:card\" content=\"summary_large_image\" \/>\n<meta name=\"twitter:creator\" content=\"@colegioarq\" \/>\n<meta name=\"twitter:site\" content=\"@colegioarq\" \/>\n<meta name=\"twitter:label1\" content=\"Escrito por\" \/>\n\t<meta name=\"twitter:data1\" content=\"Colegio de Arquitectos de Chile\" \/>\n\t<meta name=\"twitter:label2\" content=\"Tiempo de lectura\" \/>\n\t<meta name=\"twitter:data2\" content=\"5 minutos\" \/>\n<script type=\"application\/ld+json\" class=\"yoast-schema-graph\">{\"@context\":\"https:\/\/schema.org\",\"@graph\":[{\"@type\":\"Article\",\"@id\":\"https:\/\/colegioarquitectos.com\/noticias\/?p=19548#article\",\"isPartOf\":{\"@id\":\"https:\/\/colegioarquitectos.com\/noticias\/?p=19548\"},\"author\":{\"name\":\"Colegio de Arquitectos de Chile\",\"@id\":\"https:\/\/colegioarquitectos.com\/noticias\/#\/schema\/person\/685cc0aad148303c5608f049af8285ad\"},\"headline\":\"Los resultados de las Elecciones CA 2017\",\"datePublished\":\"2017-12-20T20:46:59+00:00\",\"dateModified\":\"2017-12-21T14:44:44+00:00\",\"mainEntityOfPage\":{\"@id\":\"https:\/\/colegioarquitectos.com\/noticias\/?p=19548\"},\"wordCount\":1047,\"publisher\":{\"@id\":\"https:\/\/colegioarquitectos.com\/noticias\/#organization\"},\"image\":{\"@id\":\"https:\/\/colegioarquitectos.com\/noticias\/?p=19548#primaryimage\"},\"thumbnailUrl\":\"https:\/\/colegioarquitectos.com\/noticias\/wp-content\/uploads\/2017\/12\/Logo-CA-web.jpg\",\"articleSection\":[\"Colegio\"],\"inLanguage\":\"es\"},{\"@type\":\"WebPage\",\"@id\":\"https:\/\/colegioarquitectos.com\/noticias\/?p=19548\",\"url\":\"https:\/\/colegioarquitectos.com\/noticias\/?p=19548\",\"name\":\"Los resultados de las Elecciones CA 2017 - COLEGIO DE ARQUITECTOS DE CHILE\",\"isPartOf\":{\"@id\":\"https:\/\/colegioarquitectos.com\/noticias\/#website\"},\"primaryImageOfPage\":{\"@id\":\"https:\/\/colegioarquitectos.com\/noticias\/?p=19548#primaryimage\"},\"image\":{\"@id\":\"https:\/\/colegioarquitectos.com\/noticias\/?p=19548#primaryimage\"},\"thumbnailUrl\":\"https:\/\/colegioarquitectos.com\/noticias\/wp-content\/uploads\/2017\/12\/Logo-CA-web.jpg\",\"datePublished\":\"2017-12-20T20:46:59+00:00\",\"dateModified\":\"2017-12-21T14:44:44+00:00\",\"breadcrumb\":{\"@id\":\"https:\/\/colegioarquitectos.com\/noticias\/?p=19548#breadcrumb\"},\"inLanguage\":\"es\",\"potentialAction\":[{\"@type\":\"ReadAction\",\"target\":[\"https:\/\/colegioarquitectos.com\/noticias\/?p=19548\"]}]},{\"@type\":\"ImageObject\",\"inLanguage\":\"es\",\"@id\":\"https:\/\/colegioarquitectos.com\/noticias\/?p=19548#primaryimage\",\"url\":\"https:\/\/colegioarquitectos.com\/noticias\/wp-content\/uploads\/2017\/12\/Logo-CA-web.jpg\",\"contentUrl\":\"https:\/\/colegioarquitectos.com\/noticias\/wp-content\/uploads\/2017\/12\/Logo-CA-web.jpg\",\"width\":690,\"height\":320},{\"@type\":\"BreadcrumbList\",\"@id\":\"https:\/\/colegioarquitectos.com\/noticias\/?p=19548#breadcrumb\",\"itemListElement\":[{\"@type\":\"ListItem\",\"position\":1,\"name\":\"Portada\",\"item\":\"https:\/\/colegioarquitectos.com\/noticias\"},{\"@type\":\"ListItem\",\"position\":2,\"name\":\"Los resultados de las Elecciones CA 2017\"}]},{\"@type\":\"WebSite\",\"@id\":\"https:\/\/colegioarquitectos.com\/noticias\/#website\",\"url\":\"https:\/\/colegioarquitectos.com\/noticias\/\",\"name\":\"COLEGIO DE ARQUITECTOS DE CHILE\",\"description\":\"\",\"publisher\":{\"@id\":\"https:\/\/colegioarquitectos.com\/noticias\/#organization\"},\"potentialAction\":[{\"@type\":\"SearchAction\",\"target\":{\"@type\":\"EntryPoint\",\"urlTemplate\":\"https:\/\/colegioarquitectos.com\/noticias\/?s={search_term_string}\"},\"query-input\":{\"@type\":\"PropertyValueSpecification\",\"valueRequired\":true,\"valueName\":\"search_term_string\"}}],\"inLanguage\":\"es\"},{\"@type\":\"Organization\",\"@id\":\"https:\/\/colegioarquitectos.com\/noticias\/#organization\",\"name\":\"COLEGIO DE ARQUITECTOS DE CHILE\",\"url\":\"https:\/\/colegioarquitectos.com\/noticias\/\",\"logo\":{\"@type\":\"ImageObject\",\"inLanguage\":\"es\",\"@id\":\"https:\/\/colegioarquitectos.com\/noticias\/#\/schema\/logo\/image\/\",\"url\":\"https:\/\/colegioarquitectos.com\/noticias\/wp-content\/uploads\/2021\/05\/ENCABEZADO-LOGO-CA.jpg\",\"contentUrl\":\"https:\/\/colegioarquitectos.com\/noticias\/wp-content\/uploads\/2021\/05\/ENCABEZADO-LOGO-CA.jpg\",\"width\":690,\"height\":350,\"caption\":\"COLEGIO DE ARQUITECTOS DE CHILE\"},\"image\":{\"@id\":\"https:\/\/colegioarquitectos.com\/noticias\/#\/schema\/logo\/image\/\"},\"sameAs\":[\"https:\/\/facebook.com\/Colegioarq\/\",\"https:\/\/x.com\/colegioarq\",\"https:\/\/instagram.com\/colegioarq\",\"https:\/\/youtube.com\/@ColegiodeArquitectosdeChile\"]},{\"@type\":\"Person\",\"@id\":\"https:\/\/colegioarquitectos.com\/noticias\/#\/schema\/person\/685cc0aad148303c5608f049af8285ad\",\"name\":\"Colegio de Arquitectos de Chile\",\"url\":\"https:\/\/colegioarquitectos.com\/noticias\/?author=4\"}]}<\/script>\n<!-- \/ Yoast SEO plugin. -->","yoast_head_json":{"title":"Los resultados de las Elecciones CA 2017 - COLEGIO DE ARQUITECTOS DE CHILE","robots":{"index":"index","follow":"follow","max-snippet":"max-snippet:-1","max-image-preview":"max-image-preview:large","max-video-preview":"max-video-preview:-1"},"canonical":"https:\/\/colegioarquitectos.com\/noticias\/?p=19548","og_locale":"es_ES","og_type":"article","og_title":"Los resultados de las Elecciones CA 2017 - COLEGIO DE ARQUITECTOS DE CHILE","og_description":"Estimados arquitectos y arquitectas: Ya tenemos los resultados de las recientes Elecciones CA 2017 y tal como se determin\u00f3 en Asamblea, hemos concluido el proceso llevado a cabo los d\u00edas 18 y 19 de diciembre. Como informamos de manera p\u00fablica, &hellip; ver m\u00e1s","og_url":"https:\/\/colegioarquitectos.com\/noticias\/?p=19548","og_site_name":"COLEGIO DE ARQUITECTOS DE CHILE","article_publisher":"https:\/\/facebook.com\/Colegioarq\/","article_published_time":"2017-12-20T20:46:59+00:00","article_modified_time":"2017-12-21T14:44:44+00:00","og_image":[{"width":690,"height":320,"url":"https:\/\/colegioarquitectos.com\/noticias\/wp-content\/uploads\/2017\/12\/Logo-CA-web.jpg","type":"image\/jpeg"}],"author":"Colegio de Arquitectos de Chile","twitter_card":"summary_large_image","twitter_creator":"@colegioarq","twitter_site":"@colegioarq","twitter_misc":{"Escrito por":"Colegio de Arquitectos de Chile","Tiempo de lectura":"5 minutos"},"schema":{"@context":"https:\/\/schema.org","@graph":[{"@type":"Article","@id":"https:\/\/colegioarquitectos.com\/noticias\/?p=19548#article","isPartOf":{"@id":"https:\/\/colegioarquitectos.com\/noticias\/?p=19548"},"author":{"name":"Colegio de Arquitectos de Chile","@id":"https:\/\/colegioarquitectos.com\/noticias\/#\/schema\/person\/685cc0aad148303c5608f049af8285ad"},"headline":"Los resultados de las Elecciones CA 2017","datePublished":"2017-12-20T20:46:59+00:00","dateModified":"2017-12-21T14:44:44+00:00","mainEntityOfPage":{"@id":"https:\/\/colegioarquitectos.com\/noticias\/?p=19548"},"wordCount":1047,"publisher":{"@id":"https:\/\/colegioarquitectos.com\/noticias\/#organization"},"image":{"@id":"https:\/\/colegioarquitectos.com\/noticias\/?p=19548#primaryimage"},"thumbnailUrl":"https:\/\/colegioarquitectos.com\/noticias\/wp-content\/uploads\/2017\/12\/Logo-CA-web.jpg","articleSection":["Colegio"],"inLanguage":"es"},{"@type":"WebPage","@id":"https:\/\/colegioarquitectos.com\/noticias\/?p=19548","url":"https:\/\/colegioarquitectos.com\/noticias\/?p=19548","name":"Los resultados de las Elecciones CA 2017 - COLEGIO DE ARQUITECTOS DE CHILE","isPartOf":{"@id":"https:\/\/colegioarquitectos.com\/noticias\/#website"},"primaryImageOfPage":{"@id":"https:\/\/colegioarquitectos.com\/noticias\/?p=19548#primaryimage"},"image":{"@id":"https:\/\/colegioarquitectos.com\/noticias\/?p=19548#primaryimage"},"thumbnailUrl":"https:\/\/colegioarquitectos.com\/noticias\/wp-content\/uploads\/2017\/12\/Logo-CA-web.jpg","datePublished":"2017-12-20T20:46:59+00:00","dateModified":"2017-12-21T14:44:44+00:00","breadcrumb":{"@id":"https:\/\/colegioarquitectos.com\/noticias\/?p=19548#breadcrumb"},"inLanguage":"es","potentialAction":[{"@type":"ReadAction","target":["https:\/\/colegioarquitectos.com\/noticias\/?p=19548"]}]},{"@type":"ImageObject","inLanguage":"es","@id":"https:\/\/colegioarquitectos.com\/noticias\/?p=19548#primaryimage","url":"https:\/\/colegioarquitectos.com\/noticias\/wp-content\/uploads\/2017\/12\/Logo-CA-web.jpg","contentUrl":"https:\/\/colegioarquitectos.com\/noticias\/wp-content\/uploads\/2017\/12\/Logo-CA-web.jpg","width":690,"height":320},{"@type":"BreadcrumbList","@id":"https:\/\/colegioarquitectos.com\/noticias\/?p=19548#breadcrumb","itemListElement":[{"@type":"ListItem","position":1,"name":"Portada","item":"https:\/\/colegioarquitectos.com\/noticias"},{"@type":"ListItem","position":2,"name":"Los resultados de las Elecciones CA 2017"}]},{"@type":"WebSite","@id":"https:\/\/colegioarquitectos.com\/noticias\/#website","url":"https:\/\/colegioarquitectos.com\/noticias\/","name":"COLEGIO DE ARQUITECTOS DE CHILE","description":"","publisher":{"@id":"https:\/\/colegioarquitectos.com\/noticias\/#organization"},"potentialAction":[{"@type":"SearchAction","target":{"@type":"EntryPoint","urlTemplate":"https:\/\/colegioarquitectos.com\/noticias\/?s={search_term_string}"},"query-input":{"@type":"PropertyValueSpecification","valueRequired":true,"valueName":"search_term_string"}}],"inLanguage":"es"},{"@type":"Organization","@id":"https:\/\/colegioarquitectos.com\/noticias\/#organization","name":"COLEGIO DE ARQUITECTOS DE CHILE","url":"https:\/\/colegioarquitectos.com\/noticias\/","logo":{"@type":"ImageObject","inLanguage":"es","@id":"https:\/\/colegioarquitectos.com\/noticias\/#\/schema\/logo\/image\/","url":"https:\/\/colegioarquitectos.com\/noticias\/wp-content\/uploads\/2021\/05\/ENCABEZADO-LOGO-CA.jpg","contentUrl":"https:\/\/colegioarquitectos.com\/noticias\/wp-content\/uploads\/2021\/05\/ENCABEZADO-LOGO-CA.jpg","width":690,"height":350,"caption":"COLEGIO DE ARQUITECTOS DE CHILE"},"image":{"@id":"https:\/\/colegioarquitectos.com\/noticias\/#\/schema\/logo\/image\/"},"sameAs":["https:\/\/facebook.com\/Colegioarq\/","https:\/\/x.com\/colegioarq","https:\/\/instagram.com\/colegioarq","https:\/\/youtube.com\/@ColegiodeArquitectosdeChile"]},{"@type":"Person","@id":"https:\/\/colegioarquitectos.com\/noticias\/#\/schema\/person\/685cc0aad148303c5608f049af8285ad","name":"Colegio de Arquitectos de Chile","url":"https:\/\/colegioarquitectos.com\/noticias\/?author=4"}]}},"_links":{"self":[{"href":"https:\/\/colegioarquitectos.com\/noticias\/index.php?rest_route=\/wp\/v2\/posts\/19548","targetHints":{"allow":["GET"]}}],"collection":[{"href":"https:\/\/colegioarquitectos.com\/noticias\/index.php?rest_route=\/wp\/v2\/posts"}],"about":[{"href":"https:\/\/colegioarquitectos.com\/noticias\/index.php?rest_route=\/wp\/v2\/types\/post"}],"author":[{"embeddable":true,"href":"https:\/\/colegioarquitectos.com\/noticias\/index.php?rest_route=\/wp\/v2\/users\/4"}],"replies":[{"embeddable":true,"href":"https:\/\/colegioarquitectos.com\/noticias\/index.php?rest_route=%2Fwp%2Fv2%2Fcomments&post=19548"}],"version-history":[{"count":0,"href":"https:\/\/colegioarquitectos.com\/noticias\/index.php?rest_route=\/wp\/v2\/posts\/19548\/revisions"}],"wp:featuredmedia":[{"embeddable":true,"href":"https:\/\/colegioarquitectos.com\/noticias\/index.php?rest_route=\/wp\/v2\/media\/19549"}],"wp:attachment":[{"href":"https:\/\/colegioarquitectos.com\/noticias\/index.php?rest_route=%2Fwp%2Fv2%2Fmedia&parent=19548"}],"wp:term":[{"taxonomy":"category","embeddable":true,"href":"https:\/\/colegioarquitectos.com\/noticias\/index.php?rest_route=%2Fwp%2Fv2%2Fcategories&post=19548"},{"taxonomy":"post_tag","embeddable":true,"href":"https:\/\/colegioarquitectos.com\/noticias\/index.php?rest_route=%2Fwp%2Fv2%2Ftags&post=19548"}],"curies":[{"name":"wp","href":"https:\/\/api.w.org\/{rel}","templated":true}]}}