
{"id":19560,"date":"2017-12-21T15:26:12","date_gmt":"2017-12-21T15:26:12","guid":{"rendered":"http:\/\/colegioarquitectos.com\/?p=19560"},"modified":"2017-12-21T15:32:18","modified_gmt":"2017-12-21T15:32:18","slug":"seminario-arquitectura-de-tierra-y-lenguaje-en-la-ubb","status":"publish","type":"post","link":"https:\/\/colegioarquitectos.com\/noticias\/?p=19560","title":{"rendered":"Seminario \u201cARQUITECTURA DE TIERRA Y LENGUAJE\u00bb en la UBB"},"content":{"rendered":"<p>De car\u00e1cter multidisciplinario fue el Seminario \u201cArquitectura de Tierra y Lenguaje\u201d que se desarroll\u00f3 el 10 de noviembre en la Facultad de Arquitectura, Construcci\u00f3n y Dise\u00f1o (FACD) de la Universidad del B\u00edo-B\u00edo en Concepci\u00f3n. Organizado por los acad\u00e9micos Leonardo Seguel y Patricio Morgado, tuvo m\u00e1s de 200 asistentes quienes presenciaron un programa de conferencias y ponencias que analizaron las diversas potencialidades de expresi\u00f3n que puede adquirir la arquitectura de tierra y su constructibilidad, considerando sus caracter\u00edsticas medioambientales y de sostenibilidad, dando respuesta al desaf\u00edo de un habitar contempor\u00e1neo m\u00e1s humano, amable y culturalmente contextualizado.<\/p>\n<p>Una destacada participaci\u00f3n tuvo la conferencia \u201cAntropolog\u00eda y Arquitectura de Tierra\u201d ofrecida por el antrop\u00f3logo y acad\u00e9mico investigador de la Universidad Cat\u00f3lica del Norte,\u00a0<strong>Lautaro N\u00fa\u00f1ez Atencio<\/strong>, quien se refiri\u00f3 al valioso legado hist\u00f3rico y trascendencia cultural que posee la arquitectura de tierra en distintas territorialidades, especialmente en la cultura Andina en el norte de nuestro pa\u00eds.<\/p>\n<p>Asimismo, el prestigioso semi\u00f3logo, artista pl\u00e1stico y acad\u00e9mico penquista, <strong>Eduardo Meissner Grebe<\/strong>, en su conferencia \u201cLo Contrario Tambi\u00e9n es Cierto\u201d plante\u00f3 la necesidad de desarrollar la creatividad acad\u00e9mica al servicio de la exploraci\u00f3n de los infinitos significados culturales que puede adquirir la tierra como materialidad sensible, moldeable, y de alta capacidad de expresi\u00f3n.<\/p>\n<p>El arquitecto, acad\u00e9mico e investigador, representante de Red Iberoamericana <strong>PROTERRA<\/strong>, <strong>Hugo Pereira Gigogne<\/strong>, quien es Past President del Comit\u00e9 de Tecnolog\u00eda del Colegio de Arquitectos, dio su conferencia \u201cLenguaje del Habitar en Tierra en Latinoam\u00e9rica\u201d en la que expuso de manera magistral la milenaria presencia y fuerte ligaz\u00f3n hist\u00f3rica que ha exhibido la arquitectura de tierra a lo largo de todo el territorio latinoamericano y en sus diversas culturas.<\/p>\n<p>Por otro lado, desde su experiencia profesional, el arquitecto y representante de Fundaci\u00f3n Jofr\u00e9, <strong>Marcelo Cort\u00e9s<\/strong>, en su conferencia titulada \u201cArquitectura Contempor\u00e1nea en Tierra\u201d expuso la evoluci\u00f3n que ha logrado la exploraci\u00f3n arquitect\u00f3nica y constructiva de esta materialidad, desarrollada en su personal y extensa obra en Chile.<\/p>\n<p>Finalmente, un nutrido programa de ponencias y exhibici\u00f3n de experiencias t\u00e9cnicas en laboratorios de la UBB, cerraron el evento, enfocando el tema desde diversos aspectos: la identidad situada, la eco-tecnolog\u00eda apropiada, el lenguaje en la ense\u00f1anza de la arquitectura en tierra, el uso de la arcilla como Lenguaje, y la construcci\u00f3n de fardos de paja como una t\u00e9cnica nueva con un material antiguo.<\/p>\n<p>El valioso contenido expuesto en el seminario queda disponible para una futura publicaci\u00f3n universitaria.<\/p>\n<p>&nbsp;<\/p>\n\n\t\t<style type=\"text\/css\">\n\t\t\t#gallery-1 {\n\t\t\t\tmargin: auto;\n\t\t\t}\n\t\t\t#gallery-1 .gallery-item {\n\t\t\t\tfloat: left;\n\t\t\t\tmargin-top: 10px;\n\t\t\t\ttext-align: center;\n\t\t\t\twidth: 33%;\n\t\t\t}\n\t\t\t#gallery-1 img {\n\t\t\t\tborder: 2px solid #cfcfcf;\n\t\t\t}\n\t\t\t#gallery-1 .gallery-caption {\n\t\t\t\tmargin-left: 0;\n\t\t\t}\n\t\t\t\/* see gallery_shortcode() in wp-includes\/media.php *\/\n\t\t<\/style>\n\t\t<div id='gallery-1' class='gallery galleryid-19560 gallery-columns-3 gallery-size-thumbnail'><dl class='gallery-item'>\n\t\t\t<dt class='gallery-icon landscape'>\n\t\t\t\t<a href='https:\/\/colegioarquitectos.com\/noticias\/?attachment_id=19562'><img loading=\"lazy\" decoding=\"async\" width=\"180\" height=\"180\" src=\"https:\/\/colegioarquitectos.com\/noticias\/wp-content\/uploads\/2017\/12\/1-Vista-general-audiencia-seminario.-Patrcio-Morgado-presentando-seminario-180x180.jpg\" class=\"attachment-thumbnail size-thumbnail\" alt=\"\" aria-describedby=\"gallery-1-19562\" \/><\/a>\n\t\t\t<\/dt>\n\t\t\t\t<dd class='wp-caption-text gallery-caption' id='gallery-1-19562'>\n\t\t\t\tPatricio Morgado presenta el Seminario\n\t\t\t\t<\/dd><\/dl><dl class='gallery-item'>\n\t\t\t<dt class='gallery-icon landscape'>\n\t\t\t\t<a href='https:\/\/colegioarquitectos.com\/noticias\/?attachment_id=19563'><img loading=\"lazy\" decoding=\"async\" width=\"180\" height=\"180\" src=\"https:\/\/colegioarquitectos.com\/noticias\/wp-content\/uploads\/2017\/12\/2.-Vista-ensayo-muros-quincha-laboratorio-UBB-180x180.jpg\" class=\"attachment-thumbnail size-thumbnail\" alt=\"\" aria-describedby=\"gallery-1-19563\" \/><\/a>\n\t\t\t<\/dt>\n\t\t\t\t<dd class='wp-caption-text gallery-caption' id='gallery-1-19563'>\n\t\t\t\tVista del ensayo de muros de quincha en Laboratorio UBB\n\t\t\t\t<\/dd><\/dl>\n\t\t\t<br style='clear: both' \/>\n\t\t<\/div>\n\n<p><\/p>","protected":false},"excerpt":{"rendered":"<p>De car\u00e1cter multidisciplinario fue el Seminario \u201cArquitectura de Tierra y Lenguaje\u201d que se desarroll\u00f3 el 10 de noviembre en la Facultad de Arquitectura, Construcci\u00f3n y Dise\u00f1o (FACD) de la Universidad del B\u00edo-B\u00edo en Concepci\u00f3n. Organizado por los acad\u00e9micos Leonardo Seguel &hellip; <a class=\"more-link\" href=\"https:\/\/colegioarquitectos.com\/noticias\/?p=19560\">ver m\u00e1s<\/a><\/p>","protected":false},"author":4,"featured_media":19561,"comment_status":"closed","ping_status":"closed","sticky":false,"template":"","format":"standard","meta":{"footnotes":""},"categories":[19],"tags":[],"class_list":["post-19560","post","type-post","status-publish","format-standard","has-post-thumbnail","hentry","category-actividades"],"yoast_head":"<!-- This site is optimized with the Yoast SEO plugin v24.2 - https:\/\/yoast.com\/wordpress\/plugins\/seo\/ -->\n<title>Seminario \u201cARQUITECTURA DE TIERRA Y LENGUAJE&quot; en la UBB - COLEGIO DE ARQUITECTOS DE CHILE<\/title>\n<meta name=\"robots\" content=\"index, follow, max-snippet:-1, max-image-preview:large, max-video-preview:-1\" \/>\n<link rel=\"canonical\" href=\"https:\/\/colegioarquitectos.com\/noticias\/?p=19560\" \/>\n<meta property=\"og:locale\" content=\"es_ES\" \/>\n<meta property=\"og:type\" content=\"article\" \/>\n<meta property=\"og:title\" content=\"Seminario \u201cARQUITECTURA DE TIERRA Y LENGUAJE&quot; en la UBB - COLEGIO DE ARQUITECTOS DE CHILE\" \/>\n<meta property=\"og:description\" content=\"De car\u00e1cter multidisciplinario fue el Seminario \u201cArquitectura de Tierra y Lenguaje\u201d que se desarroll\u00f3 el 10 de noviembre en la Facultad de Arquitectura, Construcci\u00f3n y Dise\u00f1o (FACD) de la Universidad del B\u00edo-B\u00edo en Concepci\u00f3n. Organizado por los acad\u00e9micos Leonardo Seguel &hellip; ver m\u00e1s\" \/>\n<meta property=\"og:url\" content=\"https:\/\/colegioarquitectos.com\/noticias\/?p=19560\" \/>\n<meta property=\"og:site_name\" content=\"COLEGIO DE ARQUITECTOS DE CHILE\" \/>\n<meta property=\"article:publisher\" content=\"https:\/\/facebook.com\/Colegioarq\/\" \/>\n<meta property=\"article:published_time\" content=\"2017-12-21T15:26:12+00:00\" \/>\n<meta property=\"article:modified_time\" content=\"2017-12-21T15:32:18+00:00\" \/>\n<meta property=\"og:image\" content=\"https:\/\/colegioarquitectos.com\/noticias\/wp-content\/uploads\/2017\/12\/Seminario-Arquitectura-en-Tierra-UBB.jpg\" \/>\n\t<meta property=\"og:image:width\" content=\"690\" \/>\n\t<meta property=\"og:image:height\" content=\"350\" \/>\n\t<meta property=\"og:image:type\" content=\"image\/jpeg\" \/>\n<meta name=\"author\" content=\"Colegio de Arquitectos de Chile\" \/>\n<meta name=\"twitter:card\" content=\"summary_large_image\" \/>\n<meta name=\"twitter:creator\" content=\"@colegioarq\" \/>\n<meta name=\"twitter:site\" content=\"@colegioarq\" \/>\n<meta name=\"twitter:label1\" content=\"Escrito por\" \/>\n\t<meta name=\"twitter:data1\" content=\"Colegio de Arquitectos de Chile\" \/>\n\t<meta name=\"twitter:label2\" content=\"Tiempo de lectura\" \/>\n\t<meta name=\"twitter:data2\" content=\"2 minutos\" \/>\n<script type=\"application\/ld+json\" class=\"yoast-schema-graph\">{\"@context\":\"https:\/\/schema.org\",\"@graph\":[{\"@type\":\"Article\",\"@id\":\"https:\/\/colegioarquitectos.com\/noticias\/?p=19560#article\",\"isPartOf\":{\"@id\":\"https:\/\/colegioarquitectos.com\/noticias\/?p=19560\"},\"author\":{\"name\":\"Colegio de Arquitectos de Chile\",\"@id\":\"https:\/\/colegioarquitectos.com\/noticias\/#\/schema\/person\/685cc0aad148303c5608f049af8285ad\"},\"headline\":\"Seminario \u201cARQUITECTURA DE TIERRA Y LENGUAJE\u00bb en la UBB\",\"datePublished\":\"2017-12-21T15:26:12+00:00\",\"dateModified\":\"2017-12-21T15:32:18+00:00\",\"mainEntityOfPage\":{\"@id\":\"https:\/\/colegioarquitectos.com\/noticias\/?p=19560\"},\"wordCount\":453,\"publisher\":{\"@id\":\"https:\/\/colegioarquitectos.com\/noticias\/#organization\"},\"image\":{\"@id\":\"https:\/\/colegioarquitectos.com\/noticias\/?p=19560#primaryimage\"},\"thumbnailUrl\":\"https:\/\/colegioarquitectos.com\/noticias\/wp-content\/uploads\/2017\/12\/Seminario-Arquitectura-en-Tierra-UBB.jpg\",\"articleSection\":[\"Actividades\"],\"inLanguage\":\"es\"},{\"@type\":\"WebPage\",\"@id\":\"https:\/\/colegioarquitectos.com\/noticias\/?p=19560\",\"url\":\"https:\/\/colegioarquitectos.com\/noticias\/?p=19560\",\"name\":\"Seminario \u201cARQUITECTURA DE TIERRA Y LENGUAJE\\\" en la UBB - COLEGIO DE ARQUITECTOS DE CHILE\",\"isPartOf\":{\"@id\":\"https:\/\/colegioarquitectos.com\/noticias\/#website\"},\"primaryImageOfPage\":{\"@id\":\"https:\/\/colegioarquitectos.com\/noticias\/?p=19560#primaryimage\"},\"image\":{\"@id\":\"https:\/\/colegioarquitectos.com\/noticias\/?p=19560#primaryimage\"},\"thumbnailUrl\":\"https:\/\/colegioarquitectos.com\/noticias\/wp-content\/uploads\/2017\/12\/Seminario-Arquitectura-en-Tierra-UBB.jpg\",\"datePublished\":\"2017-12-21T15:26:12+00:00\",\"dateModified\":\"2017-12-21T15:32:18+00:00\",\"breadcrumb\":{\"@id\":\"https:\/\/colegioarquitectos.com\/noticias\/?p=19560#breadcrumb\"},\"inLanguage\":\"es\",\"potentialAction\":[{\"@type\":\"ReadAction\",\"target\":[\"https:\/\/colegioarquitectos.com\/noticias\/?p=19560\"]}]},{\"@type\":\"ImageObject\",\"inLanguage\":\"es\",\"@id\":\"https:\/\/colegioarquitectos.com\/noticias\/?p=19560#primaryimage\",\"url\":\"https:\/\/colegioarquitectos.com\/noticias\/wp-content\/uploads\/2017\/12\/Seminario-Arquitectura-en-Tierra-UBB.jpg\",\"contentUrl\":\"https:\/\/colegioarquitectos.com\/noticias\/wp-content\/uploads\/2017\/12\/Seminario-Arquitectura-en-Tierra-UBB.jpg\",\"width\":690,\"height\":350},{\"@type\":\"BreadcrumbList\",\"@id\":\"https:\/\/colegioarquitectos.com\/noticias\/?p=19560#breadcrumb\",\"itemListElement\":[{\"@type\":\"ListItem\",\"position\":1,\"name\":\"Portada\",\"item\":\"https:\/\/colegioarquitectos.com\/noticias\"},{\"@type\":\"ListItem\",\"position\":2,\"name\":\"Seminario \u201cARQUITECTURA DE TIERRA Y LENGUAJE\u00bb en la UBB\"}]},{\"@type\":\"WebSite\",\"@id\":\"https:\/\/colegioarquitectos.com\/noticias\/#website\",\"url\":\"https:\/\/colegioarquitectos.com\/noticias\/\",\"name\":\"COLEGIO DE ARQUITECTOS DE CHILE\",\"description\":\"\",\"publisher\":{\"@id\":\"https:\/\/colegioarquitectos.com\/noticias\/#organization\"},\"potentialAction\":[{\"@type\":\"SearchAction\",\"target\":{\"@type\":\"EntryPoint\",\"urlTemplate\":\"https:\/\/colegioarquitectos.com\/noticias\/?s={search_term_string}\"},\"query-input\":{\"@type\":\"PropertyValueSpecification\",\"valueRequired\":true,\"valueName\":\"search_term_string\"}}],\"inLanguage\":\"es\"},{\"@type\":\"Organization\",\"@id\":\"https:\/\/colegioarquitectos.com\/noticias\/#organization\",\"name\":\"COLEGIO DE ARQUITECTOS DE CHILE\",\"url\":\"https:\/\/colegioarquitectos.com\/noticias\/\",\"logo\":{\"@type\":\"ImageObject\",\"inLanguage\":\"es\",\"@id\":\"https:\/\/colegioarquitectos.com\/noticias\/#\/schema\/logo\/image\/\",\"url\":\"https:\/\/colegioarquitectos.com\/noticias\/wp-content\/uploads\/2021\/05\/ENCABEZADO-LOGO-CA.jpg\",\"contentUrl\":\"https:\/\/colegioarquitectos.com\/noticias\/wp-content\/uploads\/2021\/05\/ENCABEZADO-LOGO-CA.jpg\",\"width\":690,\"height\":350,\"caption\":\"COLEGIO DE ARQUITECTOS DE CHILE\"},\"image\":{\"@id\":\"https:\/\/colegioarquitectos.com\/noticias\/#\/schema\/logo\/image\/\"},\"sameAs\":[\"https:\/\/facebook.com\/Colegioarq\/\",\"https:\/\/x.com\/colegioarq\",\"https:\/\/instagram.com\/colegioarq\",\"https:\/\/youtube.com\/@ColegiodeArquitectosdeChile\"]},{\"@type\":\"Person\",\"@id\":\"https:\/\/colegioarquitectos.com\/noticias\/#\/schema\/person\/685cc0aad148303c5608f049af8285ad\",\"name\":\"Colegio de Arquitectos de Chile\",\"url\":\"https:\/\/colegioarquitectos.com\/noticias\/?author=4\"}]}<\/script>\n<!-- \/ Yoast SEO plugin. -->","yoast_head_json":{"title":"Seminario \u201cARQUITECTURA DE TIERRA Y LENGUAJE\" en la UBB - COLEGIO DE ARQUITECTOS DE CHILE","robots":{"index":"index","follow":"follow","max-snippet":"max-snippet:-1","max-image-preview":"max-image-preview:large","max-video-preview":"max-video-preview:-1"},"canonical":"https:\/\/colegioarquitectos.com\/noticias\/?p=19560","og_locale":"es_ES","og_type":"article","og_title":"Seminario \u201cARQUITECTURA DE TIERRA Y LENGUAJE\" en la UBB - COLEGIO DE ARQUITECTOS DE CHILE","og_description":"De car\u00e1cter multidisciplinario fue el Seminario \u201cArquitectura de Tierra y Lenguaje\u201d que se desarroll\u00f3 el 10 de noviembre en la Facultad de Arquitectura, Construcci\u00f3n y Dise\u00f1o (FACD) de la Universidad del B\u00edo-B\u00edo en Concepci\u00f3n. Organizado por los acad\u00e9micos Leonardo Seguel &hellip; ver m\u00e1s","og_url":"https:\/\/colegioarquitectos.com\/noticias\/?p=19560","og_site_name":"COLEGIO DE ARQUITECTOS DE CHILE","article_publisher":"https:\/\/facebook.com\/Colegioarq\/","article_published_time":"2017-12-21T15:26:12+00:00","article_modified_time":"2017-12-21T15:32:18+00:00","og_image":[{"width":690,"height":350,"url":"https:\/\/colegioarquitectos.com\/noticias\/wp-content\/uploads\/2017\/12\/Seminario-Arquitectura-en-Tierra-UBB.jpg","type":"image\/jpeg"}],"author":"Colegio de Arquitectos de Chile","twitter_card":"summary_large_image","twitter_creator":"@colegioarq","twitter_site":"@colegioarq","twitter_misc":{"Escrito por":"Colegio de Arquitectos de Chile","Tiempo de lectura":"2 minutos"},"schema":{"@context":"https:\/\/schema.org","@graph":[{"@type":"Article","@id":"https:\/\/colegioarquitectos.com\/noticias\/?p=19560#article","isPartOf":{"@id":"https:\/\/colegioarquitectos.com\/noticias\/?p=19560"},"author":{"name":"Colegio de Arquitectos de Chile","@id":"https:\/\/colegioarquitectos.com\/noticias\/#\/schema\/person\/685cc0aad148303c5608f049af8285ad"},"headline":"Seminario \u201cARQUITECTURA DE TIERRA Y LENGUAJE\u00bb en la UBB","datePublished":"2017-12-21T15:26:12+00:00","dateModified":"2017-12-21T15:32:18+00:00","mainEntityOfPage":{"@id":"https:\/\/colegioarquitectos.com\/noticias\/?p=19560"},"wordCount":453,"publisher":{"@id":"https:\/\/colegioarquitectos.com\/noticias\/#organization"},"image":{"@id":"https:\/\/colegioarquitectos.com\/noticias\/?p=19560#primaryimage"},"thumbnailUrl":"https:\/\/colegioarquitectos.com\/noticias\/wp-content\/uploads\/2017\/12\/Seminario-Arquitectura-en-Tierra-UBB.jpg","articleSection":["Actividades"],"inLanguage":"es"},{"@type":"WebPage","@id":"https:\/\/colegioarquitectos.com\/noticias\/?p=19560","url":"https:\/\/colegioarquitectos.com\/noticias\/?p=19560","name":"Seminario \u201cARQUITECTURA DE TIERRA Y LENGUAJE\" en la UBB - COLEGIO DE ARQUITECTOS DE CHILE","isPartOf":{"@id":"https:\/\/colegioarquitectos.com\/noticias\/#website"},"primaryImageOfPage":{"@id":"https:\/\/colegioarquitectos.com\/noticias\/?p=19560#primaryimage"},"image":{"@id":"https:\/\/colegioarquitectos.com\/noticias\/?p=19560#primaryimage"},"thumbnailUrl":"https:\/\/colegioarquitectos.com\/noticias\/wp-content\/uploads\/2017\/12\/Seminario-Arquitectura-en-Tierra-UBB.jpg","datePublished":"2017-12-21T15:26:12+00:00","dateModified":"2017-12-21T15:32:18+00:00","breadcrumb":{"@id":"https:\/\/colegioarquitectos.com\/noticias\/?p=19560#breadcrumb"},"inLanguage":"es","potentialAction":[{"@type":"ReadAction","target":["https:\/\/colegioarquitectos.com\/noticias\/?p=19560"]}]},{"@type":"ImageObject","inLanguage":"es","@id":"https:\/\/colegioarquitectos.com\/noticias\/?p=19560#primaryimage","url":"https:\/\/colegioarquitectos.com\/noticias\/wp-content\/uploads\/2017\/12\/Seminario-Arquitectura-en-Tierra-UBB.jpg","contentUrl":"https:\/\/colegioarquitectos.com\/noticias\/wp-content\/uploads\/2017\/12\/Seminario-Arquitectura-en-Tierra-UBB.jpg","width":690,"height":350},{"@type":"BreadcrumbList","@id":"https:\/\/colegioarquitectos.com\/noticias\/?p=19560#breadcrumb","itemListElement":[{"@type":"ListItem","position":1,"name":"Portada","item":"https:\/\/colegioarquitectos.com\/noticias"},{"@type":"ListItem","position":2,"name":"Seminario \u201cARQUITECTURA DE TIERRA Y LENGUAJE\u00bb en la UBB"}]},{"@type":"WebSite","@id":"https:\/\/colegioarquitectos.com\/noticias\/#website","url":"https:\/\/colegioarquitectos.com\/noticias\/","name":"COLEGIO DE ARQUITECTOS DE CHILE","description":"","publisher":{"@id":"https:\/\/colegioarquitectos.com\/noticias\/#organization"},"potentialAction":[{"@type":"SearchAction","target":{"@type":"EntryPoint","urlTemplate":"https:\/\/colegioarquitectos.com\/noticias\/?s={search_term_string}"},"query-input":{"@type":"PropertyValueSpecification","valueRequired":true,"valueName":"search_term_string"}}],"inLanguage":"es"},{"@type":"Organization","@id":"https:\/\/colegioarquitectos.com\/noticias\/#organization","name":"COLEGIO DE ARQUITECTOS DE CHILE","url":"https:\/\/colegioarquitectos.com\/noticias\/","logo":{"@type":"ImageObject","inLanguage":"es","@id":"https:\/\/colegioarquitectos.com\/noticias\/#\/schema\/logo\/image\/","url":"https:\/\/colegioarquitectos.com\/noticias\/wp-content\/uploads\/2021\/05\/ENCABEZADO-LOGO-CA.jpg","contentUrl":"https:\/\/colegioarquitectos.com\/noticias\/wp-content\/uploads\/2021\/05\/ENCABEZADO-LOGO-CA.jpg","width":690,"height":350,"caption":"COLEGIO DE ARQUITECTOS DE CHILE"},"image":{"@id":"https:\/\/colegioarquitectos.com\/noticias\/#\/schema\/logo\/image\/"},"sameAs":["https:\/\/facebook.com\/Colegioarq\/","https:\/\/x.com\/colegioarq","https:\/\/instagram.com\/colegioarq","https:\/\/youtube.com\/@ColegiodeArquitectosdeChile"]},{"@type":"Person","@id":"https:\/\/colegioarquitectos.com\/noticias\/#\/schema\/person\/685cc0aad148303c5608f049af8285ad","name":"Colegio de Arquitectos de Chile","url":"https:\/\/colegioarquitectos.com\/noticias\/?author=4"}]}},"_links":{"self":[{"href":"https:\/\/colegioarquitectos.com\/noticias\/index.php?rest_route=\/wp\/v2\/posts\/19560","targetHints":{"allow":["GET"]}}],"collection":[{"href":"https:\/\/colegioarquitectos.com\/noticias\/index.php?rest_route=\/wp\/v2\/posts"}],"about":[{"href":"https:\/\/colegioarquitectos.com\/noticias\/index.php?rest_route=\/wp\/v2\/types\/post"}],"author":[{"embeddable":true,"href":"https:\/\/colegioarquitectos.com\/noticias\/index.php?rest_route=\/wp\/v2\/users\/4"}],"replies":[{"embeddable":true,"href":"https:\/\/colegioarquitectos.com\/noticias\/index.php?rest_route=%2Fwp%2Fv2%2Fcomments&post=19560"}],"version-history":[{"count":0,"href":"https:\/\/colegioarquitectos.com\/noticias\/index.php?rest_route=\/wp\/v2\/posts\/19560\/revisions"}],"wp:featuredmedia":[{"embeddable":true,"href":"https:\/\/colegioarquitectos.com\/noticias\/index.php?rest_route=\/wp\/v2\/media\/19561"}],"wp:attachment":[{"href":"https:\/\/colegioarquitectos.com\/noticias\/index.php?rest_route=%2Fwp%2Fv2%2Fmedia&parent=19560"}],"wp:term":[{"taxonomy":"category","embeddable":true,"href":"https:\/\/colegioarquitectos.com\/noticias\/index.php?rest_route=%2Fwp%2Fv2%2Fcategories&post=19560"},{"taxonomy":"post_tag","embeddable":true,"href":"https:\/\/colegioarquitectos.com\/noticias\/index.php?rest_route=%2Fwp%2Fv2%2Ftags&post=19560"}],"curies":[{"name":"wp","href":"https:\/\/api.w.org\/{rel}","templated":true}]}}