
{"id":19765,"date":"2018-01-19T10:00:17","date_gmt":"2018-01-19T10:00:17","guid":{"rendered":"http:\/\/colegioarquitectos.com\/?p=19765"},"modified":"2018-01-24T15:49:55","modified_gmt":"2018-01-24T15:49:55","slug":"alberto-garcia-huidobro-cruzat-%e2%80%a0","status":"publish","type":"post","link":"https:\/\/colegioarquitectos.com\/noticias\/?p=19765","title":{"rendered":"\u2020 Alberto Garc\u00eda-Huidobro Cruzat  (ICA 2262)"},"content":{"rendered":"<p>Cuando quien escribe estas l\u00edneas, lo que nunca hubiera \u00a0deseado, hace 35 a\u00f1os ingres\u00f3 al Comit\u00e9 de Desarrollo Urbano y Medio Ambiente, Alberto ya lo estaba integrando desde hac\u00eda bastante tiempo.<\/p>\n<p>Y pronto sus integrantes nos dimos cuenta que, en parte gracias a su postgrado en el Instituto de Estudios Urbanos de la U. Cat\u00f3lica, se trataba de un colega que se hab\u00eda entregado en cuerpo y alma al estudio, pr\u00e1ctica, defensa y desarrollo del urbanismo, especialmente del que hac\u00eda \u00e9nfasis en los aspectos sociales de la disciplina. Lo cual se advert\u00eda en su trabajo profesional, que entonces consist\u00eda mayormente en los Planes Pre-Inversionales llamados por el recientemente formado Ministerio de Vivienda y Urbanismo, destinados a planificar el desarrollo urbano nacional, as\u00ed como tambi\u00e9n en su permanente dedicaci\u00f3n y aporte a las sesiones y trabajos de nuestro Comit\u00e9.<\/p>\n<p>Pronto tambi\u00e9n, su calidad y dedicaci\u00f3n profesional lo hicieron, en compa\u00f1\u00eda de otros dos colegas, merecedor de la adjudicaci\u00f3n del primer lugar en varios concursos para la elaboraci\u00f3n de Planes Reguladores Comunales, entre los que destacaron entre otros los de Renca, Osorno, Puerto Montt y Punta Arenas.<\/p>\n<p>Alberto, mientras residi\u00f3 en Santiago, lleg\u00f3 a ocupar el cargo de Arquitecto Jefe del Arzobispado, pero dedic\u00f3 su trabajo profesional\u00a0 preferentemente al urbanismo, destacando numerosas asesor\u00edas en esta materia e incluyendo la obtenci\u00f3n de los Planes Regionales de Desarrollo de Antofagasta y Coquimbo, hasta su traslado a Talca en 2005, donde se hizo cargo de una c\u00e1tedra de Arquitectura y Urbanismo en la Universidad Regional.<\/p>\n<p>En sus labores independientes, se dedic\u00f3 preferentemente a numerosos estudios de desarrollo territorial descentralizado en \u00e1reas de variados tama\u00f1os y con asentamientos en el Valle Central de nuestro pa\u00eds, incluidas las Regiones V, VI, VII, XVIII y IX.<\/p>\n<p>Tuvimos el honor de trabajar junto a \u00e9l en la planificaci\u00f3n de funcionamiento para las Municipalidades de Puc\u00f3n, Temuco y Valdivia y varios otros estudios, para los Planes Reguladores Comunales de San Miguel, Pedro Aguirre Cerda, San Joaqu\u00edn, Puente Alto, Salamanca y Rancagua, adem\u00e1s de contar con su valiosa asesor\u00eda en el proyecto para la Costanera del Estrecho, en Punta Arenas, emblem\u00e1tico de los 200 a\u00f1os de Independencia de Chile.<\/p>\n<p>En estos \u00faltimos\u00a0 a\u00f1os, su dedicaci\u00f3n, capacidad y consecuencia profesional lo hicieron merecedor del encargo por parte de la Facultad de Arquitectura y Urbanismo de la Universidad de Talca, de un Plan de Desarrollo de infraestructura de transporte para todo el pa\u00eds, desde la pampa nortina hasta los canales del sur, en el que fuimos invitados a \u00a0colaborar con \u00e9l como jefe del estudio.<\/p>\n<p>Quienes fuimos sus colegas y amigos nos hemos impuesto reci\u00e9n de su repentino deceso. Nos referimos a \u00a0todos los especialistas de una pr\u00e1ctica profesional que diariamente aumenta en el inter\u00e9s no s\u00f3lo gremial sino ciudadano, pues ya nadie discute que el Desarrollo Urbano y Territorial es absolutamente imprescindible para el progreso integral de nuestra naci\u00f3n, para conseguir lo cual Alberto ocup\u00f3 siempre un lugar de avanzada, gracias a su dedicaci\u00f3n y constancia. Tanto es as\u00ed, que podemos asegurar que estaba llamado a ser uno de los mas pr\u00f3ximos Premios Nacionales de Urbanismo en Chile, pues su aporte lleg\u00f3 a ser esencial dentro y fuera de nuestro gremio. En lo que destac\u00f3 su permanencia de mas de 35 a\u00f1os en el Comit\u00e9 de Desarrollo Urbano y Territorial del Colegio de Arquitectos, del cual fue presidente en tres per\u00edodos.<\/p>\n<p>Ahora, los integrantes de este Comit\u00e9, entre otros, deberemos trabajar con mucho mayor ah\u00ednco y dedicaci\u00f3n para conseguir sin sus contribuciones el apoyo y reconocimiento institucional tras el cual Alberto estuvo con generosidad gran parte de su carrera profesional, docente y gremial, desde todos los lugares donde su capacidad, asertividad e inteligencia residieron.<\/p>\n<p>Por eso, nuestro Comit\u00e9, que es uno de los mas antiguos del Colegio con funcionamiento ininterrumpido, lamenta profundamente su deceso y as\u00ed se lo hace saber a los dem\u00e1s colegas y a sus deudos. Pero tambi\u00e9n, como conocimos de muy cerca la calidad, inteligencia y humanidad de sus permanentes aportes al gremio y a toda nuestra sociedad, podemos afirmar que hoy Alberto Garc\u00eda-Huidobro Cruzat ya descansa en Paz.<\/p>\n<p>&nbsp;<\/p>\n<p>Santiago, enero 19, 2018<\/p>\n<p>&nbsp;<\/p>\n<p>Julio Alegr\u00eda, Eugenio Cienfuegos e Iv\u00e1n Gonz\u00e1lez.<\/p>\n<p>Ex &#8211; presidentes del Comit\u00e9 de Desarrollo Urbano y Territorial<\/p>\n<p>&nbsp;<\/p>\n<p>:::::::::::::::::::::::::::::::::::::::::::::::::::::::::::::::<\/p>\n<p>&nbsp;<\/p>\n<p>Con profundo pesar comunicamos el sensible fallecimiento del arquitecto\u00a0 ALBERTO GARC\u00cdA-HUIDOBRO CRUZAT (ICA 2262) y desde\u00a0el Colegio de Arquitectos de Chile acompa\u00f1amos a su familia y seres queridos.<\/p>\n<p>Sus funerales se realizaron el viernes 19 de enero en el Cementerio Cat\u00f3lico, luego de una Misa a las 13:30 hrs. en el Colegio Sagrados Corazones de Manquehue (Padre Dami\u00e1n Deveuster 2215, Vitacura).<\/p>\n<p>&nbsp;<\/p>\n<p><\/p>","protected":false},"excerpt":{"rendered":"<p>Cuando quien escribe estas l\u00edneas, lo que nunca hubiera \u00a0deseado, hace 35 a\u00f1os ingres\u00f3 al Comit\u00e9 de Desarrollo Urbano y Medio Ambiente, Alberto ya lo estaba integrando desde hac\u00eda bastante tiempo. Y pronto sus integrantes nos dimos cuenta que, en &hellip; <a class=\"more-link\" href=\"https:\/\/colegioarquitectos.com\/noticias\/?p=19765\">ver m\u00e1s<\/a><\/p>","protected":false},"author":4,"featured_media":18962,"comment_status":"closed","ping_status":"closed","sticky":false,"template":"","format":"standard","meta":{"footnotes":""},"categories":[8],"tags":[],"class_list":["post-19765","post","type-post","status-publish","format-standard","has-post-thumbnail","hentry","category-colegio-de-arquitectos"],"yoast_head":"<!-- This site is optimized with the Yoast SEO plugin v24.2 - https:\/\/yoast.com\/wordpress\/plugins\/seo\/ -->\n<title>\u2020 Alberto Garc\u00eda-Huidobro Cruzat (ICA 2262) - COLEGIO DE ARQUITECTOS DE CHILE<\/title>\n<meta name=\"robots\" content=\"index, follow, max-snippet:-1, max-image-preview:large, max-video-preview:-1\" \/>\n<link rel=\"canonical\" href=\"https:\/\/colegioarquitectos.com\/noticias\/?p=19765\" \/>\n<meta property=\"og:locale\" content=\"es_ES\" \/>\n<meta property=\"og:type\" content=\"article\" \/>\n<meta property=\"og:title\" content=\"\u2020 Alberto Garc\u00eda-Huidobro Cruzat (ICA 2262) - COLEGIO DE ARQUITECTOS DE CHILE\" \/>\n<meta property=\"og:description\" content=\"Cuando quien escribe estas l\u00edneas, lo que nunca hubiera \u00a0deseado, hace 35 a\u00f1os ingres\u00f3 al Comit\u00e9 de Desarrollo Urbano y Medio Ambiente, Alberto ya lo estaba integrando desde hac\u00eda bastante tiempo. Y pronto sus integrantes nos dimos cuenta que, en &hellip; ver m\u00e1s\" \/>\n<meta property=\"og:url\" content=\"https:\/\/colegioarquitectos.com\/noticias\/?p=19765\" \/>\n<meta property=\"og:site_name\" content=\"COLEGIO DE ARQUITECTOS DE CHILE\" \/>\n<meta property=\"article:publisher\" content=\"https:\/\/facebook.com\/Colegioarq\/\" \/>\n<meta property=\"article:published_time\" content=\"2018-01-19T10:00:17+00:00\" \/>\n<meta property=\"article:modified_time\" content=\"2018-01-24T15:49:55+00:00\" \/>\n<meta property=\"og:image\" content=\"https:\/\/colegioarquitectos.com\/noticias\/wp-content\/uploads\/2017\/11\/Logo-CA-para-no-destacado.jpg\" \/>\n\t<meta property=\"og:image:width\" content=\"690\" \/>\n\t<meta property=\"og:image:height\" content=\"350\" \/>\n\t<meta property=\"og:image:type\" content=\"image\/jpeg\" \/>\n<meta name=\"author\" content=\"Colegio de Arquitectos de Chile\" \/>\n<meta name=\"twitter:card\" content=\"summary_large_image\" \/>\n<meta name=\"twitter:creator\" content=\"@colegioarq\" \/>\n<meta name=\"twitter:site\" content=\"@colegioarq\" \/>\n<meta name=\"twitter:label1\" content=\"Escrito por\" \/>\n\t<meta name=\"twitter:data1\" content=\"Colegio de Arquitectos de Chile\" \/>\n\t<meta name=\"twitter:label2\" content=\"Tiempo de lectura\" \/>\n\t<meta name=\"twitter:data2\" content=\"4 minutos\" \/>\n<script type=\"application\/ld+json\" class=\"yoast-schema-graph\">{\"@context\":\"https:\/\/schema.org\",\"@graph\":[{\"@type\":\"Article\",\"@id\":\"https:\/\/colegioarquitectos.com\/noticias\/?p=19765#article\",\"isPartOf\":{\"@id\":\"https:\/\/colegioarquitectos.com\/noticias\/?p=19765\"},\"author\":{\"name\":\"Colegio de Arquitectos de Chile\",\"@id\":\"https:\/\/colegioarquitectos.com\/noticias\/#\/schema\/person\/685cc0aad148303c5608f049af8285ad\"},\"headline\":\"\u2020 Alberto Garc\u00eda-Huidobro Cruzat (ICA 2262)\",\"datePublished\":\"2018-01-19T10:00:17+00:00\",\"dateModified\":\"2018-01-24T15:49:55+00:00\",\"mainEntityOfPage\":{\"@id\":\"https:\/\/colegioarquitectos.com\/noticias\/?p=19765\"},\"wordCount\":815,\"publisher\":{\"@id\":\"https:\/\/colegioarquitectos.com\/noticias\/#organization\"},\"image\":{\"@id\":\"https:\/\/colegioarquitectos.com\/noticias\/?p=19765#primaryimage\"},\"thumbnailUrl\":\"https:\/\/colegioarquitectos.com\/noticias\/wp-content\/uploads\/2017\/11\/Logo-CA-para-no-destacado.jpg\",\"articleSection\":[\"Colegio\"],\"inLanguage\":\"es\"},{\"@type\":\"WebPage\",\"@id\":\"https:\/\/colegioarquitectos.com\/noticias\/?p=19765\",\"url\":\"https:\/\/colegioarquitectos.com\/noticias\/?p=19765\",\"name\":\"\u2020 Alberto Garc\u00eda-Huidobro Cruzat (ICA 2262) - COLEGIO DE ARQUITECTOS DE CHILE\",\"isPartOf\":{\"@id\":\"https:\/\/colegioarquitectos.com\/noticias\/#website\"},\"primaryImageOfPage\":{\"@id\":\"https:\/\/colegioarquitectos.com\/noticias\/?p=19765#primaryimage\"},\"image\":{\"@id\":\"https:\/\/colegioarquitectos.com\/noticias\/?p=19765#primaryimage\"},\"thumbnailUrl\":\"https:\/\/colegioarquitectos.com\/noticias\/wp-content\/uploads\/2017\/11\/Logo-CA-para-no-destacado.jpg\",\"datePublished\":\"2018-01-19T10:00:17+00:00\",\"dateModified\":\"2018-01-24T15:49:55+00:00\",\"breadcrumb\":{\"@id\":\"https:\/\/colegioarquitectos.com\/noticias\/?p=19765#breadcrumb\"},\"inLanguage\":\"es\",\"potentialAction\":[{\"@type\":\"ReadAction\",\"target\":[\"https:\/\/colegioarquitectos.com\/noticias\/?p=19765\"]}]},{\"@type\":\"ImageObject\",\"inLanguage\":\"es\",\"@id\":\"https:\/\/colegioarquitectos.com\/noticias\/?p=19765#primaryimage\",\"url\":\"https:\/\/colegioarquitectos.com\/noticias\/wp-content\/uploads\/2017\/11\/Logo-CA-para-no-destacado.jpg\",\"contentUrl\":\"https:\/\/colegioarquitectos.com\/noticias\/wp-content\/uploads\/2017\/11\/Logo-CA-para-no-destacado.jpg\",\"width\":690,\"height\":350},{\"@type\":\"BreadcrumbList\",\"@id\":\"https:\/\/colegioarquitectos.com\/noticias\/?p=19765#breadcrumb\",\"itemListElement\":[{\"@type\":\"ListItem\",\"position\":1,\"name\":\"Portada\",\"item\":\"https:\/\/colegioarquitectos.com\/noticias\"},{\"@type\":\"ListItem\",\"position\":2,\"name\":\"\u2020 Alberto Garc\u00eda-Huidobro Cruzat (ICA 2262)\"}]},{\"@type\":\"WebSite\",\"@id\":\"https:\/\/colegioarquitectos.com\/noticias\/#website\",\"url\":\"https:\/\/colegioarquitectos.com\/noticias\/\",\"name\":\"COLEGIO DE ARQUITECTOS DE CHILE\",\"description\":\"\",\"publisher\":{\"@id\":\"https:\/\/colegioarquitectos.com\/noticias\/#organization\"},\"potentialAction\":[{\"@type\":\"SearchAction\",\"target\":{\"@type\":\"EntryPoint\",\"urlTemplate\":\"https:\/\/colegioarquitectos.com\/noticias\/?s={search_term_string}\"},\"query-input\":{\"@type\":\"PropertyValueSpecification\",\"valueRequired\":true,\"valueName\":\"search_term_string\"}}],\"inLanguage\":\"es\"},{\"@type\":\"Organization\",\"@id\":\"https:\/\/colegioarquitectos.com\/noticias\/#organization\",\"name\":\"COLEGIO DE ARQUITECTOS DE CHILE\",\"url\":\"https:\/\/colegioarquitectos.com\/noticias\/\",\"logo\":{\"@type\":\"ImageObject\",\"inLanguage\":\"es\",\"@id\":\"https:\/\/colegioarquitectos.com\/noticias\/#\/schema\/logo\/image\/\",\"url\":\"https:\/\/colegioarquitectos.com\/noticias\/wp-content\/uploads\/2021\/05\/ENCABEZADO-LOGO-CA.jpg\",\"contentUrl\":\"https:\/\/colegioarquitectos.com\/noticias\/wp-content\/uploads\/2021\/05\/ENCABEZADO-LOGO-CA.jpg\",\"width\":690,\"height\":350,\"caption\":\"COLEGIO DE ARQUITECTOS DE CHILE\"},\"image\":{\"@id\":\"https:\/\/colegioarquitectos.com\/noticias\/#\/schema\/logo\/image\/\"},\"sameAs\":[\"https:\/\/facebook.com\/Colegioarq\/\",\"https:\/\/x.com\/colegioarq\",\"https:\/\/instagram.com\/colegioarq\",\"https:\/\/youtube.com\/@ColegiodeArquitectosdeChile\"]},{\"@type\":\"Person\",\"@id\":\"https:\/\/colegioarquitectos.com\/noticias\/#\/schema\/person\/685cc0aad148303c5608f049af8285ad\",\"name\":\"Colegio de Arquitectos de Chile\",\"url\":\"https:\/\/colegioarquitectos.com\/noticias\/?author=4\"}]}<\/script>\n<!-- \/ Yoast SEO plugin. -->","yoast_head_json":{"title":"\u2020 Alberto Garc\u00eda-Huidobro Cruzat (ICA 2262) - COLEGIO DE ARQUITECTOS DE CHILE","robots":{"index":"index","follow":"follow","max-snippet":"max-snippet:-1","max-image-preview":"max-image-preview:large","max-video-preview":"max-video-preview:-1"},"canonical":"https:\/\/colegioarquitectos.com\/noticias\/?p=19765","og_locale":"es_ES","og_type":"article","og_title":"\u2020 Alberto Garc\u00eda-Huidobro Cruzat (ICA 2262) - COLEGIO DE ARQUITECTOS DE CHILE","og_description":"Cuando quien escribe estas l\u00edneas, lo que nunca hubiera \u00a0deseado, hace 35 a\u00f1os ingres\u00f3 al Comit\u00e9 de Desarrollo Urbano y Medio Ambiente, Alberto ya lo estaba integrando desde hac\u00eda bastante tiempo. Y pronto sus integrantes nos dimos cuenta que, en &hellip; ver m\u00e1s","og_url":"https:\/\/colegioarquitectos.com\/noticias\/?p=19765","og_site_name":"COLEGIO DE ARQUITECTOS DE CHILE","article_publisher":"https:\/\/facebook.com\/Colegioarq\/","article_published_time":"2018-01-19T10:00:17+00:00","article_modified_time":"2018-01-24T15:49:55+00:00","og_image":[{"width":690,"height":350,"url":"https:\/\/colegioarquitectos.com\/noticias\/wp-content\/uploads\/2017\/11\/Logo-CA-para-no-destacado.jpg","type":"image\/jpeg"}],"author":"Colegio de Arquitectos de Chile","twitter_card":"summary_large_image","twitter_creator":"@colegioarq","twitter_site":"@colegioarq","twitter_misc":{"Escrito por":"Colegio de Arquitectos de Chile","Tiempo de lectura":"4 minutos"},"schema":{"@context":"https:\/\/schema.org","@graph":[{"@type":"Article","@id":"https:\/\/colegioarquitectos.com\/noticias\/?p=19765#article","isPartOf":{"@id":"https:\/\/colegioarquitectos.com\/noticias\/?p=19765"},"author":{"name":"Colegio de Arquitectos de Chile","@id":"https:\/\/colegioarquitectos.com\/noticias\/#\/schema\/person\/685cc0aad148303c5608f049af8285ad"},"headline":"\u2020 Alberto Garc\u00eda-Huidobro Cruzat (ICA 2262)","datePublished":"2018-01-19T10:00:17+00:00","dateModified":"2018-01-24T15:49:55+00:00","mainEntityOfPage":{"@id":"https:\/\/colegioarquitectos.com\/noticias\/?p=19765"},"wordCount":815,"publisher":{"@id":"https:\/\/colegioarquitectos.com\/noticias\/#organization"},"image":{"@id":"https:\/\/colegioarquitectos.com\/noticias\/?p=19765#primaryimage"},"thumbnailUrl":"https:\/\/colegioarquitectos.com\/noticias\/wp-content\/uploads\/2017\/11\/Logo-CA-para-no-destacado.jpg","articleSection":["Colegio"],"inLanguage":"es"},{"@type":"WebPage","@id":"https:\/\/colegioarquitectos.com\/noticias\/?p=19765","url":"https:\/\/colegioarquitectos.com\/noticias\/?p=19765","name":"\u2020 Alberto Garc\u00eda-Huidobro Cruzat (ICA 2262) - COLEGIO DE ARQUITECTOS DE CHILE","isPartOf":{"@id":"https:\/\/colegioarquitectos.com\/noticias\/#website"},"primaryImageOfPage":{"@id":"https:\/\/colegioarquitectos.com\/noticias\/?p=19765#primaryimage"},"image":{"@id":"https:\/\/colegioarquitectos.com\/noticias\/?p=19765#primaryimage"},"thumbnailUrl":"https:\/\/colegioarquitectos.com\/noticias\/wp-content\/uploads\/2017\/11\/Logo-CA-para-no-destacado.jpg","datePublished":"2018-01-19T10:00:17+00:00","dateModified":"2018-01-24T15:49:55+00:00","breadcrumb":{"@id":"https:\/\/colegioarquitectos.com\/noticias\/?p=19765#breadcrumb"},"inLanguage":"es","potentialAction":[{"@type":"ReadAction","target":["https:\/\/colegioarquitectos.com\/noticias\/?p=19765"]}]},{"@type":"ImageObject","inLanguage":"es","@id":"https:\/\/colegioarquitectos.com\/noticias\/?p=19765#primaryimage","url":"https:\/\/colegioarquitectos.com\/noticias\/wp-content\/uploads\/2017\/11\/Logo-CA-para-no-destacado.jpg","contentUrl":"https:\/\/colegioarquitectos.com\/noticias\/wp-content\/uploads\/2017\/11\/Logo-CA-para-no-destacado.jpg","width":690,"height":350},{"@type":"BreadcrumbList","@id":"https:\/\/colegioarquitectos.com\/noticias\/?p=19765#breadcrumb","itemListElement":[{"@type":"ListItem","position":1,"name":"Portada","item":"https:\/\/colegioarquitectos.com\/noticias"},{"@type":"ListItem","position":2,"name":"\u2020 Alberto Garc\u00eda-Huidobro Cruzat (ICA 2262)"}]},{"@type":"WebSite","@id":"https:\/\/colegioarquitectos.com\/noticias\/#website","url":"https:\/\/colegioarquitectos.com\/noticias\/","name":"COLEGIO DE ARQUITECTOS DE CHILE","description":"","publisher":{"@id":"https:\/\/colegioarquitectos.com\/noticias\/#organization"},"potentialAction":[{"@type":"SearchAction","target":{"@type":"EntryPoint","urlTemplate":"https:\/\/colegioarquitectos.com\/noticias\/?s={search_term_string}"},"query-input":{"@type":"PropertyValueSpecification","valueRequired":true,"valueName":"search_term_string"}}],"inLanguage":"es"},{"@type":"Organization","@id":"https:\/\/colegioarquitectos.com\/noticias\/#organization","name":"COLEGIO DE ARQUITECTOS DE CHILE","url":"https:\/\/colegioarquitectos.com\/noticias\/","logo":{"@type":"ImageObject","inLanguage":"es","@id":"https:\/\/colegioarquitectos.com\/noticias\/#\/schema\/logo\/image\/","url":"https:\/\/colegioarquitectos.com\/noticias\/wp-content\/uploads\/2021\/05\/ENCABEZADO-LOGO-CA.jpg","contentUrl":"https:\/\/colegioarquitectos.com\/noticias\/wp-content\/uploads\/2021\/05\/ENCABEZADO-LOGO-CA.jpg","width":690,"height":350,"caption":"COLEGIO DE ARQUITECTOS DE CHILE"},"image":{"@id":"https:\/\/colegioarquitectos.com\/noticias\/#\/schema\/logo\/image\/"},"sameAs":["https:\/\/facebook.com\/Colegioarq\/","https:\/\/x.com\/colegioarq","https:\/\/instagram.com\/colegioarq","https:\/\/youtube.com\/@ColegiodeArquitectosdeChile"]},{"@type":"Person","@id":"https:\/\/colegioarquitectos.com\/noticias\/#\/schema\/person\/685cc0aad148303c5608f049af8285ad","name":"Colegio de Arquitectos de Chile","url":"https:\/\/colegioarquitectos.com\/noticias\/?author=4"}]}},"_links":{"self":[{"href":"https:\/\/colegioarquitectos.com\/noticias\/index.php?rest_route=\/wp\/v2\/posts\/19765","targetHints":{"allow":["GET"]}}],"collection":[{"href":"https:\/\/colegioarquitectos.com\/noticias\/index.php?rest_route=\/wp\/v2\/posts"}],"about":[{"href":"https:\/\/colegioarquitectos.com\/noticias\/index.php?rest_route=\/wp\/v2\/types\/post"}],"author":[{"embeddable":true,"href":"https:\/\/colegioarquitectos.com\/noticias\/index.php?rest_route=\/wp\/v2\/users\/4"}],"replies":[{"embeddable":true,"href":"https:\/\/colegioarquitectos.com\/noticias\/index.php?rest_route=%2Fwp%2Fv2%2Fcomments&post=19765"}],"version-history":[{"count":0,"href":"https:\/\/colegioarquitectos.com\/noticias\/index.php?rest_route=\/wp\/v2\/posts\/19765\/revisions"}],"wp:featuredmedia":[{"embeddable":true,"href":"https:\/\/colegioarquitectos.com\/noticias\/index.php?rest_route=\/wp\/v2\/media\/18962"}],"wp:attachment":[{"href":"https:\/\/colegioarquitectos.com\/noticias\/index.php?rest_route=%2Fwp%2Fv2%2Fmedia&parent=19765"}],"wp:term":[{"taxonomy":"category","embeddable":true,"href":"https:\/\/colegioarquitectos.com\/noticias\/index.php?rest_route=%2Fwp%2Fv2%2Fcategories&post=19765"},{"taxonomy":"post_tag","embeddable":true,"href":"https:\/\/colegioarquitectos.com\/noticias\/index.php?rest_route=%2Fwp%2Fv2%2Ftags&post=19765"}],"curies":[{"name":"wp","href":"https:\/\/api.w.org\/{rel}","templated":true}]}}