
{"id":19768,"date":"2018-01-19T15:43:07","date_gmt":"2018-01-19T15:43:07","guid":{"rendered":"http:\/\/colegioarquitectos.com\/?p=19768"},"modified":"2018-01-29T16:14:29","modified_gmt":"2018-01-29T16:14:29","slug":"mensaje-del-presidente-del-colegio-de-arquitectos","status":"publish","type":"post","link":"https:\/\/colegioarquitectos.com\/noticias\/?p=19768","title":{"rendered":"Mensaje del Presidente del Colegio de Arquitectos"},"content":{"rendered":"<p>Estimados arquitectos:<\/p>\n<p>Soy uno m\u00e1s de los cerca de 25.000 arquitectos que hay en Chile. Un arquitecto que vive la paradoja de participar de un momento hist\u00f3rico de florecimiento de la arquitectura chilena, al mismo tiempo que ve que nuestro gremio pasa por uno de sus peores momentos. En estas circunstancias dejo de ser uno m\u00e1s y \u00a0me corresponde encabezar un directorio que reemplaza al directorio de transici\u00f3n que dirigi\u00f3 nuestro Colegio por seis meses y abri\u00f3 las puertas a una renovaci\u00f3n profunda.<\/p>\n<p>En nombre propio y de los directores electos Soledad Larra\u00edn, Jorge Espinosa, Diego Rebolledo, Fernando Mar\u00edn, Javier Contreras, Alicia Alarc\u00f3n, Manuel Marchant, Jorge Guzm\u00e1n y Uwe Rohwedder, dirijo a ustedes este mensaje para agradecer el apoyo recibido y la confianza depositada en nosotros que nos compromete de un modo vital.<\/p>\n<p>Por ahora somos un grupo heterog\u00e9neo de arquitectos de diferentes sensibilidades que hemos sido elegidos por ustedes para dirigir el gremio durante los pr\u00f3ximos dos a\u00f1os. La heterogeneidad en este caso es una fortaleza que nos legitima a\u00fan m\u00e1s: representamos una gran diversidad generacional, trabajamos tanto en el sector p\u00fablico como privado, acad\u00e9mico y profesional, provenimos de diferentes universidades tanto tradicionales como emergentes y representamos, como nunca antes en un directorio nacional, un vasto territorio que va desde Tarapac\u00e1 hasta Chilo\u00e9 pasando por Valpara\u00edso y Santiago.<\/p>\n<p>Con toda esa heterogeneidad de base, aspiramos a constituir un equipo unitario de trabajo que sea capaz de enfrentar los desaf\u00edos que tiene actualmente nuestro gremio: los cambios en administraci\u00f3n y gesti\u00f3n, el servicio de una deuda millonaria, la recuperaci\u00f3n de la unidad de nuestro gremio que amenaza con fisurarse, la presencia de nuestros puntos de vista en el debate p\u00fablico y m\u00e1s.<\/p>\n<p>Sin embargo, pienso que nuestro principal desaf\u00edo institucional es cerrar la brecha entre el n\u00famero cada vez m\u00e1s creciente de arquitectos titulados en Chile (aprox. 25.000) y el n\u00famero cada vez decreciente de arquitectos colegiados activos (aprox. 2.500).<\/p>\n<p>El recurso escaso del Colegio no es el dinero sino el compromiso, la solidaridad y la voluntad de acci\u00f3n colectiva. Es lo que falta y una vez conseguido, permitir\u00e1 un aumento del n\u00famero de colegiados, de la cantidad y calidad de las actividades que hagamos, de los recursos que seamos capaces de generar y en consecuencia de pagar nuestras deudas y de aumentar nuestra capacidad de influir tanto en las pol\u00edticas p\u00fablicas como en mejorar las condiciones de nuestro ejercicio profesional.<\/p>\n<p>Espero contar con el apoyo de todos ustedes desde Arica a Punta Arenas, con mujeres y varones, con los experimentados y con los j\u00f3venes, con los \u201cconsagrados\u201d y con los \u201clow profile\u201d: todos los que ejercen la arquitectura desde las m\u00e1s diversas formas. Incluso espero contar con el apoyo de quienes no se han integrado al Colegio sea por desinter\u00e9s, desilusi\u00f3n o desinformaci\u00f3n<\/p>\n<p>Queremos convocarlos a todos a esta gran tarea de superar unidos esta crisis, poner en valor y hacer crecer nuestro Colegio para, en definitiva, contribuir a mejorar la calidad de vida de la ciudadan\u00eda a trav\u00e9s del ejercicio del noble oficio de la arquitectura.<\/p>\n<p>&nbsp;<\/p>\n<p style=\"text-align: center;\"><strong>Humberto Eliash <\/strong><\/p>\n<p style=\"text-align: center;\">Arquitecto ICA 3178<\/p>\n<p style=\"text-align: center;\">Presidente nacional<\/p>\n<p style=\"text-align: center;\">Colegio de arquitectos de Chile<\/p>\n<p>&nbsp;<\/p>\n<p><\/p>","protected":false},"excerpt":{"rendered":"<p>Estimados arquitectos: Soy uno m\u00e1s de los cerca de 25.000 arquitectos que hay en Chile. Un arquitecto que vive la paradoja de participar de un momento hist\u00f3rico de florecimiento de la arquitectura chilena, al mismo tiempo que ve que nuestro &hellip; <a class=\"more-link\" href=\"https:\/\/colegioarquitectos.com\/noticias\/?p=19768\">ver m\u00e1s<\/a><\/p>","protected":false},"author":4,"featured_media":19769,"comment_status":"closed","ping_status":"closed","sticky":false,"template":"","format":"standard","meta":{"footnotes":""},"categories":[8],"tags":[],"class_list":["post-19768","post","type-post","status-publish","format-standard","has-post-thumbnail","hentry","category-colegio-de-arquitectos"],"yoast_head":"<!-- This site is optimized with the Yoast SEO plugin v24.2 - https:\/\/yoast.com\/wordpress\/plugins\/seo\/ -->\n<title>Mensaje del Presidente del Colegio de Arquitectos - COLEGIO DE ARQUITECTOS DE CHILE<\/title>\n<meta name=\"robots\" content=\"index, follow, max-snippet:-1, max-image-preview:large, max-video-preview:-1\" \/>\n<link rel=\"canonical\" href=\"https:\/\/colegioarquitectos.com\/noticias\/?p=19768\" \/>\n<meta property=\"og:locale\" content=\"es_ES\" \/>\n<meta property=\"og:type\" content=\"article\" \/>\n<meta property=\"og:title\" content=\"Mensaje del Presidente del Colegio de Arquitectos - COLEGIO DE ARQUITECTOS DE CHILE\" \/>\n<meta property=\"og:description\" content=\"Estimados arquitectos: Soy uno m\u00e1s de los cerca de 25.000 arquitectos que hay en Chile. Un arquitecto que vive la paradoja de participar de un momento hist\u00f3rico de florecimiento de la arquitectura chilena, al mismo tiempo que ve que nuestro &hellip; ver m\u00e1s\" \/>\n<meta property=\"og:url\" content=\"https:\/\/colegioarquitectos.com\/noticias\/?p=19768\" \/>\n<meta property=\"og:site_name\" content=\"COLEGIO DE ARQUITECTOS DE CHILE\" \/>\n<meta property=\"article:publisher\" content=\"https:\/\/facebook.com\/Colegioarq\/\" \/>\n<meta property=\"article:published_time\" content=\"2018-01-19T15:43:07+00:00\" \/>\n<meta property=\"article:modified_time\" content=\"2018-01-29T16:14:29+00:00\" \/>\n<meta property=\"og:image\" content=\"https:\/\/colegioarquitectos.com\/noticias\/wp-content\/uploads\/2018\/01\/Humberto-Eliash.jpg\" \/>\n\t<meta property=\"og:image:width\" content=\"690\" \/>\n\t<meta property=\"og:image:height\" content=\"350\" \/>\n\t<meta property=\"og:image:type\" content=\"image\/jpeg\" \/>\n<meta name=\"author\" content=\"Colegio de Arquitectos de Chile\" \/>\n<meta name=\"twitter:card\" content=\"summary_large_image\" \/>\n<meta name=\"twitter:creator\" content=\"@colegioarq\" \/>\n<meta name=\"twitter:site\" content=\"@colegioarq\" \/>\n<meta name=\"twitter:label1\" content=\"Escrito por\" \/>\n\t<meta name=\"twitter:data1\" content=\"Colegio de Arquitectos de Chile\" \/>\n\t<meta name=\"twitter:label2\" content=\"Tiempo de lectura\" \/>\n\t<meta name=\"twitter:data2\" content=\"3 minutos\" \/>\n<script type=\"application\/ld+json\" class=\"yoast-schema-graph\">{\"@context\":\"https:\/\/schema.org\",\"@graph\":[{\"@type\":\"Article\",\"@id\":\"https:\/\/colegioarquitectos.com\/noticias\/?p=19768#article\",\"isPartOf\":{\"@id\":\"https:\/\/colegioarquitectos.com\/noticias\/?p=19768\"},\"author\":{\"name\":\"Colegio de Arquitectos de Chile\",\"@id\":\"https:\/\/colegioarquitectos.com\/noticias\/#\/schema\/person\/685cc0aad148303c5608f049af8285ad\"},\"headline\":\"Mensaje del Presidente del Colegio de Arquitectos\",\"datePublished\":\"2018-01-19T15:43:07+00:00\",\"dateModified\":\"2018-01-29T16:14:29+00:00\",\"mainEntityOfPage\":{\"@id\":\"https:\/\/colegioarquitectos.com\/noticias\/?p=19768\"},\"wordCount\":563,\"publisher\":{\"@id\":\"https:\/\/colegioarquitectos.com\/noticias\/#organization\"},\"image\":{\"@id\":\"https:\/\/colegioarquitectos.com\/noticias\/?p=19768#primaryimage\"},\"thumbnailUrl\":\"https:\/\/colegioarquitectos.com\/noticias\/wp-content\/uploads\/2018\/01\/Humberto-Eliash.jpg\",\"articleSection\":[\"Colegio\"],\"inLanguage\":\"es\"},{\"@type\":\"WebPage\",\"@id\":\"https:\/\/colegioarquitectos.com\/noticias\/?p=19768\",\"url\":\"https:\/\/colegioarquitectos.com\/noticias\/?p=19768\",\"name\":\"Mensaje del Presidente del Colegio de Arquitectos - COLEGIO DE ARQUITECTOS DE CHILE\",\"isPartOf\":{\"@id\":\"https:\/\/colegioarquitectos.com\/noticias\/#website\"},\"primaryImageOfPage\":{\"@id\":\"https:\/\/colegioarquitectos.com\/noticias\/?p=19768#primaryimage\"},\"image\":{\"@id\":\"https:\/\/colegioarquitectos.com\/noticias\/?p=19768#primaryimage\"},\"thumbnailUrl\":\"https:\/\/colegioarquitectos.com\/noticias\/wp-content\/uploads\/2018\/01\/Humberto-Eliash.jpg\",\"datePublished\":\"2018-01-19T15:43:07+00:00\",\"dateModified\":\"2018-01-29T16:14:29+00:00\",\"breadcrumb\":{\"@id\":\"https:\/\/colegioarquitectos.com\/noticias\/?p=19768#breadcrumb\"},\"inLanguage\":\"es\",\"potentialAction\":[{\"@type\":\"ReadAction\",\"target\":[\"https:\/\/colegioarquitectos.com\/noticias\/?p=19768\"]}]},{\"@type\":\"ImageObject\",\"inLanguage\":\"es\",\"@id\":\"https:\/\/colegioarquitectos.com\/noticias\/?p=19768#primaryimage\",\"url\":\"https:\/\/colegioarquitectos.com\/noticias\/wp-content\/uploads\/2018\/01\/Humberto-Eliash.jpg\",\"contentUrl\":\"https:\/\/colegioarquitectos.com\/noticias\/wp-content\/uploads\/2018\/01\/Humberto-Eliash.jpg\",\"width\":690,\"height\":350},{\"@type\":\"BreadcrumbList\",\"@id\":\"https:\/\/colegioarquitectos.com\/noticias\/?p=19768#breadcrumb\",\"itemListElement\":[{\"@type\":\"ListItem\",\"position\":1,\"name\":\"Portada\",\"item\":\"https:\/\/colegioarquitectos.com\/noticias\"},{\"@type\":\"ListItem\",\"position\":2,\"name\":\"Mensaje del Presidente del Colegio de Arquitectos\"}]},{\"@type\":\"WebSite\",\"@id\":\"https:\/\/colegioarquitectos.com\/noticias\/#website\",\"url\":\"https:\/\/colegioarquitectos.com\/noticias\/\",\"name\":\"COLEGIO DE ARQUITECTOS DE CHILE\",\"description\":\"\",\"publisher\":{\"@id\":\"https:\/\/colegioarquitectos.com\/noticias\/#organization\"},\"potentialAction\":[{\"@type\":\"SearchAction\",\"target\":{\"@type\":\"EntryPoint\",\"urlTemplate\":\"https:\/\/colegioarquitectos.com\/noticias\/?s={search_term_string}\"},\"query-input\":{\"@type\":\"PropertyValueSpecification\",\"valueRequired\":true,\"valueName\":\"search_term_string\"}}],\"inLanguage\":\"es\"},{\"@type\":\"Organization\",\"@id\":\"https:\/\/colegioarquitectos.com\/noticias\/#organization\",\"name\":\"COLEGIO DE ARQUITECTOS DE CHILE\",\"url\":\"https:\/\/colegioarquitectos.com\/noticias\/\",\"logo\":{\"@type\":\"ImageObject\",\"inLanguage\":\"es\",\"@id\":\"https:\/\/colegioarquitectos.com\/noticias\/#\/schema\/logo\/image\/\",\"url\":\"https:\/\/colegioarquitectos.com\/noticias\/wp-content\/uploads\/2021\/05\/ENCABEZADO-LOGO-CA.jpg\",\"contentUrl\":\"https:\/\/colegioarquitectos.com\/noticias\/wp-content\/uploads\/2021\/05\/ENCABEZADO-LOGO-CA.jpg\",\"width\":690,\"height\":350,\"caption\":\"COLEGIO DE ARQUITECTOS DE CHILE\"},\"image\":{\"@id\":\"https:\/\/colegioarquitectos.com\/noticias\/#\/schema\/logo\/image\/\"},\"sameAs\":[\"https:\/\/facebook.com\/Colegioarq\/\",\"https:\/\/x.com\/colegioarq\",\"https:\/\/instagram.com\/colegioarq\",\"https:\/\/youtube.com\/@ColegiodeArquitectosdeChile\"]},{\"@type\":\"Person\",\"@id\":\"https:\/\/colegioarquitectos.com\/noticias\/#\/schema\/person\/685cc0aad148303c5608f049af8285ad\",\"name\":\"Colegio de Arquitectos de Chile\",\"url\":\"https:\/\/colegioarquitectos.com\/noticias\/?author=4\"}]}<\/script>\n<!-- \/ Yoast SEO plugin. -->","yoast_head_json":{"title":"Mensaje del Presidente del Colegio de Arquitectos - COLEGIO DE ARQUITECTOS DE CHILE","robots":{"index":"index","follow":"follow","max-snippet":"max-snippet:-1","max-image-preview":"max-image-preview:large","max-video-preview":"max-video-preview:-1"},"canonical":"https:\/\/colegioarquitectos.com\/noticias\/?p=19768","og_locale":"es_ES","og_type":"article","og_title":"Mensaje del Presidente del Colegio de Arquitectos - COLEGIO DE ARQUITECTOS DE CHILE","og_description":"Estimados arquitectos: Soy uno m\u00e1s de los cerca de 25.000 arquitectos que hay en Chile. Un arquitecto que vive la paradoja de participar de un momento hist\u00f3rico de florecimiento de la arquitectura chilena, al mismo tiempo que ve que nuestro &hellip; ver m\u00e1s","og_url":"https:\/\/colegioarquitectos.com\/noticias\/?p=19768","og_site_name":"COLEGIO DE ARQUITECTOS DE CHILE","article_publisher":"https:\/\/facebook.com\/Colegioarq\/","article_published_time":"2018-01-19T15:43:07+00:00","article_modified_time":"2018-01-29T16:14:29+00:00","og_image":[{"width":690,"height":350,"url":"https:\/\/colegioarquitectos.com\/noticias\/wp-content\/uploads\/2018\/01\/Humberto-Eliash.jpg","type":"image\/jpeg"}],"author":"Colegio de Arquitectos de Chile","twitter_card":"summary_large_image","twitter_creator":"@colegioarq","twitter_site":"@colegioarq","twitter_misc":{"Escrito por":"Colegio de Arquitectos de Chile","Tiempo de lectura":"3 minutos"},"schema":{"@context":"https:\/\/schema.org","@graph":[{"@type":"Article","@id":"https:\/\/colegioarquitectos.com\/noticias\/?p=19768#article","isPartOf":{"@id":"https:\/\/colegioarquitectos.com\/noticias\/?p=19768"},"author":{"name":"Colegio de Arquitectos de Chile","@id":"https:\/\/colegioarquitectos.com\/noticias\/#\/schema\/person\/685cc0aad148303c5608f049af8285ad"},"headline":"Mensaje del Presidente del Colegio de Arquitectos","datePublished":"2018-01-19T15:43:07+00:00","dateModified":"2018-01-29T16:14:29+00:00","mainEntityOfPage":{"@id":"https:\/\/colegioarquitectos.com\/noticias\/?p=19768"},"wordCount":563,"publisher":{"@id":"https:\/\/colegioarquitectos.com\/noticias\/#organization"},"image":{"@id":"https:\/\/colegioarquitectos.com\/noticias\/?p=19768#primaryimage"},"thumbnailUrl":"https:\/\/colegioarquitectos.com\/noticias\/wp-content\/uploads\/2018\/01\/Humberto-Eliash.jpg","articleSection":["Colegio"],"inLanguage":"es"},{"@type":"WebPage","@id":"https:\/\/colegioarquitectos.com\/noticias\/?p=19768","url":"https:\/\/colegioarquitectos.com\/noticias\/?p=19768","name":"Mensaje del Presidente del Colegio de Arquitectos - COLEGIO DE ARQUITECTOS DE CHILE","isPartOf":{"@id":"https:\/\/colegioarquitectos.com\/noticias\/#website"},"primaryImageOfPage":{"@id":"https:\/\/colegioarquitectos.com\/noticias\/?p=19768#primaryimage"},"image":{"@id":"https:\/\/colegioarquitectos.com\/noticias\/?p=19768#primaryimage"},"thumbnailUrl":"https:\/\/colegioarquitectos.com\/noticias\/wp-content\/uploads\/2018\/01\/Humberto-Eliash.jpg","datePublished":"2018-01-19T15:43:07+00:00","dateModified":"2018-01-29T16:14:29+00:00","breadcrumb":{"@id":"https:\/\/colegioarquitectos.com\/noticias\/?p=19768#breadcrumb"},"inLanguage":"es","potentialAction":[{"@type":"ReadAction","target":["https:\/\/colegioarquitectos.com\/noticias\/?p=19768"]}]},{"@type":"ImageObject","inLanguage":"es","@id":"https:\/\/colegioarquitectos.com\/noticias\/?p=19768#primaryimage","url":"https:\/\/colegioarquitectos.com\/noticias\/wp-content\/uploads\/2018\/01\/Humberto-Eliash.jpg","contentUrl":"https:\/\/colegioarquitectos.com\/noticias\/wp-content\/uploads\/2018\/01\/Humberto-Eliash.jpg","width":690,"height":350},{"@type":"BreadcrumbList","@id":"https:\/\/colegioarquitectos.com\/noticias\/?p=19768#breadcrumb","itemListElement":[{"@type":"ListItem","position":1,"name":"Portada","item":"https:\/\/colegioarquitectos.com\/noticias"},{"@type":"ListItem","position":2,"name":"Mensaje del Presidente del Colegio de Arquitectos"}]},{"@type":"WebSite","@id":"https:\/\/colegioarquitectos.com\/noticias\/#website","url":"https:\/\/colegioarquitectos.com\/noticias\/","name":"COLEGIO DE ARQUITECTOS DE CHILE","description":"","publisher":{"@id":"https:\/\/colegioarquitectos.com\/noticias\/#organization"},"potentialAction":[{"@type":"SearchAction","target":{"@type":"EntryPoint","urlTemplate":"https:\/\/colegioarquitectos.com\/noticias\/?s={search_term_string}"},"query-input":{"@type":"PropertyValueSpecification","valueRequired":true,"valueName":"search_term_string"}}],"inLanguage":"es"},{"@type":"Organization","@id":"https:\/\/colegioarquitectos.com\/noticias\/#organization","name":"COLEGIO DE ARQUITECTOS DE CHILE","url":"https:\/\/colegioarquitectos.com\/noticias\/","logo":{"@type":"ImageObject","inLanguage":"es","@id":"https:\/\/colegioarquitectos.com\/noticias\/#\/schema\/logo\/image\/","url":"https:\/\/colegioarquitectos.com\/noticias\/wp-content\/uploads\/2021\/05\/ENCABEZADO-LOGO-CA.jpg","contentUrl":"https:\/\/colegioarquitectos.com\/noticias\/wp-content\/uploads\/2021\/05\/ENCABEZADO-LOGO-CA.jpg","width":690,"height":350,"caption":"COLEGIO DE ARQUITECTOS DE CHILE"},"image":{"@id":"https:\/\/colegioarquitectos.com\/noticias\/#\/schema\/logo\/image\/"},"sameAs":["https:\/\/facebook.com\/Colegioarq\/","https:\/\/x.com\/colegioarq","https:\/\/instagram.com\/colegioarq","https:\/\/youtube.com\/@ColegiodeArquitectosdeChile"]},{"@type":"Person","@id":"https:\/\/colegioarquitectos.com\/noticias\/#\/schema\/person\/685cc0aad148303c5608f049af8285ad","name":"Colegio de Arquitectos de Chile","url":"https:\/\/colegioarquitectos.com\/noticias\/?author=4"}]}},"_links":{"self":[{"href":"https:\/\/colegioarquitectos.com\/noticias\/index.php?rest_route=\/wp\/v2\/posts\/19768","targetHints":{"allow":["GET"]}}],"collection":[{"href":"https:\/\/colegioarquitectos.com\/noticias\/index.php?rest_route=\/wp\/v2\/posts"}],"about":[{"href":"https:\/\/colegioarquitectos.com\/noticias\/index.php?rest_route=\/wp\/v2\/types\/post"}],"author":[{"embeddable":true,"href":"https:\/\/colegioarquitectos.com\/noticias\/index.php?rest_route=\/wp\/v2\/users\/4"}],"replies":[{"embeddable":true,"href":"https:\/\/colegioarquitectos.com\/noticias\/index.php?rest_route=%2Fwp%2Fv2%2Fcomments&post=19768"}],"version-history":[{"count":0,"href":"https:\/\/colegioarquitectos.com\/noticias\/index.php?rest_route=\/wp\/v2\/posts\/19768\/revisions"}],"wp:featuredmedia":[{"embeddable":true,"href":"https:\/\/colegioarquitectos.com\/noticias\/index.php?rest_route=\/wp\/v2\/media\/19769"}],"wp:attachment":[{"href":"https:\/\/colegioarquitectos.com\/noticias\/index.php?rest_route=%2Fwp%2Fv2%2Fmedia&parent=19768"}],"wp:term":[{"taxonomy":"category","embeddable":true,"href":"https:\/\/colegioarquitectos.com\/noticias\/index.php?rest_route=%2Fwp%2Fv2%2Fcategories&post=19768"},{"taxonomy":"post_tag","embeddable":true,"href":"https:\/\/colegioarquitectos.com\/noticias\/index.php?rest_route=%2Fwp%2Fv2%2Ftags&post=19768"}],"curies":[{"name":"wp","href":"https:\/\/api.w.org\/{rel}","templated":true}]}}