
{"id":19787,"date":"2018-01-19T19:32:08","date_gmt":"2018-01-19T19:32:08","guid":{"rendered":"http:\/\/colegioarquitectos.com\/?p=19787"},"modified":"2018-01-19T19:32:08","modified_gmt":"2018-01-19T19:32:08","slug":"convocatoria-mujer-destacada-en-arquitectura-y-urbanismo-marta-scheu-2018","status":"publish","type":"post","link":"https:\/\/colegioarquitectos.com\/noticias\/?p=19787","title":{"rendered":"Convocatoria \u00abMujer destacada en arquitectura y urbanismo: Marta Scheu 2018\u00bb"},"content":{"rendered":"<p>El Instituto de Arquitectura y Urbanismo de la Facultad de Arquitectura y Artes de la Universidad Austral de Chile entregara, por tercer a\u00f1o consecutivo, esta distinci\u00f3n a mujeres que hayan sido un aporte, impulsando el \u00e1rea de la arquitectura y el urbanismo como una labor social, disciplinaria, de innovaci\u00f3n o de\u00a0 otro inter\u00e9s que sean significativas para el desarrollo de la regi\u00f3n austral.<\/p>\n<p>Marta Scheu Torres (1970-2013) quien fuera acad\u00e9mica del Instituto de Arquitectura y Urbanismo de la Universidad Austral de Chile,\u00a0 se desempe\u00f1\u00f3 entre los a\u00f1os 2000 y 2013 con un distinguido aporte en la docencia y la arquitectura en madera en nuestra regi\u00f3n. Luego de su fallecimiento, el a\u00f1o 2015 se crea este premio el cual convoca a mujeres de nacionalidad chilena o extranjera, sin l\u00edmite de edad, a ser part\u00edcipes de este reconocimiento.<\/p>\n<p>&nbsp;<\/p>\n<p><strong>Convocatoria<\/strong><\/p>\n<p>Las propuestas de nominaci\u00f3n se deben hacer llegar a trav\u00e9s de una carta de justificaci\u00f3n de un m\u00e1ximo de 500 palabras en formato pdf, el curr\u00edculo de la persona a quien se desea nominar, as\u00ed como un portafolio detallado de los trabajos de la nominada en un archivo pdf de un m\u00e1ximo 10 megas.<\/p>\n<p>Una vez recibidas las postulaciones, ser\u00e1n sometidas a la consideraci\u00f3n del Jurado del concurso, quien determinar\u00e1 finalmente su otorgamiento de acuerdo a los criterios estipulados en la Bases.<\/p>\n<p>Las postulaciones se recibir\u00e1n en el correo electr\u00f3nico iarquite@uach.cl hasta el jueves 01 de Marzo 2018 a las 23:59.<\/p>\n<p>&nbsp;<\/p>\n<p><img loading=\"lazy\" decoding=\"async\" class=\"alignnone wp-image-19788 size-full\" src=\"http:\/\/colegioarquitectos.com\/noticias\/wp-content\/uploads\/2018\/01\/image003.jpg\" alt=\"\" width=\"590\" height=\"800\" srcset=\"https:\/\/colegioarquitectos.com\/noticias\/wp-content\/uploads\/2018\/01\/image003.jpg 590w, https:\/\/colegioarquitectos.com\/noticias\/wp-content\/uploads\/2018\/01\/image003-221x300.jpg 221w\" sizes=\"auto, (max-width: 590px) 100vw, 590px\" \/><\/p>\n<p><\/p>","protected":false},"excerpt":{"rendered":"<p>El Instituto de Arquitectura y Urbanismo de la Facultad de Arquitectura y Artes de la Universidad Austral de Chile entregara, por tercer a\u00f1o consecutivo, esta distinci\u00f3n a mujeres que hayan sido un aporte, impulsando el \u00e1rea de la arquitectura y &hellip; <a class=\"more-link\" href=\"https:\/\/colegioarquitectos.com\/noticias\/?p=19787\">ver m\u00e1s<\/a><\/p>","protected":false},"author":4,"featured_media":19789,"comment_status":"closed","ping_status":"closed","sticky":false,"template":"","format":"standard","meta":{"footnotes":""},"categories":[35],"tags":[],"class_list":["post-19787","post","type-post","status-publish","format-standard","has-post-thumbnail","hentry","category-universidades"],"yoast_head":"<!-- This site is optimized with the Yoast SEO plugin v24.2 - https:\/\/yoast.com\/wordpress\/plugins\/seo\/ -->\n<title>Convocatoria &quot;Mujer destacada en arquitectura y urbanismo: Marta Scheu 2018&quot; - COLEGIO DE ARQUITECTOS DE CHILE<\/title>\n<meta name=\"robots\" content=\"index, follow, max-snippet:-1, max-image-preview:large, max-video-preview:-1\" \/>\n<link rel=\"canonical\" href=\"https:\/\/colegioarquitectos.com\/noticias\/?p=19787\" \/>\n<meta property=\"og:locale\" content=\"es_ES\" \/>\n<meta property=\"og:type\" content=\"article\" \/>\n<meta property=\"og:title\" content=\"Convocatoria &quot;Mujer destacada en arquitectura y urbanismo: Marta Scheu 2018&quot; - COLEGIO DE ARQUITECTOS DE CHILE\" \/>\n<meta property=\"og:description\" content=\"El Instituto de Arquitectura y Urbanismo de la Facultad de Arquitectura y Artes de la Universidad Austral de Chile entregara, por tercer a\u00f1o consecutivo, esta distinci\u00f3n a mujeres que hayan sido un aporte, impulsando el \u00e1rea de la arquitectura y &hellip; ver m\u00e1s\" \/>\n<meta property=\"og:url\" content=\"https:\/\/colegioarquitectos.com\/noticias\/?p=19787\" \/>\n<meta property=\"og:site_name\" content=\"COLEGIO DE ARQUITECTOS DE CHILE\" \/>\n<meta property=\"article:publisher\" content=\"https:\/\/facebook.com\/Colegioarq\/\" \/>\n<meta property=\"article:published_time\" content=\"2018-01-19T19:32:08+00:00\" \/>\n<meta property=\"og:image\" content=\"https:\/\/colegioarquitectos.com\/noticias\/wp-content\/uploads\/2018\/01\/Distinci\u00f3n-Mujer-Destacada-Marta-Scheu.jpg\" \/>\n\t<meta property=\"og:image:width\" content=\"690\" \/>\n\t<meta property=\"og:image:height\" content=\"350\" \/>\n\t<meta property=\"og:image:type\" content=\"image\/jpeg\" \/>\n<meta name=\"author\" content=\"Colegio de Arquitectos de Chile\" \/>\n<meta name=\"twitter:card\" content=\"summary_large_image\" \/>\n<meta name=\"twitter:creator\" content=\"@colegioarq\" \/>\n<meta name=\"twitter:site\" content=\"@colegioarq\" \/>\n<meta name=\"twitter:label1\" content=\"Escrito por\" \/>\n\t<meta name=\"twitter:data1\" content=\"Colegio de Arquitectos de Chile\" \/>\n\t<meta name=\"twitter:label2\" content=\"Tiempo de lectura\" \/>\n\t<meta name=\"twitter:data2\" content=\"1 minuto\" \/>\n<script type=\"application\/ld+json\" class=\"yoast-schema-graph\">{\"@context\":\"https:\/\/schema.org\",\"@graph\":[{\"@type\":\"Article\",\"@id\":\"https:\/\/colegioarquitectos.com\/noticias\/?p=19787#article\",\"isPartOf\":{\"@id\":\"https:\/\/colegioarquitectos.com\/noticias\/?p=19787\"},\"author\":{\"name\":\"Colegio de Arquitectos de Chile\",\"@id\":\"https:\/\/colegioarquitectos.com\/noticias\/#\/schema\/person\/685cc0aad148303c5608f049af8285ad\"},\"headline\":\"Convocatoria \u00abMujer destacada en arquitectura y urbanismo: Marta Scheu 2018\u00bb\",\"datePublished\":\"2018-01-19T19:32:08+00:00\",\"dateModified\":\"2018-01-19T19:32:08+00:00\",\"mainEntityOfPage\":{\"@id\":\"https:\/\/colegioarquitectos.com\/noticias\/?p=19787\"},\"wordCount\":264,\"publisher\":{\"@id\":\"https:\/\/colegioarquitectos.com\/noticias\/#organization\"},\"image\":{\"@id\":\"https:\/\/colegioarquitectos.com\/noticias\/?p=19787#primaryimage\"},\"thumbnailUrl\":\"https:\/\/colegioarquitectos.com\/noticias\/wp-content\/uploads\/2018\/01\/Distinci\u00f3n-Mujer-Destacada-Marta-Scheu.jpg\",\"articleSection\":[\"Universidades\"],\"inLanguage\":\"es\"},{\"@type\":\"WebPage\",\"@id\":\"https:\/\/colegioarquitectos.com\/noticias\/?p=19787\",\"url\":\"https:\/\/colegioarquitectos.com\/noticias\/?p=19787\",\"name\":\"Convocatoria \\\"Mujer destacada en arquitectura y urbanismo: Marta Scheu 2018\\\" - COLEGIO DE ARQUITECTOS DE CHILE\",\"isPartOf\":{\"@id\":\"https:\/\/colegioarquitectos.com\/noticias\/#website\"},\"primaryImageOfPage\":{\"@id\":\"https:\/\/colegioarquitectos.com\/noticias\/?p=19787#primaryimage\"},\"image\":{\"@id\":\"https:\/\/colegioarquitectos.com\/noticias\/?p=19787#primaryimage\"},\"thumbnailUrl\":\"https:\/\/colegioarquitectos.com\/noticias\/wp-content\/uploads\/2018\/01\/Distinci\u00f3n-Mujer-Destacada-Marta-Scheu.jpg\",\"datePublished\":\"2018-01-19T19:32:08+00:00\",\"dateModified\":\"2018-01-19T19:32:08+00:00\",\"breadcrumb\":{\"@id\":\"https:\/\/colegioarquitectos.com\/noticias\/?p=19787#breadcrumb\"},\"inLanguage\":\"es\",\"potentialAction\":[{\"@type\":\"ReadAction\",\"target\":[\"https:\/\/colegioarquitectos.com\/noticias\/?p=19787\"]}]},{\"@type\":\"ImageObject\",\"inLanguage\":\"es\",\"@id\":\"https:\/\/colegioarquitectos.com\/noticias\/?p=19787#primaryimage\",\"url\":\"https:\/\/colegioarquitectos.com\/noticias\/wp-content\/uploads\/2018\/01\/Distinci\u00f3n-Mujer-Destacada-Marta-Scheu.jpg\",\"contentUrl\":\"https:\/\/colegioarquitectos.com\/noticias\/wp-content\/uploads\/2018\/01\/Distinci\u00f3n-Mujer-Destacada-Marta-Scheu.jpg\",\"width\":690,\"height\":350},{\"@type\":\"BreadcrumbList\",\"@id\":\"https:\/\/colegioarquitectos.com\/noticias\/?p=19787#breadcrumb\",\"itemListElement\":[{\"@type\":\"ListItem\",\"position\":1,\"name\":\"Portada\",\"item\":\"https:\/\/colegioarquitectos.com\/noticias\"},{\"@type\":\"ListItem\",\"position\":2,\"name\":\"Convocatoria \u00abMujer destacada en arquitectura y urbanismo: Marta Scheu 2018\u00bb\"}]},{\"@type\":\"WebSite\",\"@id\":\"https:\/\/colegioarquitectos.com\/noticias\/#website\",\"url\":\"https:\/\/colegioarquitectos.com\/noticias\/\",\"name\":\"COLEGIO DE ARQUITECTOS DE CHILE\",\"description\":\"\",\"publisher\":{\"@id\":\"https:\/\/colegioarquitectos.com\/noticias\/#organization\"},\"potentialAction\":[{\"@type\":\"SearchAction\",\"target\":{\"@type\":\"EntryPoint\",\"urlTemplate\":\"https:\/\/colegioarquitectos.com\/noticias\/?s={search_term_string}\"},\"query-input\":{\"@type\":\"PropertyValueSpecification\",\"valueRequired\":true,\"valueName\":\"search_term_string\"}}],\"inLanguage\":\"es\"},{\"@type\":\"Organization\",\"@id\":\"https:\/\/colegioarquitectos.com\/noticias\/#organization\",\"name\":\"COLEGIO DE ARQUITECTOS DE CHILE\",\"url\":\"https:\/\/colegioarquitectos.com\/noticias\/\",\"logo\":{\"@type\":\"ImageObject\",\"inLanguage\":\"es\",\"@id\":\"https:\/\/colegioarquitectos.com\/noticias\/#\/schema\/logo\/image\/\",\"url\":\"https:\/\/colegioarquitectos.com\/noticias\/wp-content\/uploads\/2021\/05\/ENCABEZADO-LOGO-CA.jpg\",\"contentUrl\":\"https:\/\/colegioarquitectos.com\/noticias\/wp-content\/uploads\/2021\/05\/ENCABEZADO-LOGO-CA.jpg\",\"width\":690,\"height\":350,\"caption\":\"COLEGIO DE ARQUITECTOS DE CHILE\"},\"image\":{\"@id\":\"https:\/\/colegioarquitectos.com\/noticias\/#\/schema\/logo\/image\/\"},\"sameAs\":[\"https:\/\/facebook.com\/Colegioarq\/\",\"https:\/\/x.com\/colegioarq\",\"https:\/\/instagram.com\/colegioarq\",\"https:\/\/youtube.com\/@ColegiodeArquitectosdeChile\"]},{\"@type\":\"Person\",\"@id\":\"https:\/\/colegioarquitectos.com\/noticias\/#\/schema\/person\/685cc0aad148303c5608f049af8285ad\",\"name\":\"Colegio de Arquitectos de Chile\",\"url\":\"https:\/\/colegioarquitectos.com\/noticias\/?author=4\"}]}<\/script>\n<!-- \/ Yoast SEO plugin. -->","yoast_head_json":{"title":"Convocatoria \"Mujer destacada en arquitectura y urbanismo: Marta Scheu 2018\" - COLEGIO DE ARQUITECTOS DE CHILE","robots":{"index":"index","follow":"follow","max-snippet":"max-snippet:-1","max-image-preview":"max-image-preview:large","max-video-preview":"max-video-preview:-1"},"canonical":"https:\/\/colegioarquitectos.com\/noticias\/?p=19787","og_locale":"es_ES","og_type":"article","og_title":"Convocatoria \"Mujer destacada en arquitectura y urbanismo: Marta Scheu 2018\" - COLEGIO DE ARQUITECTOS DE CHILE","og_description":"El Instituto de Arquitectura y Urbanismo de la Facultad de Arquitectura y Artes de la Universidad Austral de Chile entregara, por tercer a\u00f1o consecutivo, esta distinci\u00f3n a mujeres que hayan sido un aporte, impulsando el \u00e1rea de la arquitectura y &hellip; ver m\u00e1s","og_url":"https:\/\/colegioarquitectos.com\/noticias\/?p=19787","og_site_name":"COLEGIO DE ARQUITECTOS DE CHILE","article_publisher":"https:\/\/facebook.com\/Colegioarq\/","article_published_time":"2018-01-19T19:32:08+00:00","og_image":[{"width":690,"height":350,"url":"https:\/\/colegioarquitectos.com\/noticias\/wp-content\/uploads\/2018\/01\/Distinci\u00f3n-Mujer-Destacada-Marta-Scheu.jpg","type":"image\/jpeg"}],"author":"Colegio de Arquitectos de Chile","twitter_card":"summary_large_image","twitter_creator":"@colegioarq","twitter_site":"@colegioarq","twitter_misc":{"Escrito por":"Colegio de Arquitectos de Chile","Tiempo de lectura":"1 minuto"},"schema":{"@context":"https:\/\/schema.org","@graph":[{"@type":"Article","@id":"https:\/\/colegioarquitectos.com\/noticias\/?p=19787#article","isPartOf":{"@id":"https:\/\/colegioarquitectos.com\/noticias\/?p=19787"},"author":{"name":"Colegio de Arquitectos de Chile","@id":"https:\/\/colegioarquitectos.com\/noticias\/#\/schema\/person\/685cc0aad148303c5608f049af8285ad"},"headline":"Convocatoria \u00abMujer destacada en arquitectura y urbanismo: Marta Scheu 2018\u00bb","datePublished":"2018-01-19T19:32:08+00:00","dateModified":"2018-01-19T19:32:08+00:00","mainEntityOfPage":{"@id":"https:\/\/colegioarquitectos.com\/noticias\/?p=19787"},"wordCount":264,"publisher":{"@id":"https:\/\/colegioarquitectos.com\/noticias\/#organization"},"image":{"@id":"https:\/\/colegioarquitectos.com\/noticias\/?p=19787#primaryimage"},"thumbnailUrl":"https:\/\/colegioarquitectos.com\/noticias\/wp-content\/uploads\/2018\/01\/Distinci\u00f3n-Mujer-Destacada-Marta-Scheu.jpg","articleSection":["Universidades"],"inLanguage":"es"},{"@type":"WebPage","@id":"https:\/\/colegioarquitectos.com\/noticias\/?p=19787","url":"https:\/\/colegioarquitectos.com\/noticias\/?p=19787","name":"Convocatoria \"Mujer destacada en arquitectura y urbanismo: Marta Scheu 2018\" - COLEGIO DE ARQUITECTOS DE CHILE","isPartOf":{"@id":"https:\/\/colegioarquitectos.com\/noticias\/#website"},"primaryImageOfPage":{"@id":"https:\/\/colegioarquitectos.com\/noticias\/?p=19787#primaryimage"},"image":{"@id":"https:\/\/colegioarquitectos.com\/noticias\/?p=19787#primaryimage"},"thumbnailUrl":"https:\/\/colegioarquitectos.com\/noticias\/wp-content\/uploads\/2018\/01\/Distinci\u00f3n-Mujer-Destacada-Marta-Scheu.jpg","datePublished":"2018-01-19T19:32:08+00:00","dateModified":"2018-01-19T19:32:08+00:00","breadcrumb":{"@id":"https:\/\/colegioarquitectos.com\/noticias\/?p=19787#breadcrumb"},"inLanguage":"es","potentialAction":[{"@type":"ReadAction","target":["https:\/\/colegioarquitectos.com\/noticias\/?p=19787"]}]},{"@type":"ImageObject","inLanguage":"es","@id":"https:\/\/colegioarquitectos.com\/noticias\/?p=19787#primaryimage","url":"https:\/\/colegioarquitectos.com\/noticias\/wp-content\/uploads\/2018\/01\/Distinci\u00f3n-Mujer-Destacada-Marta-Scheu.jpg","contentUrl":"https:\/\/colegioarquitectos.com\/noticias\/wp-content\/uploads\/2018\/01\/Distinci\u00f3n-Mujer-Destacada-Marta-Scheu.jpg","width":690,"height":350},{"@type":"BreadcrumbList","@id":"https:\/\/colegioarquitectos.com\/noticias\/?p=19787#breadcrumb","itemListElement":[{"@type":"ListItem","position":1,"name":"Portada","item":"https:\/\/colegioarquitectos.com\/noticias"},{"@type":"ListItem","position":2,"name":"Convocatoria \u00abMujer destacada en arquitectura y urbanismo: Marta Scheu 2018\u00bb"}]},{"@type":"WebSite","@id":"https:\/\/colegioarquitectos.com\/noticias\/#website","url":"https:\/\/colegioarquitectos.com\/noticias\/","name":"COLEGIO DE ARQUITECTOS DE CHILE","description":"","publisher":{"@id":"https:\/\/colegioarquitectos.com\/noticias\/#organization"},"potentialAction":[{"@type":"SearchAction","target":{"@type":"EntryPoint","urlTemplate":"https:\/\/colegioarquitectos.com\/noticias\/?s={search_term_string}"},"query-input":{"@type":"PropertyValueSpecification","valueRequired":true,"valueName":"search_term_string"}}],"inLanguage":"es"},{"@type":"Organization","@id":"https:\/\/colegioarquitectos.com\/noticias\/#organization","name":"COLEGIO DE ARQUITECTOS DE CHILE","url":"https:\/\/colegioarquitectos.com\/noticias\/","logo":{"@type":"ImageObject","inLanguage":"es","@id":"https:\/\/colegioarquitectos.com\/noticias\/#\/schema\/logo\/image\/","url":"https:\/\/colegioarquitectos.com\/noticias\/wp-content\/uploads\/2021\/05\/ENCABEZADO-LOGO-CA.jpg","contentUrl":"https:\/\/colegioarquitectos.com\/noticias\/wp-content\/uploads\/2021\/05\/ENCABEZADO-LOGO-CA.jpg","width":690,"height":350,"caption":"COLEGIO DE ARQUITECTOS DE CHILE"},"image":{"@id":"https:\/\/colegioarquitectos.com\/noticias\/#\/schema\/logo\/image\/"},"sameAs":["https:\/\/facebook.com\/Colegioarq\/","https:\/\/x.com\/colegioarq","https:\/\/instagram.com\/colegioarq","https:\/\/youtube.com\/@ColegiodeArquitectosdeChile"]},{"@type":"Person","@id":"https:\/\/colegioarquitectos.com\/noticias\/#\/schema\/person\/685cc0aad148303c5608f049af8285ad","name":"Colegio de Arquitectos de Chile","url":"https:\/\/colegioarquitectos.com\/noticias\/?author=4"}]}},"_links":{"self":[{"href":"https:\/\/colegioarquitectos.com\/noticias\/index.php?rest_route=\/wp\/v2\/posts\/19787","targetHints":{"allow":["GET"]}}],"collection":[{"href":"https:\/\/colegioarquitectos.com\/noticias\/index.php?rest_route=\/wp\/v2\/posts"}],"about":[{"href":"https:\/\/colegioarquitectos.com\/noticias\/index.php?rest_route=\/wp\/v2\/types\/post"}],"author":[{"embeddable":true,"href":"https:\/\/colegioarquitectos.com\/noticias\/index.php?rest_route=\/wp\/v2\/users\/4"}],"replies":[{"embeddable":true,"href":"https:\/\/colegioarquitectos.com\/noticias\/index.php?rest_route=%2Fwp%2Fv2%2Fcomments&post=19787"}],"version-history":[{"count":0,"href":"https:\/\/colegioarquitectos.com\/noticias\/index.php?rest_route=\/wp\/v2\/posts\/19787\/revisions"}],"wp:featuredmedia":[{"embeddable":true,"href":"https:\/\/colegioarquitectos.com\/noticias\/index.php?rest_route=\/wp\/v2\/media\/19789"}],"wp:attachment":[{"href":"https:\/\/colegioarquitectos.com\/noticias\/index.php?rest_route=%2Fwp%2Fv2%2Fmedia&parent=19787"}],"wp:term":[{"taxonomy":"category","embeddable":true,"href":"https:\/\/colegioarquitectos.com\/noticias\/index.php?rest_route=%2Fwp%2Fv2%2Fcategories&post=19787"},{"taxonomy":"post_tag","embeddable":true,"href":"https:\/\/colegioarquitectos.com\/noticias\/index.php?rest_route=%2Fwp%2Fv2%2Ftags&post=19787"}],"curies":[{"name":"wp","href":"https:\/\/api.w.org\/{rel}","templated":true}]}}