
{"id":19944,"date":"2018-02-07T15:17:12","date_gmt":"2018-02-07T15:17:12","guid":{"rendered":"http:\/\/colegioarquitectos.com\/?p=19944"},"modified":"2018-03-01T15:26:20","modified_gmt":"2018-03-01T15:26:20","slug":"carpinteros-de-america-latina-intercambian-experiencias-en-chiloe","status":"publish","type":"post","link":"https:\/\/colegioarquitectos.com\/noticias\/?p=19944","title":{"rendered":"Carpinteros de Am\u00e9rica Latina intercambian experiencias en Chilo\u00e9"},"content":{"rendered":"<p>Entre los d\u00edas 29 de enero y 4 de febrero se realiz\u00f3 en el Archipi\u00e9lago el <strong>Primer Encuentro de Carpinteros de Am\u00e9rica Latina<\/strong>, evento que congreg\u00f3 a m\u00e1s de 60 representantes de diversas regiones de Chile, as\u00ed como tambi\u00e9n de Colombia, Per\u00fa y Bolivia.<\/p>\n<p>Esta actividad fue organizada por la Asociaci\u00f3n de Carpinteros Patrimoniales de Chilo\u00e9, agrupaci\u00f3n que cumple dos a\u00f1os de vida y que re\u00fane a los exponentes que trabajaron en las restauraciones de las iglesias Patrimonio de la Humanidad.<\/p>\n<p><img loading=\"lazy\" decoding=\"async\" class=\"alignnone wp-image-19945 size-full\" src=\"http:\/\/colegioarquitectos.com\/noticias\/wp-content\/uploads\/2018\/03\/minga-en-agon\u00ed-2-768x432.jpg\" alt=\"\" width=\"768\" height=\"432\" srcset=\"https:\/\/colegioarquitectos.com\/noticias\/wp-content\/uploads\/2018\/03\/minga-en-agon\u00ed-2-768x432.jpg 768w, https:\/\/colegioarquitectos.com\/noticias\/wp-content\/uploads\/2018\/03\/minga-en-agon\u00ed-2-768x432-300x169.jpg 300w\" sizes=\"auto, (max-width: 768px) 100vw, 768px\" \/><\/p>\n<p><em>Minga y conversatorio en Iglesia de Agon\u00ed. Fuente: Asociaci\u00f3n de Carpinteros de Chilo\u00e9<\/em><\/p>\n<p>&nbsp;<\/p>\n<p>Durante la semana se organizaron actividades que tuvieron como objetivo poner en valor el oficio y su transmisi\u00f3n. Adem\u00e1s se relev\u00f3 el rol de los carpinteros, abriendo paso a una reflexi\u00f3n sobre el papel que pueden cumplir las pol\u00edticas p\u00fablicas para promover el resguardo de este trabajo.<\/p>\n<p>La primera visita de los participantes de esta iniciativa fue a la comunidad de Agon\u00ed Bajo, en Queilen, en la que observaron las faenas de restauraci\u00f3n de su iglesia; lo mismo sucedi\u00f3 en otra salida a terreno a la iglesia de Palqui (Curaco de V\u00e9lez), y tambi\u00e9n al sector de San Juan (Dalcahue), donde conocieron la labor de los carpinteros de ribera.<\/p>\n<p>Igualmente, los asistentes formaron parte de una visita al Museo de las Tradiciones Chonchinas, donde vivenciaron c\u00f3mo era antiguamente una vivienda tradicional chilota.<\/p>\n\n\t\t<style type=\"text\/css\">\n\t\t\t#gallery-1 {\n\t\t\t\tmargin: auto;\n\t\t\t}\n\t\t\t#gallery-1 .gallery-item {\n\t\t\t\tfloat: left;\n\t\t\t\tmargin-top: 10px;\n\t\t\t\ttext-align: center;\n\t\t\t\twidth: 33%;\n\t\t\t}\n\t\t\t#gallery-1 img {\n\t\t\t\tborder: 2px solid #cfcfcf;\n\t\t\t}\n\t\t\t#gallery-1 .gallery-caption {\n\t\t\t\tmargin-left: 0;\n\t\t\t}\n\t\t\t\/* see gallery_shortcode() in wp-includes\/media.php *\/\n\t\t<\/style>\n\t\t<div id='gallery-1' class='gallery galleryid-19944 gallery-columns-3 gallery-size-thumbnail'><dl class='gallery-item'>\n\t\t\t<dt class='gallery-icon landscape'>\n\t\t\t\t<a href='https:\/\/colegioarquitectos.com\/noticias\/?attachment_id=19946'><img loading=\"lazy\" decoding=\"async\" width=\"180\" height=\"180\" src=\"https:\/\/colegioarquitectos.com\/noticias\/wp-content\/uploads\/2018\/03\/minga-en-agon\u00ed-1-180x180.jpg\" class=\"attachment-thumbnail size-thumbnail\" alt=\"\" \/><\/a>\n\t\t\t<\/dt><\/dl><dl class='gallery-item'>\n\t\t\t<dt class='gallery-icon landscape'>\n\t\t\t\t<a href='https:\/\/colegioarquitectos.com\/noticias\/?attachment_id=19947'><img loading=\"lazy\" decoding=\"async\" width=\"180\" height=\"180\" src=\"https:\/\/colegioarquitectos.com\/noticias\/wp-content\/uploads\/2018\/03\/minga-en-agon\u00ed-3-180x180.jpg\" class=\"attachment-thumbnail size-thumbnail\" alt=\"\" \/><\/a>\n\t\t\t<\/dt><\/dl>\n\t\t\t<br style='clear: both' \/>\n\t\t<\/div>\n\n<p>Durante los \u00faltimos d\u00edas de este encuentro se realizaron charlas en el Museo Regional de Ancud, en las que intervinieron los arquitectos Edward Rojas, Lorenzo Berg, Cecilia Poblete, Patricia Mondaca, Loreto Mansilla y Andrea Dur\u00e1n, quienes compartieron en mesas de di\u00e1logo con carpinteros de m\u00e1s de 40 a\u00f1os de experiencia.<\/p>\n<p>Asimismo, se potenci\u00f3 la interacci\u00f3n con autoridades del Consejo de Monumentos Nacionales, del Consejo Nacional de la Culturas y las Artes, y el Ministerio de Obras P\u00fablicas. Adem\u00e1s se realiz\u00f3 otro conversatorio en el que los carpinteros provenientes del extranjero expusieron sus experiencias.<\/p>\n<p>\u201cSe cumplieron completamente los objetivos que nos planteamos; trasmitir lo que es realmente el oficio de la carpinter\u00eda chilota en la envergadura del trabajo que realizan y poner en valor el oficio de la carpinter\u00eda\u201d, recalc\u00f3 Alejandra Carvajal, miembro del comit\u00e9 organizador del evento.<\/p>\n<p>A su vez, la arquitecta explic\u00f3 que \u201cla idea es que se reconozca el trabajo de los buenos carpinteros, como el que hacen los integrantes de la Asociaci\u00f3n de Carpinteros de Chilo\u00e9, que tienen la gran experiencia de haber integrado la Fundaci\u00f3n Amigos de las Iglesias\u201d<\/p>\n<p><img loading=\"lazy\" decoding=\"async\" class=\"alignnone wp-image-19948 size-full\" src=\"http:\/\/colegioarquitectos.com\/noticias\/wp-content\/uploads\/2018\/03\/WhatsApp-Image-2018-02-01-at-18.00.23-1-768x260.jpeg\" alt=\"\" width=\"768\" height=\"260\" srcset=\"https:\/\/colegioarquitectos.com\/noticias\/wp-content\/uploads\/2018\/03\/WhatsApp-Image-2018-02-01-at-18.00.23-1-768x260.jpeg 768w, https:\/\/colegioarquitectos.com\/noticias\/wp-content\/uploads\/2018\/03\/WhatsApp-Image-2018-02-01-at-18.00.23-1-768x260-300x102.jpeg 300w\" sizes=\"auto, (max-width: 768px) 100vw, 768px\" \/><\/p>\n<p><em>Conversatorio con arquitectos de la Delegaci\u00f3n Chilo\u00e9<\/em><\/p>\n<p>Agreg\u00f3 la fuente que \u201chubo intercambio de informaci\u00f3n entre los carpinteros chilenos y extranjeros, y eso fue muy importante para ellos\u201d.<\/p>\n<p>Este encuentro culmin\u00f3 su semana de actividades en el Parque Bellavista de Ancud con la celebraci\u00f3n de \u201cLa fiesta de los carpinteros\u201d, con m\u00fasica, muestras de oficios, productos de empresas asociadas al rubro y comidas t\u00edpicas.<\/p>\n<p>&nbsp;<\/p>\n<p>M\u00e1s informaci\u00f3n sobre el encuentro y la Asociaci\u00f3n de Carpinteros en <a href=\"http:\/\/www.carpinterosdechiloe.cl\">http:\/\/www.carpinterosdechiloe.cl<\/a><\/p>\n<p>&nbsp;<\/p>\n<p>Publicado <a href=\"http:\/\/www.adondevaschiloe.cl\/carpinteros-de-america-latina-intercambian-experiencias-y-saberes-en-chiloe\">http:\/\/www.adondevaschiloe.cl\/carpinteros-de-america-latina-intercambian-experiencias-y-saberes-en-chiloe<\/a><\/p>\n<p><\/p>","protected":false},"excerpt":{"rendered":"<p>Entre los d\u00edas 29 de enero y 4 de febrero se realiz\u00f3 en el Archipi\u00e9lago el Primer Encuentro de Carpinteros de Am\u00e9rica Latina, evento que congreg\u00f3 a m\u00e1s de 60 representantes de diversas regiones de Chile, as\u00ed como tambi\u00e9n de &hellip; <a class=\"more-link\" href=\"https:\/\/colegioarquitectos.com\/noticias\/?p=19944\">ver m\u00e1s<\/a><\/p>","protected":false},"author":4,"featured_media":19949,"comment_status":"closed","ping_status":"closed","sticky":false,"template":"","format":"standard","meta":{"footnotes":""},"categories":[10],"tags":[],"class_list":["post-19944","post","type-post","status-publish","format-standard","has-post-thumbnail","hentry","category-delegaciones-zonales"],"yoast_head":"<!-- This site is optimized with the Yoast SEO plugin v24.2 - https:\/\/yoast.com\/wordpress\/plugins\/seo\/ -->\n<title>Carpinteros de Am\u00e9rica Latina intercambian experiencias en Chilo\u00e9 - COLEGIO DE ARQUITECTOS DE CHILE<\/title>\n<meta name=\"robots\" content=\"index, follow, max-snippet:-1, max-image-preview:large, max-video-preview:-1\" \/>\n<link rel=\"canonical\" href=\"https:\/\/colegioarquitectos.com\/noticias\/?p=19944\" \/>\n<meta property=\"og:locale\" content=\"es_ES\" \/>\n<meta property=\"og:type\" content=\"article\" \/>\n<meta property=\"og:title\" content=\"Carpinteros de Am\u00e9rica Latina intercambian experiencias en Chilo\u00e9 - COLEGIO DE ARQUITECTOS DE CHILE\" \/>\n<meta property=\"og:description\" content=\"Entre los d\u00edas 29 de enero y 4 de febrero se realiz\u00f3 en el Archipi\u00e9lago el Primer Encuentro de Carpinteros de Am\u00e9rica Latina, evento que congreg\u00f3 a m\u00e1s de 60 representantes de diversas regiones de Chile, as\u00ed como tambi\u00e9n de &hellip; ver m\u00e1s\" \/>\n<meta property=\"og:url\" content=\"https:\/\/colegioarquitectos.com\/noticias\/?p=19944\" \/>\n<meta property=\"og:site_name\" content=\"COLEGIO DE ARQUITECTOS DE CHILE\" \/>\n<meta property=\"article:publisher\" content=\"https:\/\/facebook.com\/Colegioarq\/\" \/>\n<meta property=\"article:published_time\" content=\"2018-02-07T15:17:12+00:00\" \/>\n<meta property=\"article:modified_time\" content=\"2018-03-01T15:26:20+00:00\" \/>\n<meta property=\"og:image\" content=\"https:\/\/colegioarquitectos.com\/noticias\/wp-content\/uploads\/2018\/03\/Carpinteros-en-Chilo\u00e9.jpg\" \/>\n\t<meta property=\"og:image:width\" content=\"690\" \/>\n\t<meta property=\"og:image:height\" content=\"350\" \/>\n\t<meta property=\"og:image:type\" content=\"image\/jpeg\" \/>\n<meta name=\"author\" content=\"Colegio de Arquitectos de Chile\" \/>\n<meta name=\"twitter:card\" content=\"summary_large_image\" \/>\n<meta name=\"twitter:creator\" content=\"@colegioarq\" \/>\n<meta name=\"twitter:site\" content=\"@colegioarq\" \/>\n<meta name=\"twitter:label1\" content=\"Escrito por\" \/>\n\t<meta name=\"twitter:data1\" content=\"Colegio de Arquitectos de Chile\" \/>\n\t<meta name=\"twitter:label2\" content=\"Tiempo de lectura\" \/>\n\t<meta name=\"twitter:data2\" content=\"3 minutos\" \/>\n<script type=\"application\/ld+json\" class=\"yoast-schema-graph\">{\"@context\":\"https:\/\/schema.org\",\"@graph\":[{\"@type\":\"Article\",\"@id\":\"https:\/\/colegioarquitectos.com\/noticias\/?p=19944#article\",\"isPartOf\":{\"@id\":\"https:\/\/colegioarquitectos.com\/noticias\/?p=19944\"},\"author\":{\"name\":\"Colegio de Arquitectos de Chile\",\"@id\":\"https:\/\/colegioarquitectos.com\/noticias\/#\/schema\/person\/685cc0aad148303c5608f049af8285ad\"},\"headline\":\"Carpinteros de Am\u00e9rica Latina intercambian experiencias en Chilo\u00e9\",\"datePublished\":\"2018-02-07T15:17:12+00:00\",\"dateModified\":\"2018-03-01T15:26:20+00:00\",\"mainEntityOfPage\":{\"@id\":\"https:\/\/colegioarquitectos.com\/noticias\/?p=19944\"},\"wordCount\":543,\"publisher\":{\"@id\":\"https:\/\/colegioarquitectos.com\/noticias\/#organization\"},\"image\":{\"@id\":\"https:\/\/colegioarquitectos.com\/noticias\/?p=19944#primaryimage\"},\"thumbnailUrl\":\"https:\/\/colegioarquitectos.com\/noticias\/wp-content\/uploads\/2018\/03\/Carpinteros-en-Chilo\u00e9.jpg\",\"articleSection\":[\"Delegaciones\"],\"inLanguage\":\"es\"},{\"@type\":\"WebPage\",\"@id\":\"https:\/\/colegioarquitectos.com\/noticias\/?p=19944\",\"url\":\"https:\/\/colegioarquitectos.com\/noticias\/?p=19944\",\"name\":\"Carpinteros de Am\u00e9rica Latina intercambian experiencias en Chilo\u00e9 - COLEGIO DE ARQUITECTOS DE CHILE\",\"isPartOf\":{\"@id\":\"https:\/\/colegioarquitectos.com\/noticias\/#website\"},\"primaryImageOfPage\":{\"@id\":\"https:\/\/colegioarquitectos.com\/noticias\/?p=19944#primaryimage\"},\"image\":{\"@id\":\"https:\/\/colegioarquitectos.com\/noticias\/?p=19944#primaryimage\"},\"thumbnailUrl\":\"https:\/\/colegioarquitectos.com\/noticias\/wp-content\/uploads\/2018\/03\/Carpinteros-en-Chilo\u00e9.jpg\",\"datePublished\":\"2018-02-07T15:17:12+00:00\",\"dateModified\":\"2018-03-01T15:26:20+00:00\",\"breadcrumb\":{\"@id\":\"https:\/\/colegioarquitectos.com\/noticias\/?p=19944#breadcrumb\"},\"inLanguage\":\"es\",\"potentialAction\":[{\"@type\":\"ReadAction\",\"target\":[\"https:\/\/colegioarquitectos.com\/noticias\/?p=19944\"]}]},{\"@type\":\"ImageObject\",\"inLanguage\":\"es\",\"@id\":\"https:\/\/colegioarquitectos.com\/noticias\/?p=19944#primaryimage\",\"url\":\"https:\/\/colegioarquitectos.com\/noticias\/wp-content\/uploads\/2018\/03\/Carpinteros-en-Chilo\u00e9.jpg\",\"contentUrl\":\"https:\/\/colegioarquitectos.com\/noticias\/wp-content\/uploads\/2018\/03\/Carpinteros-en-Chilo\u00e9.jpg\",\"width\":690,\"height\":350},{\"@type\":\"BreadcrumbList\",\"@id\":\"https:\/\/colegioarquitectos.com\/noticias\/?p=19944#breadcrumb\",\"itemListElement\":[{\"@type\":\"ListItem\",\"position\":1,\"name\":\"Portada\",\"item\":\"https:\/\/colegioarquitectos.com\/noticias\"},{\"@type\":\"ListItem\",\"position\":2,\"name\":\"Carpinteros de Am\u00e9rica Latina intercambian experiencias en Chilo\u00e9\"}]},{\"@type\":\"WebSite\",\"@id\":\"https:\/\/colegioarquitectos.com\/noticias\/#website\",\"url\":\"https:\/\/colegioarquitectos.com\/noticias\/\",\"name\":\"COLEGIO DE ARQUITECTOS DE CHILE\",\"description\":\"\",\"publisher\":{\"@id\":\"https:\/\/colegioarquitectos.com\/noticias\/#organization\"},\"potentialAction\":[{\"@type\":\"SearchAction\",\"target\":{\"@type\":\"EntryPoint\",\"urlTemplate\":\"https:\/\/colegioarquitectos.com\/noticias\/?s={search_term_string}\"},\"query-input\":{\"@type\":\"PropertyValueSpecification\",\"valueRequired\":true,\"valueName\":\"search_term_string\"}}],\"inLanguage\":\"es\"},{\"@type\":\"Organization\",\"@id\":\"https:\/\/colegioarquitectos.com\/noticias\/#organization\",\"name\":\"COLEGIO DE ARQUITECTOS DE CHILE\",\"url\":\"https:\/\/colegioarquitectos.com\/noticias\/\",\"logo\":{\"@type\":\"ImageObject\",\"inLanguage\":\"es\",\"@id\":\"https:\/\/colegioarquitectos.com\/noticias\/#\/schema\/logo\/image\/\",\"url\":\"https:\/\/colegioarquitectos.com\/noticias\/wp-content\/uploads\/2021\/05\/ENCABEZADO-LOGO-CA.jpg\",\"contentUrl\":\"https:\/\/colegioarquitectos.com\/noticias\/wp-content\/uploads\/2021\/05\/ENCABEZADO-LOGO-CA.jpg\",\"width\":690,\"height\":350,\"caption\":\"COLEGIO DE ARQUITECTOS DE CHILE\"},\"image\":{\"@id\":\"https:\/\/colegioarquitectos.com\/noticias\/#\/schema\/logo\/image\/\"},\"sameAs\":[\"https:\/\/facebook.com\/Colegioarq\/\",\"https:\/\/x.com\/colegioarq\",\"https:\/\/instagram.com\/colegioarq\",\"https:\/\/youtube.com\/@ColegiodeArquitectosdeChile\"]},{\"@type\":\"Person\",\"@id\":\"https:\/\/colegioarquitectos.com\/noticias\/#\/schema\/person\/685cc0aad148303c5608f049af8285ad\",\"name\":\"Colegio de Arquitectos de Chile\",\"url\":\"https:\/\/colegioarquitectos.com\/noticias\/?author=4\"}]}<\/script>\n<!-- \/ Yoast SEO plugin. -->","yoast_head_json":{"title":"Carpinteros de Am\u00e9rica Latina intercambian experiencias en Chilo\u00e9 - COLEGIO DE ARQUITECTOS DE CHILE","robots":{"index":"index","follow":"follow","max-snippet":"max-snippet:-1","max-image-preview":"max-image-preview:large","max-video-preview":"max-video-preview:-1"},"canonical":"https:\/\/colegioarquitectos.com\/noticias\/?p=19944","og_locale":"es_ES","og_type":"article","og_title":"Carpinteros de Am\u00e9rica Latina intercambian experiencias en Chilo\u00e9 - COLEGIO DE ARQUITECTOS DE CHILE","og_description":"Entre los d\u00edas 29 de enero y 4 de febrero se realiz\u00f3 en el Archipi\u00e9lago el Primer Encuentro de Carpinteros de Am\u00e9rica Latina, evento que congreg\u00f3 a m\u00e1s de 60 representantes de diversas regiones de Chile, as\u00ed como tambi\u00e9n de &hellip; ver m\u00e1s","og_url":"https:\/\/colegioarquitectos.com\/noticias\/?p=19944","og_site_name":"COLEGIO DE ARQUITECTOS DE CHILE","article_publisher":"https:\/\/facebook.com\/Colegioarq\/","article_published_time":"2018-02-07T15:17:12+00:00","article_modified_time":"2018-03-01T15:26:20+00:00","og_image":[{"width":690,"height":350,"url":"https:\/\/colegioarquitectos.com\/noticias\/wp-content\/uploads\/2018\/03\/Carpinteros-en-Chilo\u00e9.jpg","type":"image\/jpeg"}],"author":"Colegio de Arquitectos de Chile","twitter_card":"summary_large_image","twitter_creator":"@colegioarq","twitter_site":"@colegioarq","twitter_misc":{"Escrito por":"Colegio de Arquitectos de Chile","Tiempo de lectura":"3 minutos"},"schema":{"@context":"https:\/\/schema.org","@graph":[{"@type":"Article","@id":"https:\/\/colegioarquitectos.com\/noticias\/?p=19944#article","isPartOf":{"@id":"https:\/\/colegioarquitectos.com\/noticias\/?p=19944"},"author":{"name":"Colegio de Arquitectos de Chile","@id":"https:\/\/colegioarquitectos.com\/noticias\/#\/schema\/person\/685cc0aad148303c5608f049af8285ad"},"headline":"Carpinteros de Am\u00e9rica Latina intercambian experiencias en Chilo\u00e9","datePublished":"2018-02-07T15:17:12+00:00","dateModified":"2018-03-01T15:26:20+00:00","mainEntityOfPage":{"@id":"https:\/\/colegioarquitectos.com\/noticias\/?p=19944"},"wordCount":543,"publisher":{"@id":"https:\/\/colegioarquitectos.com\/noticias\/#organization"},"image":{"@id":"https:\/\/colegioarquitectos.com\/noticias\/?p=19944#primaryimage"},"thumbnailUrl":"https:\/\/colegioarquitectos.com\/noticias\/wp-content\/uploads\/2018\/03\/Carpinteros-en-Chilo\u00e9.jpg","articleSection":["Delegaciones"],"inLanguage":"es"},{"@type":"WebPage","@id":"https:\/\/colegioarquitectos.com\/noticias\/?p=19944","url":"https:\/\/colegioarquitectos.com\/noticias\/?p=19944","name":"Carpinteros de Am\u00e9rica Latina intercambian experiencias en Chilo\u00e9 - COLEGIO DE ARQUITECTOS DE CHILE","isPartOf":{"@id":"https:\/\/colegioarquitectos.com\/noticias\/#website"},"primaryImageOfPage":{"@id":"https:\/\/colegioarquitectos.com\/noticias\/?p=19944#primaryimage"},"image":{"@id":"https:\/\/colegioarquitectos.com\/noticias\/?p=19944#primaryimage"},"thumbnailUrl":"https:\/\/colegioarquitectos.com\/noticias\/wp-content\/uploads\/2018\/03\/Carpinteros-en-Chilo\u00e9.jpg","datePublished":"2018-02-07T15:17:12+00:00","dateModified":"2018-03-01T15:26:20+00:00","breadcrumb":{"@id":"https:\/\/colegioarquitectos.com\/noticias\/?p=19944#breadcrumb"},"inLanguage":"es","potentialAction":[{"@type":"ReadAction","target":["https:\/\/colegioarquitectos.com\/noticias\/?p=19944"]}]},{"@type":"ImageObject","inLanguage":"es","@id":"https:\/\/colegioarquitectos.com\/noticias\/?p=19944#primaryimage","url":"https:\/\/colegioarquitectos.com\/noticias\/wp-content\/uploads\/2018\/03\/Carpinteros-en-Chilo\u00e9.jpg","contentUrl":"https:\/\/colegioarquitectos.com\/noticias\/wp-content\/uploads\/2018\/03\/Carpinteros-en-Chilo\u00e9.jpg","width":690,"height":350},{"@type":"BreadcrumbList","@id":"https:\/\/colegioarquitectos.com\/noticias\/?p=19944#breadcrumb","itemListElement":[{"@type":"ListItem","position":1,"name":"Portada","item":"https:\/\/colegioarquitectos.com\/noticias"},{"@type":"ListItem","position":2,"name":"Carpinteros de Am\u00e9rica Latina intercambian experiencias en Chilo\u00e9"}]},{"@type":"WebSite","@id":"https:\/\/colegioarquitectos.com\/noticias\/#website","url":"https:\/\/colegioarquitectos.com\/noticias\/","name":"COLEGIO DE ARQUITECTOS DE CHILE","description":"","publisher":{"@id":"https:\/\/colegioarquitectos.com\/noticias\/#organization"},"potentialAction":[{"@type":"SearchAction","target":{"@type":"EntryPoint","urlTemplate":"https:\/\/colegioarquitectos.com\/noticias\/?s={search_term_string}"},"query-input":{"@type":"PropertyValueSpecification","valueRequired":true,"valueName":"search_term_string"}}],"inLanguage":"es"},{"@type":"Organization","@id":"https:\/\/colegioarquitectos.com\/noticias\/#organization","name":"COLEGIO DE ARQUITECTOS DE CHILE","url":"https:\/\/colegioarquitectos.com\/noticias\/","logo":{"@type":"ImageObject","inLanguage":"es","@id":"https:\/\/colegioarquitectos.com\/noticias\/#\/schema\/logo\/image\/","url":"https:\/\/colegioarquitectos.com\/noticias\/wp-content\/uploads\/2021\/05\/ENCABEZADO-LOGO-CA.jpg","contentUrl":"https:\/\/colegioarquitectos.com\/noticias\/wp-content\/uploads\/2021\/05\/ENCABEZADO-LOGO-CA.jpg","width":690,"height":350,"caption":"COLEGIO DE ARQUITECTOS DE CHILE"},"image":{"@id":"https:\/\/colegioarquitectos.com\/noticias\/#\/schema\/logo\/image\/"},"sameAs":["https:\/\/facebook.com\/Colegioarq\/","https:\/\/x.com\/colegioarq","https:\/\/instagram.com\/colegioarq","https:\/\/youtube.com\/@ColegiodeArquitectosdeChile"]},{"@type":"Person","@id":"https:\/\/colegioarquitectos.com\/noticias\/#\/schema\/person\/685cc0aad148303c5608f049af8285ad","name":"Colegio de Arquitectos de Chile","url":"https:\/\/colegioarquitectos.com\/noticias\/?author=4"}]}},"_links":{"self":[{"href":"https:\/\/colegioarquitectos.com\/noticias\/index.php?rest_route=\/wp\/v2\/posts\/19944","targetHints":{"allow":["GET"]}}],"collection":[{"href":"https:\/\/colegioarquitectos.com\/noticias\/index.php?rest_route=\/wp\/v2\/posts"}],"about":[{"href":"https:\/\/colegioarquitectos.com\/noticias\/index.php?rest_route=\/wp\/v2\/types\/post"}],"author":[{"embeddable":true,"href":"https:\/\/colegioarquitectos.com\/noticias\/index.php?rest_route=\/wp\/v2\/users\/4"}],"replies":[{"embeddable":true,"href":"https:\/\/colegioarquitectos.com\/noticias\/index.php?rest_route=%2Fwp%2Fv2%2Fcomments&post=19944"}],"version-history":[{"count":0,"href":"https:\/\/colegioarquitectos.com\/noticias\/index.php?rest_route=\/wp\/v2\/posts\/19944\/revisions"}],"wp:featuredmedia":[{"embeddable":true,"href":"https:\/\/colegioarquitectos.com\/noticias\/index.php?rest_route=\/wp\/v2\/media\/19949"}],"wp:attachment":[{"href":"https:\/\/colegioarquitectos.com\/noticias\/index.php?rest_route=%2Fwp%2Fv2%2Fmedia&parent=19944"}],"wp:term":[{"taxonomy":"category","embeddable":true,"href":"https:\/\/colegioarquitectos.com\/noticias\/index.php?rest_route=%2Fwp%2Fv2%2Fcategories&post=19944"},{"taxonomy":"post_tag","embeddable":true,"href":"https:\/\/colegioarquitectos.com\/noticias\/index.php?rest_route=%2Fwp%2Fv2%2Ftags&post=19944"}],"curies":[{"name":"wp","href":"https:\/\/api.w.org\/{rel}","templated":true}]}}