
{"id":20066,"date":"2018-03-19T15:41:47","date_gmt":"2018-03-19T15:41:47","guid":{"rendered":"http:\/\/colegioarquitectos.com\/?p=20066"},"modified":"2018-03-19T15:41:47","modified_gmt":"2018-03-19T15:41:47","slug":"comienza-proyecto-de-futuro-liceo-de-cultura-en-chiloe","status":"publish","type":"post","link":"https:\/\/colegioarquitectos.com\/noticias\/?p=20066","title":{"rendered":"Comienza proyecto de futuro Liceo de Cultura en Chilo\u00e9"},"content":{"rendered":"<p>Recientemente se realiz\u00f3 en dependencias de la Escuela de Cultura de Castro, la primera reuni\u00f3n entre la comunidad educativa y los arquitectos de la delegaci\u00f3n Chilo\u00e9 y socios de la Corporaci\u00f3n de Estudios Urbanos y Arquitect\u00f3nicos de Chilo\u00e9, CEUACH, para realizar un di\u00e1logo participativo que permitir\u00e1 la concreci\u00f3n del dise\u00f1o del futuro Liceo de Cultura de la capital provincial.<\/p>\n<p>En este encuentro, los profesores y apoderados, en conjunto con los profesionales de la CEUACH buscaron respuesta a la pregunta \u201c\u00bfcu\u00e1l es el liceo que queremos?\u201d.<\/p>\n<p>\u201cEn la reuni\u00f3n se logr\u00f3 una conversaci\u00f3n fluida sobre el proyecto educativo y se anclaron ideas fuerzas como asombro, sentido de comunidad y familia. Pudimos definir lo que llevaremos con nosotros y lo que se requiere modificar\u201d, expres\u00f3 la directora de la Escuela de Cultura, Carolina Vel\u00e1squez.<\/p>\n<p>Asimismo, posterior a la reuni\u00f3n, se realiz\u00f3 una visita de 10 arquitectos de la Delegaci\u00f3n Chilo\u00e9 al terreno en el que estar\u00e1 emplazado el nuevo establecimiento, en el sector Gamboa. En la ocasi\u00f3n se dieron los primeros lineamientos e ideas sobre el dise\u00f1o de la construcci\u00f3n, en una instancia de trabajo colectivo por parte de los arquitectos en el que analizaron las ideas de proyecto a partir de los planteamientos que hizo la comunidad educativa en la reuni\u00f3n con la CEUACH. \u201cEstamos tratando de tener las primeras l\u00edneas de lo que la comunidad educativa nos coment\u00f3 en la\u00a0 reuni\u00f3n y buscar acuerdos sobre el dise\u00f1o entre todos\u201d, se\u00f1al\u00f3 la arquitecta Paula Bast\u00edas, as\u00ed como su colega Alejandra Carvajal, quien valor\u00f3 este encuentro y la posibilidad de desarrollar ideas en conjunto.<\/p>\n<p>\u201cEste es un colegio que va a doblar su capacidad de alumnos, por lo que es interesante y emblem\u00e1tico para el desarrollo cultural y educacional de la comuna. Para nosotros es una gran oportunidad para demostrar c\u00f3mo trabajamos y nuestras capacidades\u201d, dijo Jorge Espinosa, presidente de la CEUACH.<\/p>\n<p>Asimismo, para el presidente de la Delegaci\u00f3n Chilo\u00e9 del Colegio de Arquitectos, Juan Fernando Y\u00e1\u00f1ez, es una grata sorpresa dimensionar la capacidad de un colectivo para plasmar ideas relevantes\u00a0 que pueden orientar el desarrollo de la iniciativa. \u201cTodas estas ideas son m\u00faltiples, pero creo que la experiencia que estamos viviendo hoy, va a significar que logremos un proyecto adecuado, pertinente y potente, para la Escuela de Cultura, para Castro y Chilo\u00e9\u201d, revel\u00f3.<\/p>\n<p>Finalmente la directora del establecimiento, Carolina Vel\u00e1squez, se mostr\u00f3 confiada en que este proyecto se convierta en una realidad, pues en 15 a\u00f1os han existido tres dise\u00f1os distintos, que no lograron ver la luz. \u201cTenemos fe y hemos visto el compromiso del se\u00f1or alcalde, a trav\u00e9s del secretario general de la corporaci\u00f3n, en concretar esta idea\u201d, coment\u00f3.<\/p>\n<p><img loading=\"lazy\" decoding=\"async\" class=\"wp-image-20068  aligncenter\" src=\"http:\/\/colegioarquitectos.com\/noticias\/wp-content\/uploads\/2018\/03\/la-foto-31.jpg\" alt=\"\" width=\"683\" height=\"384\" srcset=\"https:\/\/colegioarquitectos.com\/noticias\/wp-content\/uploads\/2018\/03\/la-foto-31.jpg 800w, https:\/\/colegioarquitectos.com\/noticias\/wp-content\/uploads\/2018\/03\/la-foto-31-300x169.jpg 300w, https:\/\/colegioarquitectos.com\/noticias\/wp-content\/uploads\/2018\/03\/la-foto-31-768x432.jpg 768w\" sizes=\"auto, (max-width: 683px) 100vw, 683px\" \/><\/p>\n<p><\/p>","protected":false},"excerpt":{"rendered":"<p>Recientemente se realiz\u00f3 en dependencias de la Escuela de Cultura de Castro, la primera reuni\u00f3n entre la comunidad educativa y los arquitectos de la delegaci\u00f3n Chilo\u00e9 y socios de la Corporaci\u00f3n de Estudios Urbanos y Arquitect\u00f3nicos de Chilo\u00e9, CEUACH, para &hellip; <a class=\"more-link\" href=\"https:\/\/colegioarquitectos.com\/noticias\/?p=20066\">ver m\u00e1s<\/a><\/p>","protected":false},"author":4,"featured_media":20067,"comment_status":"closed","ping_status":"closed","sticky":false,"template":"","format":"standard","meta":{"footnotes":""},"categories":[10],"tags":[],"class_list":["post-20066","post","type-post","status-publish","format-standard","has-post-thumbnail","hentry","category-delegaciones-zonales"],"yoast_head":"<!-- This site is optimized with the Yoast SEO plugin v24.2 - https:\/\/yoast.com\/wordpress\/plugins\/seo\/ -->\n<title>Comienza proyecto de futuro Liceo de Cultura en Chilo\u00e9 - COLEGIO DE ARQUITECTOS DE CHILE<\/title>\n<meta name=\"robots\" content=\"index, follow, max-snippet:-1, max-image-preview:large, max-video-preview:-1\" \/>\n<link rel=\"canonical\" href=\"https:\/\/colegioarquitectos.com\/noticias\/?p=20066\" \/>\n<meta property=\"og:locale\" content=\"es_ES\" \/>\n<meta property=\"og:type\" content=\"article\" \/>\n<meta property=\"og:title\" content=\"Comienza proyecto de futuro Liceo de Cultura en Chilo\u00e9 - COLEGIO DE ARQUITECTOS DE CHILE\" \/>\n<meta property=\"og:description\" content=\"Recientemente se realiz\u00f3 en dependencias de la Escuela de Cultura de Castro, la primera reuni\u00f3n entre la comunidad educativa y los arquitectos de la delegaci\u00f3n Chilo\u00e9 y socios de la Corporaci\u00f3n de Estudios Urbanos y Arquitect\u00f3nicos de Chilo\u00e9, CEUACH, para &hellip; ver m\u00e1s\" \/>\n<meta property=\"og:url\" content=\"https:\/\/colegioarquitectos.com\/noticias\/?p=20066\" \/>\n<meta property=\"og:site_name\" content=\"COLEGIO DE ARQUITECTOS DE CHILE\" \/>\n<meta property=\"article:publisher\" content=\"https:\/\/facebook.com\/Colegioarq\/\" \/>\n<meta property=\"article:published_time\" content=\"2018-03-19T15:41:47+00:00\" \/>\n<meta property=\"og:image\" content=\"https:\/\/colegioarquitectos.com\/noticias\/wp-content\/uploads\/2018\/03\/Comienza-proyecto-Liceo-de-Cultura-Chilo\u00e9.jpg\" \/>\n\t<meta property=\"og:image:width\" content=\"690\" \/>\n\t<meta property=\"og:image:height\" content=\"350\" \/>\n\t<meta property=\"og:image:type\" content=\"image\/jpeg\" \/>\n<meta name=\"author\" content=\"Colegio de Arquitectos de Chile\" \/>\n<meta name=\"twitter:card\" content=\"summary_large_image\" \/>\n<meta name=\"twitter:creator\" content=\"@colegioarq\" \/>\n<meta name=\"twitter:site\" content=\"@colegioarq\" \/>\n<meta name=\"twitter:label1\" content=\"Escrito por\" \/>\n\t<meta name=\"twitter:data1\" content=\"Colegio de Arquitectos de Chile\" \/>\n\t<meta name=\"twitter:label2\" content=\"Tiempo de lectura\" \/>\n\t<meta name=\"twitter:data2\" content=\"2 minutos\" \/>\n<script type=\"application\/ld+json\" class=\"yoast-schema-graph\">{\"@context\":\"https:\/\/schema.org\",\"@graph\":[{\"@type\":\"Article\",\"@id\":\"https:\/\/colegioarquitectos.com\/noticias\/?p=20066#article\",\"isPartOf\":{\"@id\":\"https:\/\/colegioarquitectos.com\/noticias\/?p=20066\"},\"author\":{\"name\":\"Colegio de Arquitectos de Chile\",\"@id\":\"https:\/\/colegioarquitectos.com\/noticias\/#\/schema\/person\/685cc0aad148303c5608f049af8285ad\"},\"headline\":\"Comienza proyecto de futuro Liceo de Cultura en Chilo\u00e9\",\"datePublished\":\"2018-03-19T15:41:47+00:00\",\"dateModified\":\"2018-03-19T15:41:47+00:00\",\"mainEntityOfPage\":{\"@id\":\"https:\/\/colegioarquitectos.com\/noticias\/?p=20066\"},\"wordCount\":479,\"publisher\":{\"@id\":\"https:\/\/colegioarquitectos.com\/noticias\/#organization\"},\"image\":{\"@id\":\"https:\/\/colegioarquitectos.com\/noticias\/?p=20066#primaryimage\"},\"thumbnailUrl\":\"https:\/\/colegioarquitectos.com\/noticias\/wp-content\/uploads\/2018\/03\/Comienza-proyecto-Liceo-de-Cultura-Chilo\u00e9.jpg\",\"articleSection\":[\"Delegaciones\"],\"inLanguage\":\"es\"},{\"@type\":\"WebPage\",\"@id\":\"https:\/\/colegioarquitectos.com\/noticias\/?p=20066\",\"url\":\"https:\/\/colegioarquitectos.com\/noticias\/?p=20066\",\"name\":\"Comienza proyecto de futuro Liceo de Cultura en Chilo\u00e9 - COLEGIO DE ARQUITECTOS DE CHILE\",\"isPartOf\":{\"@id\":\"https:\/\/colegioarquitectos.com\/noticias\/#website\"},\"primaryImageOfPage\":{\"@id\":\"https:\/\/colegioarquitectos.com\/noticias\/?p=20066#primaryimage\"},\"image\":{\"@id\":\"https:\/\/colegioarquitectos.com\/noticias\/?p=20066#primaryimage\"},\"thumbnailUrl\":\"https:\/\/colegioarquitectos.com\/noticias\/wp-content\/uploads\/2018\/03\/Comienza-proyecto-Liceo-de-Cultura-Chilo\u00e9.jpg\",\"datePublished\":\"2018-03-19T15:41:47+00:00\",\"dateModified\":\"2018-03-19T15:41:47+00:00\",\"breadcrumb\":{\"@id\":\"https:\/\/colegioarquitectos.com\/noticias\/?p=20066#breadcrumb\"},\"inLanguage\":\"es\",\"potentialAction\":[{\"@type\":\"ReadAction\",\"target\":[\"https:\/\/colegioarquitectos.com\/noticias\/?p=20066\"]}]},{\"@type\":\"ImageObject\",\"inLanguage\":\"es\",\"@id\":\"https:\/\/colegioarquitectos.com\/noticias\/?p=20066#primaryimage\",\"url\":\"https:\/\/colegioarquitectos.com\/noticias\/wp-content\/uploads\/2018\/03\/Comienza-proyecto-Liceo-de-Cultura-Chilo\u00e9.jpg\",\"contentUrl\":\"https:\/\/colegioarquitectos.com\/noticias\/wp-content\/uploads\/2018\/03\/Comienza-proyecto-Liceo-de-Cultura-Chilo\u00e9.jpg\",\"width\":690,\"height\":350},{\"@type\":\"BreadcrumbList\",\"@id\":\"https:\/\/colegioarquitectos.com\/noticias\/?p=20066#breadcrumb\",\"itemListElement\":[{\"@type\":\"ListItem\",\"position\":1,\"name\":\"Portada\",\"item\":\"https:\/\/colegioarquitectos.com\/noticias\"},{\"@type\":\"ListItem\",\"position\":2,\"name\":\"Comienza proyecto de futuro Liceo de Cultura en Chilo\u00e9\"}]},{\"@type\":\"WebSite\",\"@id\":\"https:\/\/colegioarquitectos.com\/noticias\/#website\",\"url\":\"https:\/\/colegioarquitectos.com\/noticias\/\",\"name\":\"COLEGIO DE ARQUITECTOS DE CHILE\",\"description\":\"\",\"publisher\":{\"@id\":\"https:\/\/colegioarquitectos.com\/noticias\/#organization\"},\"potentialAction\":[{\"@type\":\"SearchAction\",\"target\":{\"@type\":\"EntryPoint\",\"urlTemplate\":\"https:\/\/colegioarquitectos.com\/noticias\/?s={search_term_string}\"},\"query-input\":{\"@type\":\"PropertyValueSpecification\",\"valueRequired\":true,\"valueName\":\"search_term_string\"}}],\"inLanguage\":\"es\"},{\"@type\":\"Organization\",\"@id\":\"https:\/\/colegioarquitectos.com\/noticias\/#organization\",\"name\":\"COLEGIO DE ARQUITECTOS DE CHILE\",\"url\":\"https:\/\/colegioarquitectos.com\/noticias\/\",\"logo\":{\"@type\":\"ImageObject\",\"inLanguage\":\"es\",\"@id\":\"https:\/\/colegioarquitectos.com\/noticias\/#\/schema\/logo\/image\/\",\"url\":\"https:\/\/colegioarquitectos.com\/noticias\/wp-content\/uploads\/2021\/05\/ENCABEZADO-LOGO-CA.jpg\",\"contentUrl\":\"https:\/\/colegioarquitectos.com\/noticias\/wp-content\/uploads\/2021\/05\/ENCABEZADO-LOGO-CA.jpg\",\"width\":690,\"height\":350,\"caption\":\"COLEGIO DE ARQUITECTOS DE CHILE\"},\"image\":{\"@id\":\"https:\/\/colegioarquitectos.com\/noticias\/#\/schema\/logo\/image\/\"},\"sameAs\":[\"https:\/\/facebook.com\/Colegioarq\/\",\"https:\/\/x.com\/colegioarq\",\"https:\/\/instagram.com\/colegioarq\",\"https:\/\/youtube.com\/@ColegiodeArquitectosdeChile\"]},{\"@type\":\"Person\",\"@id\":\"https:\/\/colegioarquitectos.com\/noticias\/#\/schema\/person\/685cc0aad148303c5608f049af8285ad\",\"name\":\"Colegio de Arquitectos de Chile\",\"url\":\"https:\/\/colegioarquitectos.com\/noticias\/?author=4\"}]}<\/script>\n<!-- \/ Yoast SEO plugin. -->","yoast_head_json":{"title":"Comienza proyecto de futuro Liceo de Cultura en Chilo\u00e9 - COLEGIO DE ARQUITECTOS DE CHILE","robots":{"index":"index","follow":"follow","max-snippet":"max-snippet:-1","max-image-preview":"max-image-preview:large","max-video-preview":"max-video-preview:-1"},"canonical":"https:\/\/colegioarquitectos.com\/noticias\/?p=20066","og_locale":"es_ES","og_type":"article","og_title":"Comienza proyecto de futuro Liceo de Cultura en Chilo\u00e9 - COLEGIO DE ARQUITECTOS DE CHILE","og_description":"Recientemente se realiz\u00f3 en dependencias de la Escuela de Cultura de Castro, la primera reuni\u00f3n entre la comunidad educativa y los arquitectos de la delegaci\u00f3n Chilo\u00e9 y socios de la Corporaci\u00f3n de Estudios Urbanos y Arquitect\u00f3nicos de Chilo\u00e9, CEUACH, para &hellip; ver m\u00e1s","og_url":"https:\/\/colegioarquitectos.com\/noticias\/?p=20066","og_site_name":"COLEGIO DE ARQUITECTOS DE CHILE","article_publisher":"https:\/\/facebook.com\/Colegioarq\/","article_published_time":"2018-03-19T15:41:47+00:00","og_image":[{"width":690,"height":350,"url":"https:\/\/colegioarquitectos.com\/noticias\/wp-content\/uploads\/2018\/03\/Comienza-proyecto-Liceo-de-Cultura-Chilo\u00e9.jpg","type":"image\/jpeg"}],"author":"Colegio de Arquitectos de Chile","twitter_card":"summary_large_image","twitter_creator":"@colegioarq","twitter_site":"@colegioarq","twitter_misc":{"Escrito por":"Colegio de Arquitectos de Chile","Tiempo de lectura":"2 minutos"},"schema":{"@context":"https:\/\/schema.org","@graph":[{"@type":"Article","@id":"https:\/\/colegioarquitectos.com\/noticias\/?p=20066#article","isPartOf":{"@id":"https:\/\/colegioarquitectos.com\/noticias\/?p=20066"},"author":{"name":"Colegio de Arquitectos de Chile","@id":"https:\/\/colegioarquitectos.com\/noticias\/#\/schema\/person\/685cc0aad148303c5608f049af8285ad"},"headline":"Comienza proyecto de futuro Liceo de Cultura en Chilo\u00e9","datePublished":"2018-03-19T15:41:47+00:00","dateModified":"2018-03-19T15:41:47+00:00","mainEntityOfPage":{"@id":"https:\/\/colegioarquitectos.com\/noticias\/?p=20066"},"wordCount":479,"publisher":{"@id":"https:\/\/colegioarquitectos.com\/noticias\/#organization"},"image":{"@id":"https:\/\/colegioarquitectos.com\/noticias\/?p=20066#primaryimage"},"thumbnailUrl":"https:\/\/colegioarquitectos.com\/noticias\/wp-content\/uploads\/2018\/03\/Comienza-proyecto-Liceo-de-Cultura-Chilo\u00e9.jpg","articleSection":["Delegaciones"],"inLanguage":"es"},{"@type":"WebPage","@id":"https:\/\/colegioarquitectos.com\/noticias\/?p=20066","url":"https:\/\/colegioarquitectos.com\/noticias\/?p=20066","name":"Comienza proyecto de futuro Liceo de Cultura en Chilo\u00e9 - COLEGIO DE ARQUITECTOS DE CHILE","isPartOf":{"@id":"https:\/\/colegioarquitectos.com\/noticias\/#website"},"primaryImageOfPage":{"@id":"https:\/\/colegioarquitectos.com\/noticias\/?p=20066#primaryimage"},"image":{"@id":"https:\/\/colegioarquitectos.com\/noticias\/?p=20066#primaryimage"},"thumbnailUrl":"https:\/\/colegioarquitectos.com\/noticias\/wp-content\/uploads\/2018\/03\/Comienza-proyecto-Liceo-de-Cultura-Chilo\u00e9.jpg","datePublished":"2018-03-19T15:41:47+00:00","dateModified":"2018-03-19T15:41:47+00:00","breadcrumb":{"@id":"https:\/\/colegioarquitectos.com\/noticias\/?p=20066#breadcrumb"},"inLanguage":"es","potentialAction":[{"@type":"ReadAction","target":["https:\/\/colegioarquitectos.com\/noticias\/?p=20066"]}]},{"@type":"ImageObject","inLanguage":"es","@id":"https:\/\/colegioarquitectos.com\/noticias\/?p=20066#primaryimage","url":"https:\/\/colegioarquitectos.com\/noticias\/wp-content\/uploads\/2018\/03\/Comienza-proyecto-Liceo-de-Cultura-Chilo\u00e9.jpg","contentUrl":"https:\/\/colegioarquitectos.com\/noticias\/wp-content\/uploads\/2018\/03\/Comienza-proyecto-Liceo-de-Cultura-Chilo\u00e9.jpg","width":690,"height":350},{"@type":"BreadcrumbList","@id":"https:\/\/colegioarquitectos.com\/noticias\/?p=20066#breadcrumb","itemListElement":[{"@type":"ListItem","position":1,"name":"Portada","item":"https:\/\/colegioarquitectos.com\/noticias"},{"@type":"ListItem","position":2,"name":"Comienza proyecto de futuro Liceo de Cultura en Chilo\u00e9"}]},{"@type":"WebSite","@id":"https:\/\/colegioarquitectos.com\/noticias\/#website","url":"https:\/\/colegioarquitectos.com\/noticias\/","name":"COLEGIO DE ARQUITECTOS DE CHILE","description":"","publisher":{"@id":"https:\/\/colegioarquitectos.com\/noticias\/#organization"},"potentialAction":[{"@type":"SearchAction","target":{"@type":"EntryPoint","urlTemplate":"https:\/\/colegioarquitectos.com\/noticias\/?s={search_term_string}"},"query-input":{"@type":"PropertyValueSpecification","valueRequired":true,"valueName":"search_term_string"}}],"inLanguage":"es"},{"@type":"Organization","@id":"https:\/\/colegioarquitectos.com\/noticias\/#organization","name":"COLEGIO DE ARQUITECTOS DE CHILE","url":"https:\/\/colegioarquitectos.com\/noticias\/","logo":{"@type":"ImageObject","inLanguage":"es","@id":"https:\/\/colegioarquitectos.com\/noticias\/#\/schema\/logo\/image\/","url":"https:\/\/colegioarquitectos.com\/noticias\/wp-content\/uploads\/2021\/05\/ENCABEZADO-LOGO-CA.jpg","contentUrl":"https:\/\/colegioarquitectos.com\/noticias\/wp-content\/uploads\/2021\/05\/ENCABEZADO-LOGO-CA.jpg","width":690,"height":350,"caption":"COLEGIO DE ARQUITECTOS DE CHILE"},"image":{"@id":"https:\/\/colegioarquitectos.com\/noticias\/#\/schema\/logo\/image\/"},"sameAs":["https:\/\/facebook.com\/Colegioarq\/","https:\/\/x.com\/colegioarq","https:\/\/instagram.com\/colegioarq","https:\/\/youtube.com\/@ColegiodeArquitectosdeChile"]},{"@type":"Person","@id":"https:\/\/colegioarquitectos.com\/noticias\/#\/schema\/person\/685cc0aad148303c5608f049af8285ad","name":"Colegio de Arquitectos de Chile","url":"https:\/\/colegioarquitectos.com\/noticias\/?author=4"}]}},"_links":{"self":[{"href":"https:\/\/colegioarquitectos.com\/noticias\/index.php?rest_route=\/wp\/v2\/posts\/20066","targetHints":{"allow":["GET"]}}],"collection":[{"href":"https:\/\/colegioarquitectos.com\/noticias\/index.php?rest_route=\/wp\/v2\/posts"}],"about":[{"href":"https:\/\/colegioarquitectos.com\/noticias\/index.php?rest_route=\/wp\/v2\/types\/post"}],"author":[{"embeddable":true,"href":"https:\/\/colegioarquitectos.com\/noticias\/index.php?rest_route=\/wp\/v2\/users\/4"}],"replies":[{"embeddable":true,"href":"https:\/\/colegioarquitectos.com\/noticias\/index.php?rest_route=%2Fwp%2Fv2%2Fcomments&post=20066"}],"version-history":[{"count":0,"href":"https:\/\/colegioarquitectos.com\/noticias\/index.php?rest_route=\/wp\/v2\/posts\/20066\/revisions"}],"wp:featuredmedia":[{"embeddable":true,"href":"https:\/\/colegioarquitectos.com\/noticias\/index.php?rest_route=\/wp\/v2\/media\/20067"}],"wp:attachment":[{"href":"https:\/\/colegioarquitectos.com\/noticias\/index.php?rest_route=%2Fwp%2Fv2%2Fmedia&parent=20066"}],"wp:term":[{"taxonomy":"category","embeddable":true,"href":"https:\/\/colegioarquitectos.com\/noticias\/index.php?rest_route=%2Fwp%2Fv2%2Fcategories&post=20066"},{"taxonomy":"post_tag","embeddable":true,"href":"https:\/\/colegioarquitectos.com\/noticias\/index.php?rest_route=%2Fwp%2Fv2%2Ftags&post=20066"}],"curies":[{"name":"wp","href":"https:\/\/api.w.org\/{rel}","templated":true}]}}