
{"id":20070,"date":"2018-03-19T16:47:09","date_gmt":"2018-03-19T16:47:09","guid":{"rendered":"http:\/\/colegioarquitectos.com\/?p=20070"},"modified":"2018-03-19T16:47:09","modified_gmt":"2018-03-19T16:47:09","slug":"resultados-estudio-vivienda-vernacula-bioclimatica","status":"publish","type":"post","link":"https:\/\/colegioarquitectos.com\/noticias\/?p=20070","title":{"rendered":"Resultados estudio vivienda vern\u00e1cula bioclim\u00e1tica"},"content":{"rendered":"<p>Este mi\u00e9rcoles 21 de marzo, el Laboratorio de Bioclim\u00e1tica (LABBIO) realizar\u00e1 el seminario abierto \u201cVivienda vern\u00e1cula chilena y su adaptaci\u00f3n al clima. Plataforma participativa\u201d.<\/p>\n<p>La actividad se enmarca en la difusi\u00f3n de los resultados del proyecto \u201cVivienda vern\u00e1cula en Chile y su adaptaci\u00f3n al entorno natural. Elaboraci\u00f3n de metodolog\u00eda para an\u00e1lisis cualitativo y cuantitativo. Generaci\u00f3n de soporte digital participativo de recolecci\u00f3n, divulgaci\u00f3n y retroalimentaci\u00f3n en red de casos de estudios\u201d que a fines de 2016, el laboratorio se adjudic\u00f3 en la modalidad Arquitectura, de la L\u00ednea de Investigaci\u00f3n del FONDART Nacional, convocado por el entonces CNCA, que ahora es el Ministerio de Las Culturas, las Artes y el Patrimonio del Gobierno de Chile.<\/p>\n<p>El estudio tuvo una duraci\u00f3n de 12 meses y\u00a0 su principal objetivo fue \u201cgenerar una metodolog\u00eda de registro, recopilaci\u00f3n, caracterizaci\u00f3n y puesta en valor de las tradiciones constructivas y red para la recolecci\u00f3n, divulgaci\u00f3n y retroalimentaci\u00f3n de vivienda vern\u00e1cula chilena y su adaptaci\u00f3n al entorno natural\u201d. El grupo de trabajo del LABBIO estuvo conformado por las investigadoras Gabriela Armijo, Leticia Roubelat y Paola Jara, mientras que como consultor externo estuvo el acad\u00e9mico\u00a0 del \u00e1rea patrimonial de la Escuela de Arquitectura UCEN, Jorge Atria.<\/p>\n<p>La investigaci\u00f3n tom\u00f3 como casos\u00a0 viviendas ubicadas en cada zona clim\u00e1tica del pa\u00eds. En ese contexto se analizaron, con un enfoque bioclim\u00e1tico, la casa patronal del Fundo Quilapil\u00fan, ubicada en la Regi\u00f3n Metropolitana;\u00a0 la casa Adler Garc\u00e9s en la Regi\u00f3n de los Lagos y la Casa Hartard en Antofagasta, entre otros.<\/p>\n<p>Luego de un a\u00f1o de investigaci\u00f3n, a trav\u00e9s del seminario de este mi\u00e9rcoles\u00a0 se explicar\u00e1n los alcances, conclusiones y proyecciones del estudio. Por su parte, el profesor Jorge Atria se referir\u00e1 al panorama general del relevamiento de la vivienda patrimonial.<\/p>\n<p>La jornada tambi\u00e9n contar\u00e1 con las intervenciones del representante de la empresa Frisbi, Diego Apablaza, quien explicar\u00e1 la plataforma interactiva en que se han colocado los proyectos y metodolog\u00edas, y de la Secretaria T\u00e9cnica del Consejo de Monumentos Nacionales (CNM), Ana Paz C\u00e1rdenas, que abordar\u00e1\u00a0 la situaci\u00f3n actual en que se encuentra la protecci\u00f3n de este tipo de patrimonio en Chile.<\/p>\n<p>Para los interesados en asistir, este encuentro se efectuar\u00e1 a partir de las 18:00 horas, en auditorio del edificio\u00a0 Vicente Kovacevic 1 (VK1) de la Universidad Central, ubicado en avenida Santa Isabel\u00a0 1186, Santiago centro.<\/p>\n<p>M\u00e1s informaciones y consultas en el email laboratorio.bioclimatica.ucen@gmail.com.<\/p>\n<p>&nbsp;<\/p>\n<p><img loading=\"lazy\" decoding=\"async\" class=\"wp-image-20071 size-full aligncenter\" src=\"http:\/\/colegioarquitectos.com\/noticias\/wp-content\/uploads\/2018\/03\/Afiche_-3.jpg\" alt=\"\" width=\"550\" height=\"800\" srcset=\"https:\/\/colegioarquitectos.com\/noticias\/wp-content\/uploads\/2018\/03\/Afiche_-3.jpg 550w, https:\/\/colegioarquitectos.com\/noticias\/wp-content\/uploads\/2018\/03\/Afiche_-3-206x300.jpg 206w\" sizes=\"auto, (max-width: 550px) 100vw, 550px\" \/><\/p>\n<p><\/p>","protected":false},"excerpt":{"rendered":"<p>Este mi\u00e9rcoles 21 de marzo, el Laboratorio de Bioclim\u00e1tica (LABBIO) realizar\u00e1 el seminario abierto \u201cVivienda vern\u00e1cula chilena y su adaptaci\u00f3n al clima. Plataforma participativa\u201d. La actividad se enmarca en la difusi\u00f3n de los resultados del proyecto \u201cVivienda vern\u00e1cula en Chile &hellip; <a class=\"more-link\" href=\"https:\/\/colegioarquitectos.com\/noticias\/?p=20070\">ver m\u00e1s<\/a><\/p>","protected":false},"author":4,"featured_media":17037,"comment_status":"closed","ping_status":"closed","sticky":false,"template":"","format":"standard","meta":{"footnotes":""},"categories":[35],"tags":[],"class_list":["post-20070","post","type-post","status-publish","format-standard","has-post-thumbnail","hentry","category-universidades"],"yoast_head":"<!-- This site is optimized with the Yoast SEO plugin v24.2 - https:\/\/yoast.com\/wordpress\/plugins\/seo\/ -->\n<title>Resultados estudio vivienda vern\u00e1cula bioclim\u00e1tica - COLEGIO DE ARQUITECTOS DE CHILE<\/title>\n<meta name=\"robots\" content=\"index, follow, max-snippet:-1, max-image-preview:large, max-video-preview:-1\" \/>\n<link rel=\"canonical\" href=\"https:\/\/colegioarquitectos.com\/noticias\/?p=20070\" \/>\n<meta property=\"og:locale\" content=\"es_ES\" \/>\n<meta property=\"og:type\" content=\"article\" \/>\n<meta property=\"og:title\" content=\"Resultados estudio vivienda vern\u00e1cula bioclim\u00e1tica - COLEGIO DE ARQUITECTOS DE CHILE\" \/>\n<meta property=\"og:description\" content=\"Este mi\u00e9rcoles 21 de marzo, el Laboratorio de Bioclim\u00e1tica (LABBIO) realizar\u00e1 el seminario abierto \u201cVivienda vern\u00e1cula chilena y su adaptaci\u00f3n al clima. Plataforma participativa\u201d. La actividad se enmarca en la difusi\u00f3n de los resultados del proyecto \u201cVivienda vern\u00e1cula en Chile &hellip; ver m\u00e1s\" \/>\n<meta property=\"og:url\" content=\"https:\/\/colegioarquitectos.com\/noticias\/?p=20070\" \/>\n<meta property=\"og:site_name\" content=\"COLEGIO DE ARQUITECTOS DE CHILE\" \/>\n<meta property=\"article:publisher\" content=\"https:\/\/facebook.com\/Colegioarq\/\" \/>\n<meta property=\"article:published_time\" content=\"2018-03-19T16:47:09+00:00\" \/>\n<meta property=\"og:image\" content=\"https:\/\/colegioarquitectos.com\/noticias\/wp-content\/uploads\/2017\/04\/Universidad-Central.jpg\" \/>\n\t<meta property=\"og:image:width\" content=\"690\" \/>\n\t<meta property=\"og:image:height\" content=\"350\" \/>\n\t<meta property=\"og:image:type\" content=\"image\/jpeg\" \/>\n<meta name=\"author\" content=\"Colegio de Arquitectos de Chile\" \/>\n<meta name=\"twitter:card\" content=\"summary_large_image\" \/>\n<meta name=\"twitter:creator\" content=\"@colegioarq\" \/>\n<meta name=\"twitter:site\" content=\"@colegioarq\" \/>\n<meta name=\"twitter:label1\" content=\"Escrito por\" \/>\n\t<meta name=\"twitter:data1\" content=\"Colegio de Arquitectos de Chile\" \/>\n\t<meta name=\"twitter:label2\" content=\"Tiempo de lectura\" \/>\n\t<meta name=\"twitter:data2\" content=\"2 minutos\" \/>\n<script type=\"application\/ld+json\" class=\"yoast-schema-graph\">{\"@context\":\"https:\/\/schema.org\",\"@graph\":[{\"@type\":\"Article\",\"@id\":\"https:\/\/colegioarquitectos.com\/noticias\/?p=20070#article\",\"isPartOf\":{\"@id\":\"https:\/\/colegioarquitectos.com\/noticias\/?p=20070\"},\"author\":{\"name\":\"Colegio de Arquitectos de Chile\",\"@id\":\"https:\/\/colegioarquitectos.com\/noticias\/#\/schema\/person\/685cc0aad148303c5608f049af8285ad\"},\"headline\":\"Resultados estudio vivienda vern\u00e1cula bioclim\u00e1tica\",\"datePublished\":\"2018-03-19T16:47:09+00:00\",\"dateModified\":\"2018-03-19T16:47:09+00:00\",\"mainEntityOfPage\":{\"@id\":\"https:\/\/colegioarquitectos.com\/noticias\/?p=20070\"},\"wordCount\":443,\"publisher\":{\"@id\":\"https:\/\/colegioarquitectos.com\/noticias\/#organization\"},\"image\":{\"@id\":\"https:\/\/colegioarquitectos.com\/noticias\/?p=20070#primaryimage\"},\"thumbnailUrl\":\"https:\/\/colegioarquitectos.com\/noticias\/wp-content\/uploads\/2017\/04\/Universidad-Central.jpg\",\"articleSection\":[\"Universidades\"],\"inLanguage\":\"es\"},{\"@type\":\"WebPage\",\"@id\":\"https:\/\/colegioarquitectos.com\/noticias\/?p=20070\",\"url\":\"https:\/\/colegioarquitectos.com\/noticias\/?p=20070\",\"name\":\"Resultados estudio vivienda vern\u00e1cula bioclim\u00e1tica - COLEGIO DE ARQUITECTOS DE CHILE\",\"isPartOf\":{\"@id\":\"https:\/\/colegioarquitectos.com\/noticias\/#website\"},\"primaryImageOfPage\":{\"@id\":\"https:\/\/colegioarquitectos.com\/noticias\/?p=20070#primaryimage\"},\"image\":{\"@id\":\"https:\/\/colegioarquitectos.com\/noticias\/?p=20070#primaryimage\"},\"thumbnailUrl\":\"https:\/\/colegioarquitectos.com\/noticias\/wp-content\/uploads\/2017\/04\/Universidad-Central.jpg\",\"datePublished\":\"2018-03-19T16:47:09+00:00\",\"dateModified\":\"2018-03-19T16:47:09+00:00\",\"breadcrumb\":{\"@id\":\"https:\/\/colegioarquitectos.com\/noticias\/?p=20070#breadcrumb\"},\"inLanguage\":\"es\",\"potentialAction\":[{\"@type\":\"ReadAction\",\"target\":[\"https:\/\/colegioarquitectos.com\/noticias\/?p=20070\"]}]},{\"@type\":\"ImageObject\",\"inLanguage\":\"es\",\"@id\":\"https:\/\/colegioarquitectos.com\/noticias\/?p=20070#primaryimage\",\"url\":\"https:\/\/colegioarquitectos.com\/noticias\/wp-content\/uploads\/2017\/04\/Universidad-Central.jpg\",\"contentUrl\":\"https:\/\/colegioarquitectos.com\/noticias\/wp-content\/uploads\/2017\/04\/Universidad-Central.jpg\",\"width\":690,\"height\":350},{\"@type\":\"BreadcrumbList\",\"@id\":\"https:\/\/colegioarquitectos.com\/noticias\/?p=20070#breadcrumb\",\"itemListElement\":[{\"@type\":\"ListItem\",\"position\":1,\"name\":\"Portada\",\"item\":\"https:\/\/colegioarquitectos.com\/noticias\"},{\"@type\":\"ListItem\",\"position\":2,\"name\":\"Resultados estudio vivienda vern\u00e1cula bioclim\u00e1tica\"}]},{\"@type\":\"WebSite\",\"@id\":\"https:\/\/colegioarquitectos.com\/noticias\/#website\",\"url\":\"https:\/\/colegioarquitectos.com\/noticias\/\",\"name\":\"COLEGIO DE ARQUITECTOS DE CHILE\",\"description\":\"\",\"publisher\":{\"@id\":\"https:\/\/colegioarquitectos.com\/noticias\/#organization\"},\"potentialAction\":[{\"@type\":\"SearchAction\",\"target\":{\"@type\":\"EntryPoint\",\"urlTemplate\":\"https:\/\/colegioarquitectos.com\/noticias\/?s={search_term_string}\"},\"query-input\":{\"@type\":\"PropertyValueSpecification\",\"valueRequired\":true,\"valueName\":\"search_term_string\"}}],\"inLanguage\":\"es\"},{\"@type\":\"Organization\",\"@id\":\"https:\/\/colegioarquitectos.com\/noticias\/#organization\",\"name\":\"COLEGIO DE ARQUITECTOS DE CHILE\",\"url\":\"https:\/\/colegioarquitectos.com\/noticias\/\",\"logo\":{\"@type\":\"ImageObject\",\"inLanguage\":\"es\",\"@id\":\"https:\/\/colegioarquitectos.com\/noticias\/#\/schema\/logo\/image\/\",\"url\":\"https:\/\/colegioarquitectos.com\/noticias\/wp-content\/uploads\/2021\/05\/ENCABEZADO-LOGO-CA.jpg\",\"contentUrl\":\"https:\/\/colegioarquitectos.com\/noticias\/wp-content\/uploads\/2021\/05\/ENCABEZADO-LOGO-CA.jpg\",\"width\":690,\"height\":350,\"caption\":\"COLEGIO DE ARQUITECTOS DE CHILE\"},\"image\":{\"@id\":\"https:\/\/colegioarquitectos.com\/noticias\/#\/schema\/logo\/image\/\"},\"sameAs\":[\"https:\/\/facebook.com\/Colegioarq\/\",\"https:\/\/x.com\/colegioarq\",\"https:\/\/instagram.com\/colegioarq\",\"https:\/\/youtube.com\/@ColegiodeArquitectosdeChile\"]},{\"@type\":\"Person\",\"@id\":\"https:\/\/colegioarquitectos.com\/noticias\/#\/schema\/person\/685cc0aad148303c5608f049af8285ad\",\"name\":\"Colegio de Arquitectos de Chile\",\"url\":\"https:\/\/colegioarquitectos.com\/noticias\/?author=4\"}]}<\/script>\n<!-- \/ Yoast SEO plugin. -->","yoast_head_json":{"title":"Resultados estudio vivienda vern\u00e1cula bioclim\u00e1tica - COLEGIO DE ARQUITECTOS DE CHILE","robots":{"index":"index","follow":"follow","max-snippet":"max-snippet:-1","max-image-preview":"max-image-preview:large","max-video-preview":"max-video-preview:-1"},"canonical":"https:\/\/colegioarquitectos.com\/noticias\/?p=20070","og_locale":"es_ES","og_type":"article","og_title":"Resultados estudio vivienda vern\u00e1cula bioclim\u00e1tica - COLEGIO DE ARQUITECTOS DE CHILE","og_description":"Este mi\u00e9rcoles 21 de marzo, el Laboratorio de Bioclim\u00e1tica (LABBIO) realizar\u00e1 el seminario abierto \u201cVivienda vern\u00e1cula chilena y su adaptaci\u00f3n al clima. Plataforma participativa\u201d. La actividad se enmarca en la difusi\u00f3n de los resultados del proyecto \u201cVivienda vern\u00e1cula en Chile &hellip; ver m\u00e1s","og_url":"https:\/\/colegioarquitectos.com\/noticias\/?p=20070","og_site_name":"COLEGIO DE ARQUITECTOS DE CHILE","article_publisher":"https:\/\/facebook.com\/Colegioarq\/","article_published_time":"2018-03-19T16:47:09+00:00","og_image":[{"width":690,"height":350,"url":"https:\/\/colegioarquitectos.com\/noticias\/wp-content\/uploads\/2017\/04\/Universidad-Central.jpg","type":"image\/jpeg"}],"author":"Colegio de Arquitectos de Chile","twitter_card":"summary_large_image","twitter_creator":"@colegioarq","twitter_site":"@colegioarq","twitter_misc":{"Escrito por":"Colegio de Arquitectos de Chile","Tiempo de lectura":"2 minutos"},"schema":{"@context":"https:\/\/schema.org","@graph":[{"@type":"Article","@id":"https:\/\/colegioarquitectos.com\/noticias\/?p=20070#article","isPartOf":{"@id":"https:\/\/colegioarquitectos.com\/noticias\/?p=20070"},"author":{"name":"Colegio de Arquitectos de Chile","@id":"https:\/\/colegioarquitectos.com\/noticias\/#\/schema\/person\/685cc0aad148303c5608f049af8285ad"},"headline":"Resultados estudio vivienda vern\u00e1cula bioclim\u00e1tica","datePublished":"2018-03-19T16:47:09+00:00","dateModified":"2018-03-19T16:47:09+00:00","mainEntityOfPage":{"@id":"https:\/\/colegioarquitectos.com\/noticias\/?p=20070"},"wordCount":443,"publisher":{"@id":"https:\/\/colegioarquitectos.com\/noticias\/#organization"},"image":{"@id":"https:\/\/colegioarquitectos.com\/noticias\/?p=20070#primaryimage"},"thumbnailUrl":"https:\/\/colegioarquitectos.com\/noticias\/wp-content\/uploads\/2017\/04\/Universidad-Central.jpg","articleSection":["Universidades"],"inLanguage":"es"},{"@type":"WebPage","@id":"https:\/\/colegioarquitectos.com\/noticias\/?p=20070","url":"https:\/\/colegioarquitectos.com\/noticias\/?p=20070","name":"Resultados estudio vivienda vern\u00e1cula bioclim\u00e1tica - COLEGIO DE ARQUITECTOS DE CHILE","isPartOf":{"@id":"https:\/\/colegioarquitectos.com\/noticias\/#website"},"primaryImageOfPage":{"@id":"https:\/\/colegioarquitectos.com\/noticias\/?p=20070#primaryimage"},"image":{"@id":"https:\/\/colegioarquitectos.com\/noticias\/?p=20070#primaryimage"},"thumbnailUrl":"https:\/\/colegioarquitectos.com\/noticias\/wp-content\/uploads\/2017\/04\/Universidad-Central.jpg","datePublished":"2018-03-19T16:47:09+00:00","dateModified":"2018-03-19T16:47:09+00:00","breadcrumb":{"@id":"https:\/\/colegioarquitectos.com\/noticias\/?p=20070#breadcrumb"},"inLanguage":"es","potentialAction":[{"@type":"ReadAction","target":["https:\/\/colegioarquitectos.com\/noticias\/?p=20070"]}]},{"@type":"ImageObject","inLanguage":"es","@id":"https:\/\/colegioarquitectos.com\/noticias\/?p=20070#primaryimage","url":"https:\/\/colegioarquitectos.com\/noticias\/wp-content\/uploads\/2017\/04\/Universidad-Central.jpg","contentUrl":"https:\/\/colegioarquitectos.com\/noticias\/wp-content\/uploads\/2017\/04\/Universidad-Central.jpg","width":690,"height":350},{"@type":"BreadcrumbList","@id":"https:\/\/colegioarquitectos.com\/noticias\/?p=20070#breadcrumb","itemListElement":[{"@type":"ListItem","position":1,"name":"Portada","item":"https:\/\/colegioarquitectos.com\/noticias"},{"@type":"ListItem","position":2,"name":"Resultados estudio vivienda vern\u00e1cula bioclim\u00e1tica"}]},{"@type":"WebSite","@id":"https:\/\/colegioarquitectos.com\/noticias\/#website","url":"https:\/\/colegioarquitectos.com\/noticias\/","name":"COLEGIO DE ARQUITECTOS DE CHILE","description":"","publisher":{"@id":"https:\/\/colegioarquitectos.com\/noticias\/#organization"},"potentialAction":[{"@type":"SearchAction","target":{"@type":"EntryPoint","urlTemplate":"https:\/\/colegioarquitectos.com\/noticias\/?s={search_term_string}"},"query-input":{"@type":"PropertyValueSpecification","valueRequired":true,"valueName":"search_term_string"}}],"inLanguage":"es"},{"@type":"Organization","@id":"https:\/\/colegioarquitectos.com\/noticias\/#organization","name":"COLEGIO DE ARQUITECTOS DE CHILE","url":"https:\/\/colegioarquitectos.com\/noticias\/","logo":{"@type":"ImageObject","inLanguage":"es","@id":"https:\/\/colegioarquitectos.com\/noticias\/#\/schema\/logo\/image\/","url":"https:\/\/colegioarquitectos.com\/noticias\/wp-content\/uploads\/2021\/05\/ENCABEZADO-LOGO-CA.jpg","contentUrl":"https:\/\/colegioarquitectos.com\/noticias\/wp-content\/uploads\/2021\/05\/ENCABEZADO-LOGO-CA.jpg","width":690,"height":350,"caption":"COLEGIO DE ARQUITECTOS DE CHILE"},"image":{"@id":"https:\/\/colegioarquitectos.com\/noticias\/#\/schema\/logo\/image\/"},"sameAs":["https:\/\/facebook.com\/Colegioarq\/","https:\/\/x.com\/colegioarq","https:\/\/instagram.com\/colegioarq","https:\/\/youtube.com\/@ColegiodeArquitectosdeChile"]},{"@type":"Person","@id":"https:\/\/colegioarquitectos.com\/noticias\/#\/schema\/person\/685cc0aad148303c5608f049af8285ad","name":"Colegio de Arquitectos de Chile","url":"https:\/\/colegioarquitectos.com\/noticias\/?author=4"}]}},"_links":{"self":[{"href":"https:\/\/colegioarquitectos.com\/noticias\/index.php?rest_route=\/wp\/v2\/posts\/20070","targetHints":{"allow":["GET"]}}],"collection":[{"href":"https:\/\/colegioarquitectos.com\/noticias\/index.php?rest_route=\/wp\/v2\/posts"}],"about":[{"href":"https:\/\/colegioarquitectos.com\/noticias\/index.php?rest_route=\/wp\/v2\/types\/post"}],"author":[{"embeddable":true,"href":"https:\/\/colegioarquitectos.com\/noticias\/index.php?rest_route=\/wp\/v2\/users\/4"}],"replies":[{"embeddable":true,"href":"https:\/\/colegioarquitectos.com\/noticias\/index.php?rest_route=%2Fwp%2Fv2%2Fcomments&post=20070"}],"version-history":[{"count":0,"href":"https:\/\/colegioarquitectos.com\/noticias\/index.php?rest_route=\/wp\/v2\/posts\/20070\/revisions"}],"wp:featuredmedia":[{"embeddable":true,"href":"https:\/\/colegioarquitectos.com\/noticias\/index.php?rest_route=\/wp\/v2\/media\/17037"}],"wp:attachment":[{"href":"https:\/\/colegioarquitectos.com\/noticias\/index.php?rest_route=%2Fwp%2Fv2%2Fmedia&parent=20070"}],"wp:term":[{"taxonomy":"category","embeddable":true,"href":"https:\/\/colegioarquitectos.com\/noticias\/index.php?rest_route=%2Fwp%2Fv2%2Fcategories&post=20070"},{"taxonomy":"post_tag","embeddable":true,"href":"https:\/\/colegioarquitectos.com\/noticias\/index.php?rest_route=%2Fwp%2Fv2%2Ftags&post=20070"}],"curies":[{"name":"wp","href":"https:\/\/api.w.org\/{rel}","templated":true}]}}