
{"id":20089,"date":"2018-03-20T20:43:45","date_gmt":"2018-03-20T20:43:45","guid":{"rendered":"http:\/\/colegioarquitectos.com\/?p=20089"},"modified":"2018-04-02T14:44:32","modified_gmt":"2018-04-02T14:44:32","slug":"colegio-de-arquitectos-se-reune-con-ministro-de-vivienda-y-urbanismo","status":"publish","type":"post","link":"https:\/\/colegioarquitectos.com\/noticias\/?p=20089","title":{"rendered":"Colegio de Arquitectos propone seis temas al Ministro de Vivienda y Urbanismo"},"content":{"rendered":"<p>Este martes 20 de marzo, los miembros de la Mesa Directiva del Colegio de Arquitectos de Chile llegaron al Ministerio de Vivienda y Urbanismo (MINVU) a una reuni\u00f3n con el reci\u00e9n asumido Ministro Cristi\u00e1n Monckeberg.<\/p>\n<p>Los representantes del gremio dieron la bienvenida al Secretario de Estado, quien estuvo acompa\u00f1ado de Paz Serra, Jefa de la Direcci\u00f3n de Desarrollo Urbano MINVU y el periodista Sebasti\u00e1n Z\u00fa\u00f1iga, jefe de gabinete. Compartieron con ellos su experiencia como arquitectos en los temas de desarrollo urbano y arquitectura e invitaron al Ministro a crear una mesa de trabajo conjunta, que pueda contemplar a otros organismos del Estado, la ciudadan\u00eda y el mundo privado.<\/p>\n<p>Fueron seis los temas base a tratar por los arquitectos en este primer encuentro, en el contexto del nuevo per\u00edodo presidencial:<\/p>\n<p>&nbsp;<\/p>\n<ol>\n<li><strong>La vivienda social<\/strong><\/li>\n<\/ol>\n<p>Terminar con los campamentos en Chile, impulsar concursos de arquitectura para mejorar los proyectos de vivienda social y regular el valor del suelo para vivienda.<\/p>\n<p>&nbsp;<\/p>\n<ol start=\"2\">\n<li><strong>Procesos aprobatorios de edificaciones<\/strong><\/li>\n<\/ol>\n<p>Se coment\u00f3 la necesidad de tener certeza jur\u00eddica y evitar que se repitan casos como los llamados \u201cguetos verticales\u201d de Estaci\u00f3n Central, los abusos inmobiliarios y avanzar en el proyecto DOM en l\u00ednea.<\/p>\n<p>&nbsp;<\/p>\n<ol start=\"3\">\n<li><strong>Temas legislativos<\/strong><\/li>\n<\/ol>\n<p>Modificaci\u00f3n a la Ordenanza General de Urbanismo y Construcciones (OGUC) que data de 1976 y pese a las modificaciones no est\u00e1 a la altura de las demandas del pa\u00eds.<\/p>\n<p>En materia de patrimonio coordinar los Inmuebles de Conservaci\u00f3n Hist\u00f3rica (ICH) de competencia municipal-MINVU con los Monumentos Nacionales (MN) de competencia Ministerio de Educaci\u00f3n y ahora del Ministerio de la Cultura, las Artes y el Patrimonio. Impulsar una Ley de compensaci\u00f3n para inmuebles patrimoniales.<\/p>\n<p>&nbsp;<\/p>\n<ol start=\"4\">\n<li><strong>Ayudar a concretar temas y medidas del Consejo Nacional de Desarrollo Urbano (CNDU)<\/strong> en relaci\u00f3n a la gobernabilidad y sustentabilidad de las ciudades, adem\u00e1s de potenciar el rol de los municipios.<\/li>\n<\/ol>\n<p>&nbsp;<\/p>\n<ol start=\"5\">\n<li><strong>Apoyar la implementaci\u00f3n del Centro Nacional de Arquitectura (CENARQ).\u00a0 \u00a0 \u00a0 \u00a0 \u00a0 \u00a0 \u00a0 \u00a0 \u00a0 \u00a0 \u00a0 \u00a0 \u00a0 \u00a0 \u00a0<\/strong>Apoyar los estudios previos y de factibilidad t\u00e9cnica y econ\u00f3mica de un plan de gesti\u00f3n y un modelo de catalogaci\u00f3n, difusi\u00f3n y exposici\u00f3n de arquitectura, que permitan implementar en Chile en una etapa posterior, un Centro Nacional de Arquitectura, acuerdo de trabajo elaborado a trav\u00e9s de un convenio entre el Ministerio de las Culturas, las Artes y el Patrimonio, el MINVU y la Universidad de Chile (Facultad de Arquitectura y Urbanismo).<\/li>\n<\/ol>\n<ol start=\"6\">\n<li><strong>Invitar al MINVU a ser parte de la pr\u00f3xima Bienal de arquitectura 2019<\/strong> que se est\u00e1 evaluando hacer en Santiago con car\u00e1cter nacional y tendr\u00e1 una mirada especifica hacia la revitalizaci\u00f3n de los barrios y la innovaci\u00f3n.<\/li>\n<\/ol>\n<p>&nbsp;<\/p>\n<p>En relaci\u00f3n a los temas tratados y a la invitaci\u00f3n a trabajar en conjunto, el Ministro Monckeberg se refiri\u00f3:<\/p>\n<p>-Coincidimos en muchos aspectos con el Colegio de Arquitectos, que tienen como objetivo mejorar la calidad de vida de las personas. El MINVU no solo tiene como mandato velar por soluciones habitacionales sino tambi\u00e9n construir ciudades m\u00e1s eficientes y sustentables, recuperar barrios y hacer que los centros urbanos sean lugares m\u00e1s amables, temas en que el Colegio de Arquitectos nos aportar\u00e1 con ideas y propuestas.<\/p>\n<p>A su vez Humberto Eliash, Presidente Nacional del Colegio de Arquitectos, coment\u00f3: -Rescatamos la voluntad del Ministro de trabajar en una agenda com\u00fan y sobre todo de enfocarnos en construir ciudad, es decir no solo a planificar desde los n\u00fameros sino a mejorar los barrios y tambi\u00e9n la institucionalidad para que los progresos en materia urbana sean estables y sustentables.<\/p>\n<p>&nbsp;<\/p>\n<p><img loading=\"lazy\" decoding=\"async\" class=\"alignnone wp-image-20091 size-full\" src=\"http:\/\/colegioarquitectos.com\/noticias\/wp-content\/uploads\/2018\/03\/Ministro-Cristi\u00e1n-Monckeberg-y-colegio-de-Arquitectos-2-BAJA.jpg\" alt=\"\" width=\"800\" height=\"501\" srcset=\"https:\/\/colegioarquitectos.com\/noticias\/wp-content\/uploads\/2018\/03\/Ministro-Cristi\u00e1n-Monckeberg-y-colegio-de-Arquitectos-2-BAJA.jpg 800w, https:\/\/colegioarquitectos.com\/noticias\/wp-content\/uploads\/2018\/03\/Ministro-Cristi\u00e1n-Monckeberg-y-colegio-de-Arquitectos-2-BAJA-300x188.jpg 300w, https:\/\/colegioarquitectos.com\/noticias\/wp-content\/uploads\/2018\/03\/Ministro-Cristi\u00e1n-Monckeberg-y-colegio-de-Arquitectos-2-BAJA-768x481.jpg 768w, https:\/\/colegioarquitectos.com\/noticias\/wp-content\/uploads\/2018\/03\/Ministro-Cristi\u00e1n-Monckeberg-y-colegio-de-Arquitectos-2-BAJA-400x250.jpg 400w\" sizes=\"auto, (max-width: 800px) 100vw, 800px\" \/><\/p>\n<p><em>Alberto Texido (Past Presidente CA), Soledad Larra\u00edn (Secretaria General CA), Cristi\u00e1n Monckeberg (Ministro de Vivienda y Urbanismo), Humberto Eliash (Presidente CA), Jorge Guzm\u00e1n (Tesorero General CA), Paz Serra (Jefa DDU) \u00a0y Fernando Mar\u00edn (Vicepresidente CA).\u00a0<\/em><\/p>\n<p><\/p>","protected":false},"excerpt":{"rendered":"<p>Este martes 20 de marzo, los miembros de la Mesa Directiva del Colegio de Arquitectos de Chile llegaron al Ministerio de Vivienda y Urbanismo (MINVU) a una reuni\u00f3n con el reci\u00e9n asumido Ministro Cristi\u00e1n Monckeberg. Los representantes del gremio dieron &hellip; <a class=\"more-link\" href=\"https:\/\/colegioarquitectos.com\/noticias\/?p=20089\">ver m\u00e1s<\/a><\/p>","protected":false},"author":4,"featured_media":20090,"comment_status":"closed","ping_status":"closed","sticky":false,"template":"","format":"standard","meta":{"footnotes":""},"categories":[3],"tags":[],"class_list":["post-20089","post","type-post","status-publish","format-standard","has-post-thumbnail","hentry","category-noticias"],"yoast_head":"<!-- This site is optimized with the Yoast SEO plugin v24.2 - https:\/\/yoast.com\/wordpress\/plugins\/seo\/ -->\n<title>Colegio de Arquitectos propone seis temas al Ministro de Vivienda y Urbanismo - COLEGIO DE ARQUITECTOS DE CHILE<\/title>\n<meta name=\"robots\" content=\"index, follow, max-snippet:-1, max-image-preview:large, max-video-preview:-1\" \/>\n<link rel=\"canonical\" href=\"https:\/\/colegioarquitectos.com\/noticias\/?p=20089\" \/>\n<meta property=\"og:locale\" content=\"es_ES\" \/>\n<meta property=\"og:type\" content=\"article\" \/>\n<meta property=\"og:title\" content=\"Colegio de Arquitectos propone seis temas al Ministro de Vivienda y Urbanismo - COLEGIO DE ARQUITECTOS DE CHILE\" \/>\n<meta property=\"og:description\" content=\"Este martes 20 de marzo, los miembros de la Mesa Directiva del Colegio de Arquitectos de Chile llegaron al Ministerio de Vivienda y Urbanismo (MINVU) a una reuni\u00f3n con el reci\u00e9n asumido Ministro Cristi\u00e1n Monckeberg. Los representantes del gremio dieron &hellip; ver m\u00e1s\" \/>\n<meta property=\"og:url\" content=\"https:\/\/colegioarquitectos.com\/noticias\/?p=20089\" \/>\n<meta property=\"og:site_name\" content=\"COLEGIO DE ARQUITECTOS DE CHILE\" \/>\n<meta property=\"article:publisher\" content=\"https:\/\/facebook.com\/Colegioarq\/\" \/>\n<meta property=\"article:published_time\" content=\"2018-03-20T20:43:45+00:00\" \/>\n<meta property=\"article:modified_time\" content=\"2018-04-02T14:44:32+00:00\" \/>\n<meta property=\"og:image\" content=\"https:\/\/colegioarquitectos.com\/noticias\/wp-content\/uploads\/2018\/03\/Reuni\u00f3n-CA-MINVU.jpg\" \/>\n\t<meta property=\"og:image:width\" content=\"690\" \/>\n\t<meta property=\"og:image:height\" content=\"350\" \/>\n\t<meta property=\"og:image:type\" content=\"image\/jpeg\" \/>\n<meta name=\"author\" content=\"Colegio de Arquitectos de Chile\" \/>\n<meta name=\"twitter:card\" content=\"summary_large_image\" \/>\n<meta name=\"twitter:creator\" content=\"@colegioarq\" \/>\n<meta name=\"twitter:site\" content=\"@colegioarq\" \/>\n<meta name=\"twitter:label1\" content=\"Escrito por\" \/>\n\t<meta name=\"twitter:data1\" content=\"Colegio de Arquitectos de Chile\" \/>\n\t<meta name=\"twitter:label2\" content=\"Tiempo de lectura\" \/>\n\t<meta name=\"twitter:data2\" content=\"3 minutos\" \/>\n<script type=\"application\/ld+json\" class=\"yoast-schema-graph\">{\"@context\":\"https:\/\/schema.org\",\"@graph\":[{\"@type\":\"Article\",\"@id\":\"https:\/\/colegioarquitectos.com\/noticias\/?p=20089#article\",\"isPartOf\":{\"@id\":\"https:\/\/colegioarquitectos.com\/noticias\/?p=20089\"},\"author\":{\"name\":\"Colegio de Arquitectos de Chile\",\"@id\":\"https:\/\/colegioarquitectos.com\/noticias\/#\/schema\/person\/685cc0aad148303c5608f049af8285ad\"},\"headline\":\"Colegio de Arquitectos propone seis temas al Ministro de Vivienda y Urbanismo\",\"datePublished\":\"2018-03-20T20:43:45+00:00\",\"dateModified\":\"2018-04-02T14:44:32+00:00\",\"mainEntityOfPage\":{\"@id\":\"https:\/\/colegioarquitectos.com\/noticias\/?p=20089\"},\"wordCount\":656,\"publisher\":{\"@id\":\"https:\/\/colegioarquitectos.com\/noticias\/#organization\"},\"image\":{\"@id\":\"https:\/\/colegioarquitectos.com\/noticias\/?p=20089#primaryimage\"},\"thumbnailUrl\":\"https:\/\/colegioarquitectos.com\/noticias\/wp-content\/uploads\/2018\/03\/Reuni\u00f3n-CA-MINVU.jpg\",\"articleSection\":[\"Noticias\"],\"inLanguage\":\"es\"},{\"@type\":\"WebPage\",\"@id\":\"https:\/\/colegioarquitectos.com\/noticias\/?p=20089\",\"url\":\"https:\/\/colegioarquitectos.com\/noticias\/?p=20089\",\"name\":\"Colegio de Arquitectos propone seis temas al Ministro de Vivienda y Urbanismo - COLEGIO DE ARQUITECTOS DE CHILE\",\"isPartOf\":{\"@id\":\"https:\/\/colegioarquitectos.com\/noticias\/#website\"},\"primaryImageOfPage\":{\"@id\":\"https:\/\/colegioarquitectos.com\/noticias\/?p=20089#primaryimage\"},\"image\":{\"@id\":\"https:\/\/colegioarquitectos.com\/noticias\/?p=20089#primaryimage\"},\"thumbnailUrl\":\"https:\/\/colegioarquitectos.com\/noticias\/wp-content\/uploads\/2018\/03\/Reuni\u00f3n-CA-MINVU.jpg\",\"datePublished\":\"2018-03-20T20:43:45+00:00\",\"dateModified\":\"2018-04-02T14:44:32+00:00\",\"breadcrumb\":{\"@id\":\"https:\/\/colegioarquitectos.com\/noticias\/?p=20089#breadcrumb\"},\"inLanguage\":\"es\",\"potentialAction\":[{\"@type\":\"ReadAction\",\"target\":[\"https:\/\/colegioarquitectos.com\/noticias\/?p=20089\"]}]},{\"@type\":\"ImageObject\",\"inLanguage\":\"es\",\"@id\":\"https:\/\/colegioarquitectos.com\/noticias\/?p=20089#primaryimage\",\"url\":\"https:\/\/colegioarquitectos.com\/noticias\/wp-content\/uploads\/2018\/03\/Reuni\u00f3n-CA-MINVU.jpg\",\"contentUrl\":\"https:\/\/colegioarquitectos.com\/noticias\/wp-content\/uploads\/2018\/03\/Reuni\u00f3n-CA-MINVU.jpg\",\"width\":690,\"height\":350},{\"@type\":\"BreadcrumbList\",\"@id\":\"https:\/\/colegioarquitectos.com\/noticias\/?p=20089#breadcrumb\",\"itemListElement\":[{\"@type\":\"ListItem\",\"position\":1,\"name\":\"Portada\",\"item\":\"https:\/\/colegioarquitectos.com\/noticias\"},{\"@type\":\"ListItem\",\"position\":2,\"name\":\"Colegio de Arquitectos propone seis temas al Ministro de Vivienda y Urbanismo\"}]},{\"@type\":\"WebSite\",\"@id\":\"https:\/\/colegioarquitectos.com\/noticias\/#website\",\"url\":\"https:\/\/colegioarquitectos.com\/noticias\/\",\"name\":\"COLEGIO DE ARQUITECTOS DE CHILE\",\"description\":\"\",\"publisher\":{\"@id\":\"https:\/\/colegioarquitectos.com\/noticias\/#organization\"},\"potentialAction\":[{\"@type\":\"SearchAction\",\"target\":{\"@type\":\"EntryPoint\",\"urlTemplate\":\"https:\/\/colegioarquitectos.com\/noticias\/?s={search_term_string}\"},\"query-input\":{\"@type\":\"PropertyValueSpecification\",\"valueRequired\":true,\"valueName\":\"search_term_string\"}}],\"inLanguage\":\"es\"},{\"@type\":\"Organization\",\"@id\":\"https:\/\/colegioarquitectos.com\/noticias\/#organization\",\"name\":\"COLEGIO DE ARQUITECTOS DE CHILE\",\"url\":\"https:\/\/colegioarquitectos.com\/noticias\/\",\"logo\":{\"@type\":\"ImageObject\",\"inLanguage\":\"es\",\"@id\":\"https:\/\/colegioarquitectos.com\/noticias\/#\/schema\/logo\/image\/\",\"url\":\"https:\/\/colegioarquitectos.com\/noticias\/wp-content\/uploads\/2021\/05\/ENCABEZADO-LOGO-CA.jpg\",\"contentUrl\":\"https:\/\/colegioarquitectos.com\/noticias\/wp-content\/uploads\/2021\/05\/ENCABEZADO-LOGO-CA.jpg\",\"width\":690,\"height\":350,\"caption\":\"COLEGIO DE ARQUITECTOS DE CHILE\"},\"image\":{\"@id\":\"https:\/\/colegioarquitectos.com\/noticias\/#\/schema\/logo\/image\/\"},\"sameAs\":[\"https:\/\/facebook.com\/Colegioarq\/\",\"https:\/\/x.com\/colegioarq\",\"https:\/\/instagram.com\/colegioarq\",\"https:\/\/youtube.com\/@ColegiodeArquitectosdeChile\"]},{\"@type\":\"Person\",\"@id\":\"https:\/\/colegioarquitectos.com\/noticias\/#\/schema\/person\/685cc0aad148303c5608f049af8285ad\",\"name\":\"Colegio de Arquitectos de Chile\",\"url\":\"https:\/\/colegioarquitectos.com\/noticias\/?author=4\"}]}<\/script>\n<!-- \/ Yoast SEO plugin. -->","yoast_head_json":{"title":"Colegio de Arquitectos propone seis temas al Ministro de Vivienda y Urbanismo - COLEGIO DE ARQUITECTOS DE CHILE","robots":{"index":"index","follow":"follow","max-snippet":"max-snippet:-1","max-image-preview":"max-image-preview:large","max-video-preview":"max-video-preview:-1"},"canonical":"https:\/\/colegioarquitectos.com\/noticias\/?p=20089","og_locale":"es_ES","og_type":"article","og_title":"Colegio de Arquitectos propone seis temas al Ministro de Vivienda y Urbanismo - COLEGIO DE ARQUITECTOS DE CHILE","og_description":"Este martes 20 de marzo, los miembros de la Mesa Directiva del Colegio de Arquitectos de Chile llegaron al Ministerio de Vivienda y Urbanismo (MINVU) a una reuni\u00f3n con el reci\u00e9n asumido Ministro Cristi\u00e1n Monckeberg. Los representantes del gremio dieron &hellip; ver m\u00e1s","og_url":"https:\/\/colegioarquitectos.com\/noticias\/?p=20089","og_site_name":"COLEGIO DE ARQUITECTOS DE CHILE","article_publisher":"https:\/\/facebook.com\/Colegioarq\/","article_published_time":"2018-03-20T20:43:45+00:00","article_modified_time":"2018-04-02T14:44:32+00:00","og_image":[{"width":690,"height":350,"url":"https:\/\/colegioarquitectos.com\/noticias\/wp-content\/uploads\/2018\/03\/Reuni\u00f3n-CA-MINVU.jpg","type":"image\/jpeg"}],"author":"Colegio de Arquitectos de Chile","twitter_card":"summary_large_image","twitter_creator":"@colegioarq","twitter_site":"@colegioarq","twitter_misc":{"Escrito por":"Colegio de Arquitectos de Chile","Tiempo de lectura":"3 minutos"},"schema":{"@context":"https:\/\/schema.org","@graph":[{"@type":"Article","@id":"https:\/\/colegioarquitectos.com\/noticias\/?p=20089#article","isPartOf":{"@id":"https:\/\/colegioarquitectos.com\/noticias\/?p=20089"},"author":{"name":"Colegio de Arquitectos de Chile","@id":"https:\/\/colegioarquitectos.com\/noticias\/#\/schema\/person\/685cc0aad148303c5608f049af8285ad"},"headline":"Colegio de Arquitectos propone seis temas al Ministro de Vivienda y Urbanismo","datePublished":"2018-03-20T20:43:45+00:00","dateModified":"2018-04-02T14:44:32+00:00","mainEntityOfPage":{"@id":"https:\/\/colegioarquitectos.com\/noticias\/?p=20089"},"wordCount":656,"publisher":{"@id":"https:\/\/colegioarquitectos.com\/noticias\/#organization"},"image":{"@id":"https:\/\/colegioarquitectos.com\/noticias\/?p=20089#primaryimage"},"thumbnailUrl":"https:\/\/colegioarquitectos.com\/noticias\/wp-content\/uploads\/2018\/03\/Reuni\u00f3n-CA-MINVU.jpg","articleSection":["Noticias"],"inLanguage":"es"},{"@type":"WebPage","@id":"https:\/\/colegioarquitectos.com\/noticias\/?p=20089","url":"https:\/\/colegioarquitectos.com\/noticias\/?p=20089","name":"Colegio de Arquitectos propone seis temas al Ministro de Vivienda y Urbanismo - COLEGIO DE ARQUITECTOS DE CHILE","isPartOf":{"@id":"https:\/\/colegioarquitectos.com\/noticias\/#website"},"primaryImageOfPage":{"@id":"https:\/\/colegioarquitectos.com\/noticias\/?p=20089#primaryimage"},"image":{"@id":"https:\/\/colegioarquitectos.com\/noticias\/?p=20089#primaryimage"},"thumbnailUrl":"https:\/\/colegioarquitectos.com\/noticias\/wp-content\/uploads\/2018\/03\/Reuni\u00f3n-CA-MINVU.jpg","datePublished":"2018-03-20T20:43:45+00:00","dateModified":"2018-04-02T14:44:32+00:00","breadcrumb":{"@id":"https:\/\/colegioarquitectos.com\/noticias\/?p=20089#breadcrumb"},"inLanguage":"es","potentialAction":[{"@type":"ReadAction","target":["https:\/\/colegioarquitectos.com\/noticias\/?p=20089"]}]},{"@type":"ImageObject","inLanguage":"es","@id":"https:\/\/colegioarquitectos.com\/noticias\/?p=20089#primaryimage","url":"https:\/\/colegioarquitectos.com\/noticias\/wp-content\/uploads\/2018\/03\/Reuni\u00f3n-CA-MINVU.jpg","contentUrl":"https:\/\/colegioarquitectos.com\/noticias\/wp-content\/uploads\/2018\/03\/Reuni\u00f3n-CA-MINVU.jpg","width":690,"height":350},{"@type":"BreadcrumbList","@id":"https:\/\/colegioarquitectos.com\/noticias\/?p=20089#breadcrumb","itemListElement":[{"@type":"ListItem","position":1,"name":"Portada","item":"https:\/\/colegioarquitectos.com\/noticias"},{"@type":"ListItem","position":2,"name":"Colegio de Arquitectos propone seis temas al Ministro de Vivienda y Urbanismo"}]},{"@type":"WebSite","@id":"https:\/\/colegioarquitectos.com\/noticias\/#website","url":"https:\/\/colegioarquitectos.com\/noticias\/","name":"COLEGIO DE ARQUITECTOS DE CHILE","description":"","publisher":{"@id":"https:\/\/colegioarquitectos.com\/noticias\/#organization"},"potentialAction":[{"@type":"SearchAction","target":{"@type":"EntryPoint","urlTemplate":"https:\/\/colegioarquitectos.com\/noticias\/?s={search_term_string}"},"query-input":{"@type":"PropertyValueSpecification","valueRequired":true,"valueName":"search_term_string"}}],"inLanguage":"es"},{"@type":"Organization","@id":"https:\/\/colegioarquitectos.com\/noticias\/#organization","name":"COLEGIO DE ARQUITECTOS DE CHILE","url":"https:\/\/colegioarquitectos.com\/noticias\/","logo":{"@type":"ImageObject","inLanguage":"es","@id":"https:\/\/colegioarquitectos.com\/noticias\/#\/schema\/logo\/image\/","url":"https:\/\/colegioarquitectos.com\/noticias\/wp-content\/uploads\/2021\/05\/ENCABEZADO-LOGO-CA.jpg","contentUrl":"https:\/\/colegioarquitectos.com\/noticias\/wp-content\/uploads\/2021\/05\/ENCABEZADO-LOGO-CA.jpg","width":690,"height":350,"caption":"COLEGIO DE ARQUITECTOS DE CHILE"},"image":{"@id":"https:\/\/colegioarquitectos.com\/noticias\/#\/schema\/logo\/image\/"},"sameAs":["https:\/\/facebook.com\/Colegioarq\/","https:\/\/x.com\/colegioarq","https:\/\/instagram.com\/colegioarq","https:\/\/youtube.com\/@ColegiodeArquitectosdeChile"]},{"@type":"Person","@id":"https:\/\/colegioarquitectos.com\/noticias\/#\/schema\/person\/685cc0aad148303c5608f049af8285ad","name":"Colegio de Arquitectos de Chile","url":"https:\/\/colegioarquitectos.com\/noticias\/?author=4"}]}},"_links":{"self":[{"href":"https:\/\/colegioarquitectos.com\/noticias\/index.php?rest_route=\/wp\/v2\/posts\/20089","targetHints":{"allow":["GET"]}}],"collection":[{"href":"https:\/\/colegioarquitectos.com\/noticias\/index.php?rest_route=\/wp\/v2\/posts"}],"about":[{"href":"https:\/\/colegioarquitectos.com\/noticias\/index.php?rest_route=\/wp\/v2\/types\/post"}],"author":[{"embeddable":true,"href":"https:\/\/colegioarquitectos.com\/noticias\/index.php?rest_route=\/wp\/v2\/users\/4"}],"replies":[{"embeddable":true,"href":"https:\/\/colegioarquitectos.com\/noticias\/index.php?rest_route=%2Fwp%2Fv2%2Fcomments&post=20089"}],"version-history":[{"count":0,"href":"https:\/\/colegioarquitectos.com\/noticias\/index.php?rest_route=\/wp\/v2\/posts\/20089\/revisions"}],"wp:featuredmedia":[{"embeddable":true,"href":"https:\/\/colegioarquitectos.com\/noticias\/index.php?rest_route=\/wp\/v2\/media\/20090"}],"wp:attachment":[{"href":"https:\/\/colegioarquitectos.com\/noticias\/index.php?rest_route=%2Fwp%2Fv2%2Fmedia&parent=20089"}],"wp:term":[{"taxonomy":"category","embeddable":true,"href":"https:\/\/colegioarquitectos.com\/noticias\/index.php?rest_route=%2Fwp%2Fv2%2Fcategories&post=20089"},{"taxonomy":"post_tag","embeddable":true,"href":"https:\/\/colegioarquitectos.com\/noticias\/index.php?rest_route=%2Fwp%2Fv2%2Ftags&post=20089"}],"curies":[{"name":"wp","href":"https:\/\/api.w.org\/{rel}","templated":true}]}}