
{"id":20106,"date":"2018-03-21T19:13:48","date_gmt":"2018-03-21T19:13:48","guid":{"rendered":"http:\/\/colegioarquitectos.com\/?p=20106"},"modified":"2018-03-21T19:13:48","modified_gmt":"2018-03-21T19:13:48","slug":"libro-recopila-articulos-sobre-urbanismo-y-transporte-publico","status":"publish","type":"post","link":"https:\/\/colegioarquitectos.com\/noticias\/?p=20106","title":{"rendered":"Libro recopila art\u00edculos sobre urbanismo y transporte p\u00fablico"},"content":{"rendered":"<p><strong>El Colectivo Metr\u00f3polis y el Museo Benjam\u00edn Vicu\u00f1a Mackenna invitan al lanzamiento del texto \u201c<\/strong><strong>Urbanismo y transporte p\u00fablico: miradas al siglo XX\u201d. Jueves 22 de marzo, 19:00 horas. <\/strong><\/p>\n<p>La importancia del urbanismo y la planificaci\u00f3n en transporte ha sido central para la modernizaci\u00f3n de las ciudades de la regi\u00f3n, comprometiendo amplios recursos en su dise\u00f1o y realizaci\u00f3n, convirti\u00e9ndose con ello en fuente de discusi\u00f3n central para los debates respecto a la elaboraci\u00f3n de pol\u00edticas p\u00fablicas. As\u00ed lo proponen los integrantes del Colectivo Metr\u00f3polis, responsables del libro \u201cUrbanismo y transporte p\u00fablico: miradas al siglo xx\u201d.<\/p>\n<p>Este texto contiene las ponencias de destacados investigadores, arquitectos, historiadores y soci\u00f3logos, presentadas en el seminario de investigaci\u00f3n del mismo nombre, organizado por el Colectivo y financiado por el Consejo de la Cultura y las Artes mediante un Fondart nacional, y realizado en el Museo Benjam\u00edn Vicu\u00f1a Mackenna el 22 de noviembre de 2016.<\/p>\n<p>Waldo Vila, historiador e integrante del Colectivo Metr\u00f3polis, se\u00f1ala que \u201cla presente reuni\u00f3n de art\u00edculos es una propuesta por aportar nuevos elementos te\u00f3ricos y disciplinares al debate actual sobre la movilidad en las ciudades latinoamericanas, pero tambi\u00e9n, busca generar una discusi\u00f3n interdisciplinaria respecto al rol que ha cumplido la locomoci\u00f3n colectiva en el desarrollo urbano\u201d.<\/p>\n<p>El Colectivo Metr\u00f3plis, creado en 2010, est\u00e1 dedicado al rescate y estudio de la historia del transporte p\u00fablico, tanto en Chile como en Latinoam\u00e9rica. Sus tres integrantes, Sim\u00f3n Castillo F., Marcelo Mardones P. y Waldo Vila M., son doctores en Arquitectura y Estudios Urbanos por la Pontificia Universidad Cat\u00f3lica de Chile y tanto en conjunto como por separado han desarrollado investigaciones en torno a la historia urbana de distintas ciudades chilenas, adem\u00e1s de practicar la docencia en diversas casas de estudio.<\/p>\n<p>El lanzamiento se realizar\u00e1 el jueves 22 de marzo a las 19:00 en el Museo Benjam\u00edn Vicu\u00f1a Mackenna, ubicado en Avda. Vicu\u00f1a Mackenna 94, Providencia. La actividad es gratuita, abierta a la comunidad.<\/p>\n<p><\/p>","protected":false},"excerpt":{"rendered":"<p>El Colectivo Metr\u00f3polis y el Museo Benjam\u00edn Vicu\u00f1a Mackenna invitan al lanzamiento del texto \u201cUrbanismo y transporte p\u00fablico: miradas al siglo XX\u201d. Jueves 22 de marzo, 19:00 horas. La importancia del urbanismo y la planificaci\u00f3n en transporte ha sido central &hellip; <a class=\"more-link\" href=\"https:\/\/colegioarquitectos.com\/noticias\/?p=20106\">ver m\u00e1s<\/a><\/p>","protected":false},"author":4,"featured_media":20107,"comment_status":"closed","ping_status":"closed","sticky":false,"template":"","format":"standard","meta":{"footnotes":""},"categories":[19],"tags":[],"class_list":["post-20106","post","type-post","status-publish","format-standard","has-post-thumbnail","hentry","category-actividades"],"yoast_head":"<!-- This site is optimized with the Yoast SEO plugin v24.2 - https:\/\/yoast.com\/wordpress\/plugins\/seo\/ -->\n<title>Libro recopila art\u00edculos sobre urbanismo y transporte p\u00fablico - COLEGIO DE ARQUITECTOS DE CHILE<\/title>\n<meta name=\"robots\" content=\"index, follow, max-snippet:-1, max-image-preview:large, max-video-preview:-1\" \/>\n<link rel=\"canonical\" href=\"https:\/\/colegioarquitectos.com\/noticias\/?p=20106\" \/>\n<meta property=\"og:locale\" content=\"es_ES\" \/>\n<meta property=\"og:type\" content=\"article\" \/>\n<meta property=\"og:title\" content=\"Libro recopila art\u00edculos sobre urbanismo y transporte p\u00fablico - COLEGIO DE ARQUITECTOS DE CHILE\" \/>\n<meta property=\"og:description\" content=\"El Colectivo Metr\u00f3polis y el Museo Benjam\u00edn Vicu\u00f1a Mackenna invitan al lanzamiento del texto \u201cUrbanismo y transporte p\u00fablico: miradas al siglo XX\u201d. Jueves 22 de marzo, 19:00 horas. La importancia del urbanismo y la planificaci\u00f3n en transporte ha sido central &hellip; ver m\u00e1s\" \/>\n<meta property=\"og:url\" content=\"https:\/\/colegioarquitectos.com\/noticias\/?p=20106\" \/>\n<meta property=\"og:site_name\" content=\"COLEGIO DE ARQUITECTOS DE CHILE\" \/>\n<meta property=\"article:publisher\" content=\"https:\/\/facebook.com\/Colegioarq\/\" \/>\n<meta property=\"article:published_time\" content=\"2018-03-21T19:13:48+00:00\" \/>\n<meta property=\"og:image\" content=\"https:\/\/colegioarquitectos.com\/noticias\/wp-content\/uploads\/2018\/03\/22-de-marzo-Urbanismo-y-Transporte-P\u00fablico.jpg\" \/>\n\t<meta property=\"og:image:width\" content=\"690\" \/>\n\t<meta property=\"og:image:height\" content=\"350\" \/>\n\t<meta property=\"og:image:type\" content=\"image\/jpeg\" \/>\n<meta name=\"author\" content=\"Colegio de Arquitectos de Chile\" \/>\n<meta name=\"twitter:card\" content=\"summary_large_image\" \/>\n<meta name=\"twitter:creator\" content=\"@colegioarq\" \/>\n<meta name=\"twitter:site\" content=\"@colegioarq\" \/>\n<meta name=\"twitter:label1\" content=\"Escrito por\" \/>\n\t<meta name=\"twitter:data1\" content=\"Colegio de Arquitectos de Chile\" \/>\n\t<meta name=\"twitter:label2\" content=\"Tiempo de lectura\" \/>\n\t<meta name=\"twitter:data2\" content=\"2 minutos\" \/>\n<script type=\"application\/ld+json\" class=\"yoast-schema-graph\">{\"@context\":\"https:\/\/schema.org\",\"@graph\":[{\"@type\":\"Article\",\"@id\":\"https:\/\/colegioarquitectos.com\/noticias\/?p=20106#article\",\"isPartOf\":{\"@id\":\"https:\/\/colegioarquitectos.com\/noticias\/?p=20106\"},\"author\":{\"name\":\"Colegio de Arquitectos de Chile\",\"@id\":\"https:\/\/colegioarquitectos.com\/noticias\/#\/schema\/person\/685cc0aad148303c5608f049af8285ad\"},\"headline\":\"Libro recopila art\u00edculos sobre urbanismo y transporte p\u00fablico\",\"datePublished\":\"2018-03-21T19:13:48+00:00\",\"dateModified\":\"2018-03-21T19:13:48+00:00\",\"mainEntityOfPage\":{\"@id\":\"https:\/\/colegioarquitectos.com\/noticias\/?p=20106\"},\"wordCount\":356,\"publisher\":{\"@id\":\"https:\/\/colegioarquitectos.com\/noticias\/#organization\"},\"image\":{\"@id\":\"https:\/\/colegioarquitectos.com\/noticias\/?p=20106#primaryimage\"},\"thumbnailUrl\":\"https:\/\/colegioarquitectos.com\/noticias\/wp-content\/uploads\/2018\/03\/22-de-marzo-Urbanismo-y-Transporte-P\u00fablico.jpg\",\"articleSection\":[\"Actividades\"],\"inLanguage\":\"es\"},{\"@type\":\"WebPage\",\"@id\":\"https:\/\/colegioarquitectos.com\/noticias\/?p=20106\",\"url\":\"https:\/\/colegioarquitectos.com\/noticias\/?p=20106\",\"name\":\"Libro recopila art\u00edculos sobre urbanismo y transporte p\u00fablico - COLEGIO DE ARQUITECTOS DE CHILE\",\"isPartOf\":{\"@id\":\"https:\/\/colegioarquitectos.com\/noticias\/#website\"},\"primaryImageOfPage\":{\"@id\":\"https:\/\/colegioarquitectos.com\/noticias\/?p=20106#primaryimage\"},\"image\":{\"@id\":\"https:\/\/colegioarquitectos.com\/noticias\/?p=20106#primaryimage\"},\"thumbnailUrl\":\"https:\/\/colegioarquitectos.com\/noticias\/wp-content\/uploads\/2018\/03\/22-de-marzo-Urbanismo-y-Transporte-P\u00fablico.jpg\",\"datePublished\":\"2018-03-21T19:13:48+00:00\",\"dateModified\":\"2018-03-21T19:13:48+00:00\",\"breadcrumb\":{\"@id\":\"https:\/\/colegioarquitectos.com\/noticias\/?p=20106#breadcrumb\"},\"inLanguage\":\"es\",\"potentialAction\":[{\"@type\":\"ReadAction\",\"target\":[\"https:\/\/colegioarquitectos.com\/noticias\/?p=20106\"]}]},{\"@type\":\"ImageObject\",\"inLanguage\":\"es\",\"@id\":\"https:\/\/colegioarquitectos.com\/noticias\/?p=20106#primaryimage\",\"url\":\"https:\/\/colegioarquitectos.com\/noticias\/wp-content\/uploads\/2018\/03\/22-de-marzo-Urbanismo-y-Transporte-P\u00fablico.jpg\",\"contentUrl\":\"https:\/\/colegioarquitectos.com\/noticias\/wp-content\/uploads\/2018\/03\/22-de-marzo-Urbanismo-y-Transporte-P\u00fablico.jpg\",\"width\":690,\"height\":350},{\"@type\":\"BreadcrumbList\",\"@id\":\"https:\/\/colegioarquitectos.com\/noticias\/?p=20106#breadcrumb\",\"itemListElement\":[{\"@type\":\"ListItem\",\"position\":1,\"name\":\"Portada\",\"item\":\"https:\/\/colegioarquitectos.com\/noticias\"},{\"@type\":\"ListItem\",\"position\":2,\"name\":\"Libro recopila art\u00edculos sobre urbanismo y transporte p\u00fablico\"}]},{\"@type\":\"WebSite\",\"@id\":\"https:\/\/colegioarquitectos.com\/noticias\/#website\",\"url\":\"https:\/\/colegioarquitectos.com\/noticias\/\",\"name\":\"COLEGIO DE ARQUITECTOS DE CHILE\",\"description\":\"\",\"publisher\":{\"@id\":\"https:\/\/colegioarquitectos.com\/noticias\/#organization\"},\"potentialAction\":[{\"@type\":\"SearchAction\",\"target\":{\"@type\":\"EntryPoint\",\"urlTemplate\":\"https:\/\/colegioarquitectos.com\/noticias\/?s={search_term_string}\"},\"query-input\":{\"@type\":\"PropertyValueSpecification\",\"valueRequired\":true,\"valueName\":\"search_term_string\"}}],\"inLanguage\":\"es\"},{\"@type\":\"Organization\",\"@id\":\"https:\/\/colegioarquitectos.com\/noticias\/#organization\",\"name\":\"COLEGIO DE ARQUITECTOS DE CHILE\",\"url\":\"https:\/\/colegioarquitectos.com\/noticias\/\",\"logo\":{\"@type\":\"ImageObject\",\"inLanguage\":\"es\",\"@id\":\"https:\/\/colegioarquitectos.com\/noticias\/#\/schema\/logo\/image\/\",\"url\":\"https:\/\/colegioarquitectos.com\/noticias\/wp-content\/uploads\/2021\/05\/ENCABEZADO-LOGO-CA.jpg\",\"contentUrl\":\"https:\/\/colegioarquitectos.com\/noticias\/wp-content\/uploads\/2021\/05\/ENCABEZADO-LOGO-CA.jpg\",\"width\":690,\"height\":350,\"caption\":\"COLEGIO DE ARQUITECTOS DE CHILE\"},\"image\":{\"@id\":\"https:\/\/colegioarquitectos.com\/noticias\/#\/schema\/logo\/image\/\"},\"sameAs\":[\"https:\/\/facebook.com\/Colegioarq\/\",\"https:\/\/x.com\/colegioarq\",\"https:\/\/instagram.com\/colegioarq\",\"https:\/\/youtube.com\/@ColegiodeArquitectosdeChile\"]},{\"@type\":\"Person\",\"@id\":\"https:\/\/colegioarquitectos.com\/noticias\/#\/schema\/person\/685cc0aad148303c5608f049af8285ad\",\"name\":\"Colegio de Arquitectos de Chile\",\"url\":\"https:\/\/colegioarquitectos.com\/noticias\/?author=4\"}]}<\/script>\n<!-- \/ Yoast SEO plugin. -->","yoast_head_json":{"title":"Libro recopila art\u00edculos sobre urbanismo y transporte p\u00fablico - COLEGIO DE ARQUITECTOS DE CHILE","robots":{"index":"index","follow":"follow","max-snippet":"max-snippet:-1","max-image-preview":"max-image-preview:large","max-video-preview":"max-video-preview:-1"},"canonical":"https:\/\/colegioarquitectos.com\/noticias\/?p=20106","og_locale":"es_ES","og_type":"article","og_title":"Libro recopila art\u00edculos sobre urbanismo y transporte p\u00fablico - COLEGIO DE ARQUITECTOS DE CHILE","og_description":"El Colectivo Metr\u00f3polis y el Museo Benjam\u00edn Vicu\u00f1a Mackenna invitan al lanzamiento del texto \u201cUrbanismo y transporte p\u00fablico: miradas al siglo XX\u201d. Jueves 22 de marzo, 19:00 horas. La importancia del urbanismo y la planificaci\u00f3n en transporte ha sido central &hellip; ver m\u00e1s","og_url":"https:\/\/colegioarquitectos.com\/noticias\/?p=20106","og_site_name":"COLEGIO DE ARQUITECTOS DE CHILE","article_publisher":"https:\/\/facebook.com\/Colegioarq\/","article_published_time":"2018-03-21T19:13:48+00:00","og_image":[{"width":690,"height":350,"url":"https:\/\/colegioarquitectos.com\/noticias\/wp-content\/uploads\/2018\/03\/22-de-marzo-Urbanismo-y-Transporte-P\u00fablico.jpg","type":"image\/jpeg"}],"author":"Colegio de Arquitectos de Chile","twitter_card":"summary_large_image","twitter_creator":"@colegioarq","twitter_site":"@colegioarq","twitter_misc":{"Escrito por":"Colegio de Arquitectos de Chile","Tiempo de lectura":"2 minutos"},"schema":{"@context":"https:\/\/schema.org","@graph":[{"@type":"Article","@id":"https:\/\/colegioarquitectos.com\/noticias\/?p=20106#article","isPartOf":{"@id":"https:\/\/colegioarquitectos.com\/noticias\/?p=20106"},"author":{"name":"Colegio de Arquitectos de Chile","@id":"https:\/\/colegioarquitectos.com\/noticias\/#\/schema\/person\/685cc0aad148303c5608f049af8285ad"},"headline":"Libro recopila art\u00edculos sobre urbanismo y transporte p\u00fablico","datePublished":"2018-03-21T19:13:48+00:00","dateModified":"2018-03-21T19:13:48+00:00","mainEntityOfPage":{"@id":"https:\/\/colegioarquitectos.com\/noticias\/?p=20106"},"wordCount":356,"publisher":{"@id":"https:\/\/colegioarquitectos.com\/noticias\/#organization"},"image":{"@id":"https:\/\/colegioarquitectos.com\/noticias\/?p=20106#primaryimage"},"thumbnailUrl":"https:\/\/colegioarquitectos.com\/noticias\/wp-content\/uploads\/2018\/03\/22-de-marzo-Urbanismo-y-Transporte-P\u00fablico.jpg","articleSection":["Actividades"],"inLanguage":"es"},{"@type":"WebPage","@id":"https:\/\/colegioarquitectos.com\/noticias\/?p=20106","url":"https:\/\/colegioarquitectos.com\/noticias\/?p=20106","name":"Libro recopila art\u00edculos sobre urbanismo y transporte p\u00fablico - COLEGIO DE ARQUITECTOS DE CHILE","isPartOf":{"@id":"https:\/\/colegioarquitectos.com\/noticias\/#website"},"primaryImageOfPage":{"@id":"https:\/\/colegioarquitectos.com\/noticias\/?p=20106#primaryimage"},"image":{"@id":"https:\/\/colegioarquitectos.com\/noticias\/?p=20106#primaryimage"},"thumbnailUrl":"https:\/\/colegioarquitectos.com\/noticias\/wp-content\/uploads\/2018\/03\/22-de-marzo-Urbanismo-y-Transporte-P\u00fablico.jpg","datePublished":"2018-03-21T19:13:48+00:00","dateModified":"2018-03-21T19:13:48+00:00","breadcrumb":{"@id":"https:\/\/colegioarquitectos.com\/noticias\/?p=20106#breadcrumb"},"inLanguage":"es","potentialAction":[{"@type":"ReadAction","target":["https:\/\/colegioarquitectos.com\/noticias\/?p=20106"]}]},{"@type":"ImageObject","inLanguage":"es","@id":"https:\/\/colegioarquitectos.com\/noticias\/?p=20106#primaryimage","url":"https:\/\/colegioarquitectos.com\/noticias\/wp-content\/uploads\/2018\/03\/22-de-marzo-Urbanismo-y-Transporte-P\u00fablico.jpg","contentUrl":"https:\/\/colegioarquitectos.com\/noticias\/wp-content\/uploads\/2018\/03\/22-de-marzo-Urbanismo-y-Transporte-P\u00fablico.jpg","width":690,"height":350},{"@type":"BreadcrumbList","@id":"https:\/\/colegioarquitectos.com\/noticias\/?p=20106#breadcrumb","itemListElement":[{"@type":"ListItem","position":1,"name":"Portada","item":"https:\/\/colegioarquitectos.com\/noticias"},{"@type":"ListItem","position":2,"name":"Libro recopila art\u00edculos sobre urbanismo y transporte p\u00fablico"}]},{"@type":"WebSite","@id":"https:\/\/colegioarquitectos.com\/noticias\/#website","url":"https:\/\/colegioarquitectos.com\/noticias\/","name":"COLEGIO DE ARQUITECTOS DE CHILE","description":"","publisher":{"@id":"https:\/\/colegioarquitectos.com\/noticias\/#organization"},"potentialAction":[{"@type":"SearchAction","target":{"@type":"EntryPoint","urlTemplate":"https:\/\/colegioarquitectos.com\/noticias\/?s={search_term_string}"},"query-input":{"@type":"PropertyValueSpecification","valueRequired":true,"valueName":"search_term_string"}}],"inLanguage":"es"},{"@type":"Organization","@id":"https:\/\/colegioarquitectos.com\/noticias\/#organization","name":"COLEGIO DE ARQUITECTOS DE CHILE","url":"https:\/\/colegioarquitectos.com\/noticias\/","logo":{"@type":"ImageObject","inLanguage":"es","@id":"https:\/\/colegioarquitectos.com\/noticias\/#\/schema\/logo\/image\/","url":"https:\/\/colegioarquitectos.com\/noticias\/wp-content\/uploads\/2021\/05\/ENCABEZADO-LOGO-CA.jpg","contentUrl":"https:\/\/colegioarquitectos.com\/noticias\/wp-content\/uploads\/2021\/05\/ENCABEZADO-LOGO-CA.jpg","width":690,"height":350,"caption":"COLEGIO DE ARQUITECTOS DE CHILE"},"image":{"@id":"https:\/\/colegioarquitectos.com\/noticias\/#\/schema\/logo\/image\/"},"sameAs":["https:\/\/facebook.com\/Colegioarq\/","https:\/\/x.com\/colegioarq","https:\/\/instagram.com\/colegioarq","https:\/\/youtube.com\/@ColegiodeArquitectosdeChile"]},{"@type":"Person","@id":"https:\/\/colegioarquitectos.com\/noticias\/#\/schema\/person\/685cc0aad148303c5608f049af8285ad","name":"Colegio de Arquitectos de Chile","url":"https:\/\/colegioarquitectos.com\/noticias\/?author=4"}]}},"_links":{"self":[{"href":"https:\/\/colegioarquitectos.com\/noticias\/index.php?rest_route=\/wp\/v2\/posts\/20106","targetHints":{"allow":["GET"]}}],"collection":[{"href":"https:\/\/colegioarquitectos.com\/noticias\/index.php?rest_route=\/wp\/v2\/posts"}],"about":[{"href":"https:\/\/colegioarquitectos.com\/noticias\/index.php?rest_route=\/wp\/v2\/types\/post"}],"author":[{"embeddable":true,"href":"https:\/\/colegioarquitectos.com\/noticias\/index.php?rest_route=\/wp\/v2\/users\/4"}],"replies":[{"embeddable":true,"href":"https:\/\/colegioarquitectos.com\/noticias\/index.php?rest_route=%2Fwp%2Fv2%2Fcomments&post=20106"}],"version-history":[{"count":0,"href":"https:\/\/colegioarquitectos.com\/noticias\/index.php?rest_route=\/wp\/v2\/posts\/20106\/revisions"}],"wp:featuredmedia":[{"embeddable":true,"href":"https:\/\/colegioarquitectos.com\/noticias\/index.php?rest_route=\/wp\/v2\/media\/20107"}],"wp:attachment":[{"href":"https:\/\/colegioarquitectos.com\/noticias\/index.php?rest_route=%2Fwp%2Fv2%2Fmedia&parent=20106"}],"wp:term":[{"taxonomy":"category","embeddable":true,"href":"https:\/\/colegioarquitectos.com\/noticias\/index.php?rest_route=%2Fwp%2Fv2%2Fcategories&post=20106"},{"taxonomy":"post_tag","embeddable":true,"href":"https:\/\/colegioarquitectos.com\/noticias\/index.php?rest_route=%2Fwp%2Fv2%2Ftags&post=20106"}],"curies":[{"name":"wp","href":"https:\/\/api.w.org\/{rel}","templated":true}]}}