
{"id":20110,"date":"2018-03-21T20:32:50","date_gmt":"2018-03-21T20:32:50","guid":{"rendered":"http:\/\/colegioarquitectos.com\/?p=20110"},"modified":"2018-03-21T20:32:50","modified_gmt":"2018-03-21T20:32:50","slug":"accesibilidad-a-la-cultura-y-el-ocio-nuevas-publicaciones-del-real-patronato-sobre-discapacidad","status":"publish","type":"post","link":"https:\/\/colegioarquitectos.com\/noticias\/?p=20110","title":{"rendered":"Accesibilidad a la cultura y el ocio: nuevas publicaciones del Real Patronato sobre Discapacidad"},"content":{"rendered":"<p>El objetivo es sensibilizar a la sociedad e impulsar el desarrollo de pr\u00e1cticas inclusivas en la cultura y el ocio.<\/p>\n<p>El Real Patronato sobre Discapacidad acaba de presentar tres nuevos documentos, disponibles en la p\u00e1gina web <a href=\"http:\/\/www.cedd.net\">www.cedd.net<\/a>, cuyo objetivo principal es facilitar la participaci\u00f3n plena en la vida cultural de las personas con discapacidad, un colectivo para el que el acceso a la cultura y el ocio, adem\u00e1s de un derecho fundamental, es fuente de salud y bienestar.<\/p>\n<p>&nbsp;<\/p>\n<p><a href=\"https:\/\/www.cedd.net\/es\/publicaciones\/Record\/529866\"><img loading=\"lazy\" decoding=\"async\" class=\"size-medium wp-image-20111 aligncenter\" src=\"http:\/\/colegioarquitectos.com\/noticias\/wp-content\/uploads\/2018\/03\/1-206x300.jpg\" alt=\"\" width=\"206\" height=\"300\" srcset=\"https:\/\/colegioarquitectos.com\/noticias\/wp-content\/uploads\/2018\/03\/1-206x300.jpg 206w, https:\/\/colegioarquitectos.com\/noticias\/wp-content\/uploads\/2018\/03\/1.jpg 250w\" sizes=\"auto, (max-width: 206px) 100vw, 206px\" \/><\/a><\/p>\n<h6 style=\"text-align: center;\"><a href=\"https:\/\/www.cedd.net\/es\/publicaciones\/Record\/529866\">Pincha sobre la imagen para ver el documento<\/a><\/h6>\n<p>&nbsp;<\/p>\n<p>\u2018C\u00f3mo organizar eventos culturales accesibles en teatros y museos\u2019, elaborada por la Plataforma Representativa Estatal de Personas con Discapacidad F\u00edsica (PREDIF), pretende proporcionar a los profesionales responsables de los servicios culturales, de ocio o tur\u00edsticos una herramienta pr\u00e1ctica que les permita dise\u00f1ar y desarrollar sus eventos y actividades de manera que puedan ser disfrutados por las personas con discapacidad en las mismas condiciones que el resto de la ciudadan\u00eda.<\/p>\n<p>Desde la venta de entradas (en taquilla y por Internet), el acceso a las instalaciones, pasando por las herramientas tecnol\u00f3gicas (bucles de inducci\u00f3n magn\u00e9tica, las audioexplicaciones o audiof\u00e1ciles, la audiodescripci\u00f3n) que hacen posible el acceso a los contenidos expositivos a cualquier visitante, independientemente de su discapacidad, esta obra trata sobre los recursos que hacen de teatros y museos lugares accesibles para todo el mundo.<\/p>\n<p>&nbsp;<\/p>\n<p><a href=\"https:\/\/www.cedd.net\/es\/publicaciones\/Record\/529706\"><img loading=\"lazy\" decoding=\"async\" class=\"size-medium wp-image-20112 aligncenter\" src=\"http:\/\/colegioarquitectos.com\/noticias\/wp-content\/uploads\/2018\/03\/2-212x300.jpg\" alt=\"\" width=\"212\" height=\"300\" srcset=\"https:\/\/colegioarquitectos.com\/noticias\/wp-content\/uploads\/2018\/03\/2-212x300.jpg 212w, https:\/\/colegioarquitectos.com\/noticias\/wp-content\/uploads\/2018\/03\/2.jpg 250w\" sizes=\"auto, (max-width: 212px) 100vw, 212px\" \/><\/a><\/p>\n<h6 style=\"text-align: center;\"><a href=\"https:\/\/www.cedd.net\/es\/publicaciones\/Record\/529706\">Pincha sobre la imagen para ver el documento<\/a><\/h6>\n<p>&nbsp;<\/p>\n<p>La accesibilidad en la educaci\u00f3n a distancia para personas con discapacidad visual, cu\u00e1les son las capacidades de los reproductores multimedia actuales, conocer las nuevas aplicaciones de \u2018streaming\u2019 de audio para estudiantes con discapacidad auditiva o c\u00f3mo crear un \u2018gimnasio\u2019 cerebral para personas ciegas forman parte del documento \u2018VIII Congreso de Accesibilidad a los Medios Audiovisuales para Personas con Discapacidad\u2019.<\/p>\n<p>Esta publicaci\u00f3n recoge los trabajos presentados por investigadores, instituciones y entidades del sector de la discapacidad en este evento, celebrado en 2016 en el Alc\u00e1zar de Toledo, en donde el Centro Espa\u00f1ol del Subtitulado y la Audiodescripci\u00f3n (CESyA), centro asesor del Real Patronato sobre Discapacidad, con la ayuda y colaboraci\u00f3n del Museo del Ej\u00e9rcito, reuni\u00f3 a m\u00e1s de 200 personas para tratar la accesibilidad a la educaci\u00f3n, la cultura y el ocio, adem\u00e1s de conocer los nuevos proyectos y desarrollos tecnol\u00f3gicos que ayuden en un futuro cercano a la inclusi\u00f3n plena de las personas con discapacidad sensorial.<\/p>\n<p>&nbsp;<\/p>\n<p><a href=\"https:\/\/www.cedd.net\/es\/publicaciones\/Record\/529705\"><img loading=\"lazy\" decoding=\"async\" class=\"size-medium wp-image-20113 aligncenter\" src=\"http:\/\/colegioarquitectos.com\/noticias\/wp-content\/uploads\/2018\/03\/3-206x300.jpg\" alt=\"\" width=\"206\" height=\"300\" srcset=\"https:\/\/colegioarquitectos.com\/noticias\/wp-content\/uploads\/2018\/03\/3-206x300.jpg 206w, https:\/\/colegioarquitectos.com\/noticias\/wp-content\/uploads\/2018\/03\/3.jpg 250w\" sizes=\"auto, (max-width: 206px) 100vw, 206px\" \/><\/a><\/p>\n<h6 style=\"text-align: center;\"><a href=\"https:\/\/www.cedd.net\/es\/publicaciones\/Record\/529705\">Pincha sobre la imagen para ver el documento<\/a><\/h6>\n<p>El informe \u2018Seguimiento de la Estrategia Integral Espa\u00f1ola de Cultura para Todos\u2019, elaborado por el SIIS Centro de Documentaci\u00f3n y Estudios de la Fundaci\u00f3n Egu\u00eda Careaga, en el marco del convenio por el que gestiona el Centro Espa\u00f1ol de Documentaci\u00f3n sobre Discapacidad (CEDD), presenta los principales resultados obtenidos de la evaluaci\u00f3n realizada para conocer el grado de aplicaci\u00f3n de dicha estrategia en las diferentes entidades y administraciones p\u00fablicas.<\/p>\n<p>Se trata de una forma de comprobar el grado de aplicaci\u00f3n de la Estrategia Integral Espa\u00f1ola de Cultura para Todos, la iniciativa estatal cuyo objetivo es mejorar la accesibilidad de las personas con discapacidad a los espacios y actividades culturales en su calidad de usuarios, pero tambi\u00e9n en el ejercicio de la creaci\u00f3n art\u00edstica y el desarrollo de actividades como gestores culturales, entre otras cuestiones.<\/p>\n<p>Los tres documentos presentados por el Real Patronato sobre Discapacidad y editados por el Centro Espa\u00f1ol de Documentaci\u00f3n sobre Discapacidad (CEDD) est\u00e1n disponibles de forma gratuita y online en la p\u00e1gina web del CEDD con el compromiso de implicar a toda la sociedad para lograr que, en un futuro lo m\u00e1s cercano posible, todas las personas tengan las mismas oportunidades de acceder y disfrutar de la cultura y los medios audiovisuales.<\/p>\n<p><\/p>","protected":false},"excerpt":{"rendered":"<p>El objetivo es sensibilizar a la sociedad e impulsar el desarrollo de pr\u00e1cticas inclusivas en la cultura y el ocio. El Real Patronato sobre Discapacidad acaba de presentar tres nuevos documentos, disponibles en la p\u00e1gina web www.cedd.net, cuyo objetivo principal &hellip; <a class=\"more-link\" href=\"https:\/\/colegioarquitectos.com\/noticias\/?p=20110\">ver m\u00e1s<\/a><\/p>","protected":false},"author":4,"featured_media":20114,"comment_status":"closed","ping_status":"closed","sticky":false,"template":"","format":"standard","meta":{"footnotes":""},"categories":[3],"tags":[],"class_list":["post-20110","post","type-post","status-publish","format-standard","has-post-thumbnail","hentry","category-noticias"],"yoast_head":"<!-- This site is optimized with the Yoast SEO plugin v24.2 - https:\/\/yoast.com\/wordpress\/plugins\/seo\/ -->\n<title>Accesibilidad a la cultura y el ocio: nuevas publicaciones del Real Patronato sobre Discapacidad - COLEGIO DE ARQUITECTOS DE CHILE<\/title>\n<meta name=\"robots\" content=\"index, follow, max-snippet:-1, max-image-preview:large, max-video-preview:-1\" \/>\n<link rel=\"canonical\" href=\"https:\/\/colegioarquitectos.com\/noticias\/?p=20110\" \/>\n<meta property=\"og:locale\" content=\"es_ES\" \/>\n<meta property=\"og:type\" content=\"article\" \/>\n<meta property=\"og:title\" content=\"Accesibilidad a la cultura y el ocio: nuevas publicaciones del Real Patronato sobre Discapacidad - COLEGIO DE ARQUITECTOS DE CHILE\" \/>\n<meta property=\"og:description\" content=\"El objetivo es sensibilizar a la sociedad e impulsar el desarrollo de pr\u00e1cticas inclusivas en la cultura y el ocio. El Real Patronato sobre Discapacidad acaba de presentar tres nuevos documentos, disponibles en la p\u00e1gina web www.cedd.net, cuyo objetivo principal &hellip; ver m\u00e1s\" \/>\n<meta property=\"og:url\" content=\"https:\/\/colegioarquitectos.com\/noticias\/?p=20110\" \/>\n<meta property=\"og:site_name\" content=\"COLEGIO DE ARQUITECTOS DE CHILE\" \/>\n<meta property=\"article:publisher\" content=\"https:\/\/facebook.com\/Colegioarq\/\" \/>\n<meta property=\"article:published_time\" content=\"2018-03-21T20:32:50+00:00\" \/>\n<meta property=\"og:image\" content=\"https:\/\/colegioarquitectos.com\/noticias\/wp-content\/uploads\/2018\/03\/Real-Patronato-sobre-la-Discapacidad.jpg\" \/>\n\t<meta property=\"og:image:width\" content=\"690\" \/>\n\t<meta property=\"og:image:height\" content=\"350\" \/>\n\t<meta property=\"og:image:type\" content=\"image\/jpeg\" \/>\n<meta name=\"author\" content=\"Colegio de Arquitectos de Chile\" \/>\n<meta name=\"twitter:card\" content=\"summary_large_image\" \/>\n<meta name=\"twitter:creator\" content=\"@colegioarq\" \/>\n<meta name=\"twitter:site\" content=\"@colegioarq\" \/>\n<meta name=\"twitter:label1\" content=\"Escrito por\" \/>\n\t<meta name=\"twitter:data1\" content=\"Colegio de Arquitectos de Chile\" \/>\n\t<meta name=\"twitter:label2\" content=\"Tiempo de lectura\" \/>\n\t<meta name=\"twitter:data2\" content=\"3 minutos\" \/>\n<script type=\"application\/ld+json\" class=\"yoast-schema-graph\">{\"@context\":\"https:\/\/schema.org\",\"@graph\":[{\"@type\":\"Article\",\"@id\":\"https:\/\/colegioarquitectos.com\/noticias\/?p=20110#article\",\"isPartOf\":{\"@id\":\"https:\/\/colegioarquitectos.com\/noticias\/?p=20110\"},\"author\":{\"name\":\"Colegio de Arquitectos de Chile\",\"@id\":\"https:\/\/colegioarquitectos.com\/noticias\/#\/schema\/person\/685cc0aad148303c5608f049af8285ad\"},\"headline\":\"Accesibilidad a la cultura y el ocio: nuevas publicaciones del Real Patronato sobre Discapacidad\",\"datePublished\":\"2018-03-21T20:32:50+00:00\",\"dateModified\":\"2018-03-21T20:32:50+00:00\",\"mainEntityOfPage\":{\"@id\":\"https:\/\/colegioarquitectos.com\/noticias\/?p=20110\"},\"wordCount\":662,\"publisher\":{\"@id\":\"https:\/\/colegioarquitectos.com\/noticias\/#organization\"},\"image\":{\"@id\":\"https:\/\/colegioarquitectos.com\/noticias\/?p=20110#primaryimage\"},\"thumbnailUrl\":\"https:\/\/colegioarquitectos.com\/noticias\/wp-content\/uploads\/2018\/03\/Real-Patronato-sobre-la-Discapacidad.jpg\",\"articleSection\":[\"Noticias\"],\"inLanguage\":\"es\"},{\"@type\":\"WebPage\",\"@id\":\"https:\/\/colegioarquitectos.com\/noticias\/?p=20110\",\"url\":\"https:\/\/colegioarquitectos.com\/noticias\/?p=20110\",\"name\":\"Accesibilidad a la cultura y el ocio: nuevas publicaciones del Real Patronato sobre Discapacidad - COLEGIO DE ARQUITECTOS DE CHILE\",\"isPartOf\":{\"@id\":\"https:\/\/colegioarquitectos.com\/noticias\/#website\"},\"primaryImageOfPage\":{\"@id\":\"https:\/\/colegioarquitectos.com\/noticias\/?p=20110#primaryimage\"},\"image\":{\"@id\":\"https:\/\/colegioarquitectos.com\/noticias\/?p=20110#primaryimage\"},\"thumbnailUrl\":\"https:\/\/colegioarquitectos.com\/noticias\/wp-content\/uploads\/2018\/03\/Real-Patronato-sobre-la-Discapacidad.jpg\",\"datePublished\":\"2018-03-21T20:32:50+00:00\",\"dateModified\":\"2018-03-21T20:32:50+00:00\",\"breadcrumb\":{\"@id\":\"https:\/\/colegioarquitectos.com\/noticias\/?p=20110#breadcrumb\"},\"inLanguage\":\"es\",\"potentialAction\":[{\"@type\":\"ReadAction\",\"target\":[\"https:\/\/colegioarquitectos.com\/noticias\/?p=20110\"]}]},{\"@type\":\"ImageObject\",\"inLanguage\":\"es\",\"@id\":\"https:\/\/colegioarquitectos.com\/noticias\/?p=20110#primaryimage\",\"url\":\"https:\/\/colegioarquitectos.com\/noticias\/wp-content\/uploads\/2018\/03\/Real-Patronato-sobre-la-Discapacidad.jpg\",\"contentUrl\":\"https:\/\/colegioarquitectos.com\/noticias\/wp-content\/uploads\/2018\/03\/Real-Patronato-sobre-la-Discapacidad.jpg\",\"width\":690,\"height\":350},{\"@type\":\"BreadcrumbList\",\"@id\":\"https:\/\/colegioarquitectos.com\/noticias\/?p=20110#breadcrumb\",\"itemListElement\":[{\"@type\":\"ListItem\",\"position\":1,\"name\":\"Portada\",\"item\":\"https:\/\/colegioarquitectos.com\/noticias\"},{\"@type\":\"ListItem\",\"position\":2,\"name\":\"Accesibilidad a la cultura y el ocio: nuevas publicaciones del Real Patronato sobre Discapacidad\"}]},{\"@type\":\"WebSite\",\"@id\":\"https:\/\/colegioarquitectos.com\/noticias\/#website\",\"url\":\"https:\/\/colegioarquitectos.com\/noticias\/\",\"name\":\"COLEGIO DE ARQUITECTOS DE CHILE\",\"description\":\"\",\"publisher\":{\"@id\":\"https:\/\/colegioarquitectos.com\/noticias\/#organization\"},\"potentialAction\":[{\"@type\":\"SearchAction\",\"target\":{\"@type\":\"EntryPoint\",\"urlTemplate\":\"https:\/\/colegioarquitectos.com\/noticias\/?s={search_term_string}\"},\"query-input\":{\"@type\":\"PropertyValueSpecification\",\"valueRequired\":true,\"valueName\":\"search_term_string\"}}],\"inLanguage\":\"es\"},{\"@type\":\"Organization\",\"@id\":\"https:\/\/colegioarquitectos.com\/noticias\/#organization\",\"name\":\"COLEGIO DE ARQUITECTOS DE CHILE\",\"url\":\"https:\/\/colegioarquitectos.com\/noticias\/\",\"logo\":{\"@type\":\"ImageObject\",\"inLanguage\":\"es\",\"@id\":\"https:\/\/colegioarquitectos.com\/noticias\/#\/schema\/logo\/image\/\",\"url\":\"https:\/\/colegioarquitectos.com\/noticias\/wp-content\/uploads\/2021\/05\/ENCABEZADO-LOGO-CA.jpg\",\"contentUrl\":\"https:\/\/colegioarquitectos.com\/noticias\/wp-content\/uploads\/2021\/05\/ENCABEZADO-LOGO-CA.jpg\",\"width\":690,\"height\":350,\"caption\":\"COLEGIO DE ARQUITECTOS DE CHILE\"},\"image\":{\"@id\":\"https:\/\/colegioarquitectos.com\/noticias\/#\/schema\/logo\/image\/\"},\"sameAs\":[\"https:\/\/facebook.com\/Colegioarq\/\",\"https:\/\/x.com\/colegioarq\",\"https:\/\/instagram.com\/colegioarq\",\"https:\/\/youtube.com\/@ColegiodeArquitectosdeChile\"]},{\"@type\":\"Person\",\"@id\":\"https:\/\/colegioarquitectos.com\/noticias\/#\/schema\/person\/685cc0aad148303c5608f049af8285ad\",\"name\":\"Colegio de Arquitectos de Chile\",\"url\":\"https:\/\/colegioarquitectos.com\/noticias\/?author=4\"}]}<\/script>\n<!-- \/ Yoast SEO plugin. -->","yoast_head_json":{"title":"Accesibilidad a la cultura y el ocio: nuevas publicaciones del Real Patronato sobre Discapacidad - COLEGIO DE ARQUITECTOS DE CHILE","robots":{"index":"index","follow":"follow","max-snippet":"max-snippet:-1","max-image-preview":"max-image-preview:large","max-video-preview":"max-video-preview:-1"},"canonical":"https:\/\/colegioarquitectos.com\/noticias\/?p=20110","og_locale":"es_ES","og_type":"article","og_title":"Accesibilidad a la cultura y el ocio: nuevas publicaciones del Real Patronato sobre Discapacidad - COLEGIO DE ARQUITECTOS DE CHILE","og_description":"El objetivo es sensibilizar a la sociedad e impulsar el desarrollo de pr\u00e1cticas inclusivas en la cultura y el ocio. El Real Patronato sobre Discapacidad acaba de presentar tres nuevos documentos, disponibles en la p\u00e1gina web www.cedd.net, cuyo objetivo principal &hellip; ver m\u00e1s","og_url":"https:\/\/colegioarquitectos.com\/noticias\/?p=20110","og_site_name":"COLEGIO DE ARQUITECTOS DE CHILE","article_publisher":"https:\/\/facebook.com\/Colegioarq\/","article_published_time":"2018-03-21T20:32:50+00:00","og_image":[{"width":690,"height":350,"url":"https:\/\/colegioarquitectos.com\/noticias\/wp-content\/uploads\/2018\/03\/Real-Patronato-sobre-la-Discapacidad.jpg","type":"image\/jpeg"}],"author":"Colegio de Arquitectos de Chile","twitter_card":"summary_large_image","twitter_creator":"@colegioarq","twitter_site":"@colegioarq","twitter_misc":{"Escrito por":"Colegio de Arquitectos de Chile","Tiempo de lectura":"3 minutos"},"schema":{"@context":"https:\/\/schema.org","@graph":[{"@type":"Article","@id":"https:\/\/colegioarquitectos.com\/noticias\/?p=20110#article","isPartOf":{"@id":"https:\/\/colegioarquitectos.com\/noticias\/?p=20110"},"author":{"name":"Colegio de Arquitectos de Chile","@id":"https:\/\/colegioarquitectos.com\/noticias\/#\/schema\/person\/685cc0aad148303c5608f049af8285ad"},"headline":"Accesibilidad a la cultura y el ocio: nuevas publicaciones del Real Patronato sobre Discapacidad","datePublished":"2018-03-21T20:32:50+00:00","dateModified":"2018-03-21T20:32:50+00:00","mainEntityOfPage":{"@id":"https:\/\/colegioarquitectos.com\/noticias\/?p=20110"},"wordCount":662,"publisher":{"@id":"https:\/\/colegioarquitectos.com\/noticias\/#organization"},"image":{"@id":"https:\/\/colegioarquitectos.com\/noticias\/?p=20110#primaryimage"},"thumbnailUrl":"https:\/\/colegioarquitectos.com\/noticias\/wp-content\/uploads\/2018\/03\/Real-Patronato-sobre-la-Discapacidad.jpg","articleSection":["Noticias"],"inLanguage":"es"},{"@type":"WebPage","@id":"https:\/\/colegioarquitectos.com\/noticias\/?p=20110","url":"https:\/\/colegioarquitectos.com\/noticias\/?p=20110","name":"Accesibilidad a la cultura y el ocio: nuevas publicaciones del Real Patronato sobre Discapacidad - COLEGIO DE ARQUITECTOS DE CHILE","isPartOf":{"@id":"https:\/\/colegioarquitectos.com\/noticias\/#website"},"primaryImageOfPage":{"@id":"https:\/\/colegioarquitectos.com\/noticias\/?p=20110#primaryimage"},"image":{"@id":"https:\/\/colegioarquitectos.com\/noticias\/?p=20110#primaryimage"},"thumbnailUrl":"https:\/\/colegioarquitectos.com\/noticias\/wp-content\/uploads\/2018\/03\/Real-Patronato-sobre-la-Discapacidad.jpg","datePublished":"2018-03-21T20:32:50+00:00","dateModified":"2018-03-21T20:32:50+00:00","breadcrumb":{"@id":"https:\/\/colegioarquitectos.com\/noticias\/?p=20110#breadcrumb"},"inLanguage":"es","potentialAction":[{"@type":"ReadAction","target":["https:\/\/colegioarquitectos.com\/noticias\/?p=20110"]}]},{"@type":"ImageObject","inLanguage":"es","@id":"https:\/\/colegioarquitectos.com\/noticias\/?p=20110#primaryimage","url":"https:\/\/colegioarquitectos.com\/noticias\/wp-content\/uploads\/2018\/03\/Real-Patronato-sobre-la-Discapacidad.jpg","contentUrl":"https:\/\/colegioarquitectos.com\/noticias\/wp-content\/uploads\/2018\/03\/Real-Patronato-sobre-la-Discapacidad.jpg","width":690,"height":350},{"@type":"BreadcrumbList","@id":"https:\/\/colegioarquitectos.com\/noticias\/?p=20110#breadcrumb","itemListElement":[{"@type":"ListItem","position":1,"name":"Portada","item":"https:\/\/colegioarquitectos.com\/noticias"},{"@type":"ListItem","position":2,"name":"Accesibilidad a la cultura y el ocio: nuevas publicaciones del Real Patronato sobre Discapacidad"}]},{"@type":"WebSite","@id":"https:\/\/colegioarquitectos.com\/noticias\/#website","url":"https:\/\/colegioarquitectos.com\/noticias\/","name":"COLEGIO DE ARQUITECTOS DE CHILE","description":"","publisher":{"@id":"https:\/\/colegioarquitectos.com\/noticias\/#organization"},"potentialAction":[{"@type":"SearchAction","target":{"@type":"EntryPoint","urlTemplate":"https:\/\/colegioarquitectos.com\/noticias\/?s={search_term_string}"},"query-input":{"@type":"PropertyValueSpecification","valueRequired":true,"valueName":"search_term_string"}}],"inLanguage":"es"},{"@type":"Organization","@id":"https:\/\/colegioarquitectos.com\/noticias\/#organization","name":"COLEGIO DE ARQUITECTOS DE CHILE","url":"https:\/\/colegioarquitectos.com\/noticias\/","logo":{"@type":"ImageObject","inLanguage":"es","@id":"https:\/\/colegioarquitectos.com\/noticias\/#\/schema\/logo\/image\/","url":"https:\/\/colegioarquitectos.com\/noticias\/wp-content\/uploads\/2021\/05\/ENCABEZADO-LOGO-CA.jpg","contentUrl":"https:\/\/colegioarquitectos.com\/noticias\/wp-content\/uploads\/2021\/05\/ENCABEZADO-LOGO-CA.jpg","width":690,"height":350,"caption":"COLEGIO DE ARQUITECTOS DE CHILE"},"image":{"@id":"https:\/\/colegioarquitectos.com\/noticias\/#\/schema\/logo\/image\/"},"sameAs":["https:\/\/facebook.com\/Colegioarq\/","https:\/\/x.com\/colegioarq","https:\/\/instagram.com\/colegioarq","https:\/\/youtube.com\/@ColegiodeArquitectosdeChile"]},{"@type":"Person","@id":"https:\/\/colegioarquitectos.com\/noticias\/#\/schema\/person\/685cc0aad148303c5608f049af8285ad","name":"Colegio de Arquitectos de Chile","url":"https:\/\/colegioarquitectos.com\/noticias\/?author=4"}]}},"_links":{"self":[{"href":"https:\/\/colegioarquitectos.com\/noticias\/index.php?rest_route=\/wp\/v2\/posts\/20110","targetHints":{"allow":["GET"]}}],"collection":[{"href":"https:\/\/colegioarquitectos.com\/noticias\/index.php?rest_route=\/wp\/v2\/posts"}],"about":[{"href":"https:\/\/colegioarquitectos.com\/noticias\/index.php?rest_route=\/wp\/v2\/types\/post"}],"author":[{"embeddable":true,"href":"https:\/\/colegioarquitectos.com\/noticias\/index.php?rest_route=\/wp\/v2\/users\/4"}],"replies":[{"embeddable":true,"href":"https:\/\/colegioarquitectos.com\/noticias\/index.php?rest_route=%2Fwp%2Fv2%2Fcomments&post=20110"}],"version-history":[{"count":0,"href":"https:\/\/colegioarquitectos.com\/noticias\/index.php?rest_route=\/wp\/v2\/posts\/20110\/revisions"}],"wp:featuredmedia":[{"embeddable":true,"href":"https:\/\/colegioarquitectos.com\/noticias\/index.php?rest_route=\/wp\/v2\/media\/20114"}],"wp:attachment":[{"href":"https:\/\/colegioarquitectos.com\/noticias\/index.php?rest_route=%2Fwp%2Fv2%2Fmedia&parent=20110"}],"wp:term":[{"taxonomy":"category","embeddable":true,"href":"https:\/\/colegioarquitectos.com\/noticias\/index.php?rest_route=%2Fwp%2Fv2%2Fcategories&post=20110"},{"taxonomy":"post_tag","embeddable":true,"href":"https:\/\/colegioarquitectos.com\/noticias\/index.php?rest_route=%2Fwp%2Fv2%2Ftags&post=20110"}],"curies":[{"name":"wp","href":"https:\/\/api.w.org\/{rel}","templated":true}]}}