
{"id":20124,"date":"2018-03-23T15:29:13","date_gmt":"2018-03-23T15:29:13","guid":{"rendered":"http:\/\/colegioarquitectos.com\/?p=20124"},"modified":"2018-03-23T15:29:13","modified_gmt":"2018-03-23T15:29:13","slug":"region-o-metropolis","status":"publish","type":"post","link":"https:\/\/colegioarquitectos.com\/noticias\/?p=20124","title":{"rendered":"\u00bfRegi\u00f3n o Metr\u00f3polis?"},"content":{"rendered":"<p><em>Por Joan Saavedra, Vicepresidente del Colegio de Arquitectos de Valpara\u00edso<\/em><\/p>\n<p>Los resultados del reciente estudio de prefactibilidad encargado por la\u00a0Subsecretar\u00eda de Desarrollo Regional y Administrativo (Subdere) sobre las alternativas de una posible Regi\u00f3n de Aconcagua, vuelve a situar la discusi\u00f3n sobre c\u00f3mo estamos pensando iniciar el proceso de descentralizaci\u00f3n, pero con se\u00f1ales confusas.<\/p>\n<p>Esto debido a que la Subsecretar\u00eda de Desarrollo Regional y Administrativo, recordemos, ha impulsado un piloto de \u00e1reas metropolitanas en cuatro conurbaciones del pa\u00eds, en paralelo el estudio a\u00fan sin conclusiones sobre la posible comuna de Placilla y Curauma, y ahora para una nueva regi\u00f3n. Estas tres formas de abordar las problem\u00e1ticas y necesidades de un territorio dif\u00edcilmente reconocen que somos una regi\u00f3n urbanizada. El problema central no est\u00e1 en m\u00e1s o menos l\u00edmites estrictamente administrativos, es la gesti\u00f3n del sistema de ciudades dentro de la regi\u00f3n.<\/p>\n<p>Junto a variadas instituciones y en colaboraci\u00f3n con El Mercurio de Valpara\u00edso, el Colegio de Arquitectos lidera en la agenda p\u00fablica de Valpara\u00edso la necesaria reflexi\u00f3n sobre la implementaci\u00f3n de \u00e1reas metropolitanas en nuestra regi\u00f3n. Algunas conclusiones de seminarios y publicaciones, son ya un diagn\u00f3stico consensuado; las comunas tienen bajo poder en temas claves como el transporte, la planificaci\u00f3n intercomunal y acceso a recursos. Muchas cuestiones requieren de una gobernanza multinivel, ya que la fijaci\u00f3n de l\u00edmites administrativos est\u00e1 fuera de sincron\u00eda de los flujos econ\u00f3micos, demogr\u00e1ficos, f\u00edsicos y sociales. Esto repercute profundamente en la capacidad de acordar consensos.<\/p>\n<p>Ahora bien, con una nueva regi\u00f3n en el Aconcagua veremos que se continuar\u00e1n agrupando comunas por separado, contar\u00e1 con presupuestos acotados y requerir\u00e1 estrategias de desarrollo, nuevo ordenamiento pol\u00edtico y un plan regional de ordenamiento territorial. Es decir, tendr\u00e1 que replicar la actual estructura existente, el mismo martillo para iguales clavos.<\/p>\n<p>Es entre el diagn\u00f3stico y la respuesta donde se toman las decisiones importantes. Contar con una reflexi\u00f3n informada con vasta literatura y experiencias internacionales, alejadas de la posverdad urbana, ayuda a despejar incertezas. Las \u00e1reas metropolitanas tienen los beneficios de la aglomeraci\u00f3n urbana; un mercado de comercio abundante, mejor transporte p\u00fablico, m\u00e1s trabajos, mayor salario y acceso a la cultura, lo cual trae consigo el aumento del 4% al 6% de productividad en el PIB regional. Es claramente una discusi\u00f3n t\u00e9cnica y pol\u00edtica.<\/p>\n<p>Entonces, para lograr la virtuosa triada de crecimiento urbano compacto, infraestructura conectada y gobernanza coordinada, \u00bfcu\u00e1l es la herramienta adecuada para potenciar el Aconcagua?<\/p>\n<p>&nbsp;<\/p>\n<p style=\"text-align: center;\">Joan Saavedra de Mateo<\/p>\n<p style=\"text-align: center;\">Vicepresidente Colegio de Arquitectos Valpara\u00edso<\/p>\n<p>&nbsp;<\/p>\n<p><a href=\"http:\/\/www.mercuriovalpo.cl\/impresa\/2018\/03\/23\/full\/cuerpo-principal\/10\/\">Publicado en El Mercurio de Valpara\u00edso<\/a><\/p>\n<p><\/p>","protected":false},"excerpt":{"rendered":"<p>Por Joan Saavedra, Vicepresidente del Colegio de Arquitectos de Valpara\u00edso Los resultados del reciente estudio de prefactibilidad encargado por la\u00a0Subsecretar\u00eda de Desarrollo Regional y Administrativo (Subdere) sobre las alternativas de una posible Regi\u00f3n de Aconcagua, vuelve a situar la discusi\u00f3n &hellip; <a class=\"more-link\" href=\"https:\/\/colegioarquitectos.com\/noticias\/?p=20124\">ver m\u00e1s<\/a><\/p>","protected":false},"author":4,"featured_media":20125,"comment_status":"closed","ping_status":"closed","sticky":false,"template":"","format":"standard","meta":{"footnotes":""},"categories":[10],"tags":[],"class_list":["post-20124","post","type-post","status-publish","format-standard","has-post-thumbnail","hentry","category-delegaciones-zonales"],"yoast_head":"<!-- This site is optimized with the Yoast SEO plugin v24.2 - https:\/\/yoast.com\/wordpress\/plugins\/seo\/ -->\n<title>\u00bfRegi\u00f3n o Metr\u00f3polis? - COLEGIO DE ARQUITECTOS DE CHILE<\/title>\n<meta name=\"robots\" content=\"index, follow, max-snippet:-1, max-image-preview:large, max-video-preview:-1\" \/>\n<link rel=\"canonical\" href=\"https:\/\/colegioarquitectos.com\/noticias\/?p=20124\" \/>\n<meta property=\"og:locale\" content=\"es_ES\" \/>\n<meta property=\"og:type\" content=\"article\" \/>\n<meta property=\"og:title\" content=\"\u00bfRegi\u00f3n o Metr\u00f3polis? - COLEGIO DE ARQUITECTOS DE CHILE\" \/>\n<meta property=\"og:description\" content=\"Por Joan Saavedra, Vicepresidente del Colegio de Arquitectos de Valpara\u00edso Los resultados del reciente estudio de prefactibilidad encargado por la\u00a0Subsecretar\u00eda de Desarrollo Regional y Administrativo (Subdere) sobre las alternativas de una posible Regi\u00f3n de Aconcagua, vuelve a situar la discusi\u00f3n &hellip; ver m\u00e1s\" \/>\n<meta property=\"og:url\" content=\"https:\/\/colegioarquitectos.com\/noticias\/?p=20124\" \/>\n<meta property=\"og:site_name\" content=\"COLEGIO DE ARQUITECTOS DE CHILE\" \/>\n<meta property=\"article:publisher\" content=\"https:\/\/facebook.com\/Colegioarq\/\" \/>\n<meta property=\"article:published_time\" content=\"2018-03-23T15:29:13+00:00\" \/>\n<meta property=\"og:image\" content=\"https:\/\/colegioarquitectos.com\/noticias\/wp-content\/uploads\/2018\/03\/Joan-Saavedra.jpeg\" \/>\n\t<meta property=\"og:image:width\" content=\"960\" \/>\n\t<meta property=\"og:image:height\" content=\"1130\" \/>\n\t<meta property=\"og:image:type\" content=\"image\/jpeg\" \/>\n<meta name=\"author\" content=\"Colegio de Arquitectos de Chile\" \/>\n<meta name=\"twitter:card\" content=\"summary_large_image\" \/>\n<meta name=\"twitter:creator\" content=\"@colegioarq\" \/>\n<meta name=\"twitter:site\" content=\"@colegioarq\" \/>\n<meta name=\"twitter:label1\" content=\"Escrito por\" \/>\n\t<meta name=\"twitter:data1\" content=\"Colegio de Arquitectos de Chile\" \/>\n\t<meta name=\"twitter:label2\" content=\"Tiempo de lectura\" \/>\n\t<meta name=\"twitter:data2\" content=\"2 minutos\" \/>\n<script type=\"application\/ld+json\" class=\"yoast-schema-graph\">{\"@context\":\"https:\/\/schema.org\",\"@graph\":[{\"@type\":\"Article\",\"@id\":\"https:\/\/colegioarquitectos.com\/noticias\/?p=20124#article\",\"isPartOf\":{\"@id\":\"https:\/\/colegioarquitectos.com\/noticias\/?p=20124\"},\"author\":{\"name\":\"Colegio de Arquitectos de Chile\",\"@id\":\"https:\/\/colegioarquitectos.com\/noticias\/#\/schema\/person\/685cc0aad148303c5608f049af8285ad\"},\"headline\":\"\u00bfRegi\u00f3n o Metr\u00f3polis?\",\"datePublished\":\"2018-03-23T15:29:13+00:00\",\"dateModified\":\"2018-03-23T15:29:13+00:00\",\"mainEntityOfPage\":{\"@id\":\"https:\/\/colegioarquitectos.com\/noticias\/?p=20124\"},\"wordCount\":465,\"publisher\":{\"@id\":\"https:\/\/colegioarquitectos.com\/noticias\/#organization\"},\"image\":{\"@id\":\"https:\/\/colegioarquitectos.com\/noticias\/?p=20124#primaryimage\"},\"thumbnailUrl\":\"https:\/\/colegioarquitectos.com\/noticias\/wp-content\/uploads\/2018\/03\/Joan-Saavedra.jpeg\",\"articleSection\":[\"Delegaciones\"],\"inLanguage\":\"es\"},{\"@type\":\"WebPage\",\"@id\":\"https:\/\/colegioarquitectos.com\/noticias\/?p=20124\",\"url\":\"https:\/\/colegioarquitectos.com\/noticias\/?p=20124\",\"name\":\"\u00bfRegi\u00f3n o Metr\u00f3polis? - COLEGIO DE ARQUITECTOS DE CHILE\",\"isPartOf\":{\"@id\":\"https:\/\/colegioarquitectos.com\/noticias\/#website\"},\"primaryImageOfPage\":{\"@id\":\"https:\/\/colegioarquitectos.com\/noticias\/?p=20124#primaryimage\"},\"image\":{\"@id\":\"https:\/\/colegioarquitectos.com\/noticias\/?p=20124#primaryimage\"},\"thumbnailUrl\":\"https:\/\/colegioarquitectos.com\/noticias\/wp-content\/uploads\/2018\/03\/Joan-Saavedra.jpeg\",\"datePublished\":\"2018-03-23T15:29:13+00:00\",\"dateModified\":\"2018-03-23T15:29:13+00:00\",\"breadcrumb\":{\"@id\":\"https:\/\/colegioarquitectos.com\/noticias\/?p=20124#breadcrumb\"},\"inLanguage\":\"es\",\"potentialAction\":[{\"@type\":\"ReadAction\",\"target\":[\"https:\/\/colegioarquitectos.com\/noticias\/?p=20124\"]}]},{\"@type\":\"ImageObject\",\"inLanguage\":\"es\",\"@id\":\"https:\/\/colegioarquitectos.com\/noticias\/?p=20124#primaryimage\",\"url\":\"https:\/\/colegioarquitectos.com\/noticias\/wp-content\/uploads\/2018\/03\/Joan-Saavedra.jpeg\",\"contentUrl\":\"https:\/\/colegioarquitectos.com\/noticias\/wp-content\/uploads\/2018\/03\/Joan-Saavedra.jpeg\",\"width\":960,\"height\":1130},{\"@type\":\"BreadcrumbList\",\"@id\":\"https:\/\/colegioarquitectos.com\/noticias\/?p=20124#breadcrumb\",\"itemListElement\":[{\"@type\":\"ListItem\",\"position\":1,\"name\":\"Portada\",\"item\":\"https:\/\/colegioarquitectos.com\/noticias\"},{\"@type\":\"ListItem\",\"position\":2,\"name\":\"\u00bfRegi\u00f3n o Metr\u00f3polis?\"}]},{\"@type\":\"WebSite\",\"@id\":\"https:\/\/colegioarquitectos.com\/noticias\/#website\",\"url\":\"https:\/\/colegioarquitectos.com\/noticias\/\",\"name\":\"COLEGIO DE ARQUITECTOS DE CHILE\",\"description\":\"\",\"publisher\":{\"@id\":\"https:\/\/colegioarquitectos.com\/noticias\/#organization\"},\"potentialAction\":[{\"@type\":\"SearchAction\",\"target\":{\"@type\":\"EntryPoint\",\"urlTemplate\":\"https:\/\/colegioarquitectos.com\/noticias\/?s={search_term_string}\"},\"query-input\":{\"@type\":\"PropertyValueSpecification\",\"valueRequired\":true,\"valueName\":\"search_term_string\"}}],\"inLanguage\":\"es\"},{\"@type\":\"Organization\",\"@id\":\"https:\/\/colegioarquitectos.com\/noticias\/#organization\",\"name\":\"COLEGIO DE ARQUITECTOS DE CHILE\",\"url\":\"https:\/\/colegioarquitectos.com\/noticias\/\",\"logo\":{\"@type\":\"ImageObject\",\"inLanguage\":\"es\",\"@id\":\"https:\/\/colegioarquitectos.com\/noticias\/#\/schema\/logo\/image\/\",\"url\":\"https:\/\/colegioarquitectos.com\/noticias\/wp-content\/uploads\/2021\/05\/ENCABEZADO-LOGO-CA.jpg\",\"contentUrl\":\"https:\/\/colegioarquitectos.com\/noticias\/wp-content\/uploads\/2021\/05\/ENCABEZADO-LOGO-CA.jpg\",\"width\":690,\"height\":350,\"caption\":\"COLEGIO DE ARQUITECTOS DE CHILE\"},\"image\":{\"@id\":\"https:\/\/colegioarquitectos.com\/noticias\/#\/schema\/logo\/image\/\"},\"sameAs\":[\"https:\/\/facebook.com\/Colegioarq\/\",\"https:\/\/x.com\/colegioarq\",\"https:\/\/instagram.com\/colegioarq\",\"https:\/\/youtube.com\/@ColegiodeArquitectosdeChile\"]},{\"@type\":\"Person\",\"@id\":\"https:\/\/colegioarquitectos.com\/noticias\/#\/schema\/person\/685cc0aad148303c5608f049af8285ad\",\"name\":\"Colegio de Arquitectos de Chile\",\"url\":\"https:\/\/colegioarquitectos.com\/noticias\/?author=4\"}]}<\/script>\n<!-- \/ Yoast SEO plugin. -->","yoast_head_json":{"title":"\u00bfRegi\u00f3n o Metr\u00f3polis? - COLEGIO DE ARQUITECTOS DE CHILE","robots":{"index":"index","follow":"follow","max-snippet":"max-snippet:-1","max-image-preview":"max-image-preview:large","max-video-preview":"max-video-preview:-1"},"canonical":"https:\/\/colegioarquitectos.com\/noticias\/?p=20124","og_locale":"es_ES","og_type":"article","og_title":"\u00bfRegi\u00f3n o Metr\u00f3polis? - COLEGIO DE ARQUITECTOS DE CHILE","og_description":"Por Joan Saavedra, Vicepresidente del Colegio de Arquitectos de Valpara\u00edso Los resultados del reciente estudio de prefactibilidad encargado por la\u00a0Subsecretar\u00eda de Desarrollo Regional y Administrativo (Subdere) sobre las alternativas de una posible Regi\u00f3n de Aconcagua, vuelve a situar la discusi\u00f3n &hellip; ver m\u00e1s","og_url":"https:\/\/colegioarquitectos.com\/noticias\/?p=20124","og_site_name":"COLEGIO DE ARQUITECTOS DE CHILE","article_publisher":"https:\/\/facebook.com\/Colegioarq\/","article_published_time":"2018-03-23T15:29:13+00:00","og_image":[{"width":960,"height":1130,"url":"https:\/\/colegioarquitectos.com\/noticias\/wp-content\/uploads\/2018\/03\/Joan-Saavedra.jpeg","type":"image\/jpeg"}],"author":"Colegio de Arquitectos de Chile","twitter_card":"summary_large_image","twitter_creator":"@colegioarq","twitter_site":"@colegioarq","twitter_misc":{"Escrito por":"Colegio de Arquitectos de Chile","Tiempo de lectura":"2 minutos"},"schema":{"@context":"https:\/\/schema.org","@graph":[{"@type":"Article","@id":"https:\/\/colegioarquitectos.com\/noticias\/?p=20124#article","isPartOf":{"@id":"https:\/\/colegioarquitectos.com\/noticias\/?p=20124"},"author":{"name":"Colegio de Arquitectos de Chile","@id":"https:\/\/colegioarquitectos.com\/noticias\/#\/schema\/person\/685cc0aad148303c5608f049af8285ad"},"headline":"\u00bfRegi\u00f3n o Metr\u00f3polis?","datePublished":"2018-03-23T15:29:13+00:00","dateModified":"2018-03-23T15:29:13+00:00","mainEntityOfPage":{"@id":"https:\/\/colegioarquitectos.com\/noticias\/?p=20124"},"wordCount":465,"publisher":{"@id":"https:\/\/colegioarquitectos.com\/noticias\/#organization"},"image":{"@id":"https:\/\/colegioarquitectos.com\/noticias\/?p=20124#primaryimage"},"thumbnailUrl":"https:\/\/colegioarquitectos.com\/noticias\/wp-content\/uploads\/2018\/03\/Joan-Saavedra.jpeg","articleSection":["Delegaciones"],"inLanguage":"es"},{"@type":"WebPage","@id":"https:\/\/colegioarquitectos.com\/noticias\/?p=20124","url":"https:\/\/colegioarquitectos.com\/noticias\/?p=20124","name":"\u00bfRegi\u00f3n o Metr\u00f3polis? - COLEGIO DE ARQUITECTOS DE CHILE","isPartOf":{"@id":"https:\/\/colegioarquitectos.com\/noticias\/#website"},"primaryImageOfPage":{"@id":"https:\/\/colegioarquitectos.com\/noticias\/?p=20124#primaryimage"},"image":{"@id":"https:\/\/colegioarquitectos.com\/noticias\/?p=20124#primaryimage"},"thumbnailUrl":"https:\/\/colegioarquitectos.com\/noticias\/wp-content\/uploads\/2018\/03\/Joan-Saavedra.jpeg","datePublished":"2018-03-23T15:29:13+00:00","dateModified":"2018-03-23T15:29:13+00:00","breadcrumb":{"@id":"https:\/\/colegioarquitectos.com\/noticias\/?p=20124#breadcrumb"},"inLanguage":"es","potentialAction":[{"@type":"ReadAction","target":["https:\/\/colegioarquitectos.com\/noticias\/?p=20124"]}]},{"@type":"ImageObject","inLanguage":"es","@id":"https:\/\/colegioarquitectos.com\/noticias\/?p=20124#primaryimage","url":"https:\/\/colegioarquitectos.com\/noticias\/wp-content\/uploads\/2018\/03\/Joan-Saavedra.jpeg","contentUrl":"https:\/\/colegioarquitectos.com\/noticias\/wp-content\/uploads\/2018\/03\/Joan-Saavedra.jpeg","width":960,"height":1130},{"@type":"BreadcrumbList","@id":"https:\/\/colegioarquitectos.com\/noticias\/?p=20124#breadcrumb","itemListElement":[{"@type":"ListItem","position":1,"name":"Portada","item":"https:\/\/colegioarquitectos.com\/noticias"},{"@type":"ListItem","position":2,"name":"\u00bfRegi\u00f3n o Metr\u00f3polis?"}]},{"@type":"WebSite","@id":"https:\/\/colegioarquitectos.com\/noticias\/#website","url":"https:\/\/colegioarquitectos.com\/noticias\/","name":"COLEGIO DE ARQUITECTOS DE CHILE","description":"","publisher":{"@id":"https:\/\/colegioarquitectos.com\/noticias\/#organization"},"potentialAction":[{"@type":"SearchAction","target":{"@type":"EntryPoint","urlTemplate":"https:\/\/colegioarquitectos.com\/noticias\/?s={search_term_string}"},"query-input":{"@type":"PropertyValueSpecification","valueRequired":true,"valueName":"search_term_string"}}],"inLanguage":"es"},{"@type":"Organization","@id":"https:\/\/colegioarquitectos.com\/noticias\/#organization","name":"COLEGIO DE ARQUITECTOS DE CHILE","url":"https:\/\/colegioarquitectos.com\/noticias\/","logo":{"@type":"ImageObject","inLanguage":"es","@id":"https:\/\/colegioarquitectos.com\/noticias\/#\/schema\/logo\/image\/","url":"https:\/\/colegioarquitectos.com\/noticias\/wp-content\/uploads\/2021\/05\/ENCABEZADO-LOGO-CA.jpg","contentUrl":"https:\/\/colegioarquitectos.com\/noticias\/wp-content\/uploads\/2021\/05\/ENCABEZADO-LOGO-CA.jpg","width":690,"height":350,"caption":"COLEGIO DE ARQUITECTOS DE CHILE"},"image":{"@id":"https:\/\/colegioarquitectos.com\/noticias\/#\/schema\/logo\/image\/"},"sameAs":["https:\/\/facebook.com\/Colegioarq\/","https:\/\/x.com\/colegioarq","https:\/\/instagram.com\/colegioarq","https:\/\/youtube.com\/@ColegiodeArquitectosdeChile"]},{"@type":"Person","@id":"https:\/\/colegioarquitectos.com\/noticias\/#\/schema\/person\/685cc0aad148303c5608f049af8285ad","name":"Colegio de Arquitectos de Chile","url":"https:\/\/colegioarquitectos.com\/noticias\/?author=4"}]}},"_links":{"self":[{"href":"https:\/\/colegioarquitectos.com\/noticias\/index.php?rest_route=\/wp\/v2\/posts\/20124","targetHints":{"allow":["GET"]}}],"collection":[{"href":"https:\/\/colegioarquitectos.com\/noticias\/index.php?rest_route=\/wp\/v2\/posts"}],"about":[{"href":"https:\/\/colegioarquitectos.com\/noticias\/index.php?rest_route=\/wp\/v2\/types\/post"}],"author":[{"embeddable":true,"href":"https:\/\/colegioarquitectos.com\/noticias\/index.php?rest_route=\/wp\/v2\/users\/4"}],"replies":[{"embeddable":true,"href":"https:\/\/colegioarquitectos.com\/noticias\/index.php?rest_route=%2Fwp%2Fv2%2Fcomments&post=20124"}],"version-history":[{"count":0,"href":"https:\/\/colegioarquitectos.com\/noticias\/index.php?rest_route=\/wp\/v2\/posts\/20124\/revisions"}],"wp:featuredmedia":[{"embeddable":true,"href":"https:\/\/colegioarquitectos.com\/noticias\/index.php?rest_route=\/wp\/v2\/media\/20125"}],"wp:attachment":[{"href":"https:\/\/colegioarquitectos.com\/noticias\/index.php?rest_route=%2Fwp%2Fv2%2Fmedia&parent=20124"}],"wp:term":[{"taxonomy":"category","embeddable":true,"href":"https:\/\/colegioarquitectos.com\/noticias\/index.php?rest_route=%2Fwp%2Fv2%2Fcategories&post=20124"},{"taxonomy":"post_tag","embeddable":true,"href":"https:\/\/colegioarquitectos.com\/noticias\/index.php?rest_route=%2Fwp%2Fv2%2Ftags&post=20124"}],"curies":[{"name":"wp","href":"https:\/\/api.w.org\/{rel}","templated":true}]}}