
{"id":202,"date":"2012-01-03T09:50:50","date_gmt":"2012-01-03T09:50:50","guid":{"rendered":"http:\/\/colegioarquitectos.com\/noticias\/?p=202"},"modified":"2012-01-09T12:47:20","modified_gmt":"2012-01-09T12:47:20","slug":"schreder-chile-en-intervencion-urbana-que-une-iluminacion-espacio-publico-y-patrimonio","status":"publish","type":"post","link":"https:\/\/colegioarquitectos.com\/noticias\/?p=202","title":{"rendered":"SCHREDER CHILE EN INTERVENCION URBANA QUE UNE ILUMINACION, ESPACIO PUBLICO Y PATRIMONIO"},"content":{"rendered":"<p style=\"text-align: justify;\">El Centro de Arquitectura Contempor\u00e1nea, CAC inaugur\u00f3 recientemente la iluminaci\u00f3n temporal de la Iglesia San Isidro Labrador, con la colaboraci\u00f3n de la Ilustre Municipalidad de Santiago y de la empresa Schr\u00e9der Chile.<\/p>\n<p>Esta instalaci\u00f3n es liderada por el CAC, cuyos directores son los arquitectos David Scognamiglio y Vincent Dieval, en asociaci\u00f3n con las arquitectas y lighting designers\u00a0 Claudia Figueroa y Trinidad Hildebrandt en calidad de coautoras, constituyendo la primera de una serie de intervenciones urbanas que dan vida al proyecto Urbanluz.<\/p>\n<p>La iniciativa busca valorizar el espacio p\u00fablico a trav\u00e9s de intervenciones que investigan las posibilidades que da la luz como material arquitect\u00f3nico y como herramienta de creatividad urbana. \u201cSe trata de rescatar aquellos hitos urbanos olvidados\u201d, sostuvo David Scognamiglio.<\/p>\n<p>En particular, la instalaci\u00f3n inaugurada en la Iglesia San Isidro Labrador, que data de 1896 y que hoy tiene graves da\u00f1os estructurales, est\u00e1 concebida como un recorrido visual que descubre el edificio por fragmentos, mostrando su potencial y su valor arquitect\u00f3nico, sensibilizando a la opini\u00f3n p\u00fablica respecto de la importancia del patrimonio.<\/p>\n<p>En este caso, se\u00f1al\u00f3 David Scognamiglio, su situaci\u00f3n necesita una doble visibilidad: por un lado est\u00e1 rodeada de edificios y, por otro, a\u00fan mantiene los da\u00f1os que dej\u00f3 el terremoto.<\/p>\n<p>Ademar Acevedo, Ingeniero de Aplicaciones de Campo de Schr\u00e9der Chile, destac\u00f3, por su parte, que \u201cen esta intervenci\u00f3n todas las luminarias utilizadas -BaroLED, Neos y Enyo- son de tecnolog\u00eda LED, provistas por nuestra compa\u00f1\u00eda, las cuales son ideales para ba\u00f1ar de luz \u00e1reas definidas con gran precisi\u00f3n y nivel de detalle, logrando mejores efectos arquitect\u00f3nicos con un menor consumo de energ\u00eda\u201d.<\/p>\n<p>La instalaci\u00f3n, que resalta la belleza del edificio y la necesidad de su restauraci\u00f3n integral, se extender\u00e1 hasta el 15 de marzo de 2012 y funciona todos los d\u00edas, desde el atardecer hasta la una de la madrugada.<\/p>\n<p>El proyecto cuenta, adem\u00e1s, con el apoyo del Consejo de Monumentos Nacionales, la Pontificia Universidad Cat\u00f3lica de Chile y la ONG Al Rescate, entre otros.<\/p>\n<p style=\"text-align: justify;\"><a href=\"http:\/\/colegioarquitectos.com\/noticias\/wp-content\/uploads\/2012\/01\/Iglesia2.jpg\"><img loading=\"lazy\" decoding=\"async\" class=\"alignnone size-full wp-image-204\" title=\"Iglesia2\" src=\"http:\/\/colegioarquitectos.com\/noticias\/wp-content\/uploads\/2012\/01\/Iglesia2.jpg\" alt=\"\" width=\"540\" height=\"360\" srcset=\"https:\/\/colegioarquitectos.com\/noticias\/wp-content\/uploads\/2012\/01\/Iglesia2.jpg 540w, https:\/\/colegioarquitectos.com\/noticias\/wp-content\/uploads\/2012\/01\/Iglesia2-300x200.jpg 300w\" sizes=\"auto, (max-width: 540px) 100vw, 540px\" \/><\/a><\/p>\n<p><\/p>","protected":false},"excerpt":{"rendered":"<p>El Centro de Arquitectura Contempor\u00e1nea, CAC inaugur\u00f3 recientemente la iluminaci\u00f3n temporal de la Iglesia San Isidro Labrador, con la colaboraci\u00f3n de la Ilustre Municipalidad de Santiago y de la empresa Schr\u00e9der Chile. Esta instalaci\u00f3n es liderada por el CAC, cuyos &hellip; <a class=\"more-link\" href=\"https:\/\/colegioarquitectos.com\/noticias\/?p=202\">ver m\u00e1s<\/a><\/p>","protected":false},"author":1,"featured_media":0,"comment_status":"open","ping_status":"open","sticky":false,"template":"","format":"standard","meta":{"footnotes":""},"categories":[3],"tags":[],"class_list":["post-202","post","type-post","status-publish","format-standard","hentry","category-noticias"],"yoast_head":"<!-- This site is optimized with the Yoast SEO plugin v24.2 - https:\/\/yoast.com\/wordpress\/plugins\/seo\/ -->\n<title>SCHREDER CHILE EN INTERVENCION URBANA QUE UNE ILUMINACION, ESPACIO PUBLICO Y PATRIMONIO - COLEGIO DE ARQUITECTOS DE CHILE<\/title>\n<meta name=\"robots\" content=\"index, follow, max-snippet:-1, max-image-preview:large, max-video-preview:-1\" \/>\n<link rel=\"canonical\" href=\"https:\/\/colegioarquitectos.com\/noticias\/?p=202\" \/>\n<meta property=\"og:locale\" content=\"es_ES\" \/>\n<meta property=\"og:type\" content=\"article\" \/>\n<meta property=\"og:title\" content=\"SCHREDER CHILE EN INTERVENCION URBANA QUE UNE ILUMINACION, ESPACIO PUBLICO Y PATRIMONIO - COLEGIO DE ARQUITECTOS DE CHILE\" \/>\n<meta property=\"og:description\" content=\"El Centro de Arquitectura Contempor\u00e1nea, CAC inaugur\u00f3 recientemente la iluminaci\u00f3n temporal de la Iglesia San Isidro Labrador, con la colaboraci\u00f3n de la Ilustre Municipalidad de Santiago y de la empresa Schr\u00e9der Chile. Esta instalaci\u00f3n es liderada por el CAC, cuyos &hellip; ver m\u00e1s\" \/>\n<meta property=\"og:url\" content=\"https:\/\/colegioarquitectos.com\/noticias\/?p=202\" \/>\n<meta property=\"og:site_name\" content=\"COLEGIO DE ARQUITECTOS DE CHILE\" \/>\n<meta property=\"article:publisher\" content=\"https:\/\/facebook.com\/Colegioarq\/\" \/>\n<meta property=\"article:published_time\" content=\"2012-01-03T09:50:50+00:00\" \/>\n<meta property=\"article:modified_time\" content=\"2012-01-09T12:47:20+00:00\" \/>\n<meta property=\"og:image\" content=\"http:\/\/colegioarquitectos.com\/noticias\/wp-content\/uploads\/2012\/01\/Iglesia2.jpg\" \/>\n<meta name=\"author\" content=\"Gabriel Salgado S.\" \/>\n<meta name=\"twitter:card\" content=\"summary_large_image\" \/>\n<meta name=\"twitter:creator\" content=\"@colegioarq\" \/>\n<meta name=\"twitter:site\" content=\"@colegioarq\" \/>\n<meta name=\"twitter:label1\" content=\"Escrito por\" \/>\n\t<meta name=\"twitter:data1\" content=\"Gabriel Salgado S.\" \/>\n\t<meta name=\"twitter:label2\" content=\"Tiempo de lectura\" \/>\n\t<meta name=\"twitter:data2\" content=\"2 minutos\" \/>\n<script type=\"application\/ld+json\" class=\"yoast-schema-graph\">{\"@context\":\"https:\/\/schema.org\",\"@graph\":[{\"@type\":\"Article\",\"@id\":\"https:\/\/colegioarquitectos.com\/noticias\/?p=202#article\",\"isPartOf\":{\"@id\":\"https:\/\/colegioarquitectos.com\/noticias\/?p=202\"},\"author\":{\"name\":\"Gabriel Salgado S.\",\"@id\":\"https:\/\/colegioarquitectos.com\/noticias\/#\/schema\/person\/b6c7e912cd1283c089114093ed09741f\"},\"headline\":\"SCHREDER CHILE EN INTERVENCION URBANA QUE UNE ILUMINACION, ESPACIO PUBLICO Y PATRIMONIO\",\"datePublished\":\"2012-01-03T09:50:50+00:00\",\"dateModified\":\"2012-01-09T12:47:20+00:00\",\"mainEntityOfPage\":{\"@id\":\"https:\/\/colegioarquitectos.com\/noticias\/?p=202\"},\"wordCount\":366,\"commentCount\":0,\"publisher\":{\"@id\":\"https:\/\/colegioarquitectos.com\/noticias\/#organization\"},\"image\":{\"@id\":\"https:\/\/colegioarquitectos.com\/noticias\/?p=202#primaryimage\"},\"thumbnailUrl\":\"http:\/\/colegioarquitectos.com\/noticias\/wp-content\/uploads\/2012\/01\/Iglesia2.jpg\",\"articleSection\":[\"Noticias\"],\"inLanguage\":\"es\",\"potentialAction\":[{\"@type\":\"CommentAction\",\"name\":\"Comment\",\"target\":[\"https:\/\/colegioarquitectos.com\/noticias\/?p=202#respond\"]}]},{\"@type\":\"WebPage\",\"@id\":\"https:\/\/colegioarquitectos.com\/noticias\/?p=202\",\"url\":\"https:\/\/colegioarquitectos.com\/noticias\/?p=202\",\"name\":\"SCHREDER CHILE EN INTERVENCION URBANA QUE UNE ILUMINACION, ESPACIO PUBLICO Y PATRIMONIO - COLEGIO DE ARQUITECTOS DE CHILE\",\"isPartOf\":{\"@id\":\"https:\/\/colegioarquitectos.com\/noticias\/#website\"},\"primaryImageOfPage\":{\"@id\":\"https:\/\/colegioarquitectos.com\/noticias\/?p=202#primaryimage\"},\"image\":{\"@id\":\"https:\/\/colegioarquitectos.com\/noticias\/?p=202#primaryimage\"},\"thumbnailUrl\":\"http:\/\/colegioarquitectos.com\/noticias\/wp-content\/uploads\/2012\/01\/Iglesia2.jpg\",\"datePublished\":\"2012-01-03T09:50:50+00:00\",\"dateModified\":\"2012-01-09T12:47:20+00:00\",\"breadcrumb\":{\"@id\":\"https:\/\/colegioarquitectos.com\/noticias\/?p=202#breadcrumb\"},\"inLanguage\":\"es\",\"potentialAction\":[{\"@type\":\"ReadAction\",\"target\":[\"https:\/\/colegioarquitectos.com\/noticias\/?p=202\"]}]},{\"@type\":\"ImageObject\",\"inLanguage\":\"es\",\"@id\":\"https:\/\/colegioarquitectos.com\/noticias\/?p=202#primaryimage\",\"url\":\"http:\/\/colegioarquitectos.com\/noticias\/wp-content\/uploads\/2012\/01\/Iglesia2.jpg\",\"contentUrl\":\"http:\/\/colegioarquitectos.com\/noticias\/wp-content\/uploads\/2012\/01\/Iglesia2.jpg\"},{\"@type\":\"BreadcrumbList\",\"@id\":\"https:\/\/colegioarquitectos.com\/noticias\/?p=202#breadcrumb\",\"itemListElement\":[{\"@type\":\"ListItem\",\"position\":1,\"name\":\"Portada\",\"item\":\"https:\/\/colegioarquitectos.com\/noticias\"},{\"@type\":\"ListItem\",\"position\":2,\"name\":\"SCHREDER CHILE EN INTERVENCION URBANA QUE UNE ILUMINACION, ESPACIO PUBLICO Y PATRIMONIO\"}]},{\"@type\":\"WebSite\",\"@id\":\"https:\/\/colegioarquitectos.com\/noticias\/#website\",\"url\":\"https:\/\/colegioarquitectos.com\/noticias\/\",\"name\":\"COLEGIO DE ARQUITECTOS DE CHILE\",\"description\":\"\",\"publisher\":{\"@id\":\"https:\/\/colegioarquitectos.com\/noticias\/#organization\"},\"potentialAction\":[{\"@type\":\"SearchAction\",\"target\":{\"@type\":\"EntryPoint\",\"urlTemplate\":\"https:\/\/colegioarquitectos.com\/noticias\/?s={search_term_string}\"},\"query-input\":{\"@type\":\"PropertyValueSpecification\",\"valueRequired\":true,\"valueName\":\"search_term_string\"}}],\"inLanguage\":\"es\"},{\"@type\":\"Organization\",\"@id\":\"https:\/\/colegioarquitectos.com\/noticias\/#organization\",\"name\":\"COLEGIO DE ARQUITECTOS DE CHILE\",\"url\":\"https:\/\/colegioarquitectos.com\/noticias\/\",\"logo\":{\"@type\":\"ImageObject\",\"inLanguage\":\"es\",\"@id\":\"https:\/\/colegioarquitectos.com\/noticias\/#\/schema\/logo\/image\/\",\"url\":\"https:\/\/colegioarquitectos.com\/noticias\/wp-content\/uploads\/2021\/05\/ENCABEZADO-LOGO-CA.jpg\",\"contentUrl\":\"https:\/\/colegioarquitectos.com\/noticias\/wp-content\/uploads\/2021\/05\/ENCABEZADO-LOGO-CA.jpg\",\"width\":690,\"height\":350,\"caption\":\"COLEGIO DE ARQUITECTOS DE CHILE\"},\"image\":{\"@id\":\"https:\/\/colegioarquitectos.com\/noticias\/#\/schema\/logo\/image\/\"},\"sameAs\":[\"https:\/\/facebook.com\/Colegioarq\/\",\"https:\/\/x.com\/colegioarq\",\"https:\/\/instagram.com\/colegioarq\",\"https:\/\/youtube.com\/@ColegiodeArquitectosdeChile\"]},{\"@type\":\"Person\",\"@id\":\"https:\/\/colegioarquitectos.com\/noticias\/#\/schema\/person\/b6c7e912cd1283c089114093ed09741f\",\"name\":\"Gabriel Salgado S.\",\"url\":\"https:\/\/colegioarquitectos.com\/noticias\/?author=1\"}]}<\/script>\n<!-- \/ Yoast SEO plugin. -->","yoast_head_json":{"title":"SCHREDER CHILE EN INTERVENCION URBANA QUE UNE ILUMINACION, ESPACIO PUBLICO Y PATRIMONIO - COLEGIO DE ARQUITECTOS DE CHILE","robots":{"index":"index","follow":"follow","max-snippet":"max-snippet:-1","max-image-preview":"max-image-preview:large","max-video-preview":"max-video-preview:-1"},"canonical":"https:\/\/colegioarquitectos.com\/noticias\/?p=202","og_locale":"es_ES","og_type":"article","og_title":"SCHREDER CHILE EN INTERVENCION URBANA QUE UNE ILUMINACION, ESPACIO PUBLICO Y PATRIMONIO - COLEGIO DE ARQUITECTOS DE CHILE","og_description":"El Centro de Arquitectura Contempor\u00e1nea, CAC inaugur\u00f3 recientemente la iluminaci\u00f3n temporal de la Iglesia San Isidro Labrador, con la colaboraci\u00f3n de la Ilustre Municipalidad de Santiago y de la empresa Schr\u00e9der Chile. Esta instalaci\u00f3n es liderada por el CAC, cuyos &hellip; ver m\u00e1s","og_url":"https:\/\/colegioarquitectos.com\/noticias\/?p=202","og_site_name":"COLEGIO DE ARQUITECTOS DE CHILE","article_publisher":"https:\/\/facebook.com\/Colegioarq\/","article_published_time":"2012-01-03T09:50:50+00:00","article_modified_time":"2012-01-09T12:47:20+00:00","og_image":[{"url":"http:\/\/colegioarquitectos.com\/noticias\/wp-content\/uploads\/2012\/01\/Iglesia2.jpg","type":"","width":"","height":""}],"author":"Gabriel Salgado S.","twitter_card":"summary_large_image","twitter_creator":"@colegioarq","twitter_site":"@colegioarq","twitter_misc":{"Escrito por":"Gabriel Salgado S.","Tiempo de lectura":"2 minutos"},"schema":{"@context":"https:\/\/schema.org","@graph":[{"@type":"Article","@id":"https:\/\/colegioarquitectos.com\/noticias\/?p=202#article","isPartOf":{"@id":"https:\/\/colegioarquitectos.com\/noticias\/?p=202"},"author":{"name":"Gabriel Salgado S.","@id":"https:\/\/colegioarquitectos.com\/noticias\/#\/schema\/person\/b6c7e912cd1283c089114093ed09741f"},"headline":"SCHREDER CHILE EN INTERVENCION URBANA QUE UNE ILUMINACION, ESPACIO PUBLICO Y PATRIMONIO","datePublished":"2012-01-03T09:50:50+00:00","dateModified":"2012-01-09T12:47:20+00:00","mainEntityOfPage":{"@id":"https:\/\/colegioarquitectos.com\/noticias\/?p=202"},"wordCount":366,"commentCount":0,"publisher":{"@id":"https:\/\/colegioarquitectos.com\/noticias\/#organization"},"image":{"@id":"https:\/\/colegioarquitectos.com\/noticias\/?p=202#primaryimage"},"thumbnailUrl":"http:\/\/colegioarquitectos.com\/noticias\/wp-content\/uploads\/2012\/01\/Iglesia2.jpg","articleSection":["Noticias"],"inLanguage":"es","potentialAction":[{"@type":"CommentAction","name":"Comment","target":["https:\/\/colegioarquitectos.com\/noticias\/?p=202#respond"]}]},{"@type":"WebPage","@id":"https:\/\/colegioarquitectos.com\/noticias\/?p=202","url":"https:\/\/colegioarquitectos.com\/noticias\/?p=202","name":"SCHREDER CHILE EN INTERVENCION URBANA QUE UNE ILUMINACION, ESPACIO PUBLICO Y PATRIMONIO - COLEGIO DE ARQUITECTOS DE CHILE","isPartOf":{"@id":"https:\/\/colegioarquitectos.com\/noticias\/#website"},"primaryImageOfPage":{"@id":"https:\/\/colegioarquitectos.com\/noticias\/?p=202#primaryimage"},"image":{"@id":"https:\/\/colegioarquitectos.com\/noticias\/?p=202#primaryimage"},"thumbnailUrl":"http:\/\/colegioarquitectos.com\/noticias\/wp-content\/uploads\/2012\/01\/Iglesia2.jpg","datePublished":"2012-01-03T09:50:50+00:00","dateModified":"2012-01-09T12:47:20+00:00","breadcrumb":{"@id":"https:\/\/colegioarquitectos.com\/noticias\/?p=202#breadcrumb"},"inLanguage":"es","potentialAction":[{"@type":"ReadAction","target":["https:\/\/colegioarquitectos.com\/noticias\/?p=202"]}]},{"@type":"ImageObject","inLanguage":"es","@id":"https:\/\/colegioarquitectos.com\/noticias\/?p=202#primaryimage","url":"http:\/\/colegioarquitectos.com\/noticias\/wp-content\/uploads\/2012\/01\/Iglesia2.jpg","contentUrl":"http:\/\/colegioarquitectos.com\/noticias\/wp-content\/uploads\/2012\/01\/Iglesia2.jpg"},{"@type":"BreadcrumbList","@id":"https:\/\/colegioarquitectos.com\/noticias\/?p=202#breadcrumb","itemListElement":[{"@type":"ListItem","position":1,"name":"Portada","item":"https:\/\/colegioarquitectos.com\/noticias"},{"@type":"ListItem","position":2,"name":"SCHREDER CHILE EN INTERVENCION URBANA QUE UNE ILUMINACION, ESPACIO PUBLICO Y PATRIMONIO"}]},{"@type":"WebSite","@id":"https:\/\/colegioarquitectos.com\/noticias\/#website","url":"https:\/\/colegioarquitectos.com\/noticias\/","name":"COLEGIO DE ARQUITECTOS DE CHILE","description":"","publisher":{"@id":"https:\/\/colegioarquitectos.com\/noticias\/#organization"},"potentialAction":[{"@type":"SearchAction","target":{"@type":"EntryPoint","urlTemplate":"https:\/\/colegioarquitectos.com\/noticias\/?s={search_term_string}"},"query-input":{"@type":"PropertyValueSpecification","valueRequired":true,"valueName":"search_term_string"}}],"inLanguage":"es"},{"@type":"Organization","@id":"https:\/\/colegioarquitectos.com\/noticias\/#organization","name":"COLEGIO DE ARQUITECTOS DE CHILE","url":"https:\/\/colegioarquitectos.com\/noticias\/","logo":{"@type":"ImageObject","inLanguage":"es","@id":"https:\/\/colegioarquitectos.com\/noticias\/#\/schema\/logo\/image\/","url":"https:\/\/colegioarquitectos.com\/noticias\/wp-content\/uploads\/2021\/05\/ENCABEZADO-LOGO-CA.jpg","contentUrl":"https:\/\/colegioarquitectos.com\/noticias\/wp-content\/uploads\/2021\/05\/ENCABEZADO-LOGO-CA.jpg","width":690,"height":350,"caption":"COLEGIO DE ARQUITECTOS DE CHILE"},"image":{"@id":"https:\/\/colegioarquitectos.com\/noticias\/#\/schema\/logo\/image\/"},"sameAs":["https:\/\/facebook.com\/Colegioarq\/","https:\/\/x.com\/colegioarq","https:\/\/instagram.com\/colegioarq","https:\/\/youtube.com\/@ColegiodeArquitectosdeChile"]},{"@type":"Person","@id":"https:\/\/colegioarquitectos.com\/noticias\/#\/schema\/person\/b6c7e912cd1283c089114093ed09741f","name":"Gabriel Salgado S.","url":"https:\/\/colegioarquitectos.com\/noticias\/?author=1"}]}},"_links":{"self":[{"href":"https:\/\/colegioarquitectos.com\/noticias\/index.php?rest_route=\/wp\/v2\/posts\/202","targetHints":{"allow":["GET"]}}],"collection":[{"href":"https:\/\/colegioarquitectos.com\/noticias\/index.php?rest_route=\/wp\/v2\/posts"}],"about":[{"href":"https:\/\/colegioarquitectos.com\/noticias\/index.php?rest_route=\/wp\/v2\/types\/post"}],"author":[{"embeddable":true,"href":"https:\/\/colegioarquitectos.com\/noticias\/index.php?rest_route=\/wp\/v2\/users\/1"}],"replies":[{"embeddable":true,"href":"https:\/\/colegioarquitectos.com\/noticias\/index.php?rest_route=%2Fwp%2Fv2%2Fcomments&post=202"}],"version-history":[{"count":0,"href":"https:\/\/colegioarquitectos.com\/noticias\/index.php?rest_route=\/wp\/v2\/posts\/202\/revisions"}],"wp:attachment":[{"href":"https:\/\/colegioarquitectos.com\/noticias\/index.php?rest_route=%2Fwp%2Fv2%2Fmedia&parent=202"}],"wp:term":[{"taxonomy":"category","embeddable":true,"href":"https:\/\/colegioarquitectos.com\/noticias\/index.php?rest_route=%2Fwp%2Fv2%2Fcategories&post=202"},{"taxonomy":"post_tag","embeddable":true,"href":"https:\/\/colegioarquitectos.com\/noticias\/index.php?rest_route=%2Fwp%2Fv2%2Ftags&post=202"}],"curies":[{"name":"wp","href":"https:\/\/api.w.org\/{rel}","templated":true}]}}