
{"id":20229,"date":"2018-04-06T20:01:32","date_gmt":"2018-04-06T20:01:32","guid":{"rendered":"http:\/\/colegioarquitectos.com\/?p=20229"},"modified":"2018-04-06T20:01:59","modified_gmt":"2018-04-06T20:01:59","slug":"libro-despliega-la-obra-de-juan-grimm","status":"publish","type":"post","link":"https:\/\/colegioarquitectos.com\/noticias\/?p=20229","title":{"rendered":"Libro despliega la obra de Juan Grimm"},"content":{"rendered":"<p>Como uno de los paisajistas m\u00e1s importantes de Am\u00e9rica Latina, Juan Grimm quien tambi\u00e9n es arquitecto, ha dejado su huella en alrededor de mil hect\u00e1reas de jardines, parques p\u00fablicos y privados a lo largo de Chile, Argentina, Per\u00fa y Uruguay.\u00a0 Hoy, un cuidado libro nos presenta, por primera vez, su obra en profundidad, a trav\u00e9s de m\u00e1s de 250 im\u00e1genes tomadas por el fot\u00f3grafo Renzo Delpino, adem\u00e1s de planos, bosquejos de su pu\u00f1o y letra y un cuaderno de viaje en el que el paisajista relata su profunda relaci\u00f3n con la naturaleza y con la creaci\u00f3n de paisajes y jardines en base a la flora nativa y la realidad particular de cada lugar. El libro fue editado por Claudia Pertuz\u00e9, dise\u00f1ado por Colomba Cruz, e incluye una presentaci\u00f3n de Mathias Klotz, y textos de Aniket Bhagwat y Mitzi Rojas.<\/p>\n<p>La publicaci\u00f3n nos introduce en la obra de quien es considerado como el padre del paisajismo en Chile, relatando de primera mano c\u00f3mo piensa y planea el paisajismo, sus fuentes de inspiraci\u00f3n, prop\u00f3sito art\u00edstico, las historias detr\u00e1s de cada uno de los proyectos y c\u00f3mo han evolucionado en el tiempo. A trav\u00e9s de dibujos y fotograf\u00edas, el volumen presenta una selecci\u00f3n de obras representativas, desde peque\u00f1os jardines hasta grandes parques que ilustran sus 30 a\u00f1os de trayectoria. Se reconoce, as\u00ed, \u00a0a una figura emblem\u00e1tica de la arquitectura del paisaje en Chile, campo que, junto a la arquitectura contempor\u00e1nea, ha tenido un importante crecimiento en las \u00faltimas d\u00e9cadas en el pa\u00eds.<\/p>\n<p>\u201cEn l\u00ednea con nuestro compromiso de apoyar la difusi\u00f3n del patrimonio cultural chileno, especialmente a talentos destacados por sus trayectorias exitosas que traspasan fronteras, es que estamos orgullosos de haber participado en la creaci\u00f3n de este libro, que ofrece la mirada m\u00e1s completa a los 30 a\u00f1os de carrera de Juan Grimm, artista chileno cuya influencia en el paisajismo latinoamericano es innegable\u201d, dice Fernando Larra\u00edn Cruzat, Presidente Ejecutivo de LarrainVial.<\/p>\n<p><strong><a href=\"http:\/\/colegioarquitectos.com\/noticias\/wp-content\/uploads\/2018\/04\/Portada-libro.tiff\"><img loading=\"lazy\" decoding=\"async\" class=\"alignnone size-medium wp-image-20231\" src=\"http:\/\/colegioarquitectos.com\/noticias\/wp-content\/uploads\/2018\/04\/Portada-libro.tiff\" alt=\"\" width=\"1\" height=\"1\" \/><\/a><img loading=\"lazy\" decoding=\"async\" class=\"alignnone wp-image-20232 \" src=\"http:\/\/colegioarquitectos.com\/noticias\/wp-content\/uploads\/2018\/04\/Portada-libro.jpg\" alt=\"\" width=\"354\" height=\"443\" srcset=\"https:\/\/colegioarquitectos.com\/noticias\/wp-content\/uploads\/2018\/04\/Portada-libro.jpg 800w, https:\/\/colegioarquitectos.com\/noticias\/wp-content\/uploads\/2018\/04\/Portada-libro-240x300.jpg 240w, https:\/\/colegioarquitectos.com\/noticias\/wp-content\/uploads\/2018\/04\/Portada-libro-768x960.jpg 768w\" sizes=\"auto, (max-width: 354px) 100vw, 354px\" \/>\u00a0<\/strong><\/p>\n<p>&nbsp;<\/p>\n<p><strong>Recuperar el infinito<\/strong><\/p>\n<p>Desde peque\u00f1o, el paisajista se fascin\u00f3 con los espacios infinitos del cielo y el mar. Cuenta que cuando ni\u00f1o tuvo una pesadilla en la que un muro medianero se derrumbaba, y le permit\u00eda extender la vista hasta el mar y el horizonte. Sin embargo, momentos despu\u00e9s, el muro se cerraba y solo quedaba un peque\u00f1o cerro de tierra con algunos cactus encima. Como tel\u00f3n de fondo se ve\u00eda una muralla. Hab\u00eda desaparecido de golpe esa magn\u00edfica imagen del oc\u00e9ano azul gris\u00e1ceo y brillante: hab\u00eda desaparecido el infinito. Esta pesadilla dej\u00f3 una impresi\u00f3n duradera en \u00e9l: \u201c<em>Hoy me asombro de lo que suced\u00eda en ese sue\u00f1o, debido al fuerte v\u00ednculo que tiene con algunos conceptos que, a\u00f1os m\u00e1s tarde, ser\u00edan fundamentales al momento de estructurar un jard\u00edn<\/em>\u201d<\/p>\n<p>\u201c<em>Est\u00e1 su historia como paisajista, su incansable preocupaci\u00f3n por conservar y recuperar los paisajes de Chile; est\u00e1 su genuina contribuci\u00f3n a la arquitectura y a la sociedad. Est\u00e1 su sue\u00f1o hecho realidad<\/em>\u201d, dice en el pr\u00f3logo la editora, Claudia Pertuz\u00e9.<\/p>\n<p>Sus creaciones destacan por el gran dominio de la naturaleza en sus diversas escalas, enfatizando su car\u00e1cter sublime, siempre incorporando el entorno en sus dise\u00f1os. \u00a0A trav\u00e9s del uso mayoritario de flora nativa del lugar, Grimm crea sobrecogedoras texturas en el paisaje.<\/p>\n<p><em>\u201cEl jard\u00edn debe seducir al espectador y transportarlo a un mundo donde el goce por la naturaleza estimule la libertad personal\u201d, <\/em>dice Juan Grimm. Y as\u00ed lo reafirma Claudia Pertuz\u00e9: \u201c<em>Lo suyo es crear atm\u00f3sferas, jugar con las luces y sombras del lugar, armar rincones \u00edntimos y misteriosos, incluir plantas nativas y ex\u00f3ticas, invitar, dejarse sorprender. Cada una de sus obras es un cuento que quiere ser le\u00eddo<\/em>\u201d.<\/p>\n<p>&nbsp;<\/p>\n<p><img loading=\"lazy\" decoding=\"async\" class=\"alignnone size-medium wp-image-20234\" src=\"http:\/\/colegioarquitectos.com\/noticias\/wp-content\/uploads\/2018\/04\/Retrato-Juan-Grimm_Foto-Renzo-Delpino-1-264x300.jpeg\" alt=\"\" width=\"264\" height=\"300\" srcset=\"https:\/\/colegioarquitectos.com\/noticias\/wp-content\/uploads\/2018\/04\/Retrato-Juan-Grimm_Foto-Renzo-Delpino-1-264x300.jpeg 264w, https:\/\/colegioarquitectos.com\/noticias\/wp-content\/uploads\/2018\/04\/Retrato-Juan-Grimm_Foto-Renzo-Delpino-1.jpeg 377w\" sizes=\"auto, (max-width: 264px) 100vw, 264px\" \/><\/p>\n<p><em>Juan Grimm<\/em><\/p>\n<p><\/p>","protected":false},"excerpt":{"rendered":"<p>Como uno de los paisajistas m\u00e1s importantes de Am\u00e9rica Latina, Juan Grimm quien tambi\u00e9n es arquitecto, ha dejado su huella en alrededor de mil hect\u00e1reas de jardines, parques p\u00fablicos y privados a lo largo de Chile, Argentina, Per\u00fa y Uruguay.\u00a0 &hellip; <a class=\"more-link\" href=\"https:\/\/colegioarquitectos.com\/noticias\/?p=20229\">ver m\u00e1s<\/a><\/p>","protected":false},"author":4,"featured_media":20230,"comment_status":"closed","ping_status":"closed","sticky":false,"template":"","format":"standard","meta":{"footnotes":""},"categories":[3],"tags":[],"class_list":["post-20229","post","type-post","status-publish","format-standard","has-post-thumbnail","hentry","category-noticias"],"yoast_head":"<!-- This site is optimized with the Yoast SEO plugin v24.2 - https:\/\/yoast.com\/wordpress\/plugins\/seo\/ -->\n<title>Libro despliega la obra de Juan Grimm - COLEGIO DE ARQUITECTOS DE CHILE<\/title>\n<meta name=\"robots\" content=\"index, follow, max-snippet:-1, max-image-preview:large, max-video-preview:-1\" \/>\n<link rel=\"canonical\" href=\"https:\/\/colegioarquitectos.com\/noticias\/?p=20229\" \/>\n<meta property=\"og:locale\" content=\"es_ES\" \/>\n<meta property=\"og:type\" content=\"article\" \/>\n<meta property=\"og:title\" content=\"Libro despliega la obra de Juan Grimm - COLEGIO DE ARQUITECTOS DE CHILE\" \/>\n<meta property=\"og:description\" content=\"Como uno de los paisajistas m\u00e1s importantes de Am\u00e9rica Latina, Juan Grimm quien tambi\u00e9n es arquitecto, ha dejado su huella en alrededor de mil hect\u00e1reas de jardines, parques p\u00fablicos y privados a lo largo de Chile, Argentina, Per\u00fa y Uruguay.\u00a0 &hellip; ver m\u00e1s\" \/>\n<meta property=\"og:url\" content=\"https:\/\/colegioarquitectos.com\/noticias\/?p=20229\" \/>\n<meta property=\"og:site_name\" content=\"COLEGIO DE ARQUITECTOS DE CHILE\" \/>\n<meta property=\"article:publisher\" content=\"https:\/\/facebook.com\/Colegioarq\/\" \/>\n<meta property=\"article:published_time\" content=\"2018-04-06T20:01:32+00:00\" \/>\n<meta property=\"article:modified_time\" content=\"2018-04-06T20:01:59+00:00\" \/>\n<meta property=\"og:image\" content=\"https:\/\/colegioarquitectos.com\/noticias\/wp-content\/uploads\/2018\/04\/BAHIA-AZUL_POOLjpg.jpg\" \/>\n\t<meta property=\"og:image:width\" content=\"690\" \/>\n\t<meta property=\"og:image:height\" content=\"461\" \/>\n\t<meta property=\"og:image:type\" content=\"image\/jpeg\" \/>\n<meta name=\"author\" content=\"Colegio de Arquitectos de Chile\" \/>\n<meta name=\"twitter:card\" content=\"summary_large_image\" \/>\n<meta name=\"twitter:creator\" content=\"@colegioarq\" \/>\n<meta name=\"twitter:site\" content=\"@colegioarq\" \/>\n<meta name=\"twitter:label1\" content=\"Escrito por\" \/>\n\t<meta name=\"twitter:data1\" content=\"Colegio de Arquitectos de Chile\" \/>\n\t<meta name=\"twitter:label2\" content=\"Tiempo de lectura\" \/>\n\t<meta name=\"twitter:data2\" content=\"3 minutos\" \/>\n<script type=\"application\/ld+json\" class=\"yoast-schema-graph\">{\"@context\":\"https:\/\/schema.org\",\"@graph\":[{\"@type\":\"Article\",\"@id\":\"https:\/\/colegioarquitectos.com\/noticias\/?p=20229#article\",\"isPartOf\":{\"@id\":\"https:\/\/colegioarquitectos.com\/noticias\/?p=20229\"},\"author\":{\"name\":\"Colegio de Arquitectos de Chile\",\"@id\":\"https:\/\/colegioarquitectos.com\/noticias\/#\/schema\/person\/685cc0aad148303c5608f049af8285ad\"},\"headline\":\"Libro despliega la obra de Juan Grimm\",\"datePublished\":\"2018-04-06T20:01:32+00:00\",\"dateModified\":\"2018-04-06T20:01:59+00:00\",\"mainEntityOfPage\":{\"@id\":\"https:\/\/colegioarquitectos.com\/noticias\/?p=20229\"},\"wordCount\":674,\"publisher\":{\"@id\":\"https:\/\/colegioarquitectos.com\/noticias\/#organization\"},\"image\":{\"@id\":\"https:\/\/colegioarquitectos.com\/noticias\/?p=20229#primaryimage\"},\"thumbnailUrl\":\"https:\/\/colegioarquitectos.com\/noticias\/wp-content\/uploads\/2018\/04\/BAHIA-AZUL_POOLjpg.jpg\",\"articleSection\":[\"Noticias\"],\"inLanguage\":\"es\"},{\"@type\":\"WebPage\",\"@id\":\"https:\/\/colegioarquitectos.com\/noticias\/?p=20229\",\"url\":\"https:\/\/colegioarquitectos.com\/noticias\/?p=20229\",\"name\":\"Libro despliega la obra de Juan Grimm - COLEGIO DE ARQUITECTOS DE CHILE\",\"isPartOf\":{\"@id\":\"https:\/\/colegioarquitectos.com\/noticias\/#website\"},\"primaryImageOfPage\":{\"@id\":\"https:\/\/colegioarquitectos.com\/noticias\/?p=20229#primaryimage\"},\"image\":{\"@id\":\"https:\/\/colegioarquitectos.com\/noticias\/?p=20229#primaryimage\"},\"thumbnailUrl\":\"https:\/\/colegioarquitectos.com\/noticias\/wp-content\/uploads\/2018\/04\/BAHIA-AZUL_POOLjpg.jpg\",\"datePublished\":\"2018-04-06T20:01:32+00:00\",\"dateModified\":\"2018-04-06T20:01:59+00:00\",\"breadcrumb\":{\"@id\":\"https:\/\/colegioarquitectos.com\/noticias\/?p=20229#breadcrumb\"},\"inLanguage\":\"es\",\"potentialAction\":[{\"@type\":\"ReadAction\",\"target\":[\"https:\/\/colegioarquitectos.com\/noticias\/?p=20229\"]}]},{\"@type\":\"ImageObject\",\"inLanguage\":\"es\",\"@id\":\"https:\/\/colegioarquitectos.com\/noticias\/?p=20229#primaryimage\",\"url\":\"https:\/\/colegioarquitectos.com\/noticias\/wp-content\/uploads\/2018\/04\/BAHIA-AZUL_POOLjpg.jpg\",\"contentUrl\":\"https:\/\/colegioarquitectos.com\/noticias\/wp-content\/uploads\/2018\/04\/BAHIA-AZUL_POOLjpg.jpg\",\"width\":690,\"height\":461},{\"@type\":\"BreadcrumbList\",\"@id\":\"https:\/\/colegioarquitectos.com\/noticias\/?p=20229#breadcrumb\",\"itemListElement\":[{\"@type\":\"ListItem\",\"position\":1,\"name\":\"Portada\",\"item\":\"https:\/\/colegioarquitectos.com\/noticias\"},{\"@type\":\"ListItem\",\"position\":2,\"name\":\"Libro despliega la obra de Juan Grimm\"}]},{\"@type\":\"WebSite\",\"@id\":\"https:\/\/colegioarquitectos.com\/noticias\/#website\",\"url\":\"https:\/\/colegioarquitectos.com\/noticias\/\",\"name\":\"COLEGIO DE ARQUITECTOS DE CHILE\",\"description\":\"\",\"publisher\":{\"@id\":\"https:\/\/colegioarquitectos.com\/noticias\/#organization\"},\"potentialAction\":[{\"@type\":\"SearchAction\",\"target\":{\"@type\":\"EntryPoint\",\"urlTemplate\":\"https:\/\/colegioarquitectos.com\/noticias\/?s={search_term_string}\"},\"query-input\":{\"@type\":\"PropertyValueSpecification\",\"valueRequired\":true,\"valueName\":\"search_term_string\"}}],\"inLanguage\":\"es\"},{\"@type\":\"Organization\",\"@id\":\"https:\/\/colegioarquitectos.com\/noticias\/#organization\",\"name\":\"COLEGIO DE ARQUITECTOS DE CHILE\",\"url\":\"https:\/\/colegioarquitectos.com\/noticias\/\",\"logo\":{\"@type\":\"ImageObject\",\"inLanguage\":\"es\",\"@id\":\"https:\/\/colegioarquitectos.com\/noticias\/#\/schema\/logo\/image\/\",\"url\":\"https:\/\/colegioarquitectos.com\/noticias\/wp-content\/uploads\/2021\/05\/ENCABEZADO-LOGO-CA.jpg\",\"contentUrl\":\"https:\/\/colegioarquitectos.com\/noticias\/wp-content\/uploads\/2021\/05\/ENCABEZADO-LOGO-CA.jpg\",\"width\":690,\"height\":350,\"caption\":\"COLEGIO DE ARQUITECTOS DE CHILE\"},\"image\":{\"@id\":\"https:\/\/colegioarquitectos.com\/noticias\/#\/schema\/logo\/image\/\"},\"sameAs\":[\"https:\/\/facebook.com\/Colegioarq\/\",\"https:\/\/x.com\/colegioarq\",\"https:\/\/instagram.com\/colegioarq\",\"https:\/\/youtube.com\/@ColegiodeArquitectosdeChile\"]},{\"@type\":\"Person\",\"@id\":\"https:\/\/colegioarquitectos.com\/noticias\/#\/schema\/person\/685cc0aad148303c5608f049af8285ad\",\"name\":\"Colegio de Arquitectos de Chile\",\"url\":\"https:\/\/colegioarquitectos.com\/noticias\/?author=4\"}]}<\/script>\n<!-- \/ Yoast SEO plugin. -->","yoast_head_json":{"title":"Libro despliega la obra de Juan Grimm - COLEGIO DE ARQUITECTOS DE CHILE","robots":{"index":"index","follow":"follow","max-snippet":"max-snippet:-1","max-image-preview":"max-image-preview:large","max-video-preview":"max-video-preview:-1"},"canonical":"https:\/\/colegioarquitectos.com\/noticias\/?p=20229","og_locale":"es_ES","og_type":"article","og_title":"Libro despliega la obra de Juan Grimm - COLEGIO DE ARQUITECTOS DE CHILE","og_description":"Como uno de los paisajistas m\u00e1s importantes de Am\u00e9rica Latina, Juan Grimm quien tambi\u00e9n es arquitecto, ha dejado su huella en alrededor de mil hect\u00e1reas de jardines, parques p\u00fablicos y privados a lo largo de Chile, Argentina, Per\u00fa y Uruguay.\u00a0 &hellip; ver m\u00e1s","og_url":"https:\/\/colegioarquitectos.com\/noticias\/?p=20229","og_site_name":"COLEGIO DE ARQUITECTOS DE CHILE","article_publisher":"https:\/\/facebook.com\/Colegioarq\/","article_published_time":"2018-04-06T20:01:32+00:00","article_modified_time":"2018-04-06T20:01:59+00:00","og_image":[{"width":690,"height":461,"url":"https:\/\/colegioarquitectos.com\/noticias\/wp-content\/uploads\/2018\/04\/BAHIA-AZUL_POOLjpg.jpg","type":"image\/jpeg"}],"author":"Colegio de Arquitectos de Chile","twitter_card":"summary_large_image","twitter_creator":"@colegioarq","twitter_site":"@colegioarq","twitter_misc":{"Escrito por":"Colegio de Arquitectos de Chile","Tiempo de lectura":"3 minutos"},"schema":{"@context":"https:\/\/schema.org","@graph":[{"@type":"Article","@id":"https:\/\/colegioarquitectos.com\/noticias\/?p=20229#article","isPartOf":{"@id":"https:\/\/colegioarquitectos.com\/noticias\/?p=20229"},"author":{"name":"Colegio de Arquitectos de Chile","@id":"https:\/\/colegioarquitectos.com\/noticias\/#\/schema\/person\/685cc0aad148303c5608f049af8285ad"},"headline":"Libro despliega la obra de Juan Grimm","datePublished":"2018-04-06T20:01:32+00:00","dateModified":"2018-04-06T20:01:59+00:00","mainEntityOfPage":{"@id":"https:\/\/colegioarquitectos.com\/noticias\/?p=20229"},"wordCount":674,"publisher":{"@id":"https:\/\/colegioarquitectos.com\/noticias\/#organization"},"image":{"@id":"https:\/\/colegioarquitectos.com\/noticias\/?p=20229#primaryimage"},"thumbnailUrl":"https:\/\/colegioarquitectos.com\/noticias\/wp-content\/uploads\/2018\/04\/BAHIA-AZUL_POOLjpg.jpg","articleSection":["Noticias"],"inLanguage":"es"},{"@type":"WebPage","@id":"https:\/\/colegioarquitectos.com\/noticias\/?p=20229","url":"https:\/\/colegioarquitectos.com\/noticias\/?p=20229","name":"Libro despliega la obra de Juan Grimm - COLEGIO DE ARQUITECTOS DE CHILE","isPartOf":{"@id":"https:\/\/colegioarquitectos.com\/noticias\/#website"},"primaryImageOfPage":{"@id":"https:\/\/colegioarquitectos.com\/noticias\/?p=20229#primaryimage"},"image":{"@id":"https:\/\/colegioarquitectos.com\/noticias\/?p=20229#primaryimage"},"thumbnailUrl":"https:\/\/colegioarquitectos.com\/noticias\/wp-content\/uploads\/2018\/04\/BAHIA-AZUL_POOLjpg.jpg","datePublished":"2018-04-06T20:01:32+00:00","dateModified":"2018-04-06T20:01:59+00:00","breadcrumb":{"@id":"https:\/\/colegioarquitectos.com\/noticias\/?p=20229#breadcrumb"},"inLanguage":"es","potentialAction":[{"@type":"ReadAction","target":["https:\/\/colegioarquitectos.com\/noticias\/?p=20229"]}]},{"@type":"ImageObject","inLanguage":"es","@id":"https:\/\/colegioarquitectos.com\/noticias\/?p=20229#primaryimage","url":"https:\/\/colegioarquitectos.com\/noticias\/wp-content\/uploads\/2018\/04\/BAHIA-AZUL_POOLjpg.jpg","contentUrl":"https:\/\/colegioarquitectos.com\/noticias\/wp-content\/uploads\/2018\/04\/BAHIA-AZUL_POOLjpg.jpg","width":690,"height":461},{"@type":"BreadcrumbList","@id":"https:\/\/colegioarquitectos.com\/noticias\/?p=20229#breadcrumb","itemListElement":[{"@type":"ListItem","position":1,"name":"Portada","item":"https:\/\/colegioarquitectos.com\/noticias"},{"@type":"ListItem","position":2,"name":"Libro despliega la obra de Juan Grimm"}]},{"@type":"WebSite","@id":"https:\/\/colegioarquitectos.com\/noticias\/#website","url":"https:\/\/colegioarquitectos.com\/noticias\/","name":"COLEGIO DE ARQUITECTOS DE CHILE","description":"","publisher":{"@id":"https:\/\/colegioarquitectos.com\/noticias\/#organization"},"potentialAction":[{"@type":"SearchAction","target":{"@type":"EntryPoint","urlTemplate":"https:\/\/colegioarquitectos.com\/noticias\/?s={search_term_string}"},"query-input":{"@type":"PropertyValueSpecification","valueRequired":true,"valueName":"search_term_string"}}],"inLanguage":"es"},{"@type":"Organization","@id":"https:\/\/colegioarquitectos.com\/noticias\/#organization","name":"COLEGIO DE ARQUITECTOS DE CHILE","url":"https:\/\/colegioarquitectos.com\/noticias\/","logo":{"@type":"ImageObject","inLanguage":"es","@id":"https:\/\/colegioarquitectos.com\/noticias\/#\/schema\/logo\/image\/","url":"https:\/\/colegioarquitectos.com\/noticias\/wp-content\/uploads\/2021\/05\/ENCABEZADO-LOGO-CA.jpg","contentUrl":"https:\/\/colegioarquitectos.com\/noticias\/wp-content\/uploads\/2021\/05\/ENCABEZADO-LOGO-CA.jpg","width":690,"height":350,"caption":"COLEGIO DE ARQUITECTOS DE CHILE"},"image":{"@id":"https:\/\/colegioarquitectos.com\/noticias\/#\/schema\/logo\/image\/"},"sameAs":["https:\/\/facebook.com\/Colegioarq\/","https:\/\/x.com\/colegioarq","https:\/\/instagram.com\/colegioarq","https:\/\/youtube.com\/@ColegiodeArquitectosdeChile"]},{"@type":"Person","@id":"https:\/\/colegioarquitectos.com\/noticias\/#\/schema\/person\/685cc0aad148303c5608f049af8285ad","name":"Colegio de Arquitectos de Chile","url":"https:\/\/colegioarquitectos.com\/noticias\/?author=4"}]}},"_links":{"self":[{"href":"https:\/\/colegioarquitectos.com\/noticias\/index.php?rest_route=\/wp\/v2\/posts\/20229","targetHints":{"allow":["GET"]}}],"collection":[{"href":"https:\/\/colegioarquitectos.com\/noticias\/index.php?rest_route=\/wp\/v2\/posts"}],"about":[{"href":"https:\/\/colegioarquitectos.com\/noticias\/index.php?rest_route=\/wp\/v2\/types\/post"}],"author":[{"embeddable":true,"href":"https:\/\/colegioarquitectos.com\/noticias\/index.php?rest_route=\/wp\/v2\/users\/4"}],"replies":[{"embeddable":true,"href":"https:\/\/colegioarquitectos.com\/noticias\/index.php?rest_route=%2Fwp%2Fv2%2Fcomments&post=20229"}],"version-history":[{"count":0,"href":"https:\/\/colegioarquitectos.com\/noticias\/index.php?rest_route=\/wp\/v2\/posts\/20229\/revisions"}],"wp:featuredmedia":[{"embeddable":true,"href":"https:\/\/colegioarquitectos.com\/noticias\/index.php?rest_route=\/wp\/v2\/media\/20230"}],"wp:attachment":[{"href":"https:\/\/colegioarquitectos.com\/noticias\/index.php?rest_route=%2Fwp%2Fv2%2Fmedia&parent=20229"}],"wp:term":[{"taxonomy":"category","embeddable":true,"href":"https:\/\/colegioarquitectos.com\/noticias\/index.php?rest_route=%2Fwp%2Fv2%2Fcategories&post=20229"},{"taxonomy":"post_tag","embeddable":true,"href":"https:\/\/colegioarquitectos.com\/noticias\/index.php?rest_route=%2Fwp%2Fv2%2Ftags&post=20229"}],"curies":[{"name":"wp","href":"https:\/\/api.w.org\/{rel}","templated":true}]}}