
{"id":20237,"date":"2018-04-09T15:17:11","date_gmt":"2018-04-09T15:17:11","guid":{"rendered":"http:\/\/colegioarquitectos.com\/?p=20237"},"modified":"2018-04-09T15:18:32","modified_gmt":"2018-04-09T15:18:32","slug":"capsula-01-adonde-vas-chiloe-un-espacio-del-colegio-de-arquitectos","status":"publish","type":"post","link":"https:\/\/colegioarquitectos.com\/noticias\/?p=20237","title":{"rendered":"C\u00c1PSULA #01: Ad\u00f3nde vas Chilo\u00e9, un espacio del Colegio de Arquitectos"},"content":{"rendered":"<p>Comienza el ciclo de c\u00e1psulas del proyecto Ad\u00f3nde vas Chilo\u00e9 2018, con un retrato del espacio radial que la Delegaci\u00f3n Chilo\u00e9 del Colegio de Arquitectos ha construido semana a semana por los \u00faltimos 4 a\u00f1os.<\/p>\n<p>Este cortometraje nos muestra la historia del programa: \u201cAd\u00f3nde vas Chilo\u00e9, un espacio del Colegio de Arquitectos\u201d, donde su conductor, el arquitecto Juan Fernando Y\u00e1\u00f1ez Porras, ha transmitido cada jueves, por m\u00e1s de cuatro a\u00f1os, en radio i<a href=\"http:\/\/www.imagenfm.cl\/\">magenfm.cl<\/a>, un espacio de conversaci\u00f3n en torno a los acontecimientos que ocurren en el territorio de Chilo\u00e9.<\/p>\n<div style=\"text-algn:left\"><span style=\"display:inline-block;text-align:center;\"><iframe allow=\"autoplay\" class=\"youtube_embed_iframe\"    allowFullScreen=\"true\" style=\"width:640px; height:385px\" src=\"https:\/\/www.youtube.com\/embed\/hXDRfCOJDD0?autoplay=0&theme=dark&loop=0&fs=1&showinfo=0&modestbranding=1&iv_load_policy=1&color=white&autohide=1&disablekb=0&enablejsapi=1&version=3\"><\/iframe><\/span><\/div>\n<p><\/p>","protected":false},"excerpt":{"rendered":"<p>Comienza el ciclo de c\u00e1psulas del proyecto Ad\u00f3nde vas Chilo\u00e9 2018, con un retrato del espacio radial que la Delegaci\u00f3n Chilo\u00e9 del Colegio de Arquitectos ha construido semana a semana por los \u00faltimos 4 a\u00f1os. Este cortometraje nos muestra la &hellip; <a class=\"more-link\" href=\"https:\/\/colegioarquitectos.com\/noticias\/?p=20237\">ver m\u00e1s<\/a><\/p>","protected":false},"author":4,"featured_media":20238,"comment_status":"closed","ping_status":"closed","sticky":false,"template":"","format":"standard","meta":{"footnotes":""},"categories":[10],"tags":[],"class_list":["post-20237","post","type-post","status-publish","format-standard","has-post-thumbnail","hentry","category-delegaciones-zonales"],"yoast_head":"<!-- This site is optimized with the Yoast SEO plugin v24.2 - https:\/\/yoast.com\/wordpress\/plugins\/seo\/ -->\n<title>C\u00c1PSULA #01: Ad\u00f3nde vas Chilo\u00e9, un espacio del Colegio de Arquitectos - COLEGIO DE ARQUITECTOS DE CHILE<\/title>\n<meta name=\"robots\" content=\"index, follow, max-snippet:-1, max-image-preview:large, max-video-preview:-1\" \/>\n<link rel=\"canonical\" href=\"https:\/\/colegioarquitectos.com\/noticias\/?p=20237\" \/>\n<meta property=\"og:locale\" content=\"es_ES\" \/>\n<meta property=\"og:type\" content=\"article\" \/>\n<meta property=\"og:title\" content=\"C\u00c1PSULA #01: Ad\u00f3nde vas Chilo\u00e9, un espacio del Colegio de Arquitectos - COLEGIO DE ARQUITECTOS DE CHILE\" \/>\n<meta property=\"og:description\" content=\"Comienza el ciclo de c\u00e1psulas del proyecto Ad\u00f3nde vas Chilo\u00e9 2018, con un retrato del espacio radial que la Delegaci\u00f3n Chilo\u00e9 del Colegio de Arquitectos ha construido semana a semana por los \u00faltimos 4 a\u00f1os. Este cortometraje nos muestra la &hellip; ver m\u00e1s\" \/>\n<meta property=\"og:url\" content=\"https:\/\/colegioarquitectos.com\/noticias\/?p=20237\" \/>\n<meta property=\"og:site_name\" content=\"COLEGIO DE ARQUITECTOS DE CHILE\" \/>\n<meta property=\"article:publisher\" content=\"https:\/\/facebook.com\/Colegioarq\/\" \/>\n<meta property=\"article:published_time\" content=\"2018-04-09T15:17:11+00:00\" \/>\n<meta property=\"article:modified_time\" content=\"2018-04-09T15:18:32+00:00\" \/>\n<meta property=\"og:image\" content=\"https:\/\/colegioarquitectos.com\/noticias\/wp-content\/uploads\/2018\/04\/Microdocumentales-Chilo\u00e9.jpg\" \/>\n\t<meta property=\"og:image:width\" content=\"475\" \/>\n\t<meta property=\"og:image:height\" content=\"319\" \/>\n\t<meta property=\"og:image:type\" content=\"image\/jpeg\" \/>\n<meta name=\"author\" content=\"Colegio de Arquitectos de Chile\" \/>\n<meta name=\"twitter:card\" content=\"summary_large_image\" \/>\n<meta name=\"twitter:creator\" content=\"@colegioarq\" \/>\n<meta name=\"twitter:site\" content=\"@colegioarq\" \/>\n<meta name=\"twitter:label1\" content=\"Escrito por\" \/>\n\t<meta name=\"twitter:data1\" content=\"Colegio de Arquitectos de Chile\" \/>\n\t<meta name=\"twitter:label2\" content=\"Tiempo de lectura\" \/>\n\t<meta name=\"twitter:data2\" content=\"1 minuto\" \/>\n<script type=\"application\/ld+json\" class=\"yoast-schema-graph\">{\"@context\":\"https:\/\/schema.org\",\"@graph\":[{\"@type\":\"Article\",\"@id\":\"https:\/\/colegioarquitectos.com\/noticias\/?p=20237#article\",\"isPartOf\":{\"@id\":\"https:\/\/colegioarquitectos.com\/noticias\/?p=20237\"},\"author\":{\"name\":\"Colegio de Arquitectos de Chile\",\"@id\":\"https:\/\/colegioarquitectos.com\/noticias\/#\/schema\/person\/685cc0aad148303c5608f049af8285ad\"},\"headline\":\"C\u00c1PSULA #01: Ad\u00f3nde vas Chilo\u00e9, un espacio del Colegio de Arquitectos\",\"datePublished\":\"2018-04-09T15:17:11+00:00\",\"dateModified\":\"2018-04-09T15:18:32+00:00\",\"mainEntityOfPage\":{\"@id\":\"https:\/\/colegioarquitectos.com\/noticias\/?p=20237\"},\"wordCount\":114,\"publisher\":{\"@id\":\"https:\/\/colegioarquitectos.com\/noticias\/#organization\"},\"image\":{\"@id\":\"https:\/\/colegioarquitectos.com\/noticias\/?p=20237#primaryimage\"},\"thumbnailUrl\":\"https:\/\/colegioarquitectos.com\/noticias\/wp-content\/uploads\/2018\/04\/Microdocumentales-Chilo\u00e9.jpg\",\"articleSection\":[\"Delegaciones\"],\"inLanguage\":\"es\"},{\"@type\":\"WebPage\",\"@id\":\"https:\/\/colegioarquitectos.com\/noticias\/?p=20237\",\"url\":\"https:\/\/colegioarquitectos.com\/noticias\/?p=20237\",\"name\":\"C\u00c1PSULA #01: Ad\u00f3nde vas Chilo\u00e9, un espacio del Colegio de Arquitectos - COLEGIO DE ARQUITECTOS DE CHILE\",\"isPartOf\":{\"@id\":\"https:\/\/colegioarquitectos.com\/noticias\/#website\"},\"primaryImageOfPage\":{\"@id\":\"https:\/\/colegioarquitectos.com\/noticias\/?p=20237#primaryimage\"},\"image\":{\"@id\":\"https:\/\/colegioarquitectos.com\/noticias\/?p=20237#primaryimage\"},\"thumbnailUrl\":\"https:\/\/colegioarquitectos.com\/noticias\/wp-content\/uploads\/2018\/04\/Microdocumentales-Chilo\u00e9.jpg\",\"datePublished\":\"2018-04-09T15:17:11+00:00\",\"dateModified\":\"2018-04-09T15:18:32+00:00\",\"breadcrumb\":{\"@id\":\"https:\/\/colegioarquitectos.com\/noticias\/?p=20237#breadcrumb\"},\"inLanguage\":\"es\",\"potentialAction\":[{\"@type\":\"ReadAction\",\"target\":[\"https:\/\/colegioarquitectos.com\/noticias\/?p=20237\"]}]},{\"@type\":\"ImageObject\",\"inLanguage\":\"es\",\"@id\":\"https:\/\/colegioarquitectos.com\/noticias\/?p=20237#primaryimage\",\"url\":\"https:\/\/colegioarquitectos.com\/noticias\/wp-content\/uploads\/2018\/04\/Microdocumentales-Chilo\u00e9.jpg\",\"contentUrl\":\"https:\/\/colegioarquitectos.com\/noticias\/wp-content\/uploads\/2018\/04\/Microdocumentales-Chilo\u00e9.jpg\",\"width\":475,\"height\":319},{\"@type\":\"BreadcrumbList\",\"@id\":\"https:\/\/colegioarquitectos.com\/noticias\/?p=20237#breadcrumb\",\"itemListElement\":[{\"@type\":\"ListItem\",\"position\":1,\"name\":\"Portada\",\"item\":\"https:\/\/colegioarquitectos.com\/noticias\"},{\"@type\":\"ListItem\",\"position\":2,\"name\":\"C\u00c1PSULA #01: Ad\u00f3nde vas Chilo\u00e9, un espacio del Colegio de Arquitectos\"}]},{\"@type\":\"WebSite\",\"@id\":\"https:\/\/colegioarquitectos.com\/noticias\/#website\",\"url\":\"https:\/\/colegioarquitectos.com\/noticias\/\",\"name\":\"COLEGIO DE ARQUITECTOS DE CHILE\",\"description\":\"\",\"publisher\":{\"@id\":\"https:\/\/colegioarquitectos.com\/noticias\/#organization\"},\"potentialAction\":[{\"@type\":\"SearchAction\",\"target\":{\"@type\":\"EntryPoint\",\"urlTemplate\":\"https:\/\/colegioarquitectos.com\/noticias\/?s={search_term_string}\"},\"query-input\":{\"@type\":\"PropertyValueSpecification\",\"valueRequired\":true,\"valueName\":\"search_term_string\"}}],\"inLanguage\":\"es\"},{\"@type\":\"Organization\",\"@id\":\"https:\/\/colegioarquitectos.com\/noticias\/#organization\",\"name\":\"COLEGIO DE ARQUITECTOS DE CHILE\",\"url\":\"https:\/\/colegioarquitectos.com\/noticias\/\",\"logo\":{\"@type\":\"ImageObject\",\"inLanguage\":\"es\",\"@id\":\"https:\/\/colegioarquitectos.com\/noticias\/#\/schema\/logo\/image\/\",\"url\":\"https:\/\/colegioarquitectos.com\/noticias\/wp-content\/uploads\/2021\/05\/ENCABEZADO-LOGO-CA.jpg\",\"contentUrl\":\"https:\/\/colegioarquitectos.com\/noticias\/wp-content\/uploads\/2021\/05\/ENCABEZADO-LOGO-CA.jpg\",\"width\":690,\"height\":350,\"caption\":\"COLEGIO DE ARQUITECTOS DE CHILE\"},\"image\":{\"@id\":\"https:\/\/colegioarquitectos.com\/noticias\/#\/schema\/logo\/image\/\"},\"sameAs\":[\"https:\/\/facebook.com\/Colegioarq\/\",\"https:\/\/x.com\/colegioarq\",\"https:\/\/instagram.com\/colegioarq\",\"https:\/\/youtube.com\/@ColegiodeArquitectosdeChile\"]},{\"@type\":\"Person\",\"@id\":\"https:\/\/colegioarquitectos.com\/noticias\/#\/schema\/person\/685cc0aad148303c5608f049af8285ad\",\"name\":\"Colegio de Arquitectos de Chile\",\"url\":\"https:\/\/colegioarquitectos.com\/noticias\/?author=4\"}]}<\/script>\n<!-- \/ Yoast SEO plugin. -->","yoast_head_json":{"title":"C\u00c1PSULA #01: Ad\u00f3nde vas Chilo\u00e9, un espacio del Colegio de Arquitectos - COLEGIO DE ARQUITECTOS DE CHILE","robots":{"index":"index","follow":"follow","max-snippet":"max-snippet:-1","max-image-preview":"max-image-preview:large","max-video-preview":"max-video-preview:-1"},"canonical":"https:\/\/colegioarquitectos.com\/noticias\/?p=20237","og_locale":"es_ES","og_type":"article","og_title":"C\u00c1PSULA #01: Ad\u00f3nde vas Chilo\u00e9, un espacio del Colegio de Arquitectos - COLEGIO DE ARQUITECTOS DE CHILE","og_description":"Comienza el ciclo de c\u00e1psulas del proyecto Ad\u00f3nde vas Chilo\u00e9 2018, con un retrato del espacio radial que la Delegaci\u00f3n Chilo\u00e9 del Colegio de Arquitectos ha construido semana a semana por los \u00faltimos 4 a\u00f1os. Este cortometraje nos muestra la &hellip; ver m\u00e1s","og_url":"https:\/\/colegioarquitectos.com\/noticias\/?p=20237","og_site_name":"COLEGIO DE ARQUITECTOS DE CHILE","article_publisher":"https:\/\/facebook.com\/Colegioarq\/","article_published_time":"2018-04-09T15:17:11+00:00","article_modified_time":"2018-04-09T15:18:32+00:00","og_image":[{"width":475,"height":319,"url":"https:\/\/colegioarquitectos.com\/noticias\/wp-content\/uploads\/2018\/04\/Microdocumentales-Chilo\u00e9.jpg","type":"image\/jpeg"}],"author":"Colegio de Arquitectos de Chile","twitter_card":"summary_large_image","twitter_creator":"@colegioarq","twitter_site":"@colegioarq","twitter_misc":{"Escrito por":"Colegio de Arquitectos de Chile","Tiempo de lectura":"1 minuto"},"schema":{"@context":"https:\/\/schema.org","@graph":[{"@type":"Article","@id":"https:\/\/colegioarquitectos.com\/noticias\/?p=20237#article","isPartOf":{"@id":"https:\/\/colegioarquitectos.com\/noticias\/?p=20237"},"author":{"name":"Colegio de Arquitectos de Chile","@id":"https:\/\/colegioarquitectos.com\/noticias\/#\/schema\/person\/685cc0aad148303c5608f049af8285ad"},"headline":"C\u00c1PSULA #01: Ad\u00f3nde vas Chilo\u00e9, un espacio del Colegio de Arquitectos","datePublished":"2018-04-09T15:17:11+00:00","dateModified":"2018-04-09T15:18:32+00:00","mainEntityOfPage":{"@id":"https:\/\/colegioarquitectos.com\/noticias\/?p=20237"},"wordCount":114,"publisher":{"@id":"https:\/\/colegioarquitectos.com\/noticias\/#organization"},"image":{"@id":"https:\/\/colegioarquitectos.com\/noticias\/?p=20237#primaryimage"},"thumbnailUrl":"https:\/\/colegioarquitectos.com\/noticias\/wp-content\/uploads\/2018\/04\/Microdocumentales-Chilo\u00e9.jpg","articleSection":["Delegaciones"],"inLanguage":"es"},{"@type":"WebPage","@id":"https:\/\/colegioarquitectos.com\/noticias\/?p=20237","url":"https:\/\/colegioarquitectos.com\/noticias\/?p=20237","name":"C\u00c1PSULA #01: Ad\u00f3nde vas Chilo\u00e9, un espacio del Colegio de Arquitectos - COLEGIO DE ARQUITECTOS DE CHILE","isPartOf":{"@id":"https:\/\/colegioarquitectos.com\/noticias\/#website"},"primaryImageOfPage":{"@id":"https:\/\/colegioarquitectos.com\/noticias\/?p=20237#primaryimage"},"image":{"@id":"https:\/\/colegioarquitectos.com\/noticias\/?p=20237#primaryimage"},"thumbnailUrl":"https:\/\/colegioarquitectos.com\/noticias\/wp-content\/uploads\/2018\/04\/Microdocumentales-Chilo\u00e9.jpg","datePublished":"2018-04-09T15:17:11+00:00","dateModified":"2018-04-09T15:18:32+00:00","breadcrumb":{"@id":"https:\/\/colegioarquitectos.com\/noticias\/?p=20237#breadcrumb"},"inLanguage":"es","potentialAction":[{"@type":"ReadAction","target":["https:\/\/colegioarquitectos.com\/noticias\/?p=20237"]}]},{"@type":"ImageObject","inLanguage":"es","@id":"https:\/\/colegioarquitectos.com\/noticias\/?p=20237#primaryimage","url":"https:\/\/colegioarquitectos.com\/noticias\/wp-content\/uploads\/2018\/04\/Microdocumentales-Chilo\u00e9.jpg","contentUrl":"https:\/\/colegioarquitectos.com\/noticias\/wp-content\/uploads\/2018\/04\/Microdocumentales-Chilo\u00e9.jpg","width":475,"height":319},{"@type":"BreadcrumbList","@id":"https:\/\/colegioarquitectos.com\/noticias\/?p=20237#breadcrumb","itemListElement":[{"@type":"ListItem","position":1,"name":"Portada","item":"https:\/\/colegioarquitectos.com\/noticias"},{"@type":"ListItem","position":2,"name":"C\u00c1PSULA #01: Ad\u00f3nde vas Chilo\u00e9, un espacio del Colegio de Arquitectos"}]},{"@type":"WebSite","@id":"https:\/\/colegioarquitectos.com\/noticias\/#website","url":"https:\/\/colegioarquitectos.com\/noticias\/","name":"COLEGIO DE ARQUITECTOS DE CHILE","description":"","publisher":{"@id":"https:\/\/colegioarquitectos.com\/noticias\/#organization"},"potentialAction":[{"@type":"SearchAction","target":{"@type":"EntryPoint","urlTemplate":"https:\/\/colegioarquitectos.com\/noticias\/?s={search_term_string}"},"query-input":{"@type":"PropertyValueSpecification","valueRequired":true,"valueName":"search_term_string"}}],"inLanguage":"es"},{"@type":"Organization","@id":"https:\/\/colegioarquitectos.com\/noticias\/#organization","name":"COLEGIO DE ARQUITECTOS DE CHILE","url":"https:\/\/colegioarquitectos.com\/noticias\/","logo":{"@type":"ImageObject","inLanguage":"es","@id":"https:\/\/colegioarquitectos.com\/noticias\/#\/schema\/logo\/image\/","url":"https:\/\/colegioarquitectos.com\/noticias\/wp-content\/uploads\/2021\/05\/ENCABEZADO-LOGO-CA.jpg","contentUrl":"https:\/\/colegioarquitectos.com\/noticias\/wp-content\/uploads\/2021\/05\/ENCABEZADO-LOGO-CA.jpg","width":690,"height":350,"caption":"COLEGIO DE ARQUITECTOS DE CHILE"},"image":{"@id":"https:\/\/colegioarquitectos.com\/noticias\/#\/schema\/logo\/image\/"},"sameAs":["https:\/\/facebook.com\/Colegioarq\/","https:\/\/x.com\/colegioarq","https:\/\/instagram.com\/colegioarq","https:\/\/youtube.com\/@ColegiodeArquitectosdeChile"]},{"@type":"Person","@id":"https:\/\/colegioarquitectos.com\/noticias\/#\/schema\/person\/685cc0aad148303c5608f049af8285ad","name":"Colegio de Arquitectos de Chile","url":"https:\/\/colegioarquitectos.com\/noticias\/?author=4"}]}},"_links":{"self":[{"href":"https:\/\/colegioarquitectos.com\/noticias\/index.php?rest_route=\/wp\/v2\/posts\/20237","targetHints":{"allow":["GET"]}}],"collection":[{"href":"https:\/\/colegioarquitectos.com\/noticias\/index.php?rest_route=\/wp\/v2\/posts"}],"about":[{"href":"https:\/\/colegioarquitectos.com\/noticias\/index.php?rest_route=\/wp\/v2\/types\/post"}],"author":[{"embeddable":true,"href":"https:\/\/colegioarquitectos.com\/noticias\/index.php?rest_route=\/wp\/v2\/users\/4"}],"replies":[{"embeddable":true,"href":"https:\/\/colegioarquitectos.com\/noticias\/index.php?rest_route=%2Fwp%2Fv2%2Fcomments&post=20237"}],"version-history":[{"count":0,"href":"https:\/\/colegioarquitectos.com\/noticias\/index.php?rest_route=\/wp\/v2\/posts\/20237\/revisions"}],"wp:featuredmedia":[{"embeddable":true,"href":"https:\/\/colegioarquitectos.com\/noticias\/index.php?rest_route=\/wp\/v2\/media\/20238"}],"wp:attachment":[{"href":"https:\/\/colegioarquitectos.com\/noticias\/index.php?rest_route=%2Fwp%2Fv2%2Fmedia&parent=20237"}],"wp:term":[{"taxonomy":"category","embeddable":true,"href":"https:\/\/colegioarquitectos.com\/noticias\/index.php?rest_route=%2Fwp%2Fv2%2Fcategories&post=20237"},{"taxonomy":"post_tag","embeddable":true,"href":"https:\/\/colegioarquitectos.com\/noticias\/index.php?rest_route=%2Fwp%2Fv2%2Ftags&post=20237"}],"curies":[{"name":"wp","href":"https:\/\/api.w.org\/{rel}","templated":true}]}}