
{"id":2042,"date":"2012-08-10T16:40:00","date_gmt":"2012-08-10T16:40:00","guid":{"rendered":"http:\/\/colegioarquitectos.com\/noticias\/?p=2042"},"modified":"2012-08-20T17:58:58","modified_gmt":"2012-08-20T17:58:58","slug":"se-constituye-jurado-de-la-muestra-nacional-incorporando-a-destacados-personajes-ciudadanos-xviii-bienal-de-arquitectura-y-territorio-2012","status":"publish","type":"post","link":"https:\/\/colegioarquitectos.com\/noticias\/?p=2042","title":{"rendered":"Se constituye Jurado de la Muestra Nacional incorporando a destacados personajes ciudadanos &#8211; XVIII Bienal de Arquitectura y Territorio 2012"},"content":{"rendered":"<p style=\"text-align: justify;\">Este a\u00f1o, la XVIII Bienal de Arquitectura y Territorio con su convocatoria \u201cCiudad para Ciudadanos\u201d, pretende generar un importante cambio, constituy\u00e9ndose en un evento m\u00e1s participativo, m\u00e1s ciudadano y atingente a la situaci\u00f3n pa\u00eds del momento. Bajo este lema, la Bienal intentar\u00e1 hacer evidente el v\u00ednculo entre participaci\u00f3n ciudadana y arquitectura edilicia, urbanismo y paisajismo de calidad, as\u00ed como la necesidad urgente de promover ese v\u00ednculo en la institucionalidad del pa\u00eds, tanto para mejorar nuestros prospectos de bienestar como para acercarnos al paradigma, siempre esquivo, de un desarrollo moderno, pluralista y universal.<\/p>\n<p style=\"text-align: justify;\">En este marco, en esta XVIII versi\u00f3n existen varios elementos novedosos que buscan encaminar la Bienal en este sentido. Uno de los elementos distintivos se refiere a la Muestra Nacional, la cual ha sido siempre una de las Muestras m\u00e1s destacadas y representativas del sentido original de la Bienal, como principal foco de vitrina y reflexi\u00f3n del quehacer arquitect\u00f3nico nacional.<\/p>\n<p style=\"text-align: justify;\">En el sentido curatorial de la presente Bienal 2012, \u201cCiudades Para Ciudadanos\u201d, en esta oportunidad la Muestra Nacional busca incorporar a cabalidad la visi\u00f3n ciudadana en los proyectos a presentar, buscando que sean proyectos de transformaci\u00f3n y aporte para sus ciudadanos y los espacios que ellos habitan.<\/p>\n<p style=\"text-align: justify;\">Atendiendo a esta convocatoria, es que en esta ocasi\u00f3n se ha invitado a participar dentro del tradicional jurado &#8211; compuesto por arquitectos y urbanistas- a personajes como representantes del inter\u00e9s ciudadano, para que puedan complementar a cabalidad con su sensibilidad a la calidad de la producci\u00f3n arquitect\u00f3nica y urbana del pa\u00eds la formaci\u00f3n de la Muestra Nacional. Ellos son Lake Sagaris, Asesora CID &#8211; Ex Presidenta Ciudad Viva, Eduardo Dockendorff<strong>,<\/strong> Arquitecto, Director del Instituto de Asuntos P\u00fablicos (INAP) y Cristi\u00e1n Warnken, literato y pensador urbano, quienes se constituyeron como jurado por primera vez el pasado 10 de agosto junto a Luis Eduardo Bresciani<strong>,<\/strong> Presidente Nacional Colegio de Arquitectos de Chile; Sebasti\u00e1n Gray<strong>,<\/strong> Curador XVIII Bienal de Arquitectura y Territorio 2012, y Enrique Browne<strong>,<\/strong> Premio Nacional de Arquitectura 2010.<\/p>\n<p style=\"text-align: justify;\">En la ocasi\u00f3n, los jurados invitados conocieron a fondo el sentido de la Muestra Nacional y tuvieron la oportunidad de comenzar a revisar la totalidad de los proyectos presentados.<\/p>\n<p style=\"text-align: justify;\"><a href=\"http:\/\/colegioarquitectos.com\/noticias\/wp-content\/uploads\/2012\/08\/DSC07325.jpg\"><img loading=\"lazy\" decoding=\"async\" class=\"alignnone size-full wp-image-2044\" title=\"DSC07325\" src=\"http:\/\/colegioarquitectos.com\/noticias\/wp-content\/uploads\/2012\/08\/DSC07325.jpg\" alt=\"\" width=\"400\" height=\"300\" srcset=\"https:\/\/colegioarquitectos.com\/noticias\/wp-content\/uploads\/2012\/08\/DSC07325.jpg 400w, https:\/\/colegioarquitectos.com\/noticias\/wp-content\/uploads\/2012\/08\/DSC07325-300x225.jpg 300w\" sizes=\"auto, (max-width: 400px) 100vw, 400px\" \/><\/a><\/p>\n<p style=\"text-align: justify;\"><a href=\"http:\/\/colegioarquitectos.com\/noticias\/wp-content\/uploads\/2012\/08\/DSC07328.jpg\"><img loading=\"lazy\" decoding=\"async\" class=\"alignnone size-full wp-image-2045\" title=\"DSC07328\" src=\"http:\/\/colegioarquitectos.com\/noticias\/wp-content\/uploads\/2012\/08\/DSC07328.jpg\" alt=\"\" width=\"400\" height=\"300\" srcset=\"https:\/\/colegioarquitectos.com\/noticias\/wp-content\/uploads\/2012\/08\/DSC07328.jpg 400w, https:\/\/colegioarquitectos.com\/noticias\/wp-content\/uploads\/2012\/08\/DSC07328-300x225.jpg 300w\" sizes=\"auto, (max-width: 400px) 100vw, 400px\" \/><\/a><\/p>\n<p style=\"text-align: justify;\"><a href=\"http:\/\/colegioarquitectos.com\/noticias\/wp-content\/uploads\/2012\/08\/DSC07338.jpg\"><img loading=\"lazy\" decoding=\"async\" class=\"alignnone size-full wp-image-2046\" title=\"DSC07338\" src=\"http:\/\/colegioarquitectos.com\/noticias\/wp-content\/uploads\/2012\/08\/DSC07338.jpg\" alt=\"\" width=\"400\" height=\"300\" srcset=\"https:\/\/colegioarquitectos.com\/noticias\/wp-content\/uploads\/2012\/08\/DSC07338.jpg 400w, https:\/\/colegioarquitectos.com\/noticias\/wp-content\/uploads\/2012\/08\/DSC07338-300x225.jpg 300w\" sizes=\"auto, (max-width: 400px) 100vw, 400px\" \/><\/a><\/p>\n<p style=\"text-align: justify;\"><a href=\"http:\/\/colegioarquitectos.com\/noticias\/wp-content\/uploads\/2012\/08\/DSC07339.jpg\"><img loading=\"lazy\" decoding=\"async\" class=\"alignnone size-full wp-image-2047\" title=\"DSC07339\" src=\"http:\/\/colegioarquitectos.com\/noticias\/wp-content\/uploads\/2012\/08\/DSC07339.jpg\" alt=\"\" width=\"400\" height=\"300\" srcset=\"https:\/\/colegioarquitectos.com\/noticias\/wp-content\/uploads\/2012\/08\/DSC07339.jpg 400w, https:\/\/colegioarquitectos.com\/noticias\/wp-content\/uploads\/2012\/08\/DSC07339-300x225.jpg 300w\" sizes=\"auto, (max-width: 400px) 100vw, 400px\" \/><\/a><\/p>\n<p style=\"text-align: justify;\"><a href=\"http:\/\/colegioarquitectos.com\/noticias\/wp-content\/uploads\/2012\/08\/DSC07342.jpg\"><img loading=\"lazy\" decoding=\"async\" class=\"alignnone size-full wp-image-2048\" title=\"DSC07342\" src=\"http:\/\/colegioarquitectos.com\/noticias\/wp-content\/uploads\/2012\/08\/DSC07342.jpg\" alt=\"\" width=\"300\" height=\"400\" srcset=\"https:\/\/colegioarquitectos.com\/noticias\/wp-content\/uploads\/2012\/08\/DSC07342.jpg 300w, https:\/\/colegioarquitectos.com\/noticias\/wp-content\/uploads\/2012\/08\/DSC07342-225x300.jpg 225w\" sizes=\"auto, (max-width: 300px) 100vw, 300px\" \/><\/a><\/p>\n<p style=\"text-align: justify;\"><a href=\"http:\/\/colegioarquitectos.com\/noticias\/wp-content\/uploads\/2012\/08\/DSC07344.jpg\"><img loading=\"lazy\" decoding=\"async\" class=\"alignnone size-full wp-image-2049\" title=\"DSC07344\" src=\"http:\/\/colegioarquitectos.com\/noticias\/wp-content\/uploads\/2012\/08\/DSC07344.jpg\" alt=\"\" width=\"300\" height=\"400\" srcset=\"https:\/\/colegioarquitectos.com\/noticias\/wp-content\/uploads\/2012\/08\/DSC07344.jpg 300w, https:\/\/colegioarquitectos.com\/noticias\/wp-content\/uploads\/2012\/08\/DSC07344-225x300.jpg 225w\" sizes=\"auto, (max-width: 300px) 100vw, 300px\" \/><\/a><\/p>\n<p style=\"text-align: justify;\"><a href=\"http:\/\/colegioarquitectos.com\/noticias\/wp-content\/uploads\/2012\/08\/DSC07346.jpg\"><img loading=\"lazy\" decoding=\"async\" class=\"alignnone size-full wp-image-2050\" title=\"DSC07346\" src=\"http:\/\/colegioarquitectos.com\/noticias\/wp-content\/uploads\/2012\/08\/DSC07346.jpg\" alt=\"\" width=\"400\" height=\"300\" srcset=\"https:\/\/colegioarquitectos.com\/noticias\/wp-content\/uploads\/2012\/08\/DSC07346.jpg 400w, https:\/\/colegioarquitectos.com\/noticias\/wp-content\/uploads\/2012\/08\/DSC07346-300x225.jpg 300w\" sizes=\"auto, (max-width: 400px) 100vw, 400px\" \/><\/a><\/p>\n<p>&nbsp;<\/p>\n<p>&nbsp;<\/p>\n<p>&nbsp;<\/p>\n<p>&nbsp;<\/p>\n<p>&nbsp;<\/p>\n<p>&nbsp;<\/p>\n<p><\/p>","protected":false},"excerpt":{"rendered":"<p>Este a\u00f1o, la XVIII Bienal de Arquitectura y Territorio con su convocatoria \u201cCiudad para Ciudadanos\u201d, pretende generar un importante cambio, constituy\u00e9ndose en un evento m\u00e1s participativo, m\u00e1s ciudadano y atingente a la situaci\u00f3n pa\u00eds del momento. Bajo este lema, la &hellip; <a class=\"more-link\" href=\"https:\/\/colegioarquitectos.com\/noticias\/?p=2042\">ver m\u00e1s<\/a><\/p>","protected":false},"author":1,"featured_media":0,"comment_status":"open","ping_status":"open","sticky":false,"template":"","format":"standard","meta":{"footnotes":""},"categories":[19,8,12],"tags":[],"class_list":["post-2042","post","type-post","status-publish","format-standard","hentry","category-actividades","category-colegio-de-arquitectos","category-xviii-bienal-de-arquitectura-2012"],"yoast_head":"<!-- This site is optimized with the Yoast SEO plugin v24.2 - https:\/\/yoast.com\/wordpress\/plugins\/seo\/ -->\n<title>Se constituye Jurado de la Muestra Nacional incorporando a destacados personajes ciudadanos - XVIII Bienal de Arquitectura y Territorio 2012 - COLEGIO DE ARQUITECTOS DE CHILE<\/title>\n<meta name=\"robots\" content=\"index, follow, max-snippet:-1, max-image-preview:large, max-video-preview:-1\" \/>\n<link rel=\"canonical\" href=\"https:\/\/colegioarquitectos.com\/noticias\/?p=2042\" \/>\n<meta property=\"og:locale\" content=\"es_ES\" \/>\n<meta property=\"og:type\" content=\"article\" \/>\n<meta property=\"og:title\" content=\"Se constituye Jurado de la Muestra Nacional incorporando a destacados personajes ciudadanos - XVIII Bienal de Arquitectura y Territorio 2012 - COLEGIO DE ARQUITECTOS DE CHILE\" \/>\n<meta property=\"og:description\" content=\"Este a\u00f1o, la XVIII Bienal de Arquitectura y Territorio con su convocatoria \u201cCiudad para Ciudadanos\u201d, pretende generar un importante cambio, constituy\u00e9ndose en un evento m\u00e1s participativo, m\u00e1s ciudadano y atingente a la situaci\u00f3n pa\u00eds del momento. Bajo este lema, la &hellip; ver m\u00e1s\" \/>\n<meta property=\"og:url\" content=\"https:\/\/colegioarquitectos.com\/noticias\/?p=2042\" \/>\n<meta property=\"og:site_name\" content=\"COLEGIO DE ARQUITECTOS DE CHILE\" \/>\n<meta property=\"article:publisher\" content=\"https:\/\/facebook.com\/Colegioarq\/\" \/>\n<meta property=\"article:published_time\" content=\"2012-08-10T16:40:00+00:00\" \/>\n<meta property=\"article:modified_time\" content=\"2012-08-20T17:58:58+00:00\" \/>\n<meta property=\"og:image\" content=\"http:\/\/colegioarquitectos.com\/noticias\/wp-content\/uploads\/2012\/08\/DSC07325.jpg\" \/>\n<meta name=\"author\" content=\"Gabriel Salgado S.\" \/>\n<meta name=\"twitter:card\" content=\"summary_large_image\" \/>\n<meta name=\"twitter:creator\" content=\"@colegioarq\" \/>\n<meta name=\"twitter:site\" content=\"@colegioarq\" \/>\n<meta name=\"twitter:label1\" content=\"Escrito por\" \/>\n\t<meta name=\"twitter:data1\" content=\"Gabriel Salgado S.\" \/>\n\t<meta name=\"twitter:label2\" content=\"Tiempo de lectura\" \/>\n\t<meta name=\"twitter:data2\" content=\"2 minutos\" \/>\n<script type=\"application\/ld+json\" class=\"yoast-schema-graph\">{\"@context\":\"https:\/\/schema.org\",\"@graph\":[{\"@type\":\"Article\",\"@id\":\"https:\/\/colegioarquitectos.com\/noticias\/?p=2042#article\",\"isPartOf\":{\"@id\":\"https:\/\/colegioarquitectos.com\/noticias\/?p=2042\"},\"author\":{\"name\":\"Gabriel Salgado S.\",\"@id\":\"https:\/\/colegioarquitectos.com\/noticias\/#\/schema\/person\/b6c7e912cd1283c089114093ed09741f\"},\"headline\":\"Se constituye Jurado de la Muestra Nacional incorporando a destacados personajes ciudadanos &#8211; XVIII Bienal de Arquitectura y Territorio 2012\",\"datePublished\":\"2012-08-10T16:40:00+00:00\",\"dateModified\":\"2012-08-20T17:58:58+00:00\",\"mainEntityOfPage\":{\"@id\":\"https:\/\/colegioarquitectos.com\/noticias\/?p=2042\"},\"wordCount\":403,\"commentCount\":0,\"publisher\":{\"@id\":\"https:\/\/colegioarquitectos.com\/noticias\/#organization\"},\"image\":{\"@id\":\"https:\/\/colegioarquitectos.com\/noticias\/?p=2042#primaryimage\"},\"thumbnailUrl\":\"http:\/\/colegioarquitectos.com\/noticias\/wp-content\/uploads\/2012\/08\/DSC07325.jpg\",\"articleSection\":[\"Actividades\",\"Colegio\",\"XVIII Bienal de Arquitectura 2012\"],\"inLanguage\":\"es\",\"potentialAction\":[{\"@type\":\"CommentAction\",\"name\":\"Comment\",\"target\":[\"https:\/\/colegioarquitectos.com\/noticias\/?p=2042#respond\"]}]},{\"@type\":\"WebPage\",\"@id\":\"https:\/\/colegioarquitectos.com\/noticias\/?p=2042\",\"url\":\"https:\/\/colegioarquitectos.com\/noticias\/?p=2042\",\"name\":\"Se constituye Jurado de la Muestra Nacional incorporando a destacados personajes ciudadanos - XVIII Bienal de Arquitectura y Territorio 2012 - COLEGIO DE ARQUITECTOS DE CHILE\",\"isPartOf\":{\"@id\":\"https:\/\/colegioarquitectos.com\/noticias\/#website\"},\"primaryImageOfPage\":{\"@id\":\"https:\/\/colegioarquitectos.com\/noticias\/?p=2042#primaryimage\"},\"image\":{\"@id\":\"https:\/\/colegioarquitectos.com\/noticias\/?p=2042#primaryimage\"},\"thumbnailUrl\":\"http:\/\/colegioarquitectos.com\/noticias\/wp-content\/uploads\/2012\/08\/DSC07325.jpg\",\"datePublished\":\"2012-08-10T16:40:00+00:00\",\"dateModified\":\"2012-08-20T17:58:58+00:00\",\"breadcrumb\":{\"@id\":\"https:\/\/colegioarquitectos.com\/noticias\/?p=2042#breadcrumb\"},\"inLanguage\":\"es\",\"potentialAction\":[{\"@type\":\"ReadAction\",\"target\":[\"https:\/\/colegioarquitectos.com\/noticias\/?p=2042\"]}]},{\"@type\":\"ImageObject\",\"inLanguage\":\"es\",\"@id\":\"https:\/\/colegioarquitectos.com\/noticias\/?p=2042#primaryimage\",\"url\":\"http:\/\/colegioarquitectos.com\/noticias\/wp-content\/uploads\/2012\/08\/DSC07325.jpg\",\"contentUrl\":\"http:\/\/colegioarquitectos.com\/noticias\/wp-content\/uploads\/2012\/08\/DSC07325.jpg\"},{\"@type\":\"BreadcrumbList\",\"@id\":\"https:\/\/colegioarquitectos.com\/noticias\/?p=2042#breadcrumb\",\"itemListElement\":[{\"@type\":\"ListItem\",\"position\":1,\"name\":\"Portada\",\"item\":\"https:\/\/colegioarquitectos.com\/noticias\"},{\"@type\":\"ListItem\",\"position\":2,\"name\":\"Se constituye Jurado de la Muestra Nacional incorporando a destacados personajes ciudadanos &#8211; XVIII Bienal de Arquitectura y Territorio 2012\"}]},{\"@type\":\"WebSite\",\"@id\":\"https:\/\/colegioarquitectos.com\/noticias\/#website\",\"url\":\"https:\/\/colegioarquitectos.com\/noticias\/\",\"name\":\"COLEGIO DE ARQUITECTOS DE CHILE\",\"description\":\"\",\"publisher\":{\"@id\":\"https:\/\/colegioarquitectos.com\/noticias\/#organization\"},\"potentialAction\":[{\"@type\":\"SearchAction\",\"target\":{\"@type\":\"EntryPoint\",\"urlTemplate\":\"https:\/\/colegioarquitectos.com\/noticias\/?s={search_term_string}\"},\"query-input\":{\"@type\":\"PropertyValueSpecification\",\"valueRequired\":true,\"valueName\":\"search_term_string\"}}],\"inLanguage\":\"es\"},{\"@type\":\"Organization\",\"@id\":\"https:\/\/colegioarquitectos.com\/noticias\/#organization\",\"name\":\"COLEGIO DE ARQUITECTOS DE CHILE\",\"url\":\"https:\/\/colegioarquitectos.com\/noticias\/\",\"logo\":{\"@type\":\"ImageObject\",\"inLanguage\":\"es\",\"@id\":\"https:\/\/colegioarquitectos.com\/noticias\/#\/schema\/logo\/image\/\",\"url\":\"https:\/\/colegioarquitectos.com\/noticias\/wp-content\/uploads\/2021\/05\/ENCABEZADO-LOGO-CA.jpg\",\"contentUrl\":\"https:\/\/colegioarquitectos.com\/noticias\/wp-content\/uploads\/2021\/05\/ENCABEZADO-LOGO-CA.jpg\",\"width\":690,\"height\":350,\"caption\":\"COLEGIO DE ARQUITECTOS DE CHILE\"},\"image\":{\"@id\":\"https:\/\/colegioarquitectos.com\/noticias\/#\/schema\/logo\/image\/\"},\"sameAs\":[\"https:\/\/facebook.com\/Colegioarq\/\",\"https:\/\/x.com\/colegioarq\",\"https:\/\/instagram.com\/colegioarq\",\"https:\/\/youtube.com\/@ColegiodeArquitectosdeChile\"]},{\"@type\":\"Person\",\"@id\":\"https:\/\/colegioarquitectos.com\/noticias\/#\/schema\/person\/b6c7e912cd1283c089114093ed09741f\",\"name\":\"Gabriel Salgado S.\",\"url\":\"https:\/\/colegioarquitectos.com\/noticias\/?author=1\"}]}<\/script>\n<!-- \/ Yoast SEO plugin. -->","yoast_head_json":{"title":"Se constituye Jurado de la Muestra Nacional incorporando a destacados personajes ciudadanos - XVIII Bienal de Arquitectura y Territorio 2012 - COLEGIO DE ARQUITECTOS DE CHILE","robots":{"index":"index","follow":"follow","max-snippet":"max-snippet:-1","max-image-preview":"max-image-preview:large","max-video-preview":"max-video-preview:-1"},"canonical":"https:\/\/colegioarquitectos.com\/noticias\/?p=2042","og_locale":"es_ES","og_type":"article","og_title":"Se constituye Jurado de la Muestra Nacional incorporando a destacados personajes ciudadanos - XVIII Bienal de Arquitectura y Territorio 2012 - COLEGIO DE ARQUITECTOS DE CHILE","og_description":"Este a\u00f1o, la XVIII Bienal de Arquitectura y Territorio con su convocatoria \u201cCiudad para Ciudadanos\u201d, pretende generar un importante cambio, constituy\u00e9ndose en un evento m\u00e1s participativo, m\u00e1s ciudadano y atingente a la situaci\u00f3n pa\u00eds del momento. Bajo este lema, la &hellip; ver m\u00e1s","og_url":"https:\/\/colegioarquitectos.com\/noticias\/?p=2042","og_site_name":"COLEGIO DE ARQUITECTOS DE CHILE","article_publisher":"https:\/\/facebook.com\/Colegioarq\/","article_published_time":"2012-08-10T16:40:00+00:00","article_modified_time":"2012-08-20T17:58:58+00:00","og_image":[{"url":"http:\/\/colegioarquitectos.com\/noticias\/wp-content\/uploads\/2012\/08\/DSC07325.jpg","type":"","width":"","height":""}],"author":"Gabriel Salgado S.","twitter_card":"summary_large_image","twitter_creator":"@colegioarq","twitter_site":"@colegioarq","twitter_misc":{"Escrito por":"Gabriel Salgado S.","Tiempo de lectura":"2 minutos"},"schema":{"@context":"https:\/\/schema.org","@graph":[{"@type":"Article","@id":"https:\/\/colegioarquitectos.com\/noticias\/?p=2042#article","isPartOf":{"@id":"https:\/\/colegioarquitectos.com\/noticias\/?p=2042"},"author":{"name":"Gabriel Salgado S.","@id":"https:\/\/colegioarquitectos.com\/noticias\/#\/schema\/person\/b6c7e912cd1283c089114093ed09741f"},"headline":"Se constituye Jurado de la Muestra Nacional incorporando a destacados personajes ciudadanos &#8211; XVIII Bienal de Arquitectura y Territorio 2012","datePublished":"2012-08-10T16:40:00+00:00","dateModified":"2012-08-20T17:58:58+00:00","mainEntityOfPage":{"@id":"https:\/\/colegioarquitectos.com\/noticias\/?p=2042"},"wordCount":403,"commentCount":0,"publisher":{"@id":"https:\/\/colegioarquitectos.com\/noticias\/#organization"},"image":{"@id":"https:\/\/colegioarquitectos.com\/noticias\/?p=2042#primaryimage"},"thumbnailUrl":"http:\/\/colegioarquitectos.com\/noticias\/wp-content\/uploads\/2012\/08\/DSC07325.jpg","articleSection":["Actividades","Colegio","XVIII Bienal de Arquitectura 2012"],"inLanguage":"es","potentialAction":[{"@type":"CommentAction","name":"Comment","target":["https:\/\/colegioarquitectos.com\/noticias\/?p=2042#respond"]}]},{"@type":"WebPage","@id":"https:\/\/colegioarquitectos.com\/noticias\/?p=2042","url":"https:\/\/colegioarquitectos.com\/noticias\/?p=2042","name":"Se constituye Jurado de la Muestra Nacional incorporando a destacados personajes ciudadanos - XVIII Bienal de Arquitectura y Territorio 2012 - COLEGIO DE ARQUITECTOS DE CHILE","isPartOf":{"@id":"https:\/\/colegioarquitectos.com\/noticias\/#website"},"primaryImageOfPage":{"@id":"https:\/\/colegioarquitectos.com\/noticias\/?p=2042#primaryimage"},"image":{"@id":"https:\/\/colegioarquitectos.com\/noticias\/?p=2042#primaryimage"},"thumbnailUrl":"http:\/\/colegioarquitectos.com\/noticias\/wp-content\/uploads\/2012\/08\/DSC07325.jpg","datePublished":"2012-08-10T16:40:00+00:00","dateModified":"2012-08-20T17:58:58+00:00","breadcrumb":{"@id":"https:\/\/colegioarquitectos.com\/noticias\/?p=2042#breadcrumb"},"inLanguage":"es","potentialAction":[{"@type":"ReadAction","target":["https:\/\/colegioarquitectos.com\/noticias\/?p=2042"]}]},{"@type":"ImageObject","inLanguage":"es","@id":"https:\/\/colegioarquitectos.com\/noticias\/?p=2042#primaryimage","url":"http:\/\/colegioarquitectos.com\/noticias\/wp-content\/uploads\/2012\/08\/DSC07325.jpg","contentUrl":"http:\/\/colegioarquitectos.com\/noticias\/wp-content\/uploads\/2012\/08\/DSC07325.jpg"},{"@type":"BreadcrumbList","@id":"https:\/\/colegioarquitectos.com\/noticias\/?p=2042#breadcrumb","itemListElement":[{"@type":"ListItem","position":1,"name":"Portada","item":"https:\/\/colegioarquitectos.com\/noticias"},{"@type":"ListItem","position":2,"name":"Se constituye Jurado de la Muestra Nacional incorporando a destacados personajes ciudadanos &#8211; XVIII Bienal de Arquitectura y Territorio 2012"}]},{"@type":"WebSite","@id":"https:\/\/colegioarquitectos.com\/noticias\/#website","url":"https:\/\/colegioarquitectos.com\/noticias\/","name":"COLEGIO DE ARQUITECTOS DE CHILE","description":"","publisher":{"@id":"https:\/\/colegioarquitectos.com\/noticias\/#organization"},"potentialAction":[{"@type":"SearchAction","target":{"@type":"EntryPoint","urlTemplate":"https:\/\/colegioarquitectos.com\/noticias\/?s={search_term_string}"},"query-input":{"@type":"PropertyValueSpecification","valueRequired":true,"valueName":"search_term_string"}}],"inLanguage":"es"},{"@type":"Organization","@id":"https:\/\/colegioarquitectos.com\/noticias\/#organization","name":"COLEGIO DE ARQUITECTOS DE CHILE","url":"https:\/\/colegioarquitectos.com\/noticias\/","logo":{"@type":"ImageObject","inLanguage":"es","@id":"https:\/\/colegioarquitectos.com\/noticias\/#\/schema\/logo\/image\/","url":"https:\/\/colegioarquitectos.com\/noticias\/wp-content\/uploads\/2021\/05\/ENCABEZADO-LOGO-CA.jpg","contentUrl":"https:\/\/colegioarquitectos.com\/noticias\/wp-content\/uploads\/2021\/05\/ENCABEZADO-LOGO-CA.jpg","width":690,"height":350,"caption":"COLEGIO DE ARQUITECTOS DE CHILE"},"image":{"@id":"https:\/\/colegioarquitectos.com\/noticias\/#\/schema\/logo\/image\/"},"sameAs":["https:\/\/facebook.com\/Colegioarq\/","https:\/\/x.com\/colegioarq","https:\/\/instagram.com\/colegioarq","https:\/\/youtube.com\/@ColegiodeArquitectosdeChile"]},{"@type":"Person","@id":"https:\/\/colegioarquitectos.com\/noticias\/#\/schema\/person\/b6c7e912cd1283c089114093ed09741f","name":"Gabriel Salgado S.","url":"https:\/\/colegioarquitectos.com\/noticias\/?author=1"}]}},"_links":{"self":[{"href":"https:\/\/colegioarquitectos.com\/noticias\/index.php?rest_route=\/wp\/v2\/posts\/2042","targetHints":{"allow":["GET"]}}],"collection":[{"href":"https:\/\/colegioarquitectos.com\/noticias\/index.php?rest_route=\/wp\/v2\/posts"}],"about":[{"href":"https:\/\/colegioarquitectos.com\/noticias\/index.php?rest_route=\/wp\/v2\/types\/post"}],"author":[{"embeddable":true,"href":"https:\/\/colegioarquitectos.com\/noticias\/index.php?rest_route=\/wp\/v2\/users\/1"}],"replies":[{"embeddable":true,"href":"https:\/\/colegioarquitectos.com\/noticias\/index.php?rest_route=%2Fwp%2Fv2%2Fcomments&post=2042"}],"version-history":[{"count":0,"href":"https:\/\/colegioarquitectos.com\/noticias\/index.php?rest_route=\/wp\/v2\/posts\/2042\/revisions"}],"wp:attachment":[{"href":"https:\/\/colegioarquitectos.com\/noticias\/index.php?rest_route=%2Fwp%2Fv2%2Fmedia&parent=2042"}],"wp:term":[{"taxonomy":"category","embeddable":true,"href":"https:\/\/colegioarquitectos.com\/noticias\/index.php?rest_route=%2Fwp%2Fv2%2Fcategories&post=2042"},{"taxonomy":"post_tag","embeddable":true,"href":"https:\/\/colegioarquitectos.com\/noticias\/index.php?rest_route=%2Fwp%2Fv2%2Ftags&post=2042"}],"curies":[{"name":"wp","href":"https:\/\/api.w.org\/{rel}","templated":true}]}}