
{"id":20457,"date":"2018-04-25T15:20:10","date_gmt":"2018-04-25T15:20:10","guid":{"rendered":"http:\/\/colegioarquitectos.com\/?p=20457"},"modified":"2025-01-14T10:01:08","modified_gmt":"2025-01-14T14:01:08","slug":"humberto-eliash-diaz-presidente-nacional","status":"publish","type":"post","link":"https:\/\/colegioarquitectos.com\/noticias\/?p=20457","title":{"rendered":"Humberto Eliash D\u00edaz"},"content":{"rendered":"<p><img loading=\"lazy\" decoding=\"async\" class=\"wp-image-20458 size-full alignleft\" src=\"http:\/\/colegioarquitectos.com\/noticias\/wp-content\/uploads\/2018\/04\/MG_3247.jpg\" alt=\"\" width=\"450\" height=\"450\" srcset=\"https:\/\/colegioarquitectos.com\/noticias\/wp-content\/uploads\/2018\/04\/MG_3247.jpg 450w, https:\/\/colegioarquitectos.com\/noticias\/wp-content\/uploads\/2018\/04\/MG_3247-180x180.jpg 180w, https:\/\/colegioarquitectos.com\/noticias\/wp-content\/uploads\/2018\/04\/MG_3247-300x300.jpg 300w\" sizes=\"auto, (max-width: 450px) 100vw, 450px\" \/>Arquitecto de la Universidad de Chile (1975).<\/p>\n<p>Fue parte de Larra\u00edn, Murtinho y Asociados hasta que abri\u00f3 una oficina propia. Estudi\u00f3 y trabaj\u00f3 en Londres, Madrid y Barcelona entre 1975 y 1978. En 1992 fund\u00f3 Eliash Arquitectos, estudio que mantiene hasta hoy. Su trabajo ha estado enfocado principalmente en arquitectura institucional y sus proyectos han sido reconocidos en Chile y el extranjero. En los \u00faltimos a\u00f1os ha realizado proyectos de arquitectura cultural y educacional en Chile, Ecuador, Uruguay, Panam\u00e1 y Brasil.<\/p>\n<p>Es profesor titular de la Universidad de Chile, donde ejerci\u00f3 como Vicedecano de la Facultad de Arquitectura y Urbanismo (2010-2014) junto al Decano Leopoldo Prat. Su labor acad\u00e9mica incluye clases y publicaciones en diferentes universidades. Ha dictado conferencias en Am\u00e9rica y Europa.<\/p>\n<p>En 2003, la Facultad de Arquitectura y Urbanismo de la Universidad de Chile le entreg\u00f3 la medalla de honor \u00abClaude Brunet de Baines\u00bb por su destacada actividad acad\u00e9mica y profesional. En tanto, en 2016, la Universidad de Santiago de Chile le otorg\u00f3 la Medalla Ulises, por su trayectoria profesional en al \u00e1mbito de la arquitectura y su aporte acad\u00e9mico.<\/p>\n<p>En la Bienal de Arquitectura de Venecia ha expuesto sus obras en dos oportunidades y, tanto en 2016 como en 2019, fue parte del jurado que eligi\u00f3 a los curadores del Pabell\u00f3n de Chile en dicha Bienal. En 2004 gan\u00f3 dos premios en la Bienal Panamericana de Arquitectura de Quito y ha sido expositor en la Bienal Internacional de Arquitectura de Buenos Aires.<\/p>\n<p>Actualmente es miembro del Comit\u00e9 editor de Revista AAA (Archivos de Arquitectura Antillana), integrante del Comit\u00e9 asesor de Arquitectura del Ministerio de las Culturas, las Artes y el Patrimonio y consejero del Consejo Nacional de Desarrollo Urbano.<\/p>\n<p>En el Colegio de Arquitectos de Chile fue miembro del directorio y Vicepresidente entre 1994 y 1998; presidi\u00f3 la XII Bienal de Arquitectura y Urbanismo de Chile en 2000;\u200b y recibi\u00f3 en 2016 el Premio Sergio Larra\u00edn Garc\u00eda-Moreno por su trayectoria acad\u00e9mica<\/p>\n<p>Desde enero de 2018 a noviembre de 2020 fue Presidente Nacional del Colegio de Arquitectos de Chile.<\/p>\n<p><\/p>","protected":false},"excerpt":{"rendered":"<p>Arquitecto de la Universidad de Chile (1975). Fue parte de Larra\u00edn, Murtinho y Asociados hasta que abri\u00f3 una oficina propia. Estudi\u00f3 y trabaj\u00f3 en Londres, Madrid y Barcelona entre 1975 y 1978. En 1992 fund\u00f3 Eliash Arquitectos, estudio que mantiene &hellip; <a class=\"more-link\" href=\"https:\/\/colegioarquitectos.com\/noticias\/?p=20457\">ver m\u00e1s<\/a><\/p>","protected":false},"author":4,"featured_media":0,"comment_status":"closed","ping_status":"closed","sticky":false,"template":"","format":"standard","meta":{"footnotes":""},"categories":[1],"tags":[],"class_list":["post-20457","post","type-post","status-publish","format-standard","hentry","category-sin-categoria"],"yoast_head":"<!-- This site is optimized with the Yoast SEO plugin v24.2 - https:\/\/yoast.com\/wordpress\/plugins\/seo\/ -->\n<title>Humberto Eliash D\u00edaz - COLEGIO DE ARQUITECTOS DE CHILE<\/title>\n<meta name=\"robots\" content=\"index, follow, max-snippet:-1, max-image-preview:large, max-video-preview:-1\" \/>\n<link rel=\"canonical\" href=\"https:\/\/colegioarquitectos.com\/noticias\/?p=20457\" \/>\n<meta property=\"og:locale\" content=\"es_ES\" \/>\n<meta property=\"og:type\" content=\"article\" \/>\n<meta property=\"og:title\" content=\"Humberto Eliash D\u00edaz - COLEGIO DE ARQUITECTOS DE CHILE\" \/>\n<meta property=\"og:description\" content=\"Arquitecto de la Universidad de Chile (1975). Fue parte de Larra\u00edn, Murtinho y Asociados hasta que abri\u00f3 una oficina propia. Estudi\u00f3 y trabaj\u00f3 en Londres, Madrid y Barcelona entre 1975 y 1978. En 1992 fund\u00f3 Eliash Arquitectos, estudio que mantiene &hellip; ver m\u00e1s\" \/>\n<meta property=\"og:url\" content=\"https:\/\/colegioarquitectos.com\/noticias\/?p=20457\" \/>\n<meta property=\"og:site_name\" content=\"COLEGIO DE ARQUITECTOS DE CHILE\" \/>\n<meta property=\"article:publisher\" content=\"https:\/\/facebook.com\/Colegioarq\/\" \/>\n<meta property=\"article:published_time\" content=\"2018-04-25T15:20:10+00:00\" \/>\n<meta property=\"article:modified_time\" content=\"2025-01-14T14:01:08+00:00\" \/>\n<meta property=\"og:image\" content=\"https:\/\/colegioarquitectos.com\/noticias\/wp-content\/uploads\/2018\/04\/MG_3247.jpg\" \/>\n\t<meta property=\"og:image:width\" content=\"450\" \/>\n\t<meta property=\"og:image:height\" content=\"450\" \/>\n\t<meta property=\"og:image:type\" content=\"image\/jpeg\" \/>\n<meta name=\"author\" content=\"Colegio de Arquitectos de Chile\" \/>\n<meta name=\"twitter:card\" content=\"summary_large_image\" \/>\n<meta name=\"twitter:creator\" content=\"@colegioarq\" \/>\n<meta name=\"twitter:site\" content=\"@colegioarq\" \/>\n<meta name=\"twitter:label1\" content=\"Escrito por\" \/>\n\t<meta name=\"twitter:data1\" content=\"Colegio de Arquitectos de Chile\" \/>\n\t<meta name=\"twitter:label2\" content=\"Tiempo de lectura\" \/>\n\t<meta name=\"twitter:data2\" content=\"2 minutos\" \/>\n<script type=\"application\/ld+json\" class=\"yoast-schema-graph\">{\"@context\":\"https:\/\/schema.org\",\"@graph\":[{\"@type\":\"Article\",\"@id\":\"https:\/\/colegioarquitectos.com\/noticias\/?p=20457#article\",\"isPartOf\":{\"@id\":\"https:\/\/colegioarquitectos.com\/noticias\/?p=20457\"},\"author\":{\"name\":\"Colegio de Arquitectos de Chile\",\"@id\":\"https:\/\/colegioarquitectos.com\/noticias\/#\/schema\/person\/685cc0aad148303c5608f049af8285ad\"},\"headline\":\"Humberto Eliash D\u00edaz\",\"datePublished\":\"2018-04-25T15:20:10+00:00\",\"dateModified\":\"2025-01-14T14:01:08+00:00\",\"mainEntityOfPage\":{\"@id\":\"https:\/\/colegioarquitectos.com\/noticias\/?p=20457\"},\"wordCount\":340,\"publisher\":{\"@id\":\"https:\/\/colegioarquitectos.com\/noticias\/#organization\"},\"image\":{\"@id\":\"https:\/\/colegioarquitectos.com\/noticias\/?p=20457#primaryimage\"},\"thumbnailUrl\":\"http:\/\/colegioarquitectos.com\/noticias\/wp-content\/uploads\/2018\/04\/MG_3247.jpg\",\"inLanguage\":\"es\"},{\"@type\":\"WebPage\",\"@id\":\"https:\/\/colegioarquitectos.com\/noticias\/?p=20457\",\"url\":\"https:\/\/colegioarquitectos.com\/noticias\/?p=20457\",\"name\":\"Humberto Eliash D\u00edaz - COLEGIO DE ARQUITECTOS DE CHILE\",\"isPartOf\":{\"@id\":\"https:\/\/colegioarquitectos.com\/noticias\/#website\"},\"primaryImageOfPage\":{\"@id\":\"https:\/\/colegioarquitectos.com\/noticias\/?p=20457#primaryimage\"},\"image\":{\"@id\":\"https:\/\/colegioarquitectos.com\/noticias\/?p=20457#primaryimage\"},\"thumbnailUrl\":\"http:\/\/colegioarquitectos.com\/noticias\/wp-content\/uploads\/2018\/04\/MG_3247.jpg\",\"datePublished\":\"2018-04-25T15:20:10+00:00\",\"dateModified\":\"2025-01-14T14:01:08+00:00\",\"breadcrumb\":{\"@id\":\"https:\/\/colegioarquitectos.com\/noticias\/?p=20457#breadcrumb\"},\"inLanguage\":\"es\",\"potentialAction\":[{\"@type\":\"ReadAction\",\"target\":[\"https:\/\/colegioarquitectos.com\/noticias\/?p=20457\"]}]},{\"@type\":\"ImageObject\",\"inLanguage\":\"es\",\"@id\":\"https:\/\/colegioarquitectos.com\/noticias\/?p=20457#primaryimage\",\"url\":\"https:\/\/colegioarquitectos.com\/noticias\/wp-content\/uploads\/2018\/04\/MG_3247.jpg\",\"contentUrl\":\"https:\/\/colegioarquitectos.com\/noticias\/wp-content\/uploads\/2018\/04\/MG_3247.jpg\",\"width\":450,\"height\":450},{\"@type\":\"BreadcrumbList\",\"@id\":\"https:\/\/colegioarquitectos.com\/noticias\/?p=20457#breadcrumb\",\"itemListElement\":[{\"@type\":\"ListItem\",\"position\":1,\"name\":\"Portada\",\"item\":\"https:\/\/colegioarquitectos.com\/noticias\"},{\"@type\":\"ListItem\",\"position\":2,\"name\":\"Humberto Eliash D\u00edaz\"}]},{\"@type\":\"WebSite\",\"@id\":\"https:\/\/colegioarquitectos.com\/noticias\/#website\",\"url\":\"https:\/\/colegioarquitectos.com\/noticias\/\",\"name\":\"COLEGIO DE ARQUITECTOS DE CHILE\",\"description\":\"\",\"publisher\":{\"@id\":\"https:\/\/colegioarquitectos.com\/noticias\/#organization\"},\"potentialAction\":[{\"@type\":\"SearchAction\",\"target\":{\"@type\":\"EntryPoint\",\"urlTemplate\":\"https:\/\/colegioarquitectos.com\/noticias\/?s={search_term_string}\"},\"query-input\":{\"@type\":\"PropertyValueSpecification\",\"valueRequired\":true,\"valueName\":\"search_term_string\"}}],\"inLanguage\":\"es\"},{\"@type\":\"Organization\",\"@id\":\"https:\/\/colegioarquitectos.com\/noticias\/#organization\",\"name\":\"COLEGIO DE ARQUITECTOS DE CHILE\",\"url\":\"https:\/\/colegioarquitectos.com\/noticias\/\",\"logo\":{\"@type\":\"ImageObject\",\"inLanguage\":\"es\",\"@id\":\"https:\/\/colegioarquitectos.com\/noticias\/#\/schema\/logo\/image\/\",\"url\":\"https:\/\/colegioarquitectos.com\/noticias\/wp-content\/uploads\/2021\/05\/ENCABEZADO-LOGO-CA.jpg\",\"contentUrl\":\"https:\/\/colegioarquitectos.com\/noticias\/wp-content\/uploads\/2021\/05\/ENCABEZADO-LOGO-CA.jpg\",\"width\":690,\"height\":350,\"caption\":\"COLEGIO DE ARQUITECTOS DE CHILE\"},\"image\":{\"@id\":\"https:\/\/colegioarquitectos.com\/noticias\/#\/schema\/logo\/image\/\"},\"sameAs\":[\"https:\/\/facebook.com\/Colegioarq\/\",\"https:\/\/x.com\/colegioarq\",\"https:\/\/instagram.com\/colegioarq\",\"https:\/\/youtube.com\/@ColegiodeArquitectosdeChile\"]},{\"@type\":\"Person\",\"@id\":\"https:\/\/colegioarquitectos.com\/noticias\/#\/schema\/person\/685cc0aad148303c5608f049af8285ad\",\"name\":\"Colegio de Arquitectos de Chile\",\"url\":\"https:\/\/colegioarquitectos.com\/noticias\/?author=4\"}]}<\/script>\n<!-- \/ Yoast SEO plugin. -->","yoast_head_json":{"title":"Humberto Eliash D\u00edaz - COLEGIO DE ARQUITECTOS DE CHILE","robots":{"index":"index","follow":"follow","max-snippet":"max-snippet:-1","max-image-preview":"max-image-preview:large","max-video-preview":"max-video-preview:-1"},"canonical":"https:\/\/colegioarquitectos.com\/noticias\/?p=20457","og_locale":"es_ES","og_type":"article","og_title":"Humberto Eliash D\u00edaz - COLEGIO DE ARQUITECTOS DE CHILE","og_description":"Arquitecto de la Universidad de Chile (1975). Fue parte de Larra\u00edn, Murtinho y Asociados hasta que abri\u00f3 una oficina propia. Estudi\u00f3 y trabaj\u00f3 en Londres, Madrid y Barcelona entre 1975 y 1978. En 1992 fund\u00f3 Eliash Arquitectos, estudio que mantiene &hellip; ver m\u00e1s","og_url":"https:\/\/colegioarquitectos.com\/noticias\/?p=20457","og_site_name":"COLEGIO DE ARQUITECTOS DE CHILE","article_publisher":"https:\/\/facebook.com\/Colegioarq\/","article_published_time":"2018-04-25T15:20:10+00:00","article_modified_time":"2025-01-14T14:01:08+00:00","og_image":[{"width":450,"height":450,"url":"https:\/\/colegioarquitectos.com\/noticias\/wp-content\/uploads\/2018\/04\/MG_3247.jpg","type":"image\/jpeg"}],"author":"Colegio de Arquitectos de Chile","twitter_card":"summary_large_image","twitter_creator":"@colegioarq","twitter_site":"@colegioarq","twitter_misc":{"Escrito por":"Colegio de Arquitectos de Chile","Tiempo de lectura":"2 minutos"},"schema":{"@context":"https:\/\/schema.org","@graph":[{"@type":"Article","@id":"https:\/\/colegioarquitectos.com\/noticias\/?p=20457#article","isPartOf":{"@id":"https:\/\/colegioarquitectos.com\/noticias\/?p=20457"},"author":{"name":"Colegio de Arquitectos de Chile","@id":"https:\/\/colegioarquitectos.com\/noticias\/#\/schema\/person\/685cc0aad148303c5608f049af8285ad"},"headline":"Humberto Eliash D\u00edaz","datePublished":"2018-04-25T15:20:10+00:00","dateModified":"2025-01-14T14:01:08+00:00","mainEntityOfPage":{"@id":"https:\/\/colegioarquitectos.com\/noticias\/?p=20457"},"wordCount":340,"publisher":{"@id":"https:\/\/colegioarquitectos.com\/noticias\/#organization"},"image":{"@id":"https:\/\/colegioarquitectos.com\/noticias\/?p=20457#primaryimage"},"thumbnailUrl":"http:\/\/colegioarquitectos.com\/noticias\/wp-content\/uploads\/2018\/04\/MG_3247.jpg","inLanguage":"es"},{"@type":"WebPage","@id":"https:\/\/colegioarquitectos.com\/noticias\/?p=20457","url":"https:\/\/colegioarquitectos.com\/noticias\/?p=20457","name":"Humberto Eliash D\u00edaz - COLEGIO DE ARQUITECTOS DE CHILE","isPartOf":{"@id":"https:\/\/colegioarquitectos.com\/noticias\/#website"},"primaryImageOfPage":{"@id":"https:\/\/colegioarquitectos.com\/noticias\/?p=20457#primaryimage"},"image":{"@id":"https:\/\/colegioarquitectos.com\/noticias\/?p=20457#primaryimage"},"thumbnailUrl":"http:\/\/colegioarquitectos.com\/noticias\/wp-content\/uploads\/2018\/04\/MG_3247.jpg","datePublished":"2018-04-25T15:20:10+00:00","dateModified":"2025-01-14T14:01:08+00:00","breadcrumb":{"@id":"https:\/\/colegioarquitectos.com\/noticias\/?p=20457#breadcrumb"},"inLanguage":"es","potentialAction":[{"@type":"ReadAction","target":["https:\/\/colegioarquitectos.com\/noticias\/?p=20457"]}]},{"@type":"ImageObject","inLanguage":"es","@id":"https:\/\/colegioarquitectos.com\/noticias\/?p=20457#primaryimage","url":"https:\/\/colegioarquitectos.com\/noticias\/wp-content\/uploads\/2018\/04\/MG_3247.jpg","contentUrl":"https:\/\/colegioarquitectos.com\/noticias\/wp-content\/uploads\/2018\/04\/MG_3247.jpg","width":450,"height":450},{"@type":"BreadcrumbList","@id":"https:\/\/colegioarquitectos.com\/noticias\/?p=20457#breadcrumb","itemListElement":[{"@type":"ListItem","position":1,"name":"Portada","item":"https:\/\/colegioarquitectos.com\/noticias"},{"@type":"ListItem","position":2,"name":"Humberto Eliash D\u00edaz"}]},{"@type":"WebSite","@id":"https:\/\/colegioarquitectos.com\/noticias\/#website","url":"https:\/\/colegioarquitectos.com\/noticias\/","name":"COLEGIO DE ARQUITECTOS DE CHILE","description":"","publisher":{"@id":"https:\/\/colegioarquitectos.com\/noticias\/#organization"},"potentialAction":[{"@type":"SearchAction","target":{"@type":"EntryPoint","urlTemplate":"https:\/\/colegioarquitectos.com\/noticias\/?s={search_term_string}"},"query-input":{"@type":"PropertyValueSpecification","valueRequired":true,"valueName":"search_term_string"}}],"inLanguage":"es"},{"@type":"Organization","@id":"https:\/\/colegioarquitectos.com\/noticias\/#organization","name":"COLEGIO DE ARQUITECTOS DE CHILE","url":"https:\/\/colegioarquitectos.com\/noticias\/","logo":{"@type":"ImageObject","inLanguage":"es","@id":"https:\/\/colegioarquitectos.com\/noticias\/#\/schema\/logo\/image\/","url":"https:\/\/colegioarquitectos.com\/noticias\/wp-content\/uploads\/2021\/05\/ENCABEZADO-LOGO-CA.jpg","contentUrl":"https:\/\/colegioarquitectos.com\/noticias\/wp-content\/uploads\/2021\/05\/ENCABEZADO-LOGO-CA.jpg","width":690,"height":350,"caption":"COLEGIO DE ARQUITECTOS DE CHILE"},"image":{"@id":"https:\/\/colegioarquitectos.com\/noticias\/#\/schema\/logo\/image\/"},"sameAs":["https:\/\/facebook.com\/Colegioarq\/","https:\/\/x.com\/colegioarq","https:\/\/instagram.com\/colegioarq","https:\/\/youtube.com\/@ColegiodeArquitectosdeChile"]},{"@type":"Person","@id":"https:\/\/colegioarquitectos.com\/noticias\/#\/schema\/person\/685cc0aad148303c5608f049af8285ad","name":"Colegio de Arquitectos de Chile","url":"https:\/\/colegioarquitectos.com\/noticias\/?author=4"}]}},"_links":{"self":[{"href":"https:\/\/colegioarquitectos.com\/noticias\/index.php?rest_route=\/wp\/v2\/posts\/20457","targetHints":{"allow":["GET"]}}],"collection":[{"href":"https:\/\/colegioarquitectos.com\/noticias\/index.php?rest_route=\/wp\/v2\/posts"}],"about":[{"href":"https:\/\/colegioarquitectos.com\/noticias\/index.php?rest_route=\/wp\/v2\/types\/post"}],"author":[{"embeddable":true,"href":"https:\/\/colegioarquitectos.com\/noticias\/index.php?rest_route=\/wp\/v2\/users\/4"}],"replies":[{"embeddable":true,"href":"https:\/\/colegioarquitectos.com\/noticias\/index.php?rest_route=%2Fwp%2Fv2%2Fcomments&post=20457"}],"version-history":[{"count":1,"href":"https:\/\/colegioarquitectos.com\/noticias\/index.php?rest_route=\/wp\/v2\/posts\/20457\/revisions"}],"predecessor-version":[{"id":33173,"href":"https:\/\/colegioarquitectos.com\/noticias\/index.php?rest_route=\/wp\/v2\/posts\/20457\/revisions\/33173"}],"wp:attachment":[{"href":"https:\/\/colegioarquitectos.com\/noticias\/index.php?rest_route=%2Fwp%2Fv2%2Fmedia&parent=20457"}],"wp:term":[{"taxonomy":"category","embeddable":true,"href":"https:\/\/colegioarquitectos.com\/noticias\/index.php?rest_route=%2Fwp%2Fv2%2Fcategories&post=20457"},{"taxonomy":"post_tag","embeddable":true,"href":"https:\/\/colegioarquitectos.com\/noticias\/index.php?rest_route=%2Fwp%2Fv2%2Ftags&post=20457"}],"curies":[{"name":"wp","href":"https:\/\/api.w.org\/{rel}","templated":true}]}}