
{"id":20701,"date":"2018-05-15T18:59:52","date_gmt":"2018-05-15T18:59:52","guid":{"rendered":"http:\/\/colegioarquitectos.com\/?p=20701"},"modified":"2018-05-22T17:49:27","modified_gmt":"2018-05-22T17:49:27","slug":"dia-del-patrimonio-en-tarapaca-visita-a-huanillos","status":"publish","type":"post","link":"https:\/\/colegioarquitectos.com\/noticias\/?p=20701","title":{"rendered":"D\u00eda del Patrimonio en Tarapac\u00e1: Visita a Huanillos"},"content":{"rendered":"<p>La <a href=\"https:\/\/www.facebook.com\/colegioarquitectostarapaca\/\">Delegaci\u00f3n Tarapac\u00e1 del Colegio de Arquitectos de Chile<\/a> en conjunto con<a href=\"https:\/\/www.facebook.com\/PlataformaNomadesert\/\"> Nomadesert<\/a> y la <a href=\"http:\/\/www.municipioiquique.cl\/\">Municipalidad de Iquique<\/a> invitan a una interesante visita al Monumento Hist\u00f3rico: \u00abHuanillos, campamento industrial asociado a la extracci\u00f3n de guano y sal\u00bb, con la idea de difundir la declaratoria y la historia del lugar, en el contexto del D\u00eda Nacional del Patrimonio Cultural el s\u00e1bado 26 de mayo.<\/p>\n<p>La actividad constar\u00e1 de una conversaci\u00f3n al aire libre, para luego en grupos peque\u00f1os, hacer ingreso al pol\u00edgono y visitar la zona declarada.<\/p>\n<p>Para la actividad se contar\u00e1 con buses de traslado que saldr\u00e1n desde la Plaza 21 de mayo a las 10 hrs. y regresar\u00e1n a las 17 hrs. el mismo d\u00eda 26 de mayo, al t\u00e9rmino de la visita.\u00a0Pueden traer sus colaciones.<\/p>\n<p>&nbsp;<\/p>\n<p>Inscripciones en <a href=\"https:\/\/goo.gl\/forms\/UhQGpMAdrUDr6M6l1\">https:\/\/goo.gl\/forms\/UhQGpMAdrUDr6M6l1<\/a><\/p>\n<p><a href=\"https:\/\/www.facebook.com\/events\/173379623372616\/\">Invita a tus amigos por Facebook (aqu\u00ed)<\/a><\/p>\n<p>&nbsp;<\/p>\n<p>Punto de Encuentro:<\/p>\n<p>Desde Iquique, RUTA 1 &#8211; al sur &#8211;<\/p>\n<p>Km. 119<\/p>\n<p><\/p>","protected":false},"excerpt":{"rendered":"<p>La Delegaci\u00f3n Tarapac\u00e1 del Colegio de Arquitectos de Chile en conjunto con Nomadesert y la Municipalidad de Iquique invitan a una interesante visita al Monumento Hist\u00f3rico: \u00abHuanillos, campamento industrial asociado a la extracci\u00f3n de guano y sal\u00bb, con la idea &hellip; <a class=\"more-link\" href=\"https:\/\/colegioarquitectos.com\/noticias\/?p=20701\">ver m\u00e1s<\/a><\/p>","protected":false},"author":4,"featured_media":20702,"comment_status":"closed","ping_status":"closed","sticky":false,"template":"","format":"standard","meta":{"footnotes":""},"categories":[10],"tags":[],"class_list":["post-20701","post","type-post","status-publish","format-standard","has-post-thumbnail","hentry","category-delegaciones-zonales"],"yoast_head":"<!-- This site is optimized with the Yoast SEO plugin v24.2 - https:\/\/yoast.com\/wordpress\/plugins\/seo\/ -->\n<title>D\u00eda del Patrimonio en Tarapac\u00e1: Visita a Huanillos - COLEGIO DE ARQUITECTOS DE CHILE<\/title>\n<meta name=\"robots\" content=\"index, follow, max-snippet:-1, max-image-preview:large, max-video-preview:-1\" \/>\n<link rel=\"canonical\" href=\"https:\/\/colegioarquitectos.com\/noticias\/?p=20701\" \/>\n<meta property=\"og:locale\" content=\"es_ES\" \/>\n<meta property=\"og:type\" content=\"article\" \/>\n<meta property=\"og:title\" content=\"D\u00eda del Patrimonio en Tarapac\u00e1: Visita a Huanillos - COLEGIO DE ARQUITECTOS DE CHILE\" \/>\n<meta property=\"og:description\" content=\"La Delegaci\u00f3n Tarapac\u00e1 del Colegio de Arquitectos de Chile en conjunto con Nomadesert y la Municipalidad de Iquique invitan a una interesante visita al Monumento Hist\u00f3rico: \u00abHuanillos, campamento industrial asociado a la extracci\u00f3n de guano y sal\u00bb, con la idea &hellip; ver m\u00e1s\" \/>\n<meta property=\"og:url\" content=\"https:\/\/colegioarquitectos.com\/noticias\/?p=20701\" \/>\n<meta property=\"og:site_name\" content=\"COLEGIO DE ARQUITECTOS DE CHILE\" \/>\n<meta property=\"article:publisher\" content=\"https:\/\/facebook.com\/Colegioarq\/\" \/>\n<meta property=\"article:published_time\" content=\"2018-05-15T18:59:52+00:00\" \/>\n<meta property=\"article:modified_time\" content=\"2018-05-22T17:49:27+00:00\" \/>\n<meta property=\"og:image\" content=\"https:\/\/colegioarquitectos.com\/noticias\/wp-content\/uploads\/2018\/05\/CA-Tarapac\u00e1-D\u00eda-del-Patrimonio.jpg\" \/>\n\t<meta property=\"og:image:width\" content=\"690\" \/>\n\t<meta property=\"og:image:height\" content=\"350\" \/>\n\t<meta property=\"og:image:type\" content=\"image\/jpeg\" \/>\n<meta name=\"author\" content=\"Colegio de Arquitectos de Chile\" \/>\n<meta name=\"twitter:card\" content=\"summary_large_image\" \/>\n<meta name=\"twitter:creator\" content=\"@colegioarq\" \/>\n<meta name=\"twitter:site\" content=\"@colegioarq\" \/>\n<meta name=\"twitter:label1\" content=\"Escrito por\" \/>\n\t<meta name=\"twitter:data1\" content=\"Colegio de Arquitectos de Chile\" \/>\n\t<meta name=\"twitter:label2\" content=\"Tiempo de lectura\" \/>\n\t<meta name=\"twitter:data2\" content=\"1 minuto\" \/>\n<script type=\"application\/ld+json\" class=\"yoast-schema-graph\">{\"@context\":\"https:\/\/schema.org\",\"@graph\":[{\"@type\":\"Article\",\"@id\":\"https:\/\/colegioarquitectos.com\/noticias\/?p=20701#article\",\"isPartOf\":{\"@id\":\"https:\/\/colegioarquitectos.com\/noticias\/?p=20701\"},\"author\":{\"name\":\"Colegio de Arquitectos de Chile\",\"@id\":\"https:\/\/colegioarquitectos.com\/noticias\/#\/schema\/person\/685cc0aad148303c5608f049af8285ad\"},\"headline\":\"D\u00eda del Patrimonio en Tarapac\u00e1: Visita a Huanillos\",\"datePublished\":\"2018-05-15T18:59:52+00:00\",\"dateModified\":\"2018-05-22T17:49:27+00:00\",\"mainEntityOfPage\":{\"@id\":\"https:\/\/colegioarquitectos.com\/noticias\/?p=20701\"},\"wordCount\":173,\"publisher\":{\"@id\":\"https:\/\/colegioarquitectos.com\/noticias\/#organization\"},\"image\":{\"@id\":\"https:\/\/colegioarquitectos.com\/noticias\/?p=20701#primaryimage\"},\"thumbnailUrl\":\"https:\/\/colegioarquitectos.com\/noticias\/wp-content\/uploads\/2018\/05\/CA-Tarapac\u00e1-D\u00eda-del-Patrimonio.jpg\",\"articleSection\":[\"Delegaciones\"],\"inLanguage\":\"es\"},{\"@type\":\"WebPage\",\"@id\":\"https:\/\/colegioarquitectos.com\/noticias\/?p=20701\",\"url\":\"https:\/\/colegioarquitectos.com\/noticias\/?p=20701\",\"name\":\"D\u00eda del Patrimonio en Tarapac\u00e1: Visita a Huanillos - COLEGIO DE ARQUITECTOS DE CHILE\",\"isPartOf\":{\"@id\":\"https:\/\/colegioarquitectos.com\/noticias\/#website\"},\"primaryImageOfPage\":{\"@id\":\"https:\/\/colegioarquitectos.com\/noticias\/?p=20701#primaryimage\"},\"image\":{\"@id\":\"https:\/\/colegioarquitectos.com\/noticias\/?p=20701#primaryimage\"},\"thumbnailUrl\":\"https:\/\/colegioarquitectos.com\/noticias\/wp-content\/uploads\/2018\/05\/CA-Tarapac\u00e1-D\u00eda-del-Patrimonio.jpg\",\"datePublished\":\"2018-05-15T18:59:52+00:00\",\"dateModified\":\"2018-05-22T17:49:27+00:00\",\"breadcrumb\":{\"@id\":\"https:\/\/colegioarquitectos.com\/noticias\/?p=20701#breadcrumb\"},\"inLanguage\":\"es\",\"potentialAction\":[{\"@type\":\"ReadAction\",\"target\":[\"https:\/\/colegioarquitectos.com\/noticias\/?p=20701\"]}]},{\"@type\":\"ImageObject\",\"inLanguage\":\"es\",\"@id\":\"https:\/\/colegioarquitectos.com\/noticias\/?p=20701#primaryimage\",\"url\":\"https:\/\/colegioarquitectos.com\/noticias\/wp-content\/uploads\/2018\/05\/CA-Tarapac\u00e1-D\u00eda-del-Patrimonio.jpg\",\"contentUrl\":\"https:\/\/colegioarquitectos.com\/noticias\/wp-content\/uploads\/2018\/05\/CA-Tarapac\u00e1-D\u00eda-del-Patrimonio.jpg\",\"width\":690,\"height\":350},{\"@type\":\"BreadcrumbList\",\"@id\":\"https:\/\/colegioarquitectos.com\/noticias\/?p=20701#breadcrumb\",\"itemListElement\":[{\"@type\":\"ListItem\",\"position\":1,\"name\":\"Portada\",\"item\":\"https:\/\/colegioarquitectos.com\/noticias\"},{\"@type\":\"ListItem\",\"position\":2,\"name\":\"D\u00eda del Patrimonio en Tarapac\u00e1: Visita a Huanillos\"}]},{\"@type\":\"WebSite\",\"@id\":\"https:\/\/colegioarquitectos.com\/noticias\/#website\",\"url\":\"https:\/\/colegioarquitectos.com\/noticias\/\",\"name\":\"COLEGIO DE ARQUITECTOS DE CHILE\",\"description\":\"\",\"publisher\":{\"@id\":\"https:\/\/colegioarquitectos.com\/noticias\/#organization\"},\"potentialAction\":[{\"@type\":\"SearchAction\",\"target\":{\"@type\":\"EntryPoint\",\"urlTemplate\":\"https:\/\/colegioarquitectos.com\/noticias\/?s={search_term_string}\"},\"query-input\":{\"@type\":\"PropertyValueSpecification\",\"valueRequired\":true,\"valueName\":\"search_term_string\"}}],\"inLanguage\":\"es\"},{\"@type\":\"Organization\",\"@id\":\"https:\/\/colegioarquitectos.com\/noticias\/#organization\",\"name\":\"COLEGIO DE ARQUITECTOS DE CHILE\",\"url\":\"https:\/\/colegioarquitectos.com\/noticias\/\",\"logo\":{\"@type\":\"ImageObject\",\"inLanguage\":\"es\",\"@id\":\"https:\/\/colegioarquitectos.com\/noticias\/#\/schema\/logo\/image\/\",\"url\":\"https:\/\/colegioarquitectos.com\/noticias\/wp-content\/uploads\/2021\/05\/ENCABEZADO-LOGO-CA.jpg\",\"contentUrl\":\"https:\/\/colegioarquitectos.com\/noticias\/wp-content\/uploads\/2021\/05\/ENCABEZADO-LOGO-CA.jpg\",\"width\":690,\"height\":350,\"caption\":\"COLEGIO DE ARQUITECTOS DE CHILE\"},\"image\":{\"@id\":\"https:\/\/colegioarquitectos.com\/noticias\/#\/schema\/logo\/image\/\"},\"sameAs\":[\"https:\/\/facebook.com\/Colegioarq\/\",\"https:\/\/x.com\/colegioarq\",\"https:\/\/instagram.com\/colegioarq\",\"https:\/\/youtube.com\/@ColegiodeArquitectosdeChile\"]},{\"@type\":\"Person\",\"@id\":\"https:\/\/colegioarquitectos.com\/noticias\/#\/schema\/person\/685cc0aad148303c5608f049af8285ad\",\"name\":\"Colegio de Arquitectos de Chile\",\"url\":\"https:\/\/colegioarquitectos.com\/noticias\/?author=4\"}]}<\/script>\n<!-- \/ Yoast SEO plugin. -->","yoast_head_json":{"title":"D\u00eda del Patrimonio en Tarapac\u00e1: Visita a Huanillos - COLEGIO DE ARQUITECTOS DE CHILE","robots":{"index":"index","follow":"follow","max-snippet":"max-snippet:-1","max-image-preview":"max-image-preview:large","max-video-preview":"max-video-preview:-1"},"canonical":"https:\/\/colegioarquitectos.com\/noticias\/?p=20701","og_locale":"es_ES","og_type":"article","og_title":"D\u00eda del Patrimonio en Tarapac\u00e1: Visita a Huanillos - COLEGIO DE ARQUITECTOS DE CHILE","og_description":"La Delegaci\u00f3n Tarapac\u00e1 del Colegio de Arquitectos de Chile en conjunto con Nomadesert y la Municipalidad de Iquique invitan a una interesante visita al Monumento Hist\u00f3rico: \u00abHuanillos, campamento industrial asociado a la extracci\u00f3n de guano y sal\u00bb, con la idea &hellip; ver m\u00e1s","og_url":"https:\/\/colegioarquitectos.com\/noticias\/?p=20701","og_site_name":"COLEGIO DE ARQUITECTOS DE CHILE","article_publisher":"https:\/\/facebook.com\/Colegioarq\/","article_published_time":"2018-05-15T18:59:52+00:00","article_modified_time":"2018-05-22T17:49:27+00:00","og_image":[{"width":690,"height":350,"url":"https:\/\/colegioarquitectos.com\/noticias\/wp-content\/uploads\/2018\/05\/CA-Tarapac\u00e1-D\u00eda-del-Patrimonio.jpg","type":"image\/jpeg"}],"author":"Colegio de Arquitectos de Chile","twitter_card":"summary_large_image","twitter_creator":"@colegioarq","twitter_site":"@colegioarq","twitter_misc":{"Escrito por":"Colegio de Arquitectos de Chile","Tiempo de lectura":"1 minuto"},"schema":{"@context":"https:\/\/schema.org","@graph":[{"@type":"Article","@id":"https:\/\/colegioarquitectos.com\/noticias\/?p=20701#article","isPartOf":{"@id":"https:\/\/colegioarquitectos.com\/noticias\/?p=20701"},"author":{"name":"Colegio de Arquitectos de Chile","@id":"https:\/\/colegioarquitectos.com\/noticias\/#\/schema\/person\/685cc0aad148303c5608f049af8285ad"},"headline":"D\u00eda del Patrimonio en Tarapac\u00e1: Visita a Huanillos","datePublished":"2018-05-15T18:59:52+00:00","dateModified":"2018-05-22T17:49:27+00:00","mainEntityOfPage":{"@id":"https:\/\/colegioarquitectos.com\/noticias\/?p=20701"},"wordCount":173,"publisher":{"@id":"https:\/\/colegioarquitectos.com\/noticias\/#organization"},"image":{"@id":"https:\/\/colegioarquitectos.com\/noticias\/?p=20701#primaryimage"},"thumbnailUrl":"https:\/\/colegioarquitectos.com\/noticias\/wp-content\/uploads\/2018\/05\/CA-Tarapac\u00e1-D\u00eda-del-Patrimonio.jpg","articleSection":["Delegaciones"],"inLanguage":"es"},{"@type":"WebPage","@id":"https:\/\/colegioarquitectos.com\/noticias\/?p=20701","url":"https:\/\/colegioarquitectos.com\/noticias\/?p=20701","name":"D\u00eda del Patrimonio en Tarapac\u00e1: Visita a Huanillos - COLEGIO DE ARQUITECTOS DE CHILE","isPartOf":{"@id":"https:\/\/colegioarquitectos.com\/noticias\/#website"},"primaryImageOfPage":{"@id":"https:\/\/colegioarquitectos.com\/noticias\/?p=20701#primaryimage"},"image":{"@id":"https:\/\/colegioarquitectos.com\/noticias\/?p=20701#primaryimage"},"thumbnailUrl":"https:\/\/colegioarquitectos.com\/noticias\/wp-content\/uploads\/2018\/05\/CA-Tarapac\u00e1-D\u00eda-del-Patrimonio.jpg","datePublished":"2018-05-15T18:59:52+00:00","dateModified":"2018-05-22T17:49:27+00:00","breadcrumb":{"@id":"https:\/\/colegioarquitectos.com\/noticias\/?p=20701#breadcrumb"},"inLanguage":"es","potentialAction":[{"@type":"ReadAction","target":["https:\/\/colegioarquitectos.com\/noticias\/?p=20701"]}]},{"@type":"ImageObject","inLanguage":"es","@id":"https:\/\/colegioarquitectos.com\/noticias\/?p=20701#primaryimage","url":"https:\/\/colegioarquitectos.com\/noticias\/wp-content\/uploads\/2018\/05\/CA-Tarapac\u00e1-D\u00eda-del-Patrimonio.jpg","contentUrl":"https:\/\/colegioarquitectos.com\/noticias\/wp-content\/uploads\/2018\/05\/CA-Tarapac\u00e1-D\u00eda-del-Patrimonio.jpg","width":690,"height":350},{"@type":"BreadcrumbList","@id":"https:\/\/colegioarquitectos.com\/noticias\/?p=20701#breadcrumb","itemListElement":[{"@type":"ListItem","position":1,"name":"Portada","item":"https:\/\/colegioarquitectos.com\/noticias"},{"@type":"ListItem","position":2,"name":"D\u00eda del Patrimonio en Tarapac\u00e1: Visita a Huanillos"}]},{"@type":"WebSite","@id":"https:\/\/colegioarquitectos.com\/noticias\/#website","url":"https:\/\/colegioarquitectos.com\/noticias\/","name":"COLEGIO DE ARQUITECTOS DE CHILE","description":"","publisher":{"@id":"https:\/\/colegioarquitectos.com\/noticias\/#organization"},"potentialAction":[{"@type":"SearchAction","target":{"@type":"EntryPoint","urlTemplate":"https:\/\/colegioarquitectos.com\/noticias\/?s={search_term_string}"},"query-input":{"@type":"PropertyValueSpecification","valueRequired":true,"valueName":"search_term_string"}}],"inLanguage":"es"},{"@type":"Organization","@id":"https:\/\/colegioarquitectos.com\/noticias\/#organization","name":"COLEGIO DE ARQUITECTOS DE CHILE","url":"https:\/\/colegioarquitectos.com\/noticias\/","logo":{"@type":"ImageObject","inLanguage":"es","@id":"https:\/\/colegioarquitectos.com\/noticias\/#\/schema\/logo\/image\/","url":"https:\/\/colegioarquitectos.com\/noticias\/wp-content\/uploads\/2021\/05\/ENCABEZADO-LOGO-CA.jpg","contentUrl":"https:\/\/colegioarquitectos.com\/noticias\/wp-content\/uploads\/2021\/05\/ENCABEZADO-LOGO-CA.jpg","width":690,"height":350,"caption":"COLEGIO DE ARQUITECTOS DE CHILE"},"image":{"@id":"https:\/\/colegioarquitectos.com\/noticias\/#\/schema\/logo\/image\/"},"sameAs":["https:\/\/facebook.com\/Colegioarq\/","https:\/\/x.com\/colegioarq","https:\/\/instagram.com\/colegioarq","https:\/\/youtube.com\/@ColegiodeArquitectosdeChile"]},{"@type":"Person","@id":"https:\/\/colegioarquitectos.com\/noticias\/#\/schema\/person\/685cc0aad148303c5608f049af8285ad","name":"Colegio de Arquitectos de Chile","url":"https:\/\/colegioarquitectos.com\/noticias\/?author=4"}]}},"_links":{"self":[{"href":"https:\/\/colegioarquitectos.com\/noticias\/index.php?rest_route=\/wp\/v2\/posts\/20701","targetHints":{"allow":["GET"]}}],"collection":[{"href":"https:\/\/colegioarquitectos.com\/noticias\/index.php?rest_route=\/wp\/v2\/posts"}],"about":[{"href":"https:\/\/colegioarquitectos.com\/noticias\/index.php?rest_route=\/wp\/v2\/types\/post"}],"author":[{"embeddable":true,"href":"https:\/\/colegioarquitectos.com\/noticias\/index.php?rest_route=\/wp\/v2\/users\/4"}],"replies":[{"embeddable":true,"href":"https:\/\/colegioarquitectos.com\/noticias\/index.php?rest_route=%2Fwp%2Fv2%2Fcomments&post=20701"}],"version-history":[{"count":0,"href":"https:\/\/colegioarquitectos.com\/noticias\/index.php?rest_route=\/wp\/v2\/posts\/20701\/revisions"}],"wp:featuredmedia":[{"embeddable":true,"href":"https:\/\/colegioarquitectos.com\/noticias\/index.php?rest_route=\/wp\/v2\/media\/20702"}],"wp:attachment":[{"href":"https:\/\/colegioarquitectos.com\/noticias\/index.php?rest_route=%2Fwp%2Fv2%2Fmedia&parent=20701"}],"wp:term":[{"taxonomy":"category","embeddable":true,"href":"https:\/\/colegioarquitectos.com\/noticias\/index.php?rest_route=%2Fwp%2Fv2%2Fcategories&post=20701"},{"taxonomy":"post_tag","embeddable":true,"href":"https:\/\/colegioarquitectos.com\/noticias\/index.php?rest_route=%2Fwp%2Fv2%2Ftags&post=20701"}],"curies":[{"name":"wp","href":"https:\/\/api.w.org\/{rel}","templated":true}]}}