
{"id":20738,"date":"2018-05-22T17:58:28","date_gmt":"2018-05-22T17:58:28","guid":{"rendered":"http:\/\/colegioarquitectos.com\/?p=20738"},"modified":"2018-05-22T17:58:28","modified_gmt":"2018-05-22T17:58:28","slug":"gonzalo-matamala-y-la-presentacion-iconos-patrimoniales-la-serena","status":"publish","type":"post","link":"https:\/\/colegioarquitectos.com\/noticias\/?p=20738","title":{"rendered":"Gonzalo Matamala y la presentaci\u00f3n Iconos Patrimoniales \u2013 La Serena"},"content":{"rendered":"<p>La Comisi\u00f3n de Patrimonio de la Delegaci\u00f3n Zonal IV regi\u00f3n \u2013 CA realiz\u00f3 una entrevista a Gonzalo Matamala, Dise\u00f1ador a cargo del equipo de la Unidad de Dise\u00f1o de la Municipalidad de La Serena \u2013 Departamento de Turismo y Patrimonio.<\/p>\n<p>&nbsp;<\/p>\n<p><strong>P.: \u00bfPara tu equipo de trabajo y para ti, cual ha sido la percepci\u00f3n de la iconograf\u00eda arquitect\u00f3nica de la ciudad de la serena, y que imaginamos ya lograron darse cuenta que no solo es Plan Serena, sino que posee otros estilos arquitect\u00f3nicos que ustedes han tenido que sintetizar y llegar a esta simplificaci\u00f3n y realce de los elementos m\u00e1s importantes de lo que puede ser un edificio o una construcci\u00f3n?<\/strong><\/p>\n<p><strong>G.M.:<\/strong> Bueno como t\u00fa, dices existe la percepci\u00f3n inicial que La Serena es solamente arquitectura colonial, y eso es lo que est\u00e1, de alg\u00fan modo, insertado en el inconsciente colectivo, de que la arquitectura de La Serena es colonial, pero en el transcurso del proceso que hemos desarrollado, nos hemos dado cuenta de que hay mucho m\u00e1s que la arquitectura colonial, nosotros tenemos tambi\u00e9n rasgos neocl\u00e1sicos, hay arquitectura que es aut\u00f3ctona, arquitectura de los primeros habitantes de la ciudad de La Serena, ha sido un trabajo valioso de rescate patrimonial. En La Serena tenemos que tener en cuenta, que somos privilegiados, que vivimos en una ciudad que nos entrega mucha iconograf\u00eda, no se si otra ciudad sea tan rica como La Serena en cuanto a elementos iconogr\u00e1ficos, no s\u00e9, si en otra ciudad hubi\u00e9ramos logrado desarrollar un trabajo de este nivel, en ese sentido somos afortunados de estar en esta ciudad y de lo que nos entrega.<\/p>\n<p><strong>P.: \u00bfNos preguntamos con mi colega, si en este momento seria la oportunidad de aportar, tambi\u00e9n con lo que t\u00fa indicas: Cuando de repente te abordan las personas y te dicen que podr\u00eda estar presente este elemento o este otro\u2026nos hab\u00edamos imaginado, por ejemplo, que en esta iconograf\u00eda pudiera estar el casco fundacional, que pudiera ser uno de los iconos o ver qu\u00e9 elementos de trama urbana podr\u00edan incorporarse a esta muestra?<\/strong><\/p>\n<p><strong>G.M.:<\/strong> Por supuesto, bueno, como lo comente en el lanzamiento, si bien nosotros lo estamos llevando a cabo, no es solo nuestro trabajo, es un trabajo que tenemos que desarrollarlo entre todos y en ese sentido los aportes de todos, de los gremios involucrados por decirlo de alguna manera, y sobre todo el de los arquitectos, necesitamos de su aporte, que nos pueden dar como dices tu otras luces de lo que nos falta, as\u00ed como tambi\u00e9n les comentaba, que los NORCHEF de la Asociaci\u00f3n de Chef, nos dijeron oye porque no est\u00e1 tal plato, tambi\u00e9n se acercaron los m\u00fasicos, y nos dijeron este instrumento tambi\u00e9n,\u2026. es un trabajo que yo creo no va a terminar nunca, por lo que estamos encantados y tenemos que ver cu\u00e1les pueden ser los veh\u00edculos para que nos podamos comunicar y puedan hacer el aporte.<\/p>\n<p><strong>P.: \u00bfCual es la percepci\u00f3n que uds. tienen de incorporar esta muestra en la marca Pa\u00eds, en la marca Chile para internacionalizar el Patrimonio de la ciudad de la serena y del la Zona?<\/strong><\/p>\n<p><strong>G.M.:<\/strong> Este trabajo est\u00e1 desarrollado en conjunto con la unidad de Patrimonio y la Direcci\u00f3n de Turismo de la Municipalidad de La Serena, y el departamento de Turismo est\u00e1 asociado a la marca Chile. Nosotros pertenecemos al Conglomerado de ciudades que est\u00e1n bajo la marca Chile y todas las factibilidades.<\/p>\n<p>Nosotros necesitamos y tenemos como fin \u00faltimo, que esta iconograf\u00eda se internacionalice, no nos sirve que quede entre nosotros, necesitamos sacarlo hacia afuera del Pa\u00eds, hacia el extranjero. En ese sentido vamos buscando alguna manera los medios que sean necesarios para poder insertarlo en el mercado.<\/p>\n<p>No somos la primera ciudad que hace estos iconos, hay otras ciudades como Nueva York , Melbourne o Londres, que tienen un trabajo Similar, y Nosotros queremos estar Ah\u00ed , en las grandes ligas.<\/p>\n<p><strong>P.: \u00bfCual es la percepci\u00f3n para ti, tu equipo de trabajo y tus alumnos, sobre lo que les entrega este trabajo en la imagen urbana de la ciudad?<\/strong><\/p>\n<p><strong>G.M.:<\/strong> Como lo comentaba reci\u00e9n, los frutos que nos han quedado de este trabajo, es lo rico que es la ciudad de la Serena en Iconograf\u00eda, y lo desconocido que es para el com\u00fan de la gente,\u00a0 que anda a pie todo el d\u00eda y que los detalles pero que pasan de largo, muchas veces caminamos por la ciudad y no nos damos cuenta en la gran cantidad de detalles que tenemos, y que hacen una identidad como ciudad, en el fondo el perfil Arquitect\u00f3nico es nuestra identidad, y es por lo que somos reconocidos en el extranjero.<\/p>\n<p>&nbsp;<\/p>\n<p><em>Presentaci\u00f3n Iconos Patrimoniales La Serena<\/em><\/p>\n\n\t\t<style type=\"text\/css\">\n\t\t\t#gallery-1 {\n\t\t\t\tmargin: auto;\n\t\t\t}\n\t\t\t#gallery-1 .gallery-item {\n\t\t\t\tfloat: left;\n\t\t\t\tmargin-top: 10px;\n\t\t\t\ttext-align: center;\n\t\t\t\twidth: 33%;\n\t\t\t}\n\t\t\t#gallery-1 img {\n\t\t\t\tborder: 2px solid #cfcfcf;\n\t\t\t}\n\t\t\t#gallery-1 .gallery-caption {\n\t\t\t\tmargin-left: 0;\n\t\t\t}\n\t\t\t\/* see gallery_shortcode() in wp-includes\/media.php *\/\n\t\t<\/style>\n\t\t<div id='gallery-1' class='gallery galleryid-20738 gallery-columns-3 gallery-size-thumbnail'><dl class='gallery-item'>\n\t\t\t<dt class='gallery-icon landscape'>\n\t\t\t\t<a href='https:\/\/colegioarquitectos.com\/noticias\/?attachment_id=20740'><img loading=\"lazy\" decoding=\"async\" width=\"180\" height=\"180\" src=\"https:\/\/colegioarquitectos.com\/noticias\/wp-content\/uploads\/2018\/05\/IMG-20180515-WA0042-180x180.jpg\" class=\"attachment-thumbnail size-thumbnail\" alt=\"\" \/><\/a>\n\t\t\t<\/dt><\/dl><dl class='gallery-item'>\n\t\t\t<dt class='gallery-icon landscape'>\n\t\t\t\t<a href='https:\/\/colegioarquitectos.com\/noticias\/?attachment_id=20741'><img loading=\"lazy\" decoding=\"async\" width=\"180\" height=\"180\" src=\"https:\/\/colegioarquitectos.com\/noticias\/wp-content\/uploads\/2018\/05\/IMG-20180515-WA0043-180x180.jpg\" class=\"attachment-thumbnail size-thumbnail\" alt=\"\" \/><\/a>\n\t\t\t<\/dt><\/dl><dl class='gallery-item'>\n\t\t\t<dt class='gallery-icon landscape'>\n\t\t\t\t<a href='https:\/\/colegioarquitectos.com\/noticias\/?attachment_id=20742'><img loading=\"lazy\" decoding=\"async\" width=\"180\" height=\"180\" src=\"https:\/\/colegioarquitectos.com\/noticias\/wp-content\/uploads\/2018\/05\/IMG-20180515-WA0036-180x180.jpg\" class=\"attachment-thumbnail size-thumbnail\" alt=\"\" \/><\/a>\n\t\t\t<\/dt><\/dl><br style=\"clear: both\" \/><dl class='gallery-item'>\n\t\t\t<dt class='gallery-icon landscape'>\n\t\t\t\t<a href='https:\/\/colegioarquitectos.com\/noticias\/?attachment_id=20743'><img loading=\"lazy\" decoding=\"async\" width=\"180\" height=\"180\" src=\"https:\/\/colegioarquitectos.com\/noticias\/wp-content\/uploads\/2018\/05\/IMG-20180515-WA0037-180x180.jpg\" class=\"attachment-thumbnail size-thumbnail\" alt=\"\" \/><\/a>\n\t\t\t<\/dt><\/dl><dl class='gallery-item'>\n\t\t\t<dt class='gallery-icon landscape'>\n\t\t\t\t<a href='https:\/\/colegioarquitectos.com\/noticias\/?attachment_id=20744'><img loading=\"lazy\" decoding=\"async\" width=\"180\" height=\"180\" src=\"https:\/\/colegioarquitectos.com\/noticias\/wp-content\/uploads\/2018\/05\/IMG-20180515-WA0039-180x180.jpg\" class=\"attachment-thumbnail size-thumbnail\" alt=\"\" \/><\/a>\n\t\t\t<\/dt><\/dl><dl class='gallery-item'>\n\t\t\t<dt class='gallery-icon landscape'>\n\t\t\t\t<a href='https:\/\/colegioarquitectos.com\/noticias\/?attachment_id=20745'><img loading=\"lazy\" decoding=\"async\" width=\"180\" height=\"180\" src=\"https:\/\/colegioarquitectos.com\/noticias\/wp-content\/uploads\/2018\/05\/IMG-20180515-WA0040-180x180.jpg\" class=\"attachment-thumbnail size-thumbnail\" alt=\"\" \/><\/a>\n\t\t\t<\/dt><\/dl><br style=\"clear: both\" \/><dl class='gallery-item'>\n\t\t\t<dt class='gallery-icon landscape'>\n\t\t\t\t<a href='https:\/\/colegioarquitectos.com\/noticias\/?attachment_id=20746'><img loading=\"lazy\" decoding=\"async\" width=\"180\" height=\"180\" src=\"https:\/\/colegioarquitectos.com\/noticias\/wp-content\/uploads\/2018\/05\/IMG-20180515-WA0041-180x180.jpg\" class=\"attachment-thumbnail size-thumbnail\" alt=\"\" \/><\/a>\n\t\t\t<\/dt><\/dl>\n\t\t\t<br style='clear: both' \/>\n\t\t<\/div>\n\n<p><\/p>","protected":false},"excerpt":{"rendered":"<p>La Comisi\u00f3n de Patrimonio de la Delegaci\u00f3n Zonal IV regi\u00f3n \u2013 CA realiz\u00f3 una entrevista a Gonzalo Matamala, Dise\u00f1ador a cargo del equipo de la Unidad de Dise\u00f1o de la Municipalidad de La Serena \u2013 Departamento de Turismo y Patrimonio. &hellip; <a class=\"more-link\" href=\"https:\/\/colegioarquitectos.com\/noticias\/?p=20738\">ver m\u00e1s<\/a><\/p>","protected":false},"author":4,"featured_media":20739,"comment_status":"closed","ping_status":"closed","sticky":false,"template":"","format":"standard","meta":{"footnotes":""},"categories":[10],"tags":[],"class_list":["post-20738","post","type-post","status-publish","format-standard","has-post-thumbnail","hentry","category-delegaciones-zonales"],"yoast_head":"<!-- This site is optimized with the Yoast SEO plugin v24.2 - https:\/\/yoast.com\/wordpress\/plugins\/seo\/ -->\n<title>Gonzalo Matamala y la presentaci\u00f3n Iconos Patrimoniales \u2013 La Serena - COLEGIO DE ARQUITECTOS DE CHILE<\/title>\n<meta name=\"robots\" content=\"index, follow, max-snippet:-1, max-image-preview:large, max-video-preview:-1\" \/>\n<link rel=\"canonical\" href=\"https:\/\/colegioarquitectos.com\/noticias\/?p=20738\" \/>\n<meta property=\"og:locale\" content=\"es_ES\" \/>\n<meta property=\"og:type\" content=\"article\" \/>\n<meta property=\"og:title\" content=\"Gonzalo Matamala y la presentaci\u00f3n Iconos Patrimoniales \u2013 La Serena - COLEGIO DE ARQUITECTOS DE CHILE\" \/>\n<meta property=\"og:description\" content=\"La Comisi\u00f3n de Patrimonio de la Delegaci\u00f3n Zonal IV regi\u00f3n \u2013 CA realiz\u00f3 una entrevista a Gonzalo Matamala, Dise\u00f1ador a cargo del equipo de la Unidad de Dise\u00f1o de la Municipalidad de La Serena \u2013 Departamento de Turismo y Patrimonio. &hellip; ver m\u00e1s\" \/>\n<meta property=\"og:url\" content=\"https:\/\/colegioarquitectos.com\/noticias\/?p=20738\" \/>\n<meta property=\"og:site_name\" content=\"COLEGIO DE ARQUITECTOS DE CHILE\" \/>\n<meta property=\"article:publisher\" content=\"https:\/\/facebook.com\/Colegioarq\/\" \/>\n<meta property=\"article:published_time\" content=\"2018-05-22T17:58:28+00:00\" \/>\n<meta property=\"og:image\" content=\"https:\/\/colegioarquitectos.com\/noticias\/wp-content\/uploads\/2018\/05\/IMG-20180515-WA0015.jpg\" \/>\n\t<meta property=\"og:image:width\" content=\"690\" \/>\n\t<meta property=\"og:image:height\" content=\"362\" \/>\n\t<meta property=\"og:image:type\" content=\"image\/jpeg\" \/>\n<meta name=\"author\" content=\"Colegio de Arquitectos de Chile\" \/>\n<meta name=\"twitter:card\" content=\"summary_large_image\" \/>\n<meta name=\"twitter:creator\" content=\"@colegioarq\" \/>\n<meta name=\"twitter:site\" content=\"@colegioarq\" \/>\n<meta name=\"twitter:label1\" content=\"Escrito por\" \/>\n\t<meta name=\"twitter:data1\" content=\"Colegio de Arquitectos de Chile\" \/>\n\t<meta name=\"twitter:label2\" content=\"Tiempo de lectura\" \/>\n\t<meta name=\"twitter:data2\" content=\"4 minutos\" \/>\n<script type=\"application\/ld+json\" class=\"yoast-schema-graph\">{\"@context\":\"https:\/\/schema.org\",\"@graph\":[{\"@type\":\"Article\",\"@id\":\"https:\/\/colegioarquitectos.com\/noticias\/?p=20738#article\",\"isPartOf\":{\"@id\":\"https:\/\/colegioarquitectos.com\/noticias\/?p=20738\"},\"author\":{\"name\":\"Colegio de Arquitectos de Chile\",\"@id\":\"https:\/\/colegioarquitectos.com\/noticias\/#\/schema\/person\/685cc0aad148303c5608f049af8285ad\"},\"headline\":\"Gonzalo Matamala y la presentaci\u00f3n Iconos Patrimoniales \u2013 La Serena\",\"datePublished\":\"2018-05-22T17:58:28+00:00\",\"dateModified\":\"2018-05-22T17:58:28+00:00\",\"mainEntityOfPage\":{\"@id\":\"https:\/\/colegioarquitectos.com\/noticias\/?p=20738\"},\"wordCount\":837,\"publisher\":{\"@id\":\"https:\/\/colegioarquitectos.com\/noticias\/#organization\"},\"image\":{\"@id\":\"https:\/\/colegioarquitectos.com\/noticias\/?p=20738#primaryimage\"},\"thumbnailUrl\":\"https:\/\/colegioarquitectos.com\/noticias\/wp-content\/uploads\/2018\/05\/IMG-20180515-WA0015.jpg\",\"articleSection\":[\"Delegaciones\"],\"inLanguage\":\"es\"},{\"@type\":\"WebPage\",\"@id\":\"https:\/\/colegioarquitectos.com\/noticias\/?p=20738\",\"url\":\"https:\/\/colegioarquitectos.com\/noticias\/?p=20738\",\"name\":\"Gonzalo Matamala y la presentaci\u00f3n Iconos Patrimoniales \u2013 La Serena - COLEGIO DE ARQUITECTOS DE CHILE\",\"isPartOf\":{\"@id\":\"https:\/\/colegioarquitectos.com\/noticias\/#website\"},\"primaryImageOfPage\":{\"@id\":\"https:\/\/colegioarquitectos.com\/noticias\/?p=20738#primaryimage\"},\"image\":{\"@id\":\"https:\/\/colegioarquitectos.com\/noticias\/?p=20738#primaryimage\"},\"thumbnailUrl\":\"https:\/\/colegioarquitectos.com\/noticias\/wp-content\/uploads\/2018\/05\/IMG-20180515-WA0015.jpg\",\"datePublished\":\"2018-05-22T17:58:28+00:00\",\"dateModified\":\"2018-05-22T17:58:28+00:00\",\"breadcrumb\":{\"@id\":\"https:\/\/colegioarquitectos.com\/noticias\/?p=20738#breadcrumb\"},\"inLanguage\":\"es\",\"potentialAction\":[{\"@type\":\"ReadAction\",\"target\":[\"https:\/\/colegioarquitectos.com\/noticias\/?p=20738\"]}]},{\"@type\":\"ImageObject\",\"inLanguage\":\"es\",\"@id\":\"https:\/\/colegioarquitectos.com\/noticias\/?p=20738#primaryimage\",\"url\":\"https:\/\/colegioarquitectos.com\/noticias\/wp-content\/uploads\/2018\/05\/IMG-20180515-WA0015.jpg\",\"contentUrl\":\"https:\/\/colegioarquitectos.com\/noticias\/wp-content\/uploads\/2018\/05\/IMG-20180515-WA0015.jpg\",\"width\":690,\"height\":362},{\"@type\":\"BreadcrumbList\",\"@id\":\"https:\/\/colegioarquitectos.com\/noticias\/?p=20738#breadcrumb\",\"itemListElement\":[{\"@type\":\"ListItem\",\"position\":1,\"name\":\"Portada\",\"item\":\"https:\/\/colegioarquitectos.com\/noticias\"},{\"@type\":\"ListItem\",\"position\":2,\"name\":\"Gonzalo Matamala y la presentaci\u00f3n Iconos Patrimoniales \u2013 La Serena\"}]},{\"@type\":\"WebSite\",\"@id\":\"https:\/\/colegioarquitectos.com\/noticias\/#website\",\"url\":\"https:\/\/colegioarquitectos.com\/noticias\/\",\"name\":\"COLEGIO DE ARQUITECTOS DE CHILE\",\"description\":\"\",\"publisher\":{\"@id\":\"https:\/\/colegioarquitectos.com\/noticias\/#organization\"},\"potentialAction\":[{\"@type\":\"SearchAction\",\"target\":{\"@type\":\"EntryPoint\",\"urlTemplate\":\"https:\/\/colegioarquitectos.com\/noticias\/?s={search_term_string}\"},\"query-input\":{\"@type\":\"PropertyValueSpecification\",\"valueRequired\":true,\"valueName\":\"search_term_string\"}}],\"inLanguage\":\"es\"},{\"@type\":\"Organization\",\"@id\":\"https:\/\/colegioarquitectos.com\/noticias\/#organization\",\"name\":\"COLEGIO DE ARQUITECTOS DE CHILE\",\"url\":\"https:\/\/colegioarquitectos.com\/noticias\/\",\"logo\":{\"@type\":\"ImageObject\",\"inLanguage\":\"es\",\"@id\":\"https:\/\/colegioarquitectos.com\/noticias\/#\/schema\/logo\/image\/\",\"url\":\"https:\/\/colegioarquitectos.com\/noticias\/wp-content\/uploads\/2021\/05\/ENCABEZADO-LOGO-CA.jpg\",\"contentUrl\":\"https:\/\/colegioarquitectos.com\/noticias\/wp-content\/uploads\/2021\/05\/ENCABEZADO-LOGO-CA.jpg\",\"width\":690,\"height\":350,\"caption\":\"COLEGIO DE ARQUITECTOS DE CHILE\"},\"image\":{\"@id\":\"https:\/\/colegioarquitectos.com\/noticias\/#\/schema\/logo\/image\/\"},\"sameAs\":[\"https:\/\/facebook.com\/Colegioarq\/\",\"https:\/\/x.com\/colegioarq\",\"https:\/\/instagram.com\/colegioarq\",\"https:\/\/youtube.com\/@ColegiodeArquitectosdeChile\"]},{\"@type\":\"Person\",\"@id\":\"https:\/\/colegioarquitectos.com\/noticias\/#\/schema\/person\/685cc0aad148303c5608f049af8285ad\",\"name\":\"Colegio de Arquitectos de Chile\",\"url\":\"https:\/\/colegioarquitectos.com\/noticias\/?author=4\"}]}<\/script>\n<!-- \/ Yoast SEO plugin. -->","yoast_head_json":{"title":"Gonzalo Matamala y la presentaci\u00f3n Iconos Patrimoniales \u2013 La Serena - COLEGIO DE ARQUITECTOS DE CHILE","robots":{"index":"index","follow":"follow","max-snippet":"max-snippet:-1","max-image-preview":"max-image-preview:large","max-video-preview":"max-video-preview:-1"},"canonical":"https:\/\/colegioarquitectos.com\/noticias\/?p=20738","og_locale":"es_ES","og_type":"article","og_title":"Gonzalo Matamala y la presentaci\u00f3n Iconos Patrimoniales \u2013 La Serena - COLEGIO DE ARQUITECTOS DE CHILE","og_description":"La Comisi\u00f3n de Patrimonio de la Delegaci\u00f3n Zonal IV regi\u00f3n \u2013 CA realiz\u00f3 una entrevista a Gonzalo Matamala, Dise\u00f1ador a cargo del equipo de la Unidad de Dise\u00f1o de la Municipalidad de La Serena \u2013 Departamento de Turismo y Patrimonio. &hellip; ver m\u00e1s","og_url":"https:\/\/colegioarquitectos.com\/noticias\/?p=20738","og_site_name":"COLEGIO DE ARQUITECTOS DE CHILE","article_publisher":"https:\/\/facebook.com\/Colegioarq\/","article_published_time":"2018-05-22T17:58:28+00:00","og_image":[{"width":690,"height":362,"url":"https:\/\/colegioarquitectos.com\/noticias\/wp-content\/uploads\/2018\/05\/IMG-20180515-WA0015.jpg","type":"image\/jpeg"}],"author":"Colegio de Arquitectos de Chile","twitter_card":"summary_large_image","twitter_creator":"@colegioarq","twitter_site":"@colegioarq","twitter_misc":{"Escrito por":"Colegio de Arquitectos de Chile","Tiempo de lectura":"4 minutos"},"schema":{"@context":"https:\/\/schema.org","@graph":[{"@type":"Article","@id":"https:\/\/colegioarquitectos.com\/noticias\/?p=20738#article","isPartOf":{"@id":"https:\/\/colegioarquitectos.com\/noticias\/?p=20738"},"author":{"name":"Colegio de Arquitectos de Chile","@id":"https:\/\/colegioarquitectos.com\/noticias\/#\/schema\/person\/685cc0aad148303c5608f049af8285ad"},"headline":"Gonzalo Matamala y la presentaci\u00f3n Iconos Patrimoniales \u2013 La Serena","datePublished":"2018-05-22T17:58:28+00:00","dateModified":"2018-05-22T17:58:28+00:00","mainEntityOfPage":{"@id":"https:\/\/colegioarquitectos.com\/noticias\/?p=20738"},"wordCount":837,"publisher":{"@id":"https:\/\/colegioarquitectos.com\/noticias\/#organization"},"image":{"@id":"https:\/\/colegioarquitectos.com\/noticias\/?p=20738#primaryimage"},"thumbnailUrl":"https:\/\/colegioarquitectos.com\/noticias\/wp-content\/uploads\/2018\/05\/IMG-20180515-WA0015.jpg","articleSection":["Delegaciones"],"inLanguage":"es"},{"@type":"WebPage","@id":"https:\/\/colegioarquitectos.com\/noticias\/?p=20738","url":"https:\/\/colegioarquitectos.com\/noticias\/?p=20738","name":"Gonzalo Matamala y la presentaci\u00f3n Iconos Patrimoniales \u2013 La Serena - COLEGIO DE ARQUITECTOS DE CHILE","isPartOf":{"@id":"https:\/\/colegioarquitectos.com\/noticias\/#website"},"primaryImageOfPage":{"@id":"https:\/\/colegioarquitectos.com\/noticias\/?p=20738#primaryimage"},"image":{"@id":"https:\/\/colegioarquitectos.com\/noticias\/?p=20738#primaryimage"},"thumbnailUrl":"https:\/\/colegioarquitectos.com\/noticias\/wp-content\/uploads\/2018\/05\/IMG-20180515-WA0015.jpg","datePublished":"2018-05-22T17:58:28+00:00","dateModified":"2018-05-22T17:58:28+00:00","breadcrumb":{"@id":"https:\/\/colegioarquitectos.com\/noticias\/?p=20738#breadcrumb"},"inLanguage":"es","potentialAction":[{"@type":"ReadAction","target":["https:\/\/colegioarquitectos.com\/noticias\/?p=20738"]}]},{"@type":"ImageObject","inLanguage":"es","@id":"https:\/\/colegioarquitectos.com\/noticias\/?p=20738#primaryimage","url":"https:\/\/colegioarquitectos.com\/noticias\/wp-content\/uploads\/2018\/05\/IMG-20180515-WA0015.jpg","contentUrl":"https:\/\/colegioarquitectos.com\/noticias\/wp-content\/uploads\/2018\/05\/IMG-20180515-WA0015.jpg","width":690,"height":362},{"@type":"BreadcrumbList","@id":"https:\/\/colegioarquitectos.com\/noticias\/?p=20738#breadcrumb","itemListElement":[{"@type":"ListItem","position":1,"name":"Portada","item":"https:\/\/colegioarquitectos.com\/noticias"},{"@type":"ListItem","position":2,"name":"Gonzalo Matamala y la presentaci\u00f3n Iconos Patrimoniales \u2013 La Serena"}]},{"@type":"WebSite","@id":"https:\/\/colegioarquitectos.com\/noticias\/#website","url":"https:\/\/colegioarquitectos.com\/noticias\/","name":"COLEGIO DE ARQUITECTOS DE CHILE","description":"","publisher":{"@id":"https:\/\/colegioarquitectos.com\/noticias\/#organization"},"potentialAction":[{"@type":"SearchAction","target":{"@type":"EntryPoint","urlTemplate":"https:\/\/colegioarquitectos.com\/noticias\/?s={search_term_string}"},"query-input":{"@type":"PropertyValueSpecification","valueRequired":true,"valueName":"search_term_string"}}],"inLanguage":"es"},{"@type":"Organization","@id":"https:\/\/colegioarquitectos.com\/noticias\/#organization","name":"COLEGIO DE ARQUITECTOS DE CHILE","url":"https:\/\/colegioarquitectos.com\/noticias\/","logo":{"@type":"ImageObject","inLanguage":"es","@id":"https:\/\/colegioarquitectos.com\/noticias\/#\/schema\/logo\/image\/","url":"https:\/\/colegioarquitectos.com\/noticias\/wp-content\/uploads\/2021\/05\/ENCABEZADO-LOGO-CA.jpg","contentUrl":"https:\/\/colegioarquitectos.com\/noticias\/wp-content\/uploads\/2021\/05\/ENCABEZADO-LOGO-CA.jpg","width":690,"height":350,"caption":"COLEGIO DE ARQUITECTOS DE CHILE"},"image":{"@id":"https:\/\/colegioarquitectos.com\/noticias\/#\/schema\/logo\/image\/"},"sameAs":["https:\/\/facebook.com\/Colegioarq\/","https:\/\/x.com\/colegioarq","https:\/\/instagram.com\/colegioarq","https:\/\/youtube.com\/@ColegiodeArquitectosdeChile"]},{"@type":"Person","@id":"https:\/\/colegioarquitectos.com\/noticias\/#\/schema\/person\/685cc0aad148303c5608f049af8285ad","name":"Colegio de Arquitectos de Chile","url":"https:\/\/colegioarquitectos.com\/noticias\/?author=4"}]}},"_links":{"self":[{"href":"https:\/\/colegioarquitectos.com\/noticias\/index.php?rest_route=\/wp\/v2\/posts\/20738","targetHints":{"allow":["GET"]}}],"collection":[{"href":"https:\/\/colegioarquitectos.com\/noticias\/index.php?rest_route=\/wp\/v2\/posts"}],"about":[{"href":"https:\/\/colegioarquitectos.com\/noticias\/index.php?rest_route=\/wp\/v2\/types\/post"}],"author":[{"embeddable":true,"href":"https:\/\/colegioarquitectos.com\/noticias\/index.php?rest_route=\/wp\/v2\/users\/4"}],"replies":[{"embeddable":true,"href":"https:\/\/colegioarquitectos.com\/noticias\/index.php?rest_route=%2Fwp%2Fv2%2Fcomments&post=20738"}],"version-history":[{"count":0,"href":"https:\/\/colegioarquitectos.com\/noticias\/index.php?rest_route=\/wp\/v2\/posts\/20738\/revisions"}],"wp:featuredmedia":[{"embeddable":true,"href":"https:\/\/colegioarquitectos.com\/noticias\/index.php?rest_route=\/wp\/v2\/media\/20739"}],"wp:attachment":[{"href":"https:\/\/colegioarquitectos.com\/noticias\/index.php?rest_route=%2Fwp%2Fv2%2Fmedia&parent=20738"}],"wp:term":[{"taxonomy":"category","embeddable":true,"href":"https:\/\/colegioarquitectos.com\/noticias\/index.php?rest_route=%2Fwp%2Fv2%2Fcategories&post=20738"},{"taxonomy":"post_tag","embeddable":true,"href":"https:\/\/colegioarquitectos.com\/noticias\/index.php?rest_route=%2Fwp%2Fv2%2Ftags&post=20738"}],"curies":[{"name":"wp","href":"https:\/\/api.w.org\/{rel}","templated":true}]}}