
{"id":20752,"date":"2018-05-23T16:16:33","date_gmt":"2018-05-23T16:16:33","guid":{"rendered":"http:\/\/colegioarquitectos.com\/?p=20752"},"modified":"2018-05-23T16:21:20","modified_gmt":"2018-05-23T16:21:20","slug":"concurso-de-ideas-para-pasarelas-san-borja","status":"publish","type":"post","link":"https:\/\/colegioarquitectos.com\/noticias\/?p=20752","title":{"rendered":"Concurso de Ideas para Pasarelas San Borja"},"content":{"rendered":"<p class=\"normal\"><span lang=\"es\" style=\"font-size: 10.0pt; line-height: 115%;\">El martes 15 de mayo se lanz\u00f3 el Concurso de Ideas de Arquitectura y Paisaje para Pasarelas San Borja y Entorno, que busca reconocer mediante un jurado id\u00f3neo, representativo y acreditado por los patrocinadores, a las mejores ideas de dise\u00f1o urbano que contribuyan a definir criterios de intervenci\u00f3n y generaci\u00f3n de propuestas.<\/span><\/p>\n<p class=\"normal\" style=\"text-align: justify;\"><span lang=\"es\" style=\"font-size: 10.0pt; line-height: 115%;\">Se podr\u00e1 formar equipos profesionales multidisciplinarios constituidos por arquitectos, paisajistas, ingenieros civiles, y otros profesionales o especialistas afines con la propuesta a desarrollar. Los equipos profesionales deber\u00e1n contemplar, a lo menos, un profesional arquitecto y otro no arquitecto. En el caso de profesionales u oficinas extranjeras, deber\u00e1n asociarse con alg\u00fan arquitecto o arquitecta habilitado para ejercer en Chile e inscrito en el Colegio de Arquitectos de Chile, quien actuar\u00e1 como responsable del proyecto durante el concurso ante los organizadores.<\/span><\/p>\n<p class=\"normal\"><span lang=\"es\" style=\"font-size: 10.0pt; line-height: 115%;\">El concurso es una iniciativa convocada por la Ilustre Municipalidad de Santiago, la Junta de Vecinos del Barrio San Borja y la Corporaci\u00f3n de Desarrollo de Santiago. Su organizaci\u00f3n est\u00e1 a cargo del Proyecto Pasarelas Verdes y la producci\u00f3n de Grupo Arquitectura Caliente. Cuenta con el patrocinio del Colegio de Arquitectos de Chile, la Asociaci\u00f3n de Oficinas de Arquitectos de Chile y el Ministerio de las Culturas, las Artes y el Patrimonio, quien adem\u00e1s financia el concurso.<\/span><\/p>\n<p class=\"normal\"><span lang=\"es\" style=\"font-size: 10.0pt; line-height: 115%;\">\u00a0<\/span><\/p>\n<p class=\"normal\"><span lang=\"es\" style=\"font-size: 10.0pt; line-height: 115%;\">Martes 15 mayo: Apertura de convocatoria<\/span><\/p>\n<p class=\"normal\"><span lang=\"es\" style=\"font-size: 10.0pt; line-height: 115%;\">Lunes 28 mayo: Cierre recepci\u00f3n de consultas de bases<\/span><\/p>\n<p class=\"normal\"><span lang=\"es\" style=\"font-size: 10.0pt; line-height: 115%;\">Lunes 4 junio: Publicaci\u00f3n respuestas a consultas de bases <\/span><\/p>\n<p class=\"normal\"><span lang=\"es\" style=\"font-size: 10.0pt; line-height: 115%;\">Viernes 27 julio: Cierre de inscripciones<\/span><\/p>\n<p class=\"normal\"><span lang=\"es\" style=\"font-size: 10.0pt; line-height: 115%;\">Lunes 13 agosto: Entrega de propuestas en Colegio de Arquitectos de Chile<\/span><\/p>\n<p class=\"normal\"><span lang=\"es\" style=\"font-size: 10.0pt; line-height: 115%;\">Jueves 6 septiembre: Publicaci\u00f3n y premiaci\u00f3n de ganadores<\/span><\/p>\n<p class=\"normal\"><span lang=\"es\" style=\"font-size: 10.0pt; line-height: 115%;\">\u00a0<\/span><\/p>\n<p class=\"normal\"><span lang=\"es\" style=\"font-size: 10.0pt; line-height: 115%;\">Para m\u00e1s informaci\u00f3n, descargar las bases e inscribirte visita el sitio <a href=\"http:\/\/www.pasarelasverdes.cl\/concurso\/\">www.pasarelasverdes.cl\/concurso\/<\/a><\/span><\/p>\n<p><\/p>","protected":false},"excerpt":{"rendered":"<p>El martes 15 de mayo se lanz\u00f3 el Concurso de Ideas de Arquitectura y Paisaje para Pasarelas San Borja y Entorno, que busca reconocer mediante un jurado id\u00f3neo, representativo y acreditado por los patrocinadores, a las mejores ideas de dise\u00f1o &hellip; <a class=\"more-link\" href=\"https:\/\/colegioarquitectos.com\/noticias\/?p=20752\">ver m\u00e1s<\/a><\/p>","protected":false},"author":4,"featured_media":20753,"comment_status":"closed","ping_status":"closed","sticky":false,"template":"","format":"standard","meta":{"footnotes":""},"categories":[3],"tags":[],"class_list":["post-20752","post","type-post","status-publish","format-standard","has-post-thumbnail","hentry","category-noticias"],"yoast_head":"<!-- This site is optimized with the Yoast SEO plugin v24.2 - https:\/\/yoast.com\/wordpress\/plugins\/seo\/ -->\n<title>Concurso de Ideas para Pasarelas San Borja - COLEGIO DE ARQUITECTOS DE CHILE<\/title>\n<meta name=\"robots\" content=\"index, follow, max-snippet:-1, max-image-preview:large, max-video-preview:-1\" \/>\n<link rel=\"canonical\" href=\"https:\/\/colegioarquitectos.com\/noticias\/?p=20752\" \/>\n<meta property=\"og:locale\" content=\"es_ES\" \/>\n<meta property=\"og:type\" content=\"article\" \/>\n<meta property=\"og:title\" content=\"Concurso de Ideas para Pasarelas San Borja - COLEGIO DE ARQUITECTOS DE CHILE\" \/>\n<meta property=\"og:description\" content=\"El martes 15 de mayo se lanz\u00f3 el Concurso de Ideas de Arquitectura y Paisaje para Pasarelas San Borja y Entorno, que busca reconocer mediante un jurado id\u00f3neo, representativo y acreditado por los patrocinadores, a las mejores ideas de dise\u00f1o &hellip; ver m\u00e1s\" \/>\n<meta property=\"og:url\" content=\"https:\/\/colegioarquitectos.com\/noticias\/?p=20752\" \/>\n<meta property=\"og:site_name\" content=\"COLEGIO DE ARQUITECTOS DE CHILE\" \/>\n<meta property=\"article:publisher\" content=\"https:\/\/facebook.com\/Colegioarq\/\" \/>\n<meta property=\"article:published_time\" content=\"2018-05-23T16:16:33+00:00\" \/>\n<meta property=\"article:modified_time\" content=\"2018-05-23T16:21:20+00:00\" \/>\n<meta property=\"og:image\" content=\"https:\/\/colegioarquitectos.com\/noticias\/wp-content\/uploads\/2018\/05\/afiche_pasarelas-horizontal.jpg\" \/>\n\t<meta property=\"og:image:width\" content=\"690\" \/>\n\t<meta property=\"og:image:height\" content=\"345\" \/>\n\t<meta property=\"og:image:type\" content=\"image\/jpeg\" \/>\n<meta name=\"author\" content=\"Colegio de Arquitectos de Chile\" \/>\n<meta name=\"twitter:card\" content=\"summary_large_image\" \/>\n<meta name=\"twitter:creator\" content=\"@colegioarq\" \/>\n<meta name=\"twitter:site\" content=\"@colegioarq\" \/>\n<meta name=\"twitter:label1\" content=\"Escrito por\" \/>\n\t<meta name=\"twitter:data1\" content=\"Colegio de Arquitectos de Chile\" \/>\n\t<meta name=\"twitter:label2\" content=\"Tiempo de lectura\" \/>\n\t<meta name=\"twitter:data2\" content=\"1 minuto\" \/>\n<script type=\"application\/ld+json\" class=\"yoast-schema-graph\">{\"@context\":\"https:\/\/schema.org\",\"@graph\":[{\"@type\":\"Article\",\"@id\":\"https:\/\/colegioarquitectos.com\/noticias\/?p=20752#article\",\"isPartOf\":{\"@id\":\"https:\/\/colegioarquitectos.com\/noticias\/?p=20752\"},\"author\":{\"name\":\"Colegio de Arquitectos de Chile\",\"@id\":\"https:\/\/colegioarquitectos.com\/noticias\/#\/schema\/person\/685cc0aad148303c5608f049af8285ad\"},\"headline\":\"Concurso de Ideas para Pasarelas San Borja\",\"datePublished\":\"2018-05-23T16:16:33+00:00\",\"dateModified\":\"2018-05-23T16:21:20+00:00\",\"mainEntityOfPage\":{\"@id\":\"https:\/\/colegioarquitectos.com\/noticias\/?p=20752\"},\"wordCount\":291,\"publisher\":{\"@id\":\"https:\/\/colegioarquitectos.com\/noticias\/#organization\"},\"image\":{\"@id\":\"https:\/\/colegioarquitectos.com\/noticias\/?p=20752#primaryimage\"},\"thumbnailUrl\":\"https:\/\/colegioarquitectos.com\/noticias\/wp-content\/uploads\/2018\/05\/afiche_pasarelas-horizontal.jpg\",\"articleSection\":[\"Noticias\"],\"inLanguage\":\"es\"},{\"@type\":\"WebPage\",\"@id\":\"https:\/\/colegioarquitectos.com\/noticias\/?p=20752\",\"url\":\"https:\/\/colegioarquitectos.com\/noticias\/?p=20752\",\"name\":\"Concurso de Ideas para Pasarelas San Borja - COLEGIO DE ARQUITECTOS DE CHILE\",\"isPartOf\":{\"@id\":\"https:\/\/colegioarquitectos.com\/noticias\/#website\"},\"primaryImageOfPage\":{\"@id\":\"https:\/\/colegioarquitectos.com\/noticias\/?p=20752#primaryimage\"},\"image\":{\"@id\":\"https:\/\/colegioarquitectos.com\/noticias\/?p=20752#primaryimage\"},\"thumbnailUrl\":\"https:\/\/colegioarquitectos.com\/noticias\/wp-content\/uploads\/2018\/05\/afiche_pasarelas-horizontal.jpg\",\"datePublished\":\"2018-05-23T16:16:33+00:00\",\"dateModified\":\"2018-05-23T16:21:20+00:00\",\"breadcrumb\":{\"@id\":\"https:\/\/colegioarquitectos.com\/noticias\/?p=20752#breadcrumb\"},\"inLanguage\":\"es\",\"potentialAction\":[{\"@type\":\"ReadAction\",\"target\":[\"https:\/\/colegioarquitectos.com\/noticias\/?p=20752\"]}]},{\"@type\":\"ImageObject\",\"inLanguage\":\"es\",\"@id\":\"https:\/\/colegioarquitectos.com\/noticias\/?p=20752#primaryimage\",\"url\":\"https:\/\/colegioarquitectos.com\/noticias\/wp-content\/uploads\/2018\/05\/afiche_pasarelas-horizontal.jpg\",\"contentUrl\":\"https:\/\/colegioarquitectos.com\/noticias\/wp-content\/uploads\/2018\/05\/afiche_pasarelas-horizontal.jpg\",\"width\":690,\"height\":345},{\"@type\":\"BreadcrumbList\",\"@id\":\"https:\/\/colegioarquitectos.com\/noticias\/?p=20752#breadcrumb\",\"itemListElement\":[{\"@type\":\"ListItem\",\"position\":1,\"name\":\"Portada\",\"item\":\"https:\/\/colegioarquitectos.com\/noticias\"},{\"@type\":\"ListItem\",\"position\":2,\"name\":\"Concurso de Ideas para Pasarelas San Borja\"}]},{\"@type\":\"WebSite\",\"@id\":\"https:\/\/colegioarquitectos.com\/noticias\/#website\",\"url\":\"https:\/\/colegioarquitectos.com\/noticias\/\",\"name\":\"COLEGIO DE ARQUITECTOS DE CHILE\",\"description\":\"\",\"publisher\":{\"@id\":\"https:\/\/colegioarquitectos.com\/noticias\/#organization\"},\"potentialAction\":[{\"@type\":\"SearchAction\",\"target\":{\"@type\":\"EntryPoint\",\"urlTemplate\":\"https:\/\/colegioarquitectos.com\/noticias\/?s={search_term_string}\"},\"query-input\":{\"@type\":\"PropertyValueSpecification\",\"valueRequired\":true,\"valueName\":\"search_term_string\"}}],\"inLanguage\":\"es\"},{\"@type\":\"Organization\",\"@id\":\"https:\/\/colegioarquitectos.com\/noticias\/#organization\",\"name\":\"COLEGIO DE ARQUITECTOS DE CHILE\",\"url\":\"https:\/\/colegioarquitectos.com\/noticias\/\",\"logo\":{\"@type\":\"ImageObject\",\"inLanguage\":\"es\",\"@id\":\"https:\/\/colegioarquitectos.com\/noticias\/#\/schema\/logo\/image\/\",\"url\":\"https:\/\/colegioarquitectos.com\/noticias\/wp-content\/uploads\/2021\/05\/ENCABEZADO-LOGO-CA.jpg\",\"contentUrl\":\"https:\/\/colegioarquitectos.com\/noticias\/wp-content\/uploads\/2021\/05\/ENCABEZADO-LOGO-CA.jpg\",\"width\":690,\"height\":350,\"caption\":\"COLEGIO DE ARQUITECTOS DE CHILE\"},\"image\":{\"@id\":\"https:\/\/colegioarquitectos.com\/noticias\/#\/schema\/logo\/image\/\"},\"sameAs\":[\"https:\/\/facebook.com\/Colegioarq\/\",\"https:\/\/x.com\/colegioarq\",\"https:\/\/instagram.com\/colegioarq\",\"https:\/\/youtube.com\/@ColegiodeArquitectosdeChile\"]},{\"@type\":\"Person\",\"@id\":\"https:\/\/colegioarquitectos.com\/noticias\/#\/schema\/person\/685cc0aad148303c5608f049af8285ad\",\"name\":\"Colegio de Arquitectos de Chile\",\"url\":\"https:\/\/colegioarquitectos.com\/noticias\/?author=4\"}]}<\/script>\n<!-- \/ Yoast SEO plugin. -->","yoast_head_json":{"title":"Concurso de Ideas para Pasarelas San Borja - COLEGIO DE ARQUITECTOS DE CHILE","robots":{"index":"index","follow":"follow","max-snippet":"max-snippet:-1","max-image-preview":"max-image-preview:large","max-video-preview":"max-video-preview:-1"},"canonical":"https:\/\/colegioarquitectos.com\/noticias\/?p=20752","og_locale":"es_ES","og_type":"article","og_title":"Concurso de Ideas para Pasarelas San Borja - COLEGIO DE ARQUITECTOS DE CHILE","og_description":"El martes 15 de mayo se lanz\u00f3 el Concurso de Ideas de Arquitectura y Paisaje para Pasarelas San Borja y Entorno, que busca reconocer mediante un jurado id\u00f3neo, representativo y acreditado por los patrocinadores, a las mejores ideas de dise\u00f1o &hellip; ver m\u00e1s","og_url":"https:\/\/colegioarquitectos.com\/noticias\/?p=20752","og_site_name":"COLEGIO DE ARQUITECTOS DE CHILE","article_publisher":"https:\/\/facebook.com\/Colegioarq\/","article_published_time":"2018-05-23T16:16:33+00:00","article_modified_time":"2018-05-23T16:21:20+00:00","og_image":[{"width":690,"height":345,"url":"https:\/\/colegioarquitectos.com\/noticias\/wp-content\/uploads\/2018\/05\/afiche_pasarelas-horizontal.jpg","type":"image\/jpeg"}],"author":"Colegio de Arquitectos de Chile","twitter_card":"summary_large_image","twitter_creator":"@colegioarq","twitter_site":"@colegioarq","twitter_misc":{"Escrito por":"Colegio de Arquitectos de Chile","Tiempo de lectura":"1 minuto"},"schema":{"@context":"https:\/\/schema.org","@graph":[{"@type":"Article","@id":"https:\/\/colegioarquitectos.com\/noticias\/?p=20752#article","isPartOf":{"@id":"https:\/\/colegioarquitectos.com\/noticias\/?p=20752"},"author":{"name":"Colegio de Arquitectos de Chile","@id":"https:\/\/colegioarquitectos.com\/noticias\/#\/schema\/person\/685cc0aad148303c5608f049af8285ad"},"headline":"Concurso de Ideas para Pasarelas San Borja","datePublished":"2018-05-23T16:16:33+00:00","dateModified":"2018-05-23T16:21:20+00:00","mainEntityOfPage":{"@id":"https:\/\/colegioarquitectos.com\/noticias\/?p=20752"},"wordCount":291,"publisher":{"@id":"https:\/\/colegioarquitectos.com\/noticias\/#organization"},"image":{"@id":"https:\/\/colegioarquitectos.com\/noticias\/?p=20752#primaryimage"},"thumbnailUrl":"https:\/\/colegioarquitectos.com\/noticias\/wp-content\/uploads\/2018\/05\/afiche_pasarelas-horizontal.jpg","articleSection":["Noticias"],"inLanguage":"es"},{"@type":"WebPage","@id":"https:\/\/colegioarquitectos.com\/noticias\/?p=20752","url":"https:\/\/colegioarquitectos.com\/noticias\/?p=20752","name":"Concurso de Ideas para Pasarelas San Borja - COLEGIO DE ARQUITECTOS DE CHILE","isPartOf":{"@id":"https:\/\/colegioarquitectos.com\/noticias\/#website"},"primaryImageOfPage":{"@id":"https:\/\/colegioarquitectos.com\/noticias\/?p=20752#primaryimage"},"image":{"@id":"https:\/\/colegioarquitectos.com\/noticias\/?p=20752#primaryimage"},"thumbnailUrl":"https:\/\/colegioarquitectos.com\/noticias\/wp-content\/uploads\/2018\/05\/afiche_pasarelas-horizontal.jpg","datePublished":"2018-05-23T16:16:33+00:00","dateModified":"2018-05-23T16:21:20+00:00","breadcrumb":{"@id":"https:\/\/colegioarquitectos.com\/noticias\/?p=20752#breadcrumb"},"inLanguage":"es","potentialAction":[{"@type":"ReadAction","target":["https:\/\/colegioarquitectos.com\/noticias\/?p=20752"]}]},{"@type":"ImageObject","inLanguage":"es","@id":"https:\/\/colegioarquitectos.com\/noticias\/?p=20752#primaryimage","url":"https:\/\/colegioarquitectos.com\/noticias\/wp-content\/uploads\/2018\/05\/afiche_pasarelas-horizontal.jpg","contentUrl":"https:\/\/colegioarquitectos.com\/noticias\/wp-content\/uploads\/2018\/05\/afiche_pasarelas-horizontal.jpg","width":690,"height":345},{"@type":"BreadcrumbList","@id":"https:\/\/colegioarquitectos.com\/noticias\/?p=20752#breadcrumb","itemListElement":[{"@type":"ListItem","position":1,"name":"Portada","item":"https:\/\/colegioarquitectos.com\/noticias"},{"@type":"ListItem","position":2,"name":"Concurso de Ideas para Pasarelas San Borja"}]},{"@type":"WebSite","@id":"https:\/\/colegioarquitectos.com\/noticias\/#website","url":"https:\/\/colegioarquitectos.com\/noticias\/","name":"COLEGIO DE ARQUITECTOS DE CHILE","description":"","publisher":{"@id":"https:\/\/colegioarquitectos.com\/noticias\/#organization"},"potentialAction":[{"@type":"SearchAction","target":{"@type":"EntryPoint","urlTemplate":"https:\/\/colegioarquitectos.com\/noticias\/?s={search_term_string}"},"query-input":{"@type":"PropertyValueSpecification","valueRequired":true,"valueName":"search_term_string"}}],"inLanguage":"es"},{"@type":"Organization","@id":"https:\/\/colegioarquitectos.com\/noticias\/#organization","name":"COLEGIO DE ARQUITECTOS DE CHILE","url":"https:\/\/colegioarquitectos.com\/noticias\/","logo":{"@type":"ImageObject","inLanguage":"es","@id":"https:\/\/colegioarquitectos.com\/noticias\/#\/schema\/logo\/image\/","url":"https:\/\/colegioarquitectos.com\/noticias\/wp-content\/uploads\/2021\/05\/ENCABEZADO-LOGO-CA.jpg","contentUrl":"https:\/\/colegioarquitectos.com\/noticias\/wp-content\/uploads\/2021\/05\/ENCABEZADO-LOGO-CA.jpg","width":690,"height":350,"caption":"COLEGIO DE ARQUITECTOS DE CHILE"},"image":{"@id":"https:\/\/colegioarquitectos.com\/noticias\/#\/schema\/logo\/image\/"},"sameAs":["https:\/\/facebook.com\/Colegioarq\/","https:\/\/x.com\/colegioarq","https:\/\/instagram.com\/colegioarq","https:\/\/youtube.com\/@ColegiodeArquitectosdeChile"]},{"@type":"Person","@id":"https:\/\/colegioarquitectos.com\/noticias\/#\/schema\/person\/685cc0aad148303c5608f049af8285ad","name":"Colegio de Arquitectos de Chile","url":"https:\/\/colegioarquitectos.com\/noticias\/?author=4"}]}},"_links":{"self":[{"href":"https:\/\/colegioarquitectos.com\/noticias\/index.php?rest_route=\/wp\/v2\/posts\/20752","targetHints":{"allow":["GET"]}}],"collection":[{"href":"https:\/\/colegioarquitectos.com\/noticias\/index.php?rest_route=\/wp\/v2\/posts"}],"about":[{"href":"https:\/\/colegioarquitectos.com\/noticias\/index.php?rest_route=\/wp\/v2\/types\/post"}],"author":[{"embeddable":true,"href":"https:\/\/colegioarquitectos.com\/noticias\/index.php?rest_route=\/wp\/v2\/users\/4"}],"replies":[{"embeddable":true,"href":"https:\/\/colegioarquitectos.com\/noticias\/index.php?rest_route=%2Fwp%2Fv2%2Fcomments&post=20752"}],"version-history":[{"count":0,"href":"https:\/\/colegioarquitectos.com\/noticias\/index.php?rest_route=\/wp\/v2\/posts\/20752\/revisions"}],"wp:featuredmedia":[{"embeddable":true,"href":"https:\/\/colegioarquitectos.com\/noticias\/index.php?rest_route=\/wp\/v2\/media\/20753"}],"wp:attachment":[{"href":"https:\/\/colegioarquitectos.com\/noticias\/index.php?rest_route=%2Fwp%2Fv2%2Fmedia&parent=20752"}],"wp:term":[{"taxonomy":"category","embeddable":true,"href":"https:\/\/colegioarquitectos.com\/noticias\/index.php?rest_route=%2Fwp%2Fv2%2Fcategories&post=20752"},{"taxonomy":"post_tag","embeddable":true,"href":"https:\/\/colegioarquitectos.com\/noticias\/index.php?rest_route=%2Fwp%2Fv2%2Ftags&post=20752"}],"curies":[{"name":"wp","href":"https:\/\/api.w.org\/{rel}","templated":true}]}}