
{"id":20773,"date":"2018-05-30T21:42:14","date_gmt":"2018-05-30T21:42:14","guid":{"rendered":"http:\/\/colegioarquitectos.com\/?p=20773"},"modified":"2018-06-07T22:39:52","modified_gmt":"2018-06-07T22:39:52","slug":"6-de-junio-firma-convenio-xxi-bienal-de-arquitectura","status":"publish","type":"post","link":"https:\/\/colegioarquitectos.com\/noticias\/?p=20773","title":{"rendered":"6 de junio: Firma convenio XXI Bienal de Arquitectura"},"content":{"rendered":"<p>Arquitectos y comunidad:<\/p>\n<p>El pr\u00f3ximo <strong>mi\u00e9rcoles 6 de junio<\/strong> a las <strong>15:15 horas<\/strong> se realizar\u00e1 la firma oficial del convenio que dar\u00e1 vida a la <strong>XXI Bienal de Arquitectura y Urbanismo 2019<\/strong>, la que luego de dos versiones en Valpara\u00edso regresa a Santiago para situarse en pleno Barrio Matadero Franklin, polo cultural que emerge en los l\u00edmites del centro de la ciudad.<\/p>\n<p>Esta Bienal ser\u00e1 parte del proceso de transformaci\u00f3n y renovaci\u00f3n de este antiguo barrio santiaguino y sus dependencias tanto galpones del antiguo matadero como el Teatro Huemul albergar\u00e1n la muestra y revisi\u00f3n de la arquitectura chilena de los dos \u00faltimos a\u00f1os.<\/p>\n<p><strong>Felipe Alessandri<\/strong>, Alcalde de Santiago y el Consejo Municipal, junto a <strong>Humberto Eliash<\/strong>, Presidente Nacional del Colegio de Arquitectos y <strong>Olimplia Nadales<\/strong>, Presidenta del Comit\u00e9 de Administraci\u00f3n Mercado Matadero Franklin, invitan a esta ceremonia de firma de convenio que ser\u00e1 el puntapi\u00e9 inicial del principal encuentro y celebraci\u00f3n de la arquitectura nacional, en una nueva e in\u00e9dita versi\u00f3n, a la que estamos todos invitados para ser parte.<\/p>\n<p>Los esperamos en el Mercado Matadero Franklin (Biob\u00edo 898)<\/p>\n<p><img loading=\"lazy\" decoding=\"async\" class=\"alignnone wp-image-20775 size-full\" src=\"http:\/\/colegioarquitectos.com\/noticias\/wp-content\/uploads\/2018\/05\/WhatsApp-Image-2018-05-29-at-13.07.27.jpeg\" alt=\"\" width=\"1200\" height=\"600\" srcset=\"https:\/\/colegioarquitectos.com\/noticias\/wp-content\/uploads\/2018\/05\/WhatsApp-Image-2018-05-29-at-13.07.27.jpeg 1200w, https:\/\/colegioarquitectos.com\/noticias\/wp-content\/uploads\/2018\/05\/WhatsApp-Image-2018-05-29-at-13.07.27-300x150.jpeg 300w, https:\/\/colegioarquitectos.com\/noticias\/wp-content\/uploads\/2018\/05\/WhatsApp-Image-2018-05-29-at-13.07.27-768x384.jpeg 768w, https:\/\/colegioarquitectos.com\/noticias\/wp-content\/uploads\/2018\/05\/WhatsApp-Image-2018-05-29-at-13.07.27-1024x512.jpeg 1024w\" sizes=\"auto, (max-width: 1200px) 100vw, 1200px\" \/><\/p>\n<p><\/p>","protected":false},"excerpt":{"rendered":"<p>Arquitectos y comunidad: El pr\u00f3ximo mi\u00e9rcoles 6 de junio a las 15:15 horas se realizar\u00e1 la firma oficial del convenio que dar\u00e1 vida a la XXI Bienal de Arquitectura y Urbanismo 2019, la que luego de dos versiones en Valpara\u00edso &hellip; <a class=\"more-link\" href=\"https:\/\/colegioarquitectos.com\/noticias\/?p=20773\">ver m\u00e1s<\/a><\/p>","protected":false},"author":4,"featured_media":20774,"comment_status":"closed","ping_status":"closed","sticky":false,"template":"","format":"standard","meta":{"footnotes":""},"categories":[59],"tags":[],"class_list":["post-20773","post","type-post","status-publish","format-standard","has-post-thumbnail","hentry","category-bienal"],"yoast_head":"<!-- This site is optimized with the Yoast SEO plugin v24.2 - https:\/\/yoast.com\/wordpress\/plugins\/seo\/ -->\n<title>6 de junio: Firma convenio XXI Bienal de Arquitectura - COLEGIO DE ARQUITECTOS DE CHILE<\/title>\n<meta name=\"robots\" content=\"index, follow, max-snippet:-1, max-image-preview:large, max-video-preview:-1\" \/>\n<link rel=\"canonical\" href=\"https:\/\/colegioarquitectos.com\/noticias\/?p=20773\" \/>\n<meta property=\"og:locale\" content=\"es_ES\" \/>\n<meta property=\"og:type\" content=\"article\" \/>\n<meta property=\"og:title\" content=\"6 de junio: Firma convenio XXI Bienal de Arquitectura - COLEGIO DE ARQUITECTOS DE CHILE\" \/>\n<meta property=\"og:description\" content=\"Arquitectos y comunidad: El pr\u00f3ximo mi\u00e9rcoles 6 de junio a las 15:15 horas se realizar\u00e1 la firma oficial del convenio que dar\u00e1 vida a la XXI Bienal de Arquitectura y Urbanismo 2019, la que luego de dos versiones en Valpara\u00edso &hellip; ver m\u00e1s\" \/>\n<meta property=\"og:url\" content=\"https:\/\/colegioarquitectos.com\/noticias\/?p=20773\" \/>\n<meta property=\"og:site_name\" content=\"COLEGIO DE ARQUITECTOS DE CHILE\" \/>\n<meta property=\"article:publisher\" content=\"https:\/\/facebook.com\/Colegioarq\/\" \/>\n<meta property=\"article:published_time\" content=\"2018-05-30T21:42:14+00:00\" \/>\n<meta property=\"article:modified_time\" content=\"2018-06-07T22:39:52+00:00\" \/>\n<meta property=\"og:image\" content=\"https:\/\/colegioarquitectos.com\/noticias\/wp-content\/uploads\/2018\/05\/Bienal-de-Arquitectura.jpg\" \/>\n\t<meta property=\"og:image:width\" content=\"690\" \/>\n\t<meta property=\"og:image:height\" content=\"350\" \/>\n\t<meta property=\"og:image:type\" content=\"image\/jpeg\" \/>\n<meta name=\"author\" content=\"Colegio de Arquitectos de Chile\" \/>\n<meta name=\"twitter:card\" content=\"summary_large_image\" \/>\n<meta name=\"twitter:creator\" content=\"@colegioarq\" \/>\n<meta name=\"twitter:site\" content=\"@colegioarq\" \/>\n<meta name=\"twitter:label1\" content=\"Escrito por\" \/>\n\t<meta name=\"twitter:data1\" content=\"Colegio de Arquitectos de Chile\" \/>\n\t<meta name=\"twitter:label2\" content=\"Tiempo de lectura\" \/>\n\t<meta name=\"twitter:data2\" content=\"1 minuto\" \/>\n<script type=\"application\/ld+json\" class=\"yoast-schema-graph\">{\"@context\":\"https:\/\/schema.org\",\"@graph\":[{\"@type\":\"Article\",\"@id\":\"https:\/\/colegioarquitectos.com\/noticias\/?p=20773#article\",\"isPartOf\":{\"@id\":\"https:\/\/colegioarquitectos.com\/noticias\/?p=20773\"},\"author\":{\"name\":\"Colegio de Arquitectos de Chile\",\"@id\":\"https:\/\/colegioarquitectos.com\/noticias\/#\/schema\/person\/685cc0aad148303c5608f049af8285ad\"},\"headline\":\"6 de junio: Firma convenio XXI Bienal de Arquitectura\",\"datePublished\":\"2018-05-30T21:42:14+00:00\",\"dateModified\":\"2018-06-07T22:39:52+00:00\",\"mainEntityOfPage\":{\"@id\":\"https:\/\/colegioarquitectos.com\/noticias\/?p=20773\"},\"wordCount\":197,\"publisher\":{\"@id\":\"https:\/\/colegioarquitectos.com\/noticias\/#organization\"},\"image\":{\"@id\":\"https:\/\/colegioarquitectos.com\/noticias\/?p=20773#primaryimage\"},\"thumbnailUrl\":\"https:\/\/colegioarquitectos.com\/noticias\/wp-content\/uploads\/2018\/05\/Bienal-de-Arquitectura.jpg\",\"articleSection\":[\"Bienal\"],\"inLanguage\":\"es\"},{\"@type\":\"WebPage\",\"@id\":\"https:\/\/colegioarquitectos.com\/noticias\/?p=20773\",\"url\":\"https:\/\/colegioarquitectos.com\/noticias\/?p=20773\",\"name\":\"6 de junio: Firma convenio XXI Bienal de Arquitectura - COLEGIO DE ARQUITECTOS DE CHILE\",\"isPartOf\":{\"@id\":\"https:\/\/colegioarquitectos.com\/noticias\/#website\"},\"primaryImageOfPage\":{\"@id\":\"https:\/\/colegioarquitectos.com\/noticias\/?p=20773#primaryimage\"},\"image\":{\"@id\":\"https:\/\/colegioarquitectos.com\/noticias\/?p=20773#primaryimage\"},\"thumbnailUrl\":\"https:\/\/colegioarquitectos.com\/noticias\/wp-content\/uploads\/2018\/05\/Bienal-de-Arquitectura.jpg\",\"datePublished\":\"2018-05-30T21:42:14+00:00\",\"dateModified\":\"2018-06-07T22:39:52+00:00\",\"breadcrumb\":{\"@id\":\"https:\/\/colegioarquitectos.com\/noticias\/?p=20773#breadcrumb\"},\"inLanguage\":\"es\",\"potentialAction\":[{\"@type\":\"ReadAction\",\"target\":[\"https:\/\/colegioarquitectos.com\/noticias\/?p=20773\"]}]},{\"@type\":\"ImageObject\",\"inLanguage\":\"es\",\"@id\":\"https:\/\/colegioarquitectos.com\/noticias\/?p=20773#primaryimage\",\"url\":\"https:\/\/colegioarquitectos.com\/noticias\/wp-content\/uploads\/2018\/05\/Bienal-de-Arquitectura.jpg\",\"contentUrl\":\"https:\/\/colegioarquitectos.com\/noticias\/wp-content\/uploads\/2018\/05\/Bienal-de-Arquitectura.jpg\",\"width\":690,\"height\":350},{\"@type\":\"BreadcrumbList\",\"@id\":\"https:\/\/colegioarquitectos.com\/noticias\/?p=20773#breadcrumb\",\"itemListElement\":[{\"@type\":\"ListItem\",\"position\":1,\"name\":\"Portada\",\"item\":\"https:\/\/colegioarquitectos.com\/noticias\"},{\"@type\":\"ListItem\",\"position\":2,\"name\":\"6 de junio: Firma convenio XXI Bienal de Arquitectura\"}]},{\"@type\":\"WebSite\",\"@id\":\"https:\/\/colegioarquitectos.com\/noticias\/#website\",\"url\":\"https:\/\/colegioarquitectos.com\/noticias\/\",\"name\":\"COLEGIO DE ARQUITECTOS DE CHILE\",\"description\":\"\",\"publisher\":{\"@id\":\"https:\/\/colegioarquitectos.com\/noticias\/#organization\"},\"potentialAction\":[{\"@type\":\"SearchAction\",\"target\":{\"@type\":\"EntryPoint\",\"urlTemplate\":\"https:\/\/colegioarquitectos.com\/noticias\/?s={search_term_string}\"},\"query-input\":{\"@type\":\"PropertyValueSpecification\",\"valueRequired\":true,\"valueName\":\"search_term_string\"}}],\"inLanguage\":\"es\"},{\"@type\":\"Organization\",\"@id\":\"https:\/\/colegioarquitectos.com\/noticias\/#organization\",\"name\":\"COLEGIO DE ARQUITECTOS DE CHILE\",\"url\":\"https:\/\/colegioarquitectos.com\/noticias\/\",\"logo\":{\"@type\":\"ImageObject\",\"inLanguage\":\"es\",\"@id\":\"https:\/\/colegioarquitectos.com\/noticias\/#\/schema\/logo\/image\/\",\"url\":\"https:\/\/colegioarquitectos.com\/noticias\/wp-content\/uploads\/2021\/05\/ENCABEZADO-LOGO-CA.jpg\",\"contentUrl\":\"https:\/\/colegioarquitectos.com\/noticias\/wp-content\/uploads\/2021\/05\/ENCABEZADO-LOGO-CA.jpg\",\"width\":690,\"height\":350,\"caption\":\"COLEGIO DE ARQUITECTOS DE CHILE\"},\"image\":{\"@id\":\"https:\/\/colegioarquitectos.com\/noticias\/#\/schema\/logo\/image\/\"},\"sameAs\":[\"https:\/\/facebook.com\/Colegioarq\/\",\"https:\/\/x.com\/colegioarq\",\"https:\/\/instagram.com\/colegioarq\",\"https:\/\/youtube.com\/@ColegiodeArquitectosdeChile\"]},{\"@type\":\"Person\",\"@id\":\"https:\/\/colegioarquitectos.com\/noticias\/#\/schema\/person\/685cc0aad148303c5608f049af8285ad\",\"name\":\"Colegio de Arquitectos de Chile\",\"url\":\"https:\/\/colegioarquitectos.com\/noticias\/?author=4\"}]}<\/script>\n<!-- \/ Yoast SEO plugin. -->","yoast_head_json":{"title":"6 de junio: Firma convenio XXI Bienal de Arquitectura - COLEGIO DE ARQUITECTOS DE CHILE","robots":{"index":"index","follow":"follow","max-snippet":"max-snippet:-1","max-image-preview":"max-image-preview:large","max-video-preview":"max-video-preview:-1"},"canonical":"https:\/\/colegioarquitectos.com\/noticias\/?p=20773","og_locale":"es_ES","og_type":"article","og_title":"6 de junio: Firma convenio XXI Bienal de Arquitectura - COLEGIO DE ARQUITECTOS DE CHILE","og_description":"Arquitectos y comunidad: El pr\u00f3ximo mi\u00e9rcoles 6 de junio a las 15:15 horas se realizar\u00e1 la firma oficial del convenio que dar\u00e1 vida a la XXI Bienal de Arquitectura y Urbanismo 2019, la que luego de dos versiones en Valpara\u00edso &hellip; ver m\u00e1s","og_url":"https:\/\/colegioarquitectos.com\/noticias\/?p=20773","og_site_name":"COLEGIO DE ARQUITECTOS DE CHILE","article_publisher":"https:\/\/facebook.com\/Colegioarq\/","article_published_time":"2018-05-30T21:42:14+00:00","article_modified_time":"2018-06-07T22:39:52+00:00","og_image":[{"width":690,"height":350,"url":"https:\/\/colegioarquitectos.com\/noticias\/wp-content\/uploads\/2018\/05\/Bienal-de-Arquitectura.jpg","type":"image\/jpeg"}],"author":"Colegio de Arquitectos de Chile","twitter_card":"summary_large_image","twitter_creator":"@colegioarq","twitter_site":"@colegioarq","twitter_misc":{"Escrito por":"Colegio de Arquitectos de Chile","Tiempo de lectura":"1 minuto"},"schema":{"@context":"https:\/\/schema.org","@graph":[{"@type":"Article","@id":"https:\/\/colegioarquitectos.com\/noticias\/?p=20773#article","isPartOf":{"@id":"https:\/\/colegioarquitectos.com\/noticias\/?p=20773"},"author":{"name":"Colegio de Arquitectos de Chile","@id":"https:\/\/colegioarquitectos.com\/noticias\/#\/schema\/person\/685cc0aad148303c5608f049af8285ad"},"headline":"6 de junio: Firma convenio XXI Bienal de Arquitectura","datePublished":"2018-05-30T21:42:14+00:00","dateModified":"2018-06-07T22:39:52+00:00","mainEntityOfPage":{"@id":"https:\/\/colegioarquitectos.com\/noticias\/?p=20773"},"wordCount":197,"publisher":{"@id":"https:\/\/colegioarquitectos.com\/noticias\/#organization"},"image":{"@id":"https:\/\/colegioarquitectos.com\/noticias\/?p=20773#primaryimage"},"thumbnailUrl":"https:\/\/colegioarquitectos.com\/noticias\/wp-content\/uploads\/2018\/05\/Bienal-de-Arquitectura.jpg","articleSection":["Bienal"],"inLanguage":"es"},{"@type":"WebPage","@id":"https:\/\/colegioarquitectos.com\/noticias\/?p=20773","url":"https:\/\/colegioarquitectos.com\/noticias\/?p=20773","name":"6 de junio: Firma convenio XXI Bienal de Arquitectura - COLEGIO DE ARQUITECTOS DE CHILE","isPartOf":{"@id":"https:\/\/colegioarquitectos.com\/noticias\/#website"},"primaryImageOfPage":{"@id":"https:\/\/colegioarquitectos.com\/noticias\/?p=20773#primaryimage"},"image":{"@id":"https:\/\/colegioarquitectos.com\/noticias\/?p=20773#primaryimage"},"thumbnailUrl":"https:\/\/colegioarquitectos.com\/noticias\/wp-content\/uploads\/2018\/05\/Bienal-de-Arquitectura.jpg","datePublished":"2018-05-30T21:42:14+00:00","dateModified":"2018-06-07T22:39:52+00:00","breadcrumb":{"@id":"https:\/\/colegioarquitectos.com\/noticias\/?p=20773#breadcrumb"},"inLanguage":"es","potentialAction":[{"@type":"ReadAction","target":["https:\/\/colegioarquitectos.com\/noticias\/?p=20773"]}]},{"@type":"ImageObject","inLanguage":"es","@id":"https:\/\/colegioarquitectos.com\/noticias\/?p=20773#primaryimage","url":"https:\/\/colegioarquitectos.com\/noticias\/wp-content\/uploads\/2018\/05\/Bienal-de-Arquitectura.jpg","contentUrl":"https:\/\/colegioarquitectos.com\/noticias\/wp-content\/uploads\/2018\/05\/Bienal-de-Arquitectura.jpg","width":690,"height":350},{"@type":"BreadcrumbList","@id":"https:\/\/colegioarquitectos.com\/noticias\/?p=20773#breadcrumb","itemListElement":[{"@type":"ListItem","position":1,"name":"Portada","item":"https:\/\/colegioarquitectos.com\/noticias"},{"@type":"ListItem","position":2,"name":"6 de junio: Firma convenio XXI Bienal de Arquitectura"}]},{"@type":"WebSite","@id":"https:\/\/colegioarquitectos.com\/noticias\/#website","url":"https:\/\/colegioarquitectos.com\/noticias\/","name":"COLEGIO DE ARQUITECTOS DE CHILE","description":"","publisher":{"@id":"https:\/\/colegioarquitectos.com\/noticias\/#organization"},"potentialAction":[{"@type":"SearchAction","target":{"@type":"EntryPoint","urlTemplate":"https:\/\/colegioarquitectos.com\/noticias\/?s={search_term_string}"},"query-input":{"@type":"PropertyValueSpecification","valueRequired":true,"valueName":"search_term_string"}}],"inLanguage":"es"},{"@type":"Organization","@id":"https:\/\/colegioarquitectos.com\/noticias\/#organization","name":"COLEGIO DE ARQUITECTOS DE CHILE","url":"https:\/\/colegioarquitectos.com\/noticias\/","logo":{"@type":"ImageObject","inLanguage":"es","@id":"https:\/\/colegioarquitectos.com\/noticias\/#\/schema\/logo\/image\/","url":"https:\/\/colegioarquitectos.com\/noticias\/wp-content\/uploads\/2021\/05\/ENCABEZADO-LOGO-CA.jpg","contentUrl":"https:\/\/colegioarquitectos.com\/noticias\/wp-content\/uploads\/2021\/05\/ENCABEZADO-LOGO-CA.jpg","width":690,"height":350,"caption":"COLEGIO DE ARQUITECTOS DE CHILE"},"image":{"@id":"https:\/\/colegioarquitectos.com\/noticias\/#\/schema\/logo\/image\/"},"sameAs":["https:\/\/facebook.com\/Colegioarq\/","https:\/\/x.com\/colegioarq","https:\/\/instagram.com\/colegioarq","https:\/\/youtube.com\/@ColegiodeArquitectosdeChile"]},{"@type":"Person","@id":"https:\/\/colegioarquitectos.com\/noticias\/#\/schema\/person\/685cc0aad148303c5608f049af8285ad","name":"Colegio de Arquitectos de Chile","url":"https:\/\/colegioarquitectos.com\/noticias\/?author=4"}]}},"_links":{"self":[{"href":"https:\/\/colegioarquitectos.com\/noticias\/index.php?rest_route=\/wp\/v2\/posts\/20773","targetHints":{"allow":["GET"]}}],"collection":[{"href":"https:\/\/colegioarquitectos.com\/noticias\/index.php?rest_route=\/wp\/v2\/posts"}],"about":[{"href":"https:\/\/colegioarquitectos.com\/noticias\/index.php?rest_route=\/wp\/v2\/types\/post"}],"author":[{"embeddable":true,"href":"https:\/\/colegioarquitectos.com\/noticias\/index.php?rest_route=\/wp\/v2\/users\/4"}],"replies":[{"embeddable":true,"href":"https:\/\/colegioarquitectos.com\/noticias\/index.php?rest_route=%2Fwp%2Fv2%2Fcomments&post=20773"}],"version-history":[{"count":0,"href":"https:\/\/colegioarquitectos.com\/noticias\/index.php?rest_route=\/wp\/v2\/posts\/20773\/revisions"}],"wp:featuredmedia":[{"embeddable":true,"href":"https:\/\/colegioarquitectos.com\/noticias\/index.php?rest_route=\/wp\/v2\/media\/20774"}],"wp:attachment":[{"href":"https:\/\/colegioarquitectos.com\/noticias\/index.php?rest_route=%2Fwp%2Fv2%2Fmedia&parent=20773"}],"wp:term":[{"taxonomy":"category","embeddable":true,"href":"https:\/\/colegioarquitectos.com\/noticias\/index.php?rest_route=%2Fwp%2Fv2%2Fcategories&post=20773"},{"taxonomy":"post_tag","embeddable":true,"href":"https:\/\/colegioarquitectos.com\/noticias\/index.php?rest_route=%2Fwp%2Fv2%2Ftags&post=20773"}],"curies":[{"name":"wp","href":"https:\/\/api.w.org\/{rel}","templated":true}]}}