
{"id":20807,"date":"2018-06-02T16:22:57","date_gmt":"2018-06-02T16:22:57","guid":{"rendered":"http:\/\/colegioarquitectos.com\/?p=20807"},"modified":"2018-07-03T17:32:05","modified_gmt":"2018-07-03T17:32:05","slug":"valoracion-de-inmuebles-patrimoniales-curso-agosto-2018","status":"publish","type":"post","link":"https:\/\/colegioarquitectos.com\/noticias\/?p=20807","title":{"rendered":"Valoraci\u00f3n de Inmuebles Patrimoniales. Curso julio &#8211; agosto 2018"},"content":{"rendered":"<p><strong>Dirigido a Profesionales y estudiantes de las \u00e1reas inmobiliaria, ingenier\u00eda, construcci\u00f3n, arquitectura, historia y artes principalmente.<\/strong><\/p>\n<p><strong>Duraci\u00f3n 16 horas.<\/strong><\/p>\n<div><span style=\"color: #0000ff;\">Centro de Eventos Espacio Pedregal, Ma. Luisa Santander 485, Providencia (metro Salvador)\u00a0<b>(viernes 17.00 a 21.00 hrs. y s\u00e1bados de 9.00 a 13.00 hrs)\u00a0<\/b><\/span><\/div>\n<div><b>27-28 julio \/ Profesor Patricio Gross.<\/b>\u00a0Conceptos y legislaci\u00f3n,\u00a0incluye visita a edificio por definir, posiblemente sede del CMN<\/div>\n<div><b>10-11 agosto \/ Profesores Alberto Arenas y Lu\u00eds Bernales.<\/b>\u00a0Metodolog\u00edas de valoraci\u00f3n<\/div>\n<p><strong>Profesores :<\/strong><\/p>\n<p><strong> Patricio Gross F.<\/strong> Arquitecto, urbanista y restaurador. Propietario de Gross Arquitectos, ex presidente nacional Colegio de Arquitectos de Chile.<\/p>\n<p><strong>Alberto Arenas P.<\/strong> Arquitecto y docente Tasaciones. Coordinador y docente diplomado en tasaciones FAU<\/p>\n<p><strong>Luis Bernales Gracham<\/strong> Ingeniero civil especialista en valoraci\u00f3n de inmuebles y gerencia de proyectos<\/p>\n<hr \/>\n<p>Horarios: Viernes 17.00 a 21.00 hrs \/ S\u00e1bados 9.00 a 13.00 hrs.<\/p>\n<p class=\"m_-3287863431044107241gmail-MsoNoSpacing\">Sede: Centro de Eventos Espacio Pedregal, Mar\u00eda Luisa Santander #485, Providencia, Metro estaci\u00f3n Salvador.<\/p>\n<p>Valores:<\/p>\n<p>\u2013 P\u00fablico general: $190.000.-<\/p>\n<p>\u2013 Estudiantes y asociados Colegio Arquitectos o Asatch: $130.000.-<\/p>\n<p>\u2013 Profesionales asociados a otros gremios: $130.000.-<\/p>\n<p>\u2013 Alumnos de programas anteriores Asatch o C.A.: $160.000.-<\/p>\n<p><strong>Consultas e inscripciones:<\/strong><\/p>\n<p><b><span lang=\"ES-MX\">Correo:\u00a0<a href=\"mailto:contacto@asatch.cl\" target=\"_blank\" rel=\"noopener\">contacto@asatch.cl<\/a>\u00a0<\/span><\/b><\/p>\n<p><b><span lang=\"ES-MX\">Tel\u00e9fonos: +<\/span><\/b><b>56 22 633 6681\u00a0 de 9:00 a 14:00 hrs.\u00a0<\/b><\/p>\n<p>Para descargar la informaci\u00f3n y el detalle de los contenidos del curso,<strong>\u00a0<a href=\"http:\/\/colegioarquitectos.com\/noticias\/wp-content\/uploads\/2018\/06\/Curso-Val.-Inm.-Patrimoniales-v-2018-Santiago.docx\">ingresa ac\u00e1<\/a><\/strong>.<\/p>\n<p><img loading=\"lazy\" decoding=\"async\" class=\"aligncenter size-full wp-image-21157\" src=\"http:\/\/colegioarquitectos.com\/noticias\/wp-content\/uploads\/2018\/06\/unnamed-2.jpg\" alt=\"\" width=\"598\" height=\"633\" srcset=\"https:\/\/colegioarquitectos.com\/noticias\/wp-content\/uploads\/2018\/06\/unnamed-2.jpg 598w, https:\/\/colegioarquitectos.com\/noticias\/wp-content\/uploads\/2018\/06\/unnamed-2-283x300.jpg 283w\" sizes=\"auto, (max-width: 598px) 100vw, 598px\" \/><\/p>\n<p><a href=\"http:\/\/www.asatch.cl\/curso-valoracion-de-inmuebles-patrimoniales-sede-santiago\/\"><img loading=\"lazy\" decoding=\"async\" class=\"size-full wp-image-20810 aligncenter\" src=\"http:\/\/colegioarquitectos.com\/noticias\/wp-content\/uploads\/2018\/06\/botoncursopatrimonio.png\" alt=\"\" width=\"600\" height=\"61\" srcset=\"https:\/\/colegioarquitectos.com\/noticias\/wp-content\/uploads\/2018\/06\/botoncursopatrimonio.png 600w, https:\/\/colegioarquitectos.com\/noticias\/wp-content\/uploads\/2018\/06\/botoncursopatrimonio-300x31.png 300w\" sizes=\"auto, (max-width: 600px) 100vw, 600px\" \/><\/a><\/p>\n<hr \/>\n<p>Consultas e informaciones de inscripci\u00f3n en el siguiente formulario<\/p>\n<p>[cforms name=\u00bbEVENTO\u00bb]<\/p>\n<hr \/>\n<p>&nbsp;<\/p>\n<p>&nbsp;<\/p>\n<p>&nbsp;<\/p>\n<p><\/p>","protected":false},"excerpt":{"rendered":"<p>Dirigido a Profesionales y estudiantes de las \u00e1reas inmobiliaria, ingenier\u00eda, construcci\u00f3n, arquitectura, historia y artes principalmente. Duraci\u00f3n 16 horas. Centro de Eventos Espacio Pedregal, Ma. Luisa Santander 485, Providencia (metro Salvador)\u00a0(viernes 17.00 a 21.00 hrs. y s\u00e1bados de 9.00 a &hellip; <a class=\"more-link\" href=\"https:\/\/colegioarquitectos.com\/noticias\/?p=20807\">ver m\u00e1s<\/a><\/p>","protected":false},"author":1,"featured_media":20808,"comment_status":"closed","ping_status":"closed","sticky":false,"template":"","format":"standard","meta":{"footnotes":""},"categories":[19,22],"tags":[],"class_list":["post-20807","post","type-post","status-publish","format-standard","has-post-thumbnail","hentry","category-actividades","category-cursos"],"yoast_head":"<!-- This site is optimized with the Yoast SEO plugin v24.2 - https:\/\/yoast.com\/wordpress\/plugins\/seo\/ -->\n<title>Valoraci\u00f3n de Inmuebles Patrimoniales. Curso julio - agosto 2018 - COLEGIO DE ARQUITECTOS DE CHILE<\/title>\n<meta name=\"robots\" content=\"index, follow, max-snippet:-1, max-image-preview:large, max-video-preview:-1\" \/>\n<link rel=\"canonical\" href=\"https:\/\/colegioarquitectos.com\/noticias\/?p=20807\" \/>\n<meta property=\"og:locale\" content=\"es_ES\" \/>\n<meta property=\"og:type\" content=\"article\" \/>\n<meta property=\"og:title\" content=\"Valoraci\u00f3n de Inmuebles Patrimoniales. Curso julio - agosto 2018 - COLEGIO DE ARQUITECTOS DE CHILE\" \/>\n<meta property=\"og:description\" content=\"Dirigido a Profesionales y estudiantes de las \u00e1reas inmobiliaria, ingenier\u00eda, construcci\u00f3n, arquitectura, historia y artes principalmente. Duraci\u00f3n 16 horas. Centro de Eventos Espacio Pedregal, Ma. Luisa Santander 485, Providencia (metro Salvador)\u00a0(viernes 17.00 a 21.00 hrs. y s\u00e1bados de 9.00 a &hellip; ver m\u00e1s\" \/>\n<meta property=\"og:url\" content=\"https:\/\/colegioarquitectos.com\/noticias\/?p=20807\" \/>\n<meta property=\"og:site_name\" content=\"COLEGIO DE ARQUITECTOS DE CHILE\" \/>\n<meta property=\"article:publisher\" content=\"https:\/\/facebook.com\/Colegioarq\/\" \/>\n<meta property=\"article:published_time\" content=\"2018-06-02T16:22:57+00:00\" \/>\n<meta property=\"article:modified_time\" content=\"2018-07-03T17:32:05+00:00\" \/>\n<meta property=\"og:image\" content=\"https:\/\/colegioarquitectos.com\/noticias\/wp-content\/uploads\/2018\/06\/patrimonio.png\" \/>\n\t<meta property=\"og:image:width\" content=\"600\" \/>\n\t<meta property=\"og:image:height\" content=\"298\" \/>\n\t<meta property=\"og:image:type\" content=\"image\/png\" \/>\n<meta name=\"author\" content=\"Gabriel Salgado S.\" \/>\n<meta name=\"twitter:card\" content=\"summary_large_image\" \/>\n<meta name=\"twitter:creator\" content=\"@colegioarq\" \/>\n<meta name=\"twitter:site\" content=\"@colegioarq\" \/>\n<meta name=\"twitter:label1\" content=\"Escrito por\" \/>\n\t<meta name=\"twitter:data1\" content=\"Gabriel Salgado S.\" \/>\n\t<meta name=\"twitter:label2\" content=\"Tiempo de lectura\" \/>\n\t<meta name=\"twitter:data2\" content=\"1 minuto\" \/>\n<script type=\"application\/ld+json\" class=\"yoast-schema-graph\">{\"@context\":\"https:\/\/schema.org\",\"@graph\":[{\"@type\":\"Article\",\"@id\":\"https:\/\/colegioarquitectos.com\/noticias\/?p=20807#article\",\"isPartOf\":{\"@id\":\"https:\/\/colegioarquitectos.com\/noticias\/?p=20807\"},\"author\":{\"name\":\"Gabriel Salgado S.\",\"@id\":\"https:\/\/colegioarquitectos.com\/noticias\/#\/schema\/person\/b6c7e912cd1283c089114093ed09741f\"},\"headline\":\"Valoraci\u00f3n de Inmuebles Patrimoniales. Curso julio &#8211; agosto 2018\",\"datePublished\":\"2018-06-02T16:22:57+00:00\",\"dateModified\":\"2018-07-03T17:32:05+00:00\",\"mainEntityOfPage\":{\"@id\":\"https:\/\/colegioarquitectos.com\/noticias\/?p=20807\"},\"wordCount\":226,\"publisher\":{\"@id\":\"https:\/\/colegioarquitectos.com\/noticias\/#organization\"},\"image\":{\"@id\":\"https:\/\/colegioarquitectos.com\/noticias\/?p=20807#primaryimage\"},\"thumbnailUrl\":\"https:\/\/colegioarquitectos.com\/noticias\/wp-content\/uploads\/2018\/06\/patrimonio.png\",\"articleSection\":[\"Actividades\",\"Cursos\"],\"inLanguage\":\"es\"},{\"@type\":\"WebPage\",\"@id\":\"https:\/\/colegioarquitectos.com\/noticias\/?p=20807\",\"url\":\"https:\/\/colegioarquitectos.com\/noticias\/?p=20807\",\"name\":\"Valoraci\u00f3n de Inmuebles Patrimoniales. Curso julio - agosto 2018 - COLEGIO DE ARQUITECTOS DE CHILE\",\"isPartOf\":{\"@id\":\"https:\/\/colegioarquitectos.com\/noticias\/#website\"},\"primaryImageOfPage\":{\"@id\":\"https:\/\/colegioarquitectos.com\/noticias\/?p=20807#primaryimage\"},\"image\":{\"@id\":\"https:\/\/colegioarquitectos.com\/noticias\/?p=20807#primaryimage\"},\"thumbnailUrl\":\"https:\/\/colegioarquitectos.com\/noticias\/wp-content\/uploads\/2018\/06\/patrimonio.png\",\"datePublished\":\"2018-06-02T16:22:57+00:00\",\"dateModified\":\"2018-07-03T17:32:05+00:00\",\"breadcrumb\":{\"@id\":\"https:\/\/colegioarquitectos.com\/noticias\/?p=20807#breadcrumb\"},\"inLanguage\":\"es\",\"potentialAction\":[{\"@type\":\"ReadAction\",\"target\":[\"https:\/\/colegioarquitectos.com\/noticias\/?p=20807\"]}]},{\"@type\":\"ImageObject\",\"inLanguage\":\"es\",\"@id\":\"https:\/\/colegioarquitectos.com\/noticias\/?p=20807#primaryimage\",\"url\":\"https:\/\/colegioarquitectos.com\/noticias\/wp-content\/uploads\/2018\/06\/patrimonio.png\",\"contentUrl\":\"https:\/\/colegioarquitectos.com\/noticias\/wp-content\/uploads\/2018\/06\/patrimonio.png\",\"width\":600,\"height\":298},{\"@type\":\"BreadcrumbList\",\"@id\":\"https:\/\/colegioarquitectos.com\/noticias\/?p=20807#breadcrumb\",\"itemListElement\":[{\"@type\":\"ListItem\",\"position\":1,\"name\":\"Portada\",\"item\":\"https:\/\/colegioarquitectos.com\/noticias\"},{\"@type\":\"ListItem\",\"position\":2,\"name\":\"Valoraci\u00f3n de Inmuebles Patrimoniales. Curso julio &#8211; agosto 2018\"}]},{\"@type\":\"WebSite\",\"@id\":\"https:\/\/colegioarquitectos.com\/noticias\/#website\",\"url\":\"https:\/\/colegioarquitectos.com\/noticias\/\",\"name\":\"COLEGIO DE ARQUITECTOS DE CHILE\",\"description\":\"\",\"publisher\":{\"@id\":\"https:\/\/colegioarquitectos.com\/noticias\/#organization\"},\"potentialAction\":[{\"@type\":\"SearchAction\",\"target\":{\"@type\":\"EntryPoint\",\"urlTemplate\":\"https:\/\/colegioarquitectos.com\/noticias\/?s={search_term_string}\"},\"query-input\":{\"@type\":\"PropertyValueSpecification\",\"valueRequired\":true,\"valueName\":\"search_term_string\"}}],\"inLanguage\":\"es\"},{\"@type\":\"Organization\",\"@id\":\"https:\/\/colegioarquitectos.com\/noticias\/#organization\",\"name\":\"COLEGIO DE ARQUITECTOS DE CHILE\",\"url\":\"https:\/\/colegioarquitectos.com\/noticias\/\",\"logo\":{\"@type\":\"ImageObject\",\"inLanguage\":\"es\",\"@id\":\"https:\/\/colegioarquitectos.com\/noticias\/#\/schema\/logo\/image\/\",\"url\":\"https:\/\/colegioarquitectos.com\/noticias\/wp-content\/uploads\/2021\/05\/ENCABEZADO-LOGO-CA.jpg\",\"contentUrl\":\"https:\/\/colegioarquitectos.com\/noticias\/wp-content\/uploads\/2021\/05\/ENCABEZADO-LOGO-CA.jpg\",\"width\":690,\"height\":350,\"caption\":\"COLEGIO DE ARQUITECTOS DE CHILE\"},\"image\":{\"@id\":\"https:\/\/colegioarquitectos.com\/noticias\/#\/schema\/logo\/image\/\"},\"sameAs\":[\"https:\/\/facebook.com\/Colegioarq\/\",\"https:\/\/x.com\/colegioarq\",\"https:\/\/instagram.com\/colegioarq\",\"https:\/\/youtube.com\/@ColegiodeArquitectosdeChile\"]},{\"@type\":\"Person\",\"@id\":\"https:\/\/colegioarquitectos.com\/noticias\/#\/schema\/person\/b6c7e912cd1283c089114093ed09741f\",\"name\":\"Gabriel Salgado S.\",\"url\":\"https:\/\/colegioarquitectos.com\/noticias\/?author=1\"}]}<\/script>\n<!-- \/ Yoast SEO plugin. -->","yoast_head_json":{"title":"Valoraci\u00f3n de Inmuebles Patrimoniales. Curso julio - agosto 2018 - COLEGIO DE ARQUITECTOS DE CHILE","robots":{"index":"index","follow":"follow","max-snippet":"max-snippet:-1","max-image-preview":"max-image-preview:large","max-video-preview":"max-video-preview:-1"},"canonical":"https:\/\/colegioarquitectos.com\/noticias\/?p=20807","og_locale":"es_ES","og_type":"article","og_title":"Valoraci\u00f3n de Inmuebles Patrimoniales. Curso julio - agosto 2018 - COLEGIO DE ARQUITECTOS DE CHILE","og_description":"Dirigido a Profesionales y estudiantes de las \u00e1reas inmobiliaria, ingenier\u00eda, construcci\u00f3n, arquitectura, historia y artes principalmente. Duraci\u00f3n 16 horas. Centro de Eventos Espacio Pedregal, Ma. Luisa Santander 485, Providencia (metro Salvador)\u00a0(viernes 17.00 a 21.00 hrs. y s\u00e1bados de 9.00 a &hellip; ver m\u00e1s","og_url":"https:\/\/colegioarquitectos.com\/noticias\/?p=20807","og_site_name":"COLEGIO DE ARQUITECTOS DE CHILE","article_publisher":"https:\/\/facebook.com\/Colegioarq\/","article_published_time":"2018-06-02T16:22:57+00:00","article_modified_time":"2018-07-03T17:32:05+00:00","og_image":[{"width":600,"height":298,"url":"https:\/\/colegioarquitectos.com\/noticias\/wp-content\/uploads\/2018\/06\/patrimonio.png","type":"image\/png"}],"author":"Gabriel Salgado S.","twitter_card":"summary_large_image","twitter_creator":"@colegioarq","twitter_site":"@colegioarq","twitter_misc":{"Escrito por":"Gabriel Salgado S.","Tiempo de lectura":"1 minuto"},"schema":{"@context":"https:\/\/schema.org","@graph":[{"@type":"Article","@id":"https:\/\/colegioarquitectos.com\/noticias\/?p=20807#article","isPartOf":{"@id":"https:\/\/colegioarquitectos.com\/noticias\/?p=20807"},"author":{"name":"Gabriel Salgado S.","@id":"https:\/\/colegioarquitectos.com\/noticias\/#\/schema\/person\/b6c7e912cd1283c089114093ed09741f"},"headline":"Valoraci\u00f3n de Inmuebles Patrimoniales. Curso julio &#8211; agosto 2018","datePublished":"2018-06-02T16:22:57+00:00","dateModified":"2018-07-03T17:32:05+00:00","mainEntityOfPage":{"@id":"https:\/\/colegioarquitectos.com\/noticias\/?p=20807"},"wordCount":226,"publisher":{"@id":"https:\/\/colegioarquitectos.com\/noticias\/#organization"},"image":{"@id":"https:\/\/colegioarquitectos.com\/noticias\/?p=20807#primaryimage"},"thumbnailUrl":"https:\/\/colegioarquitectos.com\/noticias\/wp-content\/uploads\/2018\/06\/patrimonio.png","articleSection":["Actividades","Cursos"],"inLanguage":"es"},{"@type":"WebPage","@id":"https:\/\/colegioarquitectos.com\/noticias\/?p=20807","url":"https:\/\/colegioarquitectos.com\/noticias\/?p=20807","name":"Valoraci\u00f3n de Inmuebles Patrimoniales. Curso julio - agosto 2018 - COLEGIO DE ARQUITECTOS DE CHILE","isPartOf":{"@id":"https:\/\/colegioarquitectos.com\/noticias\/#website"},"primaryImageOfPage":{"@id":"https:\/\/colegioarquitectos.com\/noticias\/?p=20807#primaryimage"},"image":{"@id":"https:\/\/colegioarquitectos.com\/noticias\/?p=20807#primaryimage"},"thumbnailUrl":"https:\/\/colegioarquitectos.com\/noticias\/wp-content\/uploads\/2018\/06\/patrimonio.png","datePublished":"2018-06-02T16:22:57+00:00","dateModified":"2018-07-03T17:32:05+00:00","breadcrumb":{"@id":"https:\/\/colegioarquitectos.com\/noticias\/?p=20807#breadcrumb"},"inLanguage":"es","potentialAction":[{"@type":"ReadAction","target":["https:\/\/colegioarquitectos.com\/noticias\/?p=20807"]}]},{"@type":"ImageObject","inLanguage":"es","@id":"https:\/\/colegioarquitectos.com\/noticias\/?p=20807#primaryimage","url":"https:\/\/colegioarquitectos.com\/noticias\/wp-content\/uploads\/2018\/06\/patrimonio.png","contentUrl":"https:\/\/colegioarquitectos.com\/noticias\/wp-content\/uploads\/2018\/06\/patrimonio.png","width":600,"height":298},{"@type":"BreadcrumbList","@id":"https:\/\/colegioarquitectos.com\/noticias\/?p=20807#breadcrumb","itemListElement":[{"@type":"ListItem","position":1,"name":"Portada","item":"https:\/\/colegioarquitectos.com\/noticias"},{"@type":"ListItem","position":2,"name":"Valoraci\u00f3n de Inmuebles Patrimoniales. Curso julio &#8211; agosto 2018"}]},{"@type":"WebSite","@id":"https:\/\/colegioarquitectos.com\/noticias\/#website","url":"https:\/\/colegioarquitectos.com\/noticias\/","name":"COLEGIO DE ARQUITECTOS DE CHILE","description":"","publisher":{"@id":"https:\/\/colegioarquitectos.com\/noticias\/#organization"},"potentialAction":[{"@type":"SearchAction","target":{"@type":"EntryPoint","urlTemplate":"https:\/\/colegioarquitectos.com\/noticias\/?s={search_term_string}"},"query-input":{"@type":"PropertyValueSpecification","valueRequired":true,"valueName":"search_term_string"}}],"inLanguage":"es"},{"@type":"Organization","@id":"https:\/\/colegioarquitectos.com\/noticias\/#organization","name":"COLEGIO DE ARQUITECTOS DE CHILE","url":"https:\/\/colegioarquitectos.com\/noticias\/","logo":{"@type":"ImageObject","inLanguage":"es","@id":"https:\/\/colegioarquitectos.com\/noticias\/#\/schema\/logo\/image\/","url":"https:\/\/colegioarquitectos.com\/noticias\/wp-content\/uploads\/2021\/05\/ENCABEZADO-LOGO-CA.jpg","contentUrl":"https:\/\/colegioarquitectos.com\/noticias\/wp-content\/uploads\/2021\/05\/ENCABEZADO-LOGO-CA.jpg","width":690,"height":350,"caption":"COLEGIO DE ARQUITECTOS DE CHILE"},"image":{"@id":"https:\/\/colegioarquitectos.com\/noticias\/#\/schema\/logo\/image\/"},"sameAs":["https:\/\/facebook.com\/Colegioarq\/","https:\/\/x.com\/colegioarq","https:\/\/instagram.com\/colegioarq","https:\/\/youtube.com\/@ColegiodeArquitectosdeChile"]},{"@type":"Person","@id":"https:\/\/colegioarquitectos.com\/noticias\/#\/schema\/person\/b6c7e912cd1283c089114093ed09741f","name":"Gabriel Salgado S.","url":"https:\/\/colegioarquitectos.com\/noticias\/?author=1"}]}},"_links":{"self":[{"href":"https:\/\/colegioarquitectos.com\/noticias\/index.php?rest_route=\/wp\/v2\/posts\/20807","targetHints":{"allow":["GET"]}}],"collection":[{"href":"https:\/\/colegioarquitectos.com\/noticias\/index.php?rest_route=\/wp\/v2\/posts"}],"about":[{"href":"https:\/\/colegioarquitectos.com\/noticias\/index.php?rest_route=\/wp\/v2\/types\/post"}],"author":[{"embeddable":true,"href":"https:\/\/colegioarquitectos.com\/noticias\/index.php?rest_route=\/wp\/v2\/users\/1"}],"replies":[{"embeddable":true,"href":"https:\/\/colegioarquitectos.com\/noticias\/index.php?rest_route=%2Fwp%2Fv2%2Fcomments&post=20807"}],"version-history":[{"count":0,"href":"https:\/\/colegioarquitectos.com\/noticias\/index.php?rest_route=\/wp\/v2\/posts\/20807\/revisions"}],"wp:featuredmedia":[{"embeddable":true,"href":"https:\/\/colegioarquitectos.com\/noticias\/index.php?rest_route=\/wp\/v2\/media\/20808"}],"wp:attachment":[{"href":"https:\/\/colegioarquitectos.com\/noticias\/index.php?rest_route=%2Fwp%2Fv2%2Fmedia&parent=20807"}],"wp:term":[{"taxonomy":"category","embeddable":true,"href":"https:\/\/colegioarquitectos.com\/noticias\/index.php?rest_route=%2Fwp%2Fv2%2Fcategories&post=20807"},{"taxonomy":"post_tag","embeddable":true,"href":"https:\/\/colegioarquitectos.com\/noticias\/index.php?rest_route=%2Fwp%2Fv2%2Ftags&post=20807"}],"curies":[{"name":"wp","href":"https:\/\/api.w.org\/{rel}","templated":true}]}}