
{"id":20819,"date":"2018-06-07T15:42:33","date_gmt":"2018-06-07T15:42:33","guid":{"rendered":"http:\/\/colegioarquitectos.com\/?p=20819"},"modified":"2018-06-07T15:45:04","modified_gmt":"2018-06-07T15:45:04","slug":"con-alcalde-y-ministro-colegio-firma-convenio-para-barrio-franklin-como-sede-de-la-bienal","status":"publish","type":"post","link":"https:\/\/colegioarquitectos.com\/noticias\/?p=20819","title":{"rendered":"Con alcalde y ministro Colegio firma convenio que convierte a Barrio Franklin en sede de la Bienal"},"content":{"rendered":"<p>Ser\u00e1 durante el segundo semestre de 2019 y est\u00e1 prevista para el mes de octubre la pr\u00f3xima XXI Bienal Nacional de Arquitectura y Urbanismo 2019, que despu\u00e9s de dos versiones en el Parque Cultural de Valpara\u00edso (2015 y 2017) regresa a Santiago.<\/p>\n<p>Este mi\u00e9rcoles 6 de junio, en pleno Mercado Matadero Franklin, junto al alcalde Felipe Alessandri, concejales de la comuna; el Ministro de Vivienda y Urbanismo, Cristi\u00e1n Monckeberg; el presidente del Colegio de Arquitectos de Chile, Humberto Eliash; subsecretarios, seremis y otras autoridades, se hizo oficial el Barrio Franklin como sede de la pr\u00f3xima Bienal.<\/p>\n<p>A trav\u00e9s de la firma de un convenio entre la Municipalidad de Santiago, el Colegio de Arquitectos de Chile y el Mercado, se oficializ\u00f3 tanto el Mercado Matadero Franklin como el Teatro Huemul como los espacios de despliegue del principal encuentro de la arquitectura nacional.<\/p>\n<p>&nbsp;<\/p>\n<p><img loading=\"lazy\" decoding=\"async\" class=\"alignnone wp-image-20822 size-full\" src=\"http:\/\/colegioarquitectos.com\/noticias\/wp-content\/uploads\/2018\/06\/2LH7472.jpg\" alt=\"\" width=\"800\" height=\"533\" srcset=\"https:\/\/colegioarquitectos.com\/noticias\/wp-content\/uploads\/2018\/06\/2LH7472.jpg 800w, https:\/\/colegioarquitectos.com\/noticias\/wp-content\/uploads\/2018\/06\/2LH7472-300x200.jpg 300w, https:\/\/colegioarquitectos.com\/noticias\/wp-content\/uploads\/2018\/06\/2LH7472-768x512.jpg 768w\" sizes=\"auto, (max-width: 800px) 100vw, 800px\" \/><\/p>\n<p><em><strong>Humberto Eliash<\/strong>, Presidente CA; <strong>Olimpia Nadales<\/strong>, Pdta. Administraci\u00f3n Mercado Matadero Franklin; <strong>Felipe Alessandri<\/strong>, Alcalde de Santiago y <strong>Jos\u00e9 Reyes<\/strong>, Administrador de la Comunidad Mercado Matadero Franklin.\u00a0<\/em><strong><em>\u00a0 \u00a0 \u00a0<\/em>\u00a0<\/strong><\/p>\n<p>\u201cNuestra idea es hacer la XXI Bienal de Arquitectura 2019 m\u00e1s inclusiva, ciudadana y como veh\u00edculo de integraci\u00f3n social. Por eso elegimos este barrio de la comuna de Santiago por sus distintas actividades y usos, adem\u00e1s de situaciones urbanas que emergen. Los arquitectos se ver\u00e1n estimulados all\u00ed para exponer y crear, y\u00a0 la ciudadan\u00eda lo sentir\u00e1 como algo propio y cercano\u201d explica Humberto Eliash, presidente nacional del Colegio de Arquitectos.<\/p>\n<p>Para la Municipalidad de Santiago, el encuentro ser\u00e1 parte del proceso de transformaci\u00f3n y renovaci\u00f3n del sector que est\u00e1n impulsado. \u201cEstamos tremendamente felices y agradecidos con el Colegio de Arquitectos por haber elegido al Barrio Franklin como sede de la Bienal de Arquitectura 2019. Nosotros estamos trabajando hace mucho tiempo con los vecinos y locatarios de este sector para darle una nueva vida a trav\u00e9s de acciones concretas como esta, que revitalizan y ponen el valor esta zona patrimonial de la comuna\u201d explic\u00f3 el alcalde de Santiago Felipe Alessandri.<\/p>\n\n\t\t<style type=\"text\/css\">\n\t\t\t#gallery-1 {\n\t\t\t\tmargin: auto;\n\t\t\t}\n\t\t\t#gallery-1 .gallery-item {\n\t\t\t\tfloat: left;\n\t\t\t\tmargin-top: 10px;\n\t\t\t\ttext-align: center;\n\t\t\t\twidth: 33%;\n\t\t\t}\n\t\t\t#gallery-1 img {\n\t\t\t\tborder: 2px solid #cfcfcf;\n\t\t\t}\n\t\t\t#gallery-1 .gallery-caption {\n\t\t\t\tmargin-left: 0;\n\t\t\t}\n\t\t\t\/* see gallery_shortcode() in wp-includes\/media.php *\/\n\t\t<\/style>\n\t\t<div id='gallery-1' class='gallery galleryid-20819 gallery-columns-3 gallery-size-thumbnail'><dl class='gallery-item'>\n\t\t\t<dt class='gallery-icon landscape'>\n\t\t\t\t<a href='https:\/\/colegioarquitectos.com\/noticias\/?attachment_id=20823'><img loading=\"lazy\" decoding=\"async\" width=\"180\" height=\"180\" src=\"https:\/\/colegioarquitectos.com\/noticias\/wp-content\/uploads\/2018\/06\/2LH7361-180x180.jpg\" class=\"attachment-thumbnail size-thumbnail\" alt=\"\" \/><\/a>\n\t\t\t<\/dt><\/dl><dl class='gallery-item'>\n\t\t\t<dt class='gallery-icon landscape'>\n\t\t\t\t<a href='https:\/\/colegioarquitectos.com\/noticias\/?attachment_id=20824'><img loading=\"lazy\" decoding=\"async\" width=\"180\" height=\"180\" src=\"https:\/\/colegioarquitectos.com\/noticias\/wp-content\/uploads\/2018\/06\/2LH7392-180x180.jpg\" class=\"attachment-thumbnail size-thumbnail\" alt=\"\" \/><\/a>\n\t\t\t<\/dt><\/dl>\n\t\t\t<br style='clear: both' \/>\n\t\t<\/div>\n\n<p>La Bienal Nacional de Arquitectura y Urbanismo fue creada por Colegio de Arquitectos de Chile el a\u00f1o 1977 y se ha realizado cada dos a\u00f1os en forma continua, siendo el espacio de reflexi\u00f3n y difusi\u00f3n de la arquitectura m\u00e1s importante de Chile. Con 25.000 visitas promedio en cada versi\u00f3n, es la vitrina de los mejores proyectos arquitect\u00f3nicos del pa\u00eds, pero tambi\u00e9n la instancia de discusi\u00f3n sobre los problemas en torno a la vivienda y el crecimiento urbano que afectan a la poblaci\u00f3n en Chile.<\/p>\n<p>En la Bienal se entrega el Premio Nacional de Arquitectura y exponen destacados arquitectos nacionales y extranjeros. Han dado charlas magistrales en bienales anteriores algunos nombres como Zaha Hadid (Inglaterra), Alvaro Siza (Portugal), Shigeru Ban y Kasuyo Sejima (Jap\u00f3n), Alejandro Aravena (Chile) y Rafael Moneo (Espa\u00f1a), todos quienes luego fueron reconocidos con el Pritzker, el premio de arquitectura m\u00e1s importante a nivel mundial.<\/p>\n<p>Para esta Bienal se espera un importante n\u00famero de visitas y expositores de regiones, y tanto para el Colegio de Arquitectos como para el Municipio de Santiago se plantea como un festival ciudadano gratuito, abierto al\u00a0 p\u00fablico y con muchas actividades culturales.<\/p>\n<p><\/p>","protected":false},"excerpt":{"rendered":"<p>Ser\u00e1 durante el segundo semestre de 2019 y est\u00e1 prevista para el mes de octubre la pr\u00f3xima XXI Bienal Nacional de Arquitectura y Urbanismo 2019, que despu\u00e9s de dos versiones en el Parque Cultural de Valpara\u00edso (2015 y 2017) regresa &hellip; <a class=\"more-link\" href=\"https:\/\/colegioarquitectos.com\/noticias\/?p=20819\">ver m\u00e1s<\/a><\/p>","protected":false},"author":4,"featured_media":20821,"comment_status":"closed","ping_status":"closed","sticky":false,"template":"","format":"standard","meta":{"footnotes":""},"categories":[8],"tags":[],"class_list":["post-20819","post","type-post","status-publish","format-standard","has-post-thumbnail","hentry","category-colegio-de-arquitectos"],"yoast_head":"<!-- This site is optimized with the Yoast SEO plugin v24.2 - https:\/\/yoast.com\/wordpress\/plugins\/seo\/ -->\n<title>Con alcalde y ministro Colegio firma convenio que convierte a Barrio Franklin en sede de la Bienal - COLEGIO DE ARQUITECTOS DE CHILE<\/title>\n<meta name=\"robots\" content=\"index, follow, max-snippet:-1, max-image-preview:large, max-video-preview:-1\" \/>\n<link rel=\"canonical\" href=\"https:\/\/colegioarquitectos.com\/noticias\/?p=20819\" \/>\n<meta property=\"og:locale\" content=\"es_ES\" \/>\n<meta property=\"og:type\" content=\"article\" \/>\n<meta property=\"og:title\" content=\"Con alcalde y ministro Colegio firma convenio que convierte a Barrio Franklin en sede de la Bienal - COLEGIO DE ARQUITECTOS DE CHILE\" \/>\n<meta property=\"og:description\" content=\"Ser\u00e1 durante el segundo semestre de 2019 y est\u00e1 prevista para el mes de octubre la pr\u00f3xima XXI Bienal Nacional de Arquitectura y Urbanismo 2019, que despu\u00e9s de dos versiones en el Parque Cultural de Valpara\u00edso (2015 y 2017) regresa &hellip; ver m\u00e1s\" \/>\n<meta property=\"og:url\" content=\"https:\/\/colegioarquitectos.com\/noticias\/?p=20819\" \/>\n<meta property=\"og:site_name\" content=\"COLEGIO DE ARQUITECTOS DE CHILE\" \/>\n<meta property=\"article:publisher\" content=\"https:\/\/facebook.com\/Colegioarq\/\" \/>\n<meta property=\"article:published_time\" content=\"2018-06-07T15:42:33+00:00\" \/>\n<meta property=\"article:modified_time\" content=\"2018-06-07T15:45:04+00:00\" \/>\n<meta property=\"og:image\" content=\"https:\/\/colegioarquitectos.com\/noticias\/wp-content\/uploads\/2018\/06\/2LH7472-1.jpg\" \/>\n\t<meta property=\"og:image:width\" content=\"800\" \/>\n\t<meta property=\"og:image:height\" content=\"533\" \/>\n\t<meta property=\"og:image:type\" content=\"image\/jpeg\" \/>\n<meta name=\"author\" content=\"Colegio de Arquitectos de Chile\" \/>\n<meta name=\"twitter:card\" content=\"summary_large_image\" \/>\n<meta name=\"twitter:creator\" content=\"@colegioarq\" \/>\n<meta name=\"twitter:site\" content=\"@colegioarq\" \/>\n<meta name=\"twitter:label1\" content=\"Escrito por\" \/>\n\t<meta name=\"twitter:data1\" content=\"Colegio de Arquitectos de Chile\" \/>\n\t<meta name=\"twitter:label2\" content=\"Tiempo de lectura\" \/>\n\t<meta name=\"twitter:data2\" content=\"3 minutos\" \/>\n<script type=\"application\/ld+json\" class=\"yoast-schema-graph\">{\"@context\":\"https:\/\/schema.org\",\"@graph\":[{\"@type\":\"Article\",\"@id\":\"https:\/\/colegioarquitectos.com\/noticias\/?p=20819#article\",\"isPartOf\":{\"@id\":\"https:\/\/colegioarquitectos.com\/noticias\/?p=20819\"},\"author\":{\"name\":\"Colegio de Arquitectos de Chile\",\"@id\":\"https:\/\/colegioarquitectos.com\/noticias\/#\/schema\/person\/685cc0aad148303c5608f049af8285ad\"},\"headline\":\"Con alcalde y ministro Colegio firma convenio que convierte a Barrio Franklin en sede de la Bienal\",\"datePublished\":\"2018-06-07T15:42:33+00:00\",\"dateModified\":\"2018-06-07T15:45:04+00:00\",\"mainEntityOfPage\":{\"@id\":\"https:\/\/colegioarquitectos.com\/noticias\/?p=20819\"},\"wordCount\":560,\"publisher\":{\"@id\":\"https:\/\/colegioarquitectos.com\/noticias\/#organization\"},\"image\":{\"@id\":\"https:\/\/colegioarquitectos.com\/noticias\/?p=20819#primaryimage\"},\"thumbnailUrl\":\"https:\/\/colegioarquitectos.com\/noticias\/wp-content\/uploads\/2018\/06\/2LH7472-1.jpg\",\"articleSection\":[\"Colegio\"],\"inLanguage\":\"es\"},{\"@type\":\"WebPage\",\"@id\":\"https:\/\/colegioarquitectos.com\/noticias\/?p=20819\",\"url\":\"https:\/\/colegioarquitectos.com\/noticias\/?p=20819\",\"name\":\"Con alcalde y ministro Colegio firma convenio que convierte a Barrio Franklin en sede de la Bienal - COLEGIO DE ARQUITECTOS DE CHILE\",\"isPartOf\":{\"@id\":\"https:\/\/colegioarquitectos.com\/noticias\/#website\"},\"primaryImageOfPage\":{\"@id\":\"https:\/\/colegioarquitectos.com\/noticias\/?p=20819#primaryimage\"},\"image\":{\"@id\":\"https:\/\/colegioarquitectos.com\/noticias\/?p=20819#primaryimage\"},\"thumbnailUrl\":\"https:\/\/colegioarquitectos.com\/noticias\/wp-content\/uploads\/2018\/06\/2LH7472-1.jpg\",\"datePublished\":\"2018-06-07T15:42:33+00:00\",\"dateModified\":\"2018-06-07T15:45:04+00:00\",\"breadcrumb\":{\"@id\":\"https:\/\/colegioarquitectos.com\/noticias\/?p=20819#breadcrumb\"},\"inLanguage\":\"es\",\"potentialAction\":[{\"@type\":\"ReadAction\",\"target\":[\"https:\/\/colegioarquitectos.com\/noticias\/?p=20819\"]}]},{\"@type\":\"ImageObject\",\"inLanguage\":\"es\",\"@id\":\"https:\/\/colegioarquitectos.com\/noticias\/?p=20819#primaryimage\",\"url\":\"https:\/\/colegioarquitectos.com\/noticias\/wp-content\/uploads\/2018\/06\/2LH7472-1.jpg\",\"contentUrl\":\"https:\/\/colegioarquitectos.com\/noticias\/wp-content\/uploads\/2018\/06\/2LH7472-1.jpg\",\"width\":800,\"height\":533},{\"@type\":\"BreadcrumbList\",\"@id\":\"https:\/\/colegioarquitectos.com\/noticias\/?p=20819#breadcrumb\",\"itemListElement\":[{\"@type\":\"ListItem\",\"position\":1,\"name\":\"Portada\",\"item\":\"https:\/\/colegioarquitectos.com\/noticias\"},{\"@type\":\"ListItem\",\"position\":2,\"name\":\"Con alcalde y ministro Colegio firma convenio que convierte a Barrio Franklin en sede de la Bienal\"}]},{\"@type\":\"WebSite\",\"@id\":\"https:\/\/colegioarquitectos.com\/noticias\/#website\",\"url\":\"https:\/\/colegioarquitectos.com\/noticias\/\",\"name\":\"COLEGIO DE ARQUITECTOS DE CHILE\",\"description\":\"\",\"publisher\":{\"@id\":\"https:\/\/colegioarquitectos.com\/noticias\/#organization\"},\"potentialAction\":[{\"@type\":\"SearchAction\",\"target\":{\"@type\":\"EntryPoint\",\"urlTemplate\":\"https:\/\/colegioarquitectos.com\/noticias\/?s={search_term_string}\"},\"query-input\":{\"@type\":\"PropertyValueSpecification\",\"valueRequired\":true,\"valueName\":\"search_term_string\"}}],\"inLanguage\":\"es\"},{\"@type\":\"Organization\",\"@id\":\"https:\/\/colegioarquitectos.com\/noticias\/#organization\",\"name\":\"COLEGIO DE ARQUITECTOS DE CHILE\",\"url\":\"https:\/\/colegioarquitectos.com\/noticias\/\",\"logo\":{\"@type\":\"ImageObject\",\"inLanguage\":\"es\",\"@id\":\"https:\/\/colegioarquitectos.com\/noticias\/#\/schema\/logo\/image\/\",\"url\":\"https:\/\/colegioarquitectos.com\/noticias\/wp-content\/uploads\/2021\/05\/ENCABEZADO-LOGO-CA.jpg\",\"contentUrl\":\"https:\/\/colegioarquitectos.com\/noticias\/wp-content\/uploads\/2021\/05\/ENCABEZADO-LOGO-CA.jpg\",\"width\":690,\"height\":350,\"caption\":\"COLEGIO DE ARQUITECTOS DE CHILE\"},\"image\":{\"@id\":\"https:\/\/colegioarquitectos.com\/noticias\/#\/schema\/logo\/image\/\"},\"sameAs\":[\"https:\/\/facebook.com\/Colegioarq\/\",\"https:\/\/x.com\/colegioarq\",\"https:\/\/instagram.com\/colegioarq\",\"https:\/\/youtube.com\/@ColegiodeArquitectosdeChile\"]},{\"@type\":\"Person\",\"@id\":\"https:\/\/colegioarquitectos.com\/noticias\/#\/schema\/person\/685cc0aad148303c5608f049af8285ad\",\"name\":\"Colegio de Arquitectos de Chile\",\"url\":\"https:\/\/colegioarquitectos.com\/noticias\/?author=4\"}]}<\/script>\n<!-- \/ Yoast SEO plugin. -->","yoast_head_json":{"title":"Con alcalde y ministro Colegio firma convenio que convierte a Barrio Franklin en sede de la Bienal - COLEGIO DE ARQUITECTOS DE CHILE","robots":{"index":"index","follow":"follow","max-snippet":"max-snippet:-1","max-image-preview":"max-image-preview:large","max-video-preview":"max-video-preview:-1"},"canonical":"https:\/\/colegioarquitectos.com\/noticias\/?p=20819","og_locale":"es_ES","og_type":"article","og_title":"Con alcalde y ministro Colegio firma convenio que convierte a Barrio Franklin en sede de la Bienal - COLEGIO DE ARQUITECTOS DE CHILE","og_description":"Ser\u00e1 durante el segundo semestre de 2019 y est\u00e1 prevista para el mes de octubre la pr\u00f3xima XXI Bienal Nacional de Arquitectura y Urbanismo 2019, que despu\u00e9s de dos versiones en el Parque Cultural de Valpara\u00edso (2015 y 2017) regresa &hellip; ver m\u00e1s","og_url":"https:\/\/colegioarquitectos.com\/noticias\/?p=20819","og_site_name":"COLEGIO DE ARQUITECTOS DE CHILE","article_publisher":"https:\/\/facebook.com\/Colegioarq\/","article_published_time":"2018-06-07T15:42:33+00:00","article_modified_time":"2018-06-07T15:45:04+00:00","og_image":[{"width":800,"height":533,"url":"https:\/\/colegioarquitectos.com\/noticias\/wp-content\/uploads\/2018\/06\/2LH7472-1.jpg","type":"image\/jpeg"}],"author":"Colegio de Arquitectos de Chile","twitter_card":"summary_large_image","twitter_creator":"@colegioarq","twitter_site":"@colegioarq","twitter_misc":{"Escrito por":"Colegio de Arquitectos de Chile","Tiempo de lectura":"3 minutos"},"schema":{"@context":"https:\/\/schema.org","@graph":[{"@type":"Article","@id":"https:\/\/colegioarquitectos.com\/noticias\/?p=20819#article","isPartOf":{"@id":"https:\/\/colegioarquitectos.com\/noticias\/?p=20819"},"author":{"name":"Colegio de Arquitectos de Chile","@id":"https:\/\/colegioarquitectos.com\/noticias\/#\/schema\/person\/685cc0aad148303c5608f049af8285ad"},"headline":"Con alcalde y ministro Colegio firma convenio que convierte a Barrio Franklin en sede de la Bienal","datePublished":"2018-06-07T15:42:33+00:00","dateModified":"2018-06-07T15:45:04+00:00","mainEntityOfPage":{"@id":"https:\/\/colegioarquitectos.com\/noticias\/?p=20819"},"wordCount":560,"publisher":{"@id":"https:\/\/colegioarquitectos.com\/noticias\/#organization"},"image":{"@id":"https:\/\/colegioarquitectos.com\/noticias\/?p=20819#primaryimage"},"thumbnailUrl":"https:\/\/colegioarquitectos.com\/noticias\/wp-content\/uploads\/2018\/06\/2LH7472-1.jpg","articleSection":["Colegio"],"inLanguage":"es"},{"@type":"WebPage","@id":"https:\/\/colegioarquitectos.com\/noticias\/?p=20819","url":"https:\/\/colegioarquitectos.com\/noticias\/?p=20819","name":"Con alcalde y ministro Colegio firma convenio que convierte a Barrio Franklin en sede de la Bienal - COLEGIO DE ARQUITECTOS DE CHILE","isPartOf":{"@id":"https:\/\/colegioarquitectos.com\/noticias\/#website"},"primaryImageOfPage":{"@id":"https:\/\/colegioarquitectos.com\/noticias\/?p=20819#primaryimage"},"image":{"@id":"https:\/\/colegioarquitectos.com\/noticias\/?p=20819#primaryimage"},"thumbnailUrl":"https:\/\/colegioarquitectos.com\/noticias\/wp-content\/uploads\/2018\/06\/2LH7472-1.jpg","datePublished":"2018-06-07T15:42:33+00:00","dateModified":"2018-06-07T15:45:04+00:00","breadcrumb":{"@id":"https:\/\/colegioarquitectos.com\/noticias\/?p=20819#breadcrumb"},"inLanguage":"es","potentialAction":[{"@type":"ReadAction","target":["https:\/\/colegioarquitectos.com\/noticias\/?p=20819"]}]},{"@type":"ImageObject","inLanguage":"es","@id":"https:\/\/colegioarquitectos.com\/noticias\/?p=20819#primaryimage","url":"https:\/\/colegioarquitectos.com\/noticias\/wp-content\/uploads\/2018\/06\/2LH7472-1.jpg","contentUrl":"https:\/\/colegioarquitectos.com\/noticias\/wp-content\/uploads\/2018\/06\/2LH7472-1.jpg","width":800,"height":533},{"@type":"BreadcrumbList","@id":"https:\/\/colegioarquitectos.com\/noticias\/?p=20819#breadcrumb","itemListElement":[{"@type":"ListItem","position":1,"name":"Portada","item":"https:\/\/colegioarquitectos.com\/noticias"},{"@type":"ListItem","position":2,"name":"Con alcalde y ministro Colegio firma convenio que convierte a Barrio Franklin en sede de la Bienal"}]},{"@type":"WebSite","@id":"https:\/\/colegioarquitectos.com\/noticias\/#website","url":"https:\/\/colegioarquitectos.com\/noticias\/","name":"COLEGIO DE ARQUITECTOS DE CHILE","description":"","publisher":{"@id":"https:\/\/colegioarquitectos.com\/noticias\/#organization"},"potentialAction":[{"@type":"SearchAction","target":{"@type":"EntryPoint","urlTemplate":"https:\/\/colegioarquitectos.com\/noticias\/?s={search_term_string}"},"query-input":{"@type":"PropertyValueSpecification","valueRequired":true,"valueName":"search_term_string"}}],"inLanguage":"es"},{"@type":"Organization","@id":"https:\/\/colegioarquitectos.com\/noticias\/#organization","name":"COLEGIO DE ARQUITECTOS DE CHILE","url":"https:\/\/colegioarquitectos.com\/noticias\/","logo":{"@type":"ImageObject","inLanguage":"es","@id":"https:\/\/colegioarquitectos.com\/noticias\/#\/schema\/logo\/image\/","url":"https:\/\/colegioarquitectos.com\/noticias\/wp-content\/uploads\/2021\/05\/ENCABEZADO-LOGO-CA.jpg","contentUrl":"https:\/\/colegioarquitectos.com\/noticias\/wp-content\/uploads\/2021\/05\/ENCABEZADO-LOGO-CA.jpg","width":690,"height":350,"caption":"COLEGIO DE ARQUITECTOS DE CHILE"},"image":{"@id":"https:\/\/colegioarquitectos.com\/noticias\/#\/schema\/logo\/image\/"},"sameAs":["https:\/\/facebook.com\/Colegioarq\/","https:\/\/x.com\/colegioarq","https:\/\/instagram.com\/colegioarq","https:\/\/youtube.com\/@ColegiodeArquitectosdeChile"]},{"@type":"Person","@id":"https:\/\/colegioarquitectos.com\/noticias\/#\/schema\/person\/685cc0aad148303c5608f049af8285ad","name":"Colegio de Arquitectos de Chile","url":"https:\/\/colegioarquitectos.com\/noticias\/?author=4"}]}},"_links":{"self":[{"href":"https:\/\/colegioarquitectos.com\/noticias\/index.php?rest_route=\/wp\/v2\/posts\/20819","targetHints":{"allow":["GET"]}}],"collection":[{"href":"https:\/\/colegioarquitectos.com\/noticias\/index.php?rest_route=\/wp\/v2\/posts"}],"about":[{"href":"https:\/\/colegioarquitectos.com\/noticias\/index.php?rest_route=\/wp\/v2\/types\/post"}],"author":[{"embeddable":true,"href":"https:\/\/colegioarquitectos.com\/noticias\/index.php?rest_route=\/wp\/v2\/users\/4"}],"replies":[{"embeddable":true,"href":"https:\/\/colegioarquitectos.com\/noticias\/index.php?rest_route=%2Fwp%2Fv2%2Fcomments&post=20819"}],"version-history":[{"count":0,"href":"https:\/\/colegioarquitectos.com\/noticias\/index.php?rest_route=\/wp\/v2\/posts\/20819\/revisions"}],"wp:featuredmedia":[{"embeddable":true,"href":"https:\/\/colegioarquitectos.com\/noticias\/index.php?rest_route=\/wp\/v2\/media\/20821"}],"wp:attachment":[{"href":"https:\/\/colegioarquitectos.com\/noticias\/index.php?rest_route=%2Fwp%2Fv2%2Fmedia&parent=20819"}],"wp:term":[{"taxonomy":"category","embeddable":true,"href":"https:\/\/colegioarquitectos.com\/noticias\/index.php?rest_route=%2Fwp%2Fv2%2Fcategories&post=20819"},{"taxonomy":"post_tag","embeddable":true,"href":"https:\/\/colegioarquitectos.com\/noticias\/index.php?rest_route=%2Fwp%2Fv2%2Ftags&post=20819"}],"curies":[{"name":"wp","href":"https:\/\/api.w.org\/{rel}","templated":true}]}}