
{"id":20829,"date":"2018-06-07T20:15:41","date_gmt":"2018-06-07T20:15:41","guid":{"rendered":"http:\/\/colegioarquitectos.com\/?p=20829"},"modified":"2018-06-07T20:19:38","modified_gmt":"2018-06-07T20:19:38","slug":"cristian-izquierdo-emilio-marin-martes-12-de-junio-1830-horas","status":"publish","type":"post","link":"https:\/\/colegioarquitectos.com\/noticias\/?p=20829","title":{"rendered":"Cristi\u00e1n Izquierdo + Emilio Mar\u00edn | Martes 12 de junio, 18:30 horas"},"content":{"rendered":"<div>\n<p>El\u00a0<strong>pr\u00f3ximo martes 12 de junio<\/strong>\u00a0ser\u00e1 el cierre del ciclo de\u00a0charlas de Cultura Arquitect\u00f3nica de oto\u00f1o de 2018, titulado \u201cPrograma\u201d, en el\u00a0que estar\u00e1n como invitados los arquitectos\u00a0<a href=\"http:\/\/cristianizquierdo.cl\/\">Cristi\u00e1n Izquierdo<\/a>\u00a0y\u00a0<a href=\"http:\/\/www.emiliomarin.cl\/\">Emilio Mar\u00edn<\/a>.<\/p>\n<p>Bajo el subtema \u201cHabitaci\u00f3n\u201d y a trav\u00e9s de las obras\u00a0<a href=\"http:\/\/cristianizquierdo.cl\/proyectos\/casa-en-morrillos\/\">Casa Morrillos<\/a>\u00a0y\u00a0<a href=\"http:\/\/www.surmonte.cl\/proyecto\/lautaro-ferrer-2\/\">Edificio LF35<\/a>, los expositores reflexionar\u00e1n en torno a los espacios\u00a0residenciales, sus encargos, clientes y estrategias proyectuales.\u00a0En esta ocasi\u00f3n, adem\u00e1s, el moderador del panel ser\u00e1 Ernesto Silva, acad\u00e9mico USS\u00a0y director de la EA sede Santiago.<\/p>\n<p>La conferencia ser\u00e1\u00a0<strong>a las 18:30 horas en el auditorio del Campus Bellavista<\/strong>\u00a0[entrada lateral por P\u00edo Nono].<\/p>\n<\/div>\n<div><\/div>\n<div><\/div>\n<div><img loading=\"lazy\" decoding=\"async\" class=\"wp-image-20831 size-large aligncenter\" src=\"http:\/\/colegioarquitectos.com\/noticias\/wp-content\/uploads\/2018\/06\/Flyer_CCCA_Charla-cierre-761x1024.png\" alt=\"\" width=\"690\" height=\"928\" srcset=\"https:\/\/colegioarquitectos.com\/noticias\/wp-content\/uploads\/2018\/06\/Flyer_CCCA_Charla-cierre-761x1024.png 761w, https:\/\/colegioarquitectos.com\/noticias\/wp-content\/uploads\/2018\/06\/Flyer_CCCA_Charla-cierre-223x300.png 223w, https:\/\/colegioarquitectos.com\/noticias\/wp-content\/uploads\/2018\/06\/Flyer_CCCA_Charla-cierre-768x1034.png 768w, https:\/\/colegioarquitectos.com\/noticias\/wp-content\/uploads\/2018\/06\/Flyer_CCCA_Charla-cierre.png 800w\" sizes=\"auto, (max-width: 690px) 100vw, 690px\" \/><\/div>\n<p><\/p>","protected":false},"excerpt":{"rendered":"<p>El\u00a0pr\u00f3ximo martes 12 de junio\u00a0ser\u00e1 el cierre del ciclo de\u00a0charlas de Cultura Arquitect\u00f3nica de oto\u00f1o de 2018, titulado \u201cPrograma\u201d, en el\u00a0que estar\u00e1n como invitados los arquitectos\u00a0Cristi\u00e1n Izquierdo\u00a0y\u00a0Emilio Mar\u00edn. Bajo el subtema \u201cHabitaci\u00f3n\u201d y a trav\u00e9s de las obras\u00a0Casa Morrillos\u00a0y\u00a0Edificio LF35, &hellip; <a class=\"more-link\" href=\"https:\/\/colegioarquitectos.com\/noticias\/?p=20829\">ver m\u00e1s<\/a><\/p>","protected":false},"author":4,"featured_media":20830,"comment_status":"closed","ping_status":"closed","sticky":false,"template":"","format":"standard","meta":{"footnotes":""},"categories":[35],"tags":[],"class_list":["post-20829","post","type-post","status-publish","format-standard","has-post-thumbnail","hentry","category-universidades"],"yoast_head":"<!-- This site is optimized with the Yoast SEO plugin v24.2 - https:\/\/yoast.com\/wordpress\/plugins\/seo\/ -->\n<title>Cristi\u00e1n Izquierdo + Emilio Mar\u00edn | Martes 12 de junio, 18:30 horas - COLEGIO DE ARQUITECTOS DE CHILE<\/title>\n<meta name=\"robots\" content=\"index, follow, max-snippet:-1, max-image-preview:large, max-video-preview:-1\" \/>\n<link rel=\"canonical\" href=\"https:\/\/colegioarquitectos.com\/noticias\/?p=20829\" \/>\n<meta property=\"og:locale\" content=\"es_ES\" \/>\n<meta property=\"og:type\" content=\"article\" \/>\n<meta property=\"og:title\" content=\"Cristi\u00e1n Izquierdo + Emilio Mar\u00edn | Martes 12 de junio, 18:30 horas - COLEGIO DE ARQUITECTOS DE CHILE\" \/>\n<meta property=\"og:description\" content=\"El\u00a0pr\u00f3ximo martes 12 de junio\u00a0ser\u00e1 el cierre del ciclo de\u00a0charlas de Cultura Arquitect\u00f3nica de oto\u00f1o de 2018, titulado \u201cPrograma\u201d, en el\u00a0que estar\u00e1n como invitados los arquitectos\u00a0Cristi\u00e1n Izquierdo\u00a0y\u00a0Emilio Mar\u00edn. Bajo el subtema \u201cHabitaci\u00f3n\u201d y a trav\u00e9s de las obras\u00a0Casa Morrillos\u00a0y\u00a0Edificio LF35, &hellip; ver m\u00e1s\" \/>\n<meta property=\"og:url\" content=\"https:\/\/colegioarquitectos.com\/noticias\/?p=20829\" \/>\n<meta property=\"og:site_name\" content=\"COLEGIO DE ARQUITECTOS DE CHILE\" \/>\n<meta property=\"article:publisher\" content=\"https:\/\/facebook.com\/Colegioarq\/\" \/>\n<meta property=\"article:published_time\" content=\"2018-06-07T20:15:41+00:00\" \/>\n<meta property=\"article:modified_time\" content=\"2018-06-07T20:19:38+00:00\" \/>\n<meta property=\"og:image\" content=\"https:\/\/colegioarquitectos.com\/noticias\/wp-content\/uploads\/2018\/06\/USS.jpg\" \/>\n\t<meta property=\"og:image:width\" content=\"690\" \/>\n\t<meta property=\"og:image:height\" content=\"350\" \/>\n\t<meta property=\"og:image:type\" content=\"image\/jpeg\" \/>\n<meta name=\"author\" content=\"Colegio de Arquitectos de Chile\" \/>\n<meta name=\"twitter:card\" content=\"summary_large_image\" \/>\n<meta name=\"twitter:creator\" content=\"@colegioarq\" \/>\n<meta name=\"twitter:site\" content=\"@colegioarq\" \/>\n<meta name=\"twitter:label1\" content=\"Escrito por\" \/>\n\t<meta name=\"twitter:data1\" content=\"Colegio de Arquitectos de Chile\" \/>\n\t<meta name=\"twitter:label2\" content=\"Tiempo de lectura\" \/>\n\t<meta name=\"twitter:data2\" content=\"1 minuto\" \/>\n<script type=\"application\/ld+json\" class=\"yoast-schema-graph\">{\"@context\":\"https:\/\/schema.org\",\"@graph\":[{\"@type\":\"Article\",\"@id\":\"https:\/\/colegioarquitectos.com\/noticias\/?p=20829#article\",\"isPartOf\":{\"@id\":\"https:\/\/colegioarquitectos.com\/noticias\/?p=20829\"},\"author\":{\"name\":\"Colegio de Arquitectos de Chile\",\"@id\":\"https:\/\/colegioarquitectos.com\/noticias\/#\/schema\/person\/685cc0aad148303c5608f049af8285ad\"},\"headline\":\"Cristi\u00e1n Izquierdo + Emilio Mar\u00edn | Martes 12 de junio, 18:30 horas\",\"datePublished\":\"2018-06-07T20:15:41+00:00\",\"dateModified\":\"2018-06-07T20:19:38+00:00\",\"mainEntityOfPage\":{\"@id\":\"https:\/\/colegioarquitectos.com\/noticias\/?p=20829\"},\"wordCount\":123,\"publisher\":{\"@id\":\"https:\/\/colegioarquitectos.com\/noticias\/#organization\"},\"image\":{\"@id\":\"https:\/\/colegioarquitectos.com\/noticias\/?p=20829#primaryimage\"},\"thumbnailUrl\":\"https:\/\/colegioarquitectos.com\/noticias\/wp-content\/uploads\/2018\/06\/USS.jpg\",\"articleSection\":[\"Universidades\"],\"inLanguage\":\"es\"},{\"@type\":\"WebPage\",\"@id\":\"https:\/\/colegioarquitectos.com\/noticias\/?p=20829\",\"url\":\"https:\/\/colegioarquitectos.com\/noticias\/?p=20829\",\"name\":\"Cristi\u00e1n Izquierdo + Emilio Mar\u00edn | Martes 12 de junio, 18:30 horas - COLEGIO DE ARQUITECTOS DE CHILE\",\"isPartOf\":{\"@id\":\"https:\/\/colegioarquitectos.com\/noticias\/#website\"},\"primaryImageOfPage\":{\"@id\":\"https:\/\/colegioarquitectos.com\/noticias\/?p=20829#primaryimage\"},\"image\":{\"@id\":\"https:\/\/colegioarquitectos.com\/noticias\/?p=20829#primaryimage\"},\"thumbnailUrl\":\"https:\/\/colegioarquitectos.com\/noticias\/wp-content\/uploads\/2018\/06\/USS.jpg\",\"datePublished\":\"2018-06-07T20:15:41+00:00\",\"dateModified\":\"2018-06-07T20:19:38+00:00\",\"breadcrumb\":{\"@id\":\"https:\/\/colegioarquitectos.com\/noticias\/?p=20829#breadcrumb\"},\"inLanguage\":\"es\",\"potentialAction\":[{\"@type\":\"ReadAction\",\"target\":[\"https:\/\/colegioarquitectos.com\/noticias\/?p=20829\"]}]},{\"@type\":\"ImageObject\",\"inLanguage\":\"es\",\"@id\":\"https:\/\/colegioarquitectos.com\/noticias\/?p=20829#primaryimage\",\"url\":\"https:\/\/colegioarquitectos.com\/noticias\/wp-content\/uploads\/2018\/06\/USS.jpg\",\"contentUrl\":\"https:\/\/colegioarquitectos.com\/noticias\/wp-content\/uploads\/2018\/06\/USS.jpg\",\"width\":690,\"height\":350},{\"@type\":\"BreadcrumbList\",\"@id\":\"https:\/\/colegioarquitectos.com\/noticias\/?p=20829#breadcrumb\",\"itemListElement\":[{\"@type\":\"ListItem\",\"position\":1,\"name\":\"Portada\",\"item\":\"https:\/\/colegioarquitectos.com\/noticias\"},{\"@type\":\"ListItem\",\"position\":2,\"name\":\"Cristi\u00e1n Izquierdo + Emilio Mar\u00edn | Martes 12 de junio, 18:30 horas\"}]},{\"@type\":\"WebSite\",\"@id\":\"https:\/\/colegioarquitectos.com\/noticias\/#website\",\"url\":\"https:\/\/colegioarquitectos.com\/noticias\/\",\"name\":\"COLEGIO DE ARQUITECTOS DE CHILE\",\"description\":\"\",\"publisher\":{\"@id\":\"https:\/\/colegioarquitectos.com\/noticias\/#organization\"},\"potentialAction\":[{\"@type\":\"SearchAction\",\"target\":{\"@type\":\"EntryPoint\",\"urlTemplate\":\"https:\/\/colegioarquitectos.com\/noticias\/?s={search_term_string}\"},\"query-input\":{\"@type\":\"PropertyValueSpecification\",\"valueRequired\":true,\"valueName\":\"search_term_string\"}}],\"inLanguage\":\"es\"},{\"@type\":\"Organization\",\"@id\":\"https:\/\/colegioarquitectos.com\/noticias\/#organization\",\"name\":\"COLEGIO DE ARQUITECTOS DE CHILE\",\"url\":\"https:\/\/colegioarquitectos.com\/noticias\/\",\"logo\":{\"@type\":\"ImageObject\",\"inLanguage\":\"es\",\"@id\":\"https:\/\/colegioarquitectos.com\/noticias\/#\/schema\/logo\/image\/\",\"url\":\"https:\/\/colegioarquitectos.com\/noticias\/wp-content\/uploads\/2021\/05\/ENCABEZADO-LOGO-CA.jpg\",\"contentUrl\":\"https:\/\/colegioarquitectos.com\/noticias\/wp-content\/uploads\/2021\/05\/ENCABEZADO-LOGO-CA.jpg\",\"width\":690,\"height\":350,\"caption\":\"COLEGIO DE ARQUITECTOS DE CHILE\"},\"image\":{\"@id\":\"https:\/\/colegioarquitectos.com\/noticias\/#\/schema\/logo\/image\/\"},\"sameAs\":[\"https:\/\/facebook.com\/Colegioarq\/\",\"https:\/\/x.com\/colegioarq\",\"https:\/\/instagram.com\/colegioarq\",\"https:\/\/youtube.com\/@ColegiodeArquitectosdeChile\"]},{\"@type\":\"Person\",\"@id\":\"https:\/\/colegioarquitectos.com\/noticias\/#\/schema\/person\/685cc0aad148303c5608f049af8285ad\",\"name\":\"Colegio de Arquitectos de Chile\",\"url\":\"https:\/\/colegioarquitectos.com\/noticias\/?author=4\"}]}<\/script>\n<!-- \/ Yoast SEO plugin. -->","yoast_head_json":{"title":"Cristi\u00e1n Izquierdo + Emilio Mar\u00edn | Martes 12 de junio, 18:30 horas - COLEGIO DE ARQUITECTOS DE CHILE","robots":{"index":"index","follow":"follow","max-snippet":"max-snippet:-1","max-image-preview":"max-image-preview:large","max-video-preview":"max-video-preview:-1"},"canonical":"https:\/\/colegioarquitectos.com\/noticias\/?p=20829","og_locale":"es_ES","og_type":"article","og_title":"Cristi\u00e1n Izquierdo + Emilio Mar\u00edn | Martes 12 de junio, 18:30 horas - COLEGIO DE ARQUITECTOS DE CHILE","og_description":"El\u00a0pr\u00f3ximo martes 12 de junio\u00a0ser\u00e1 el cierre del ciclo de\u00a0charlas de Cultura Arquitect\u00f3nica de oto\u00f1o de 2018, titulado \u201cPrograma\u201d, en el\u00a0que estar\u00e1n como invitados los arquitectos\u00a0Cristi\u00e1n Izquierdo\u00a0y\u00a0Emilio Mar\u00edn. Bajo el subtema \u201cHabitaci\u00f3n\u201d y a trav\u00e9s de las obras\u00a0Casa Morrillos\u00a0y\u00a0Edificio LF35, &hellip; ver m\u00e1s","og_url":"https:\/\/colegioarquitectos.com\/noticias\/?p=20829","og_site_name":"COLEGIO DE ARQUITECTOS DE CHILE","article_publisher":"https:\/\/facebook.com\/Colegioarq\/","article_published_time":"2018-06-07T20:15:41+00:00","article_modified_time":"2018-06-07T20:19:38+00:00","og_image":[{"width":690,"height":350,"url":"https:\/\/colegioarquitectos.com\/noticias\/wp-content\/uploads\/2018\/06\/USS.jpg","type":"image\/jpeg"}],"author":"Colegio de Arquitectos de Chile","twitter_card":"summary_large_image","twitter_creator":"@colegioarq","twitter_site":"@colegioarq","twitter_misc":{"Escrito por":"Colegio de Arquitectos de Chile","Tiempo de lectura":"1 minuto"},"schema":{"@context":"https:\/\/schema.org","@graph":[{"@type":"Article","@id":"https:\/\/colegioarquitectos.com\/noticias\/?p=20829#article","isPartOf":{"@id":"https:\/\/colegioarquitectos.com\/noticias\/?p=20829"},"author":{"name":"Colegio de Arquitectos de Chile","@id":"https:\/\/colegioarquitectos.com\/noticias\/#\/schema\/person\/685cc0aad148303c5608f049af8285ad"},"headline":"Cristi\u00e1n Izquierdo + Emilio Mar\u00edn | Martes 12 de junio, 18:30 horas","datePublished":"2018-06-07T20:15:41+00:00","dateModified":"2018-06-07T20:19:38+00:00","mainEntityOfPage":{"@id":"https:\/\/colegioarquitectos.com\/noticias\/?p=20829"},"wordCount":123,"publisher":{"@id":"https:\/\/colegioarquitectos.com\/noticias\/#organization"},"image":{"@id":"https:\/\/colegioarquitectos.com\/noticias\/?p=20829#primaryimage"},"thumbnailUrl":"https:\/\/colegioarquitectos.com\/noticias\/wp-content\/uploads\/2018\/06\/USS.jpg","articleSection":["Universidades"],"inLanguage":"es"},{"@type":"WebPage","@id":"https:\/\/colegioarquitectos.com\/noticias\/?p=20829","url":"https:\/\/colegioarquitectos.com\/noticias\/?p=20829","name":"Cristi\u00e1n Izquierdo + Emilio Mar\u00edn | Martes 12 de junio, 18:30 horas - COLEGIO DE ARQUITECTOS DE CHILE","isPartOf":{"@id":"https:\/\/colegioarquitectos.com\/noticias\/#website"},"primaryImageOfPage":{"@id":"https:\/\/colegioarquitectos.com\/noticias\/?p=20829#primaryimage"},"image":{"@id":"https:\/\/colegioarquitectos.com\/noticias\/?p=20829#primaryimage"},"thumbnailUrl":"https:\/\/colegioarquitectos.com\/noticias\/wp-content\/uploads\/2018\/06\/USS.jpg","datePublished":"2018-06-07T20:15:41+00:00","dateModified":"2018-06-07T20:19:38+00:00","breadcrumb":{"@id":"https:\/\/colegioarquitectos.com\/noticias\/?p=20829#breadcrumb"},"inLanguage":"es","potentialAction":[{"@type":"ReadAction","target":["https:\/\/colegioarquitectos.com\/noticias\/?p=20829"]}]},{"@type":"ImageObject","inLanguage":"es","@id":"https:\/\/colegioarquitectos.com\/noticias\/?p=20829#primaryimage","url":"https:\/\/colegioarquitectos.com\/noticias\/wp-content\/uploads\/2018\/06\/USS.jpg","contentUrl":"https:\/\/colegioarquitectos.com\/noticias\/wp-content\/uploads\/2018\/06\/USS.jpg","width":690,"height":350},{"@type":"BreadcrumbList","@id":"https:\/\/colegioarquitectos.com\/noticias\/?p=20829#breadcrumb","itemListElement":[{"@type":"ListItem","position":1,"name":"Portada","item":"https:\/\/colegioarquitectos.com\/noticias"},{"@type":"ListItem","position":2,"name":"Cristi\u00e1n Izquierdo + Emilio Mar\u00edn | Martes 12 de junio, 18:30 horas"}]},{"@type":"WebSite","@id":"https:\/\/colegioarquitectos.com\/noticias\/#website","url":"https:\/\/colegioarquitectos.com\/noticias\/","name":"COLEGIO DE ARQUITECTOS DE CHILE","description":"","publisher":{"@id":"https:\/\/colegioarquitectos.com\/noticias\/#organization"},"potentialAction":[{"@type":"SearchAction","target":{"@type":"EntryPoint","urlTemplate":"https:\/\/colegioarquitectos.com\/noticias\/?s={search_term_string}"},"query-input":{"@type":"PropertyValueSpecification","valueRequired":true,"valueName":"search_term_string"}}],"inLanguage":"es"},{"@type":"Organization","@id":"https:\/\/colegioarquitectos.com\/noticias\/#organization","name":"COLEGIO DE ARQUITECTOS DE CHILE","url":"https:\/\/colegioarquitectos.com\/noticias\/","logo":{"@type":"ImageObject","inLanguage":"es","@id":"https:\/\/colegioarquitectos.com\/noticias\/#\/schema\/logo\/image\/","url":"https:\/\/colegioarquitectos.com\/noticias\/wp-content\/uploads\/2021\/05\/ENCABEZADO-LOGO-CA.jpg","contentUrl":"https:\/\/colegioarquitectos.com\/noticias\/wp-content\/uploads\/2021\/05\/ENCABEZADO-LOGO-CA.jpg","width":690,"height":350,"caption":"COLEGIO DE ARQUITECTOS DE CHILE"},"image":{"@id":"https:\/\/colegioarquitectos.com\/noticias\/#\/schema\/logo\/image\/"},"sameAs":["https:\/\/facebook.com\/Colegioarq\/","https:\/\/x.com\/colegioarq","https:\/\/instagram.com\/colegioarq","https:\/\/youtube.com\/@ColegiodeArquitectosdeChile"]},{"@type":"Person","@id":"https:\/\/colegioarquitectos.com\/noticias\/#\/schema\/person\/685cc0aad148303c5608f049af8285ad","name":"Colegio de Arquitectos de Chile","url":"https:\/\/colegioarquitectos.com\/noticias\/?author=4"}]}},"_links":{"self":[{"href":"https:\/\/colegioarquitectos.com\/noticias\/index.php?rest_route=\/wp\/v2\/posts\/20829","targetHints":{"allow":["GET"]}}],"collection":[{"href":"https:\/\/colegioarquitectos.com\/noticias\/index.php?rest_route=\/wp\/v2\/posts"}],"about":[{"href":"https:\/\/colegioarquitectos.com\/noticias\/index.php?rest_route=\/wp\/v2\/types\/post"}],"author":[{"embeddable":true,"href":"https:\/\/colegioarquitectos.com\/noticias\/index.php?rest_route=\/wp\/v2\/users\/4"}],"replies":[{"embeddable":true,"href":"https:\/\/colegioarquitectos.com\/noticias\/index.php?rest_route=%2Fwp%2Fv2%2Fcomments&post=20829"}],"version-history":[{"count":0,"href":"https:\/\/colegioarquitectos.com\/noticias\/index.php?rest_route=\/wp\/v2\/posts\/20829\/revisions"}],"wp:featuredmedia":[{"embeddable":true,"href":"https:\/\/colegioarquitectos.com\/noticias\/index.php?rest_route=\/wp\/v2\/media\/20830"}],"wp:attachment":[{"href":"https:\/\/colegioarquitectos.com\/noticias\/index.php?rest_route=%2Fwp%2Fv2%2Fmedia&parent=20829"}],"wp:term":[{"taxonomy":"category","embeddable":true,"href":"https:\/\/colegioarquitectos.com\/noticias\/index.php?rest_route=%2Fwp%2Fv2%2Fcategories&post=20829"},{"taxonomy":"post_tag","embeddable":true,"href":"https:\/\/colegioarquitectos.com\/noticias\/index.php?rest_route=%2Fwp%2Fv2%2Ftags&post=20829"}],"curies":[{"name":"wp","href":"https:\/\/api.w.org\/{rel}","templated":true}]}}