
{"id":2087,"date":"2012-08-03T19:55:31","date_gmt":"2012-08-03T19:55:31","guid":{"rendered":"http:\/\/colegioarquitectos.com\/noticias\/?p=2087"},"modified":"2012-08-13T22:11:01","modified_gmt":"2012-08-13T22:11:01","slug":"conferencia-la-planificacion-urbana-como-el-vehiculo-del-desarrollo-sustentable-de-nuestras-ciudades-instituto-de-estudios-urbanos-y-territoriales-uc","status":"publish","type":"post","link":"https:\/\/colegioarquitectos.com\/noticias\/?p=2087","title":{"rendered":"Conferencia \u201cLa planificaci\u00f3n urbana como el veh\u00edculo del desarrollo sustentable de nuestras ciudades\u201d &#8211; Instituto de Estudios Urbanos y Territoriales UC"},"content":{"rendered":"<p>&nbsp;<\/p>\n<p style=\"text-align: justify;\"><span style=\"color: #000080;\"><strong><em>Fuente: Plataforma Urbana<\/em><\/strong><\/span><\/p>\n<p style=\"text-align: justify;\">La embajada de Estados Unidos en Chile y el Instituto de Estudios Urbanos y Territoriales UC, invitan a participar en la conferencia <strong>\u201cLa planificaci\u00f3n urbana como el veh\u00edculo del desarrollo sustentable de nuestras ciudades\u201d<\/strong> que Jeff Soule, experto en planificaci\u00f3n urbana dictar\u00e1 el martes 14 a las 18:30 horas en el Campus Lo Contador UC.<\/p>\n<p style=\"text-align: justify;\"><strong>Auditorio Sergio Larra\u00edn \u2013 FADEU,\u00a0El Comendador 1916, Providencia<\/strong><\/p>\n<p style=\"text-align: justify;\">La actividad contar\u00e1 con traducci\u00f3n simult\u00e1nea, por lo que se agradecer\u00e1 su confirmaci\u00f3n v\u00eda formulario de inscripci\u00f3n online en <span style=\"color: #0000ff;\"><a href=\"http:\/\/www.ieut.uc.cl\/\" target=\"_blank\"><span style=\"color: #0000ff;\">www.ieut.uc.cl<\/span><\/a><\/span><\/p>\n<p style=\"text-align: justify;\"><strong>Sobre Jeff Soule<\/strong><\/p>\n<p style=\"text-align: justify;\">Es director de Outreach and International Programs de la American Planning Association y viene a Chile en el marco de la \u201cEnergy and Climate Partnership of the Americas\u201d. Sus \u00e1reas de trabajo est\u00e1n relacionadas a planificaci\u00f3n urbana, an\u00e1lisis econ\u00f3mico regional, posicionamiento estrat\u00e9gico, preservaci\u00f3n y conservaci\u00f3n cultural.<\/p>\n<p><\/p>","protected":false},"excerpt":{"rendered":"<p>&nbsp; Fuente: Plataforma Urbana La embajada de Estados Unidos en Chile y el Instituto de Estudios Urbanos y Territoriales UC, invitan a participar en la conferencia \u201cLa planificaci\u00f3n urbana como el veh\u00edculo del desarrollo sustentable de nuestras ciudades\u201d que Jeff &hellip; <a class=\"more-link\" href=\"https:\/\/colegioarquitectos.com\/noticias\/?p=2087\">ver m\u00e1s<\/a><\/p>","protected":false},"author":1,"featured_media":0,"comment_status":"open","ping_status":"open","sticky":false,"template":"","format":"standard","meta":{"footnotes":""},"categories":[19,24],"tags":[],"class_list":["post-2087","post","type-post","status-publish","format-standard","hentry","category-actividades","category-charlas"],"yoast_head":"<!-- This site is optimized with the Yoast SEO plugin v24.2 - https:\/\/yoast.com\/wordpress\/plugins\/seo\/ -->\n<title>Conferencia \u201cLa planificaci\u00f3n urbana como el veh\u00edculo del desarrollo sustentable de nuestras ciudades\u201d - Instituto de Estudios Urbanos y Territoriales UC - COLEGIO DE ARQUITECTOS DE CHILE<\/title>\n<meta name=\"robots\" content=\"index, follow, max-snippet:-1, max-image-preview:large, max-video-preview:-1\" \/>\n<link rel=\"canonical\" href=\"https:\/\/colegioarquitectos.com\/noticias\/?p=2087\" \/>\n<meta property=\"og:locale\" content=\"es_ES\" \/>\n<meta property=\"og:type\" content=\"article\" \/>\n<meta property=\"og:title\" content=\"Conferencia \u201cLa planificaci\u00f3n urbana como el veh\u00edculo del desarrollo sustentable de nuestras ciudades\u201d - Instituto de Estudios Urbanos y Territoriales UC - COLEGIO DE ARQUITECTOS DE CHILE\" \/>\n<meta property=\"og:description\" content=\"&nbsp; Fuente: Plataforma Urbana La embajada de Estados Unidos en Chile y el Instituto de Estudios Urbanos y Territoriales UC, invitan a participar en la conferencia \u201cLa planificaci\u00f3n urbana como el veh\u00edculo del desarrollo sustentable de nuestras ciudades\u201d que Jeff &hellip; ver m\u00e1s\" \/>\n<meta property=\"og:url\" content=\"https:\/\/colegioarquitectos.com\/noticias\/?p=2087\" \/>\n<meta property=\"og:site_name\" content=\"COLEGIO DE ARQUITECTOS DE CHILE\" \/>\n<meta property=\"article:publisher\" content=\"https:\/\/facebook.com\/Colegioarq\/\" \/>\n<meta property=\"article:published_time\" content=\"2012-08-03T19:55:31+00:00\" \/>\n<meta property=\"article:modified_time\" content=\"2012-08-13T22:11:01+00:00\" \/>\n<meta name=\"author\" content=\"Gabriel Salgado S.\" \/>\n<meta name=\"twitter:card\" content=\"summary_large_image\" \/>\n<meta name=\"twitter:creator\" content=\"@colegioarq\" \/>\n<meta name=\"twitter:site\" content=\"@colegioarq\" \/>\n<meta name=\"twitter:label1\" content=\"Escrito por\" \/>\n\t<meta name=\"twitter:data1\" content=\"Gabriel Salgado S.\" \/>\n\t<meta name=\"twitter:label2\" content=\"Tiempo de lectura\" \/>\n\t<meta name=\"twitter:data2\" content=\"1 minuto\" \/>\n<script type=\"application\/ld+json\" class=\"yoast-schema-graph\">{\"@context\":\"https:\/\/schema.org\",\"@graph\":[{\"@type\":\"Article\",\"@id\":\"https:\/\/colegioarquitectos.com\/noticias\/?p=2087#article\",\"isPartOf\":{\"@id\":\"https:\/\/colegioarquitectos.com\/noticias\/?p=2087\"},\"author\":{\"name\":\"Gabriel Salgado S.\",\"@id\":\"https:\/\/colegioarquitectos.com\/noticias\/#\/schema\/person\/b6c7e912cd1283c089114093ed09741f\"},\"headline\":\"Conferencia \u201cLa planificaci\u00f3n urbana como el veh\u00edculo del desarrollo sustentable de nuestras ciudades\u201d &#8211; Instituto de Estudios Urbanos y Territoriales UC\",\"datePublished\":\"2012-08-03T19:55:31+00:00\",\"dateModified\":\"2012-08-13T22:11:01+00:00\",\"mainEntityOfPage\":{\"@id\":\"https:\/\/colegioarquitectos.com\/noticias\/?p=2087\"},\"wordCount\":175,\"commentCount\":0,\"publisher\":{\"@id\":\"https:\/\/colegioarquitectos.com\/noticias\/#organization\"},\"articleSection\":[\"Actividades\",\"Charlas\"],\"inLanguage\":\"es\",\"potentialAction\":[{\"@type\":\"CommentAction\",\"name\":\"Comment\",\"target\":[\"https:\/\/colegioarquitectos.com\/noticias\/?p=2087#respond\"]}]},{\"@type\":\"WebPage\",\"@id\":\"https:\/\/colegioarquitectos.com\/noticias\/?p=2087\",\"url\":\"https:\/\/colegioarquitectos.com\/noticias\/?p=2087\",\"name\":\"Conferencia \u201cLa planificaci\u00f3n urbana como el veh\u00edculo del desarrollo sustentable de nuestras ciudades\u201d - Instituto de Estudios Urbanos y Territoriales UC - COLEGIO DE ARQUITECTOS DE CHILE\",\"isPartOf\":{\"@id\":\"https:\/\/colegioarquitectos.com\/noticias\/#website\"},\"datePublished\":\"2012-08-03T19:55:31+00:00\",\"dateModified\":\"2012-08-13T22:11:01+00:00\",\"breadcrumb\":{\"@id\":\"https:\/\/colegioarquitectos.com\/noticias\/?p=2087#breadcrumb\"},\"inLanguage\":\"es\",\"potentialAction\":[{\"@type\":\"ReadAction\",\"target\":[\"https:\/\/colegioarquitectos.com\/noticias\/?p=2087\"]}]},{\"@type\":\"BreadcrumbList\",\"@id\":\"https:\/\/colegioarquitectos.com\/noticias\/?p=2087#breadcrumb\",\"itemListElement\":[{\"@type\":\"ListItem\",\"position\":1,\"name\":\"Portada\",\"item\":\"https:\/\/colegioarquitectos.com\/noticias\"},{\"@type\":\"ListItem\",\"position\":2,\"name\":\"Conferencia \u201cLa planificaci\u00f3n urbana como el veh\u00edculo del desarrollo sustentable de nuestras ciudades\u201d &#8211; Instituto de Estudios Urbanos y Territoriales UC\"}]},{\"@type\":\"WebSite\",\"@id\":\"https:\/\/colegioarquitectos.com\/noticias\/#website\",\"url\":\"https:\/\/colegioarquitectos.com\/noticias\/\",\"name\":\"COLEGIO DE ARQUITECTOS DE CHILE\",\"description\":\"\",\"publisher\":{\"@id\":\"https:\/\/colegioarquitectos.com\/noticias\/#organization\"},\"potentialAction\":[{\"@type\":\"SearchAction\",\"target\":{\"@type\":\"EntryPoint\",\"urlTemplate\":\"https:\/\/colegioarquitectos.com\/noticias\/?s={search_term_string}\"},\"query-input\":{\"@type\":\"PropertyValueSpecification\",\"valueRequired\":true,\"valueName\":\"search_term_string\"}}],\"inLanguage\":\"es\"},{\"@type\":\"Organization\",\"@id\":\"https:\/\/colegioarquitectos.com\/noticias\/#organization\",\"name\":\"COLEGIO DE ARQUITECTOS DE CHILE\",\"url\":\"https:\/\/colegioarquitectos.com\/noticias\/\",\"logo\":{\"@type\":\"ImageObject\",\"inLanguage\":\"es\",\"@id\":\"https:\/\/colegioarquitectos.com\/noticias\/#\/schema\/logo\/image\/\",\"url\":\"https:\/\/colegioarquitectos.com\/noticias\/wp-content\/uploads\/2021\/05\/ENCABEZADO-LOGO-CA.jpg\",\"contentUrl\":\"https:\/\/colegioarquitectos.com\/noticias\/wp-content\/uploads\/2021\/05\/ENCABEZADO-LOGO-CA.jpg\",\"width\":690,\"height\":350,\"caption\":\"COLEGIO DE ARQUITECTOS DE CHILE\"},\"image\":{\"@id\":\"https:\/\/colegioarquitectos.com\/noticias\/#\/schema\/logo\/image\/\"},\"sameAs\":[\"https:\/\/facebook.com\/Colegioarq\/\",\"https:\/\/x.com\/colegioarq\",\"https:\/\/instagram.com\/colegioarq\",\"https:\/\/youtube.com\/@ColegiodeArquitectosdeChile\"]},{\"@type\":\"Person\",\"@id\":\"https:\/\/colegioarquitectos.com\/noticias\/#\/schema\/person\/b6c7e912cd1283c089114093ed09741f\",\"name\":\"Gabriel Salgado S.\",\"url\":\"https:\/\/colegioarquitectos.com\/noticias\/?author=1\"}]}<\/script>\n<!-- \/ Yoast SEO plugin. -->","yoast_head_json":{"title":"Conferencia \u201cLa planificaci\u00f3n urbana como el veh\u00edculo del desarrollo sustentable de nuestras ciudades\u201d - Instituto de Estudios Urbanos y Territoriales UC - COLEGIO DE ARQUITECTOS DE CHILE","robots":{"index":"index","follow":"follow","max-snippet":"max-snippet:-1","max-image-preview":"max-image-preview:large","max-video-preview":"max-video-preview:-1"},"canonical":"https:\/\/colegioarquitectos.com\/noticias\/?p=2087","og_locale":"es_ES","og_type":"article","og_title":"Conferencia \u201cLa planificaci\u00f3n urbana como el veh\u00edculo del desarrollo sustentable de nuestras ciudades\u201d - Instituto de Estudios Urbanos y Territoriales UC - COLEGIO DE ARQUITECTOS DE CHILE","og_description":"&nbsp; Fuente: Plataforma Urbana La embajada de Estados Unidos en Chile y el Instituto de Estudios Urbanos y Territoriales UC, invitan a participar en la conferencia \u201cLa planificaci\u00f3n urbana como el veh\u00edculo del desarrollo sustentable de nuestras ciudades\u201d que Jeff &hellip; ver m\u00e1s","og_url":"https:\/\/colegioarquitectos.com\/noticias\/?p=2087","og_site_name":"COLEGIO DE ARQUITECTOS DE CHILE","article_publisher":"https:\/\/facebook.com\/Colegioarq\/","article_published_time":"2012-08-03T19:55:31+00:00","article_modified_time":"2012-08-13T22:11:01+00:00","author":"Gabriel Salgado S.","twitter_card":"summary_large_image","twitter_creator":"@colegioarq","twitter_site":"@colegioarq","twitter_misc":{"Escrito por":"Gabriel Salgado S.","Tiempo de lectura":"1 minuto"},"schema":{"@context":"https:\/\/schema.org","@graph":[{"@type":"Article","@id":"https:\/\/colegioarquitectos.com\/noticias\/?p=2087#article","isPartOf":{"@id":"https:\/\/colegioarquitectos.com\/noticias\/?p=2087"},"author":{"name":"Gabriel Salgado S.","@id":"https:\/\/colegioarquitectos.com\/noticias\/#\/schema\/person\/b6c7e912cd1283c089114093ed09741f"},"headline":"Conferencia \u201cLa planificaci\u00f3n urbana como el veh\u00edculo del desarrollo sustentable de nuestras ciudades\u201d &#8211; Instituto de Estudios Urbanos y Territoriales UC","datePublished":"2012-08-03T19:55:31+00:00","dateModified":"2012-08-13T22:11:01+00:00","mainEntityOfPage":{"@id":"https:\/\/colegioarquitectos.com\/noticias\/?p=2087"},"wordCount":175,"commentCount":0,"publisher":{"@id":"https:\/\/colegioarquitectos.com\/noticias\/#organization"},"articleSection":["Actividades","Charlas"],"inLanguage":"es","potentialAction":[{"@type":"CommentAction","name":"Comment","target":["https:\/\/colegioarquitectos.com\/noticias\/?p=2087#respond"]}]},{"@type":"WebPage","@id":"https:\/\/colegioarquitectos.com\/noticias\/?p=2087","url":"https:\/\/colegioarquitectos.com\/noticias\/?p=2087","name":"Conferencia \u201cLa planificaci\u00f3n urbana como el veh\u00edculo del desarrollo sustentable de nuestras ciudades\u201d - Instituto de Estudios Urbanos y Territoriales UC - COLEGIO DE ARQUITECTOS DE CHILE","isPartOf":{"@id":"https:\/\/colegioarquitectos.com\/noticias\/#website"},"datePublished":"2012-08-03T19:55:31+00:00","dateModified":"2012-08-13T22:11:01+00:00","breadcrumb":{"@id":"https:\/\/colegioarquitectos.com\/noticias\/?p=2087#breadcrumb"},"inLanguage":"es","potentialAction":[{"@type":"ReadAction","target":["https:\/\/colegioarquitectos.com\/noticias\/?p=2087"]}]},{"@type":"BreadcrumbList","@id":"https:\/\/colegioarquitectos.com\/noticias\/?p=2087#breadcrumb","itemListElement":[{"@type":"ListItem","position":1,"name":"Portada","item":"https:\/\/colegioarquitectos.com\/noticias"},{"@type":"ListItem","position":2,"name":"Conferencia \u201cLa planificaci\u00f3n urbana como el veh\u00edculo del desarrollo sustentable de nuestras ciudades\u201d &#8211; Instituto de Estudios Urbanos y Territoriales UC"}]},{"@type":"WebSite","@id":"https:\/\/colegioarquitectos.com\/noticias\/#website","url":"https:\/\/colegioarquitectos.com\/noticias\/","name":"COLEGIO DE ARQUITECTOS DE CHILE","description":"","publisher":{"@id":"https:\/\/colegioarquitectos.com\/noticias\/#organization"},"potentialAction":[{"@type":"SearchAction","target":{"@type":"EntryPoint","urlTemplate":"https:\/\/colegioarquitectos.com\/noticias\/?s={search_term_string}"},"query-input":{"@type":"PropertyValueSpecification","valueRequired":true,"valueName":"search_term_string"}}],"inLanguage":"es"},{"@type":"Organization","@id":"https:\/\/colegioarquitectos.com\/noticias\/#organization","name":"COLEGIO DE ARQUITECTOS DE CHILE","url":"https:\/\/colegioarquitectos.com\/noticias\/","logo":{"@type":"ImageObject","inLanguage":"es","@id":"https:\/\/colegioarquitectos.com\/noticias\/#\/schema\/logo\/image\/","url":"https:\/\/colegioarquitectos.com\/noticias\/wp-content\/uploads\/2021\/05\/ENCABEZADO-LOGO-CA.jpg","contentUrl":"https:\/\/colegioarquitectos.com\/noticias\/wp-content\/uploads\/2021\/05\/ENCABEZADO-LOGO-CA.jpg","width":690,"height":350,"caption":"COLEGIO DE ARQUITECTOS DE CHILE"},"image":{"@id":"https:\/\/colegioarquitectos.com\/noticias\/#\/schema\/logo\/image\/"},"sameAs":["https:\/\/facebook.com\/Colegioarq\/","https:\/\/x.com\/colegioarq","https:\/\/instagram.com\/colegioarq","https:\/\/youtube.com\/@ColegiodeArquitectosdeChile"]},{"@type":"Person","@id":"https:\/\/colegioarquitectos.com\/noticias\/#\/schema\/person\/b6c7e912cd1283c089114093ed09741f","name":"Gabriel Salgado S.","url":"https:\/\/colegioarquitectos.com\/noticias\/?author=1"}]}},"_links":{"self":[{"href":"https:\/\/colegioarquitectos.com\/noticias\/index.php?rest_route=\/wp\/v2\/posts\/2087","targetHints":{"allow":["GET"]}}],"collection":[{"href":"https:\/\/colegioarquitectos.com\/noticias\/index.php?rest_route=\/wp\/v2\/posts"}],"about":[{"href":"https:\/\/colegioarquitectos.com\/noticias\/index.php?rest_route=\/wp\/v2\/types\/post"}],"author":[{"embeddable":true,"href":"https:\/\/colegioarquitectos.com\/noticias\/index.php?rest_route=\/wp\/v2\/users\/1"}],"replies":[{"embeddable":true,"href":"https:\/\/colegioarquitectos.com\/noticias\/index.php?rest_route=%2Fwp%2Fv2%2Fcomments&post=2087"}],"version-history":[{"count":0,"href":"https:\/\/colegioarquitectos.com\/noticias\/index.php?rest_route=\/wp\/v2\/posts\/2087\/revisions"}],"wp:attachment":[{"href":"https:\/\/colegioarquitectos.com\/noticias\/index.php?rest_route=%2Fwp%2Fv2%2Fmedia&parent=2087"}],"wp:term":[{"taxonomy":"category","embeddable":true,"href":"https:\/\/colegioarquitectos.com\/noticias\/index.php?rest_route=%2Fwp%2Fv2%2Fcategories&post=2087"},{"taxonomy":"post_tag","embeddable":true,"href":"https:\/\/colegioarquitectos.com\/noticias\/index.php?rest_route=%2Fwp%2Fv2%2Ftags&post=2087"}],"curies":[{"name":"wp","href":"https:\/\/api.w.org\/{rel}","templated":true}]}}