
{"id":2092,"date":"2012-08-10T17:40:31","date_gmt":"2012-08-10T17:40:31","guid":{"rendered":"http:\/\/colegioarquitectos.com\/noticias\/?p=2092"},"modified":"2012-08-20T17:56:06","modified_gmt":"2012-08-20T17:56:06","slug":"equipo-valdiviano-gano-el-primer-lugar-del-concurso-de-ideas-de-diseno-para-la-costanera-concurso-patrocinado-por-colegio-de-arquitectos","status":"publish","type":"post","link":"https:\/\/colegioarquitectos.com\/noticias\/?p=2092","title":{"rendered":"EQUIPO VALDIVIANO GAN\u00d3 EL PRIMER LUGAR DEL CONCURSO DE IDEAS DE DISE\u00d1O PARA LA COSTANERA &#8211; Concurso patrocinado por Colegio de Arquitectos"},"content":{"rendered":"<div>\n<p style=\"text-align: justify;\"><span style=\"color: #000080;\"><strong>Municipalidad de Valdivia. 10.08.12<\/strong><\/span><\/p>\n<p style=\"text-align: justify;\">Los valdivianos Carolina Sep\u00falveda, Eric Arentsen, Cristian Valderrama, Jos\u00e9 Fuentes, Ana Vel\u00e1squez, Nicol\u00e1s Ceroni, Javiera Maira y Pascal \u00c1lvarez, fueron el equipo ganador del primer lugar del \u201cConcurso Nacional Ideas de Dise\u00f1o Urbano, Arquitectura y Paisajismo para la Costanera de Valdivia\u201d.<\/p>\n<p style=\"text-align: justify;\">Los resultados fueron dados a conocer cerca de las 16 horas \u00a0de este viernes 10 de agosto, por el alcalde de Valdivia Bernardo Berger, en el Hotel Villa del R\u00edo.<\/p>\n<p style=\"text-align: justify;\">La propuesta, que obtuvo la primera ubicaci\u00f3n, pertenece a profesionales formados en la Universidad Austral de Chile, y se adjudic\u00f3 un premio de 10 millones de pesos.<\/p>\n<p style=\"text-align: justify;\">El segundo lugar, \u00a0con un premio de 5 millones de pesos, fue para la vi\u00f1amarina FRANCESCA DANIELA MONTA\u00d1O ZAMBRANO, arquitecto de la Pontificia Universidad Cat\u00f3lica de Valpara\u00edso, cuyo equipo integraron \u00a0Fernando Miranda y Eduardo Zimmermann.<\/p>\n<p style=\"text-align: justify;\">El tercer puesto, y un premio de 2,5 millones de pesos, lo obtuvo el grupo liderado por FRANCISCO JAVIER QUINTANA OSORIO, arquitecto de la Pontificia Universidad Cat\u00f3lica de Chile, de Santiago, junto a Stephannie Fell y Francisco Croxatto.<\/p>\n<p style=\"text-align: justify;\">El jurado tambi\u00e9n nomin\u00f3 dos menciones honrosas, la primera de las cuales recay\u00f3 en el equipo encabezado por FELIPE ANDR\u00c9S EHRENFELD LEIVA, arquitecto de la Universidad de Vi\u00f1a del Mar, residente de Quilpu\u00e9, junto a Fahri Abdala, Jonathan Crawford, Ignacio Orfali e Ignacio Prieto.<\/p>\n<p style=\"text-align: justify;\">La seg\u00fan da menci\u00f3n honrosa fue para FELIPE ALFONSO GRALLERT FOLATRE, arquitecto de la Universidad Austral de Chile, y el equipo compuesto por Tirza Barria, Pablo Chac\u00f3n y Sebasti\u00e1n Manr\u00edquez.<\/p>\n<p style=\"text-align: justify;\">El alcalde Berger agradeci\u00f3 a cada una de las instituciones que\u00a0se sumaron al concurso para \u201cempezar a construir una propuesta participativa para la futura remodelaci\u00f3n de la costanera de puente a puente\u201d.<\/p>\n<p style=\"text-align: justify;\">Resalt\u00f3 asimismo el trabajo del jurado, al que calific\u00f3 de \u201caltamente profesional, que con una mirada cr\u00edtica y altamente especializada, han hecho un aporte al rescatar lo mejor de las ideas plasmadas en los proyectos expuestos\u201d.<\/p>\n<p style=\"text-align: justify;\">El edil agreg\u00f3 que los proyectos ganadores lograron sintetizar los tres aspectos que mayormente interesaba rescatar a partir de esta experiencia: resolver los sistemas de circulaci\u00f3n y conexi\u00f3n tanto vehicular, peatonal y fluvial; rescatar hitos urbanos existentes y proponer nuevos; y resaltar la relaci\u00f3n de la ciudad con el r\u00edo.<\/p>\n<p style=\"text-align: justify;\">\u201cEl concurso ha sido una iniciativa pionera pero exitosa para nuestra ciudad, que ya a la luz de los resultados permite adelantar una buena muestra de ideas, tendencias y soluciones para el gran desaf\u00edo que deberemos asumir como ciudad: dar nueva imagen a nuestro principal paseo peatonal y cara de presentaci\u00f3n de la ciudad de los r\u00edos\u201d, dijo.<\/p>\n<p style=\"text-align: justify;\">Durante el jueves 8 y el viernes 9, los 10 especialistas que integran el jurado del certamen, deliberaron sobre los tres primeros puestos y las menciones honrosas.<\/p>\n<p style=\"text-align: justify;\">En total, se presentaron 73 proyectos para remodelar el principal paseo peatonal de Valdivia, a trav\u00e9s de los cuales los postulantes buscan dar un nuevo aire al espacio p\u00fablico de cerca de 2 kil\u00f3metros de extensi\u00f3n, ubicado en el border\u00edo entre el puente Pedro de Valdivia y el puente Calle-Calle.<\/p>\n<p style=\"text-align: justify;\">Del total, s\u00f3lo 63 proyectos fueron \u00a0preseleccionados por cumplir con todas las bases t\u00e9cnicas proyectos, y se exponen en la carpa de eventos del hotel, donde permanecer\u00e1n durante toda la pr\u00f3xima semana.<\/p>\n<p style=\"text-align: justify;\">El jurado lo integraron Maritza Lobos, en representaci\u00f3n de Colegio de Arquitectos de Chile; Rodrigo Aguilar, nominado por los 203 concursantes, en base al listo oficial de jurados del Colegio; Juan Pablo Ivanovic, repte. C\u00e1mara Chilena de la Construcci\u00f3n; Mauricio Jelves, repte. Colegio Arquitectos Valdivia; y Roberto Mart\u00ednez, director Escuela Arquitectura UACH.<\/p>\n<p style=\"text-align: justify;\">A ellos se agregaron representantes locales de la Municipalidad de Valdivia, Intendencia Regional, Ministerio Obras P\u00fablicas, Ministerio Vivienda y Gobernaci\u00f3n Mar\u00edtima.<\/p>\n<p style=\"text-align: justify;\">El certamen fue organizado por la Municipalidad de Valdivia con el patrocinio del Colegio de Arquitectos de Chile.<\/p>\n<p style=\"text-align: justify;\"><a href=\"http:\/\/colegioarquitectos.com\/noticias\/wp-content\/uploads\/2012\/08\/01-137.jpg\"><img loading=\"lazy\" decoding=\"async\" class=\"alignnone size-full wp-image-2144\" title=\"01 137\" src=\"http:\/\/colegioarquitectos.com\/noticias\/wp-content\/uploads\/2012\/08\/01-137.jpg\" alt=\"\" width=\"400\" height=\"267\" srcset=\"https:\/\/colegioarquitectos.com\/noticias\/wp-content\/uploads\/2012\/08\/01-137.jpg 400w, https:\/\/colegioarquitectos.com\/noticias\/wp-content\/uploads\/2012\/08\/01-137-300x200.jpg 300w\" sizes=\"auto, (max-width: 400px) 100vw, 400px\" \/><\/a><\/p>\n<p style=\"text-align: justify;\"><a href=\"http:\/\/colegioarquitectos.com\/noticias\/wp-content\/uploads\/2012\/08\/01-151.jpg\"><img loading=\"lazy\" decoding=\"async\" class=\"alignnone size-full wp-image-2145\" title=\"01 151\" src=\"http:\/\/colegioarquitectos.com\/noticias\/wp-content\/uploads\/2012\/08\/01-151.jpg\" alt=\"\" width=\"400\" height=\"267\" srcset=\"https:\/\/colegioarquitectos.com\/noticias\/wp-content\/uploads\/2012\/08\/01-151.jpg 400w, https:\/\/colegioarquitectos.com\/noticias\/wp-content\/uploads\/2012\/08\/01-151-300x200.jpg 300w\" sizes=\"auto, (max-width: 400px) 100vw, 400px\" \/><\/a><\/p>\n<p style=\"text-align: justify;\"><a href=\"http:\/\/colegioarquitectos.com\/noticias\/wp-content\/uploads\/2012\/08\/01-018.jpg\"><img loading=\"lazy\" decoding=\"async\" class=\"alignnone size-full wp-image-2146\" title=\"01 018\" src=\"http:\/\/colegioarquitectos.com\/noticias\/wp-content\/uploads\/2012\/08\/01-018.jpg\" alt=\"\" width=\"400\" height=\"267\" srcset=\"https:\/\/colegioarquitectos.com\/noticias\/wp-content\/uploads\/2012\/08\/01-018.jpg 400w, https:\/\/colegioarquitectos.com\/noticias\/wp-content\/uploads\/2012\/08\/01-018-300x200.jpg 300w\" sizes=\"auto, (max-width: 400px) 100vw, 400px\" \/><\/a><\/p>\n<p style=\"text-align: justify;\"><a href=\"http:\/\/colegioarquitectos.com\/noticias\/wp-content\/uploads\/2012\/08\/01-027.jpg\"><img loading=\"lazy\" decoding=\"async\" class=\"alignnone size-full wp-image-2147\" title=\"01 027\" src=\"http:\/\/colegioarquitectos.com\/noticias\/wp-content\/uploads\/2012\/08\/01-027.jpg\" alt=\"\" width=\"400\" height=\"267\" srcset=\"https:\/\/colegioarquitectos.com\/noticias\/wp-content\/uploads\/2012\/08\/01-027.jpg 400w, https:\/\/colegioarquitectos.com\/noticias\/wp-content\/uploads\/2012\/08\/01-027-300x200.jpg 300w\" sizes=\"auto, (max-width: 400px) 100vw, 400px\" \/><\/a><\/p>\n<p style=\"text-align: justify;\"><a href=\"http:\/\/colegioarquitectos.com\/noticias\/wp-content\/uploads\/2012\/08\/01-037.jpg\"><img loading=\"lazy\" decoding=\"async\" class=\"alignnone size-full wp-image-2149\" title=\"01 037\" src=\"http:\/\/colegioarquitectos.com\/noticias\/wp-content\/uploads\/2012\/08\/01-037.jpg\" alt=\"\" width=\"400\" height=\"267\" srcset=\"https:\/\/colegioarquitectos.com\/noticias\/wp-content\/uploads\/2012\/08\/01-037.jpg 400w, https:\/\/colegioarquitectos.com\/noticias\/wp-content\/uploads\/2012\/08\/01-037-300x200.jpg 300w\" sizes=\"auto, (max-width: 400px) 100vw, 400px\" \/><\/a><\/p>\n<p style=\"text-align: justify;\"><a href=\"http:\/\/colegioarquitectos.com\/noticias\/wp-content\/uploads\/2012\/08\/01-045.jpg\"><img loading=\"lazy\" decoding=\"async\" class=\"alignnone size-full wp-image-2150\" title=\"01 045\" src=\"http:\/\/colegioarquitectos.com\/noticias\/wp-content\/uploads\/2012\/08\/01-045.jpg\" alt=\"\" width=\"400\" height=\"267\" srcset=\"https:\/\/colegioarquitectos.com\/noticias\/wp-content\/uploads\/2012\/08\/01-045.jpg 400w, https:\/\/colegioarquitectos.com\/noticias\/wp-content\/uploads\/2012\/08\/01-045-300x200.jpg 300w\" sizes=\"auto, (max-width: 400px) 100vw, 400px\" \/><\/a><\/p>\n<p style=\"text-align: justify;\"><a href=\"http:\/\/colegioarquitectos.com\/noticias\/wp-content\/uploads\/2012\/08\/01-058.jpg\"><img loading=\"lazy\" decoding=\"async\" class=\"alignnone size-full wp-image-2151\" title=\"01 058\" src=\"http:\/\/colegioarquitectos.com\/noticias\/wp-content\/uploads\/2012\/08\/01-058.jpg\" alt=\"\" width=\"400\" height=\"267\" srcset=\"https:\/\/colegioarquitectos.com\/noticias\/wp-content\/uploads\/2012\/08\/01-058.jpg 400w, https:\/\/colegioarquitectos.com\/noticias\/wp-content\/uploads\/2012\/08\/01-058-300x200.jpg 300w\" sizes=\"auto, (max-width: 400px) 100vw, 400px\" \/><\/a><\/p>\n<p>&nbsp;<\/p>\n<p>&nbsp;<\/p>\n<\/div>\n<p><\/p>","protected":false},"excerpt":{"rendered":"<p>Municipalidad de Valdivia. 10.08.12 Los valdivianos Carolina Sep\u00falveda, Eric Arentsen, Cristian Valderrama, Jos\u00e9 Fuentes, Ana Vel\u00e1squez, Nicol\u00e1s Ceroni, Javiera Maira y Pascal \u00c1lvarez, fueron el equipo ganador del primer lugar del \u201cConcurso Nacional Ideas de Dise\u00f1o Urbano, Arquitectura y Paisajismo &hellip; <a class=\"more-link\" href=\"https:\/\/colegioarquitectos.com\/noticias\/?p=2092\">ver m\u00e1s<\/a><\/p>","protected":false},"author":1,"featured_media":0,"comment_status":"open","ping_status":"open","sticky":false,"template":"","format":"standard","meta":{"footnotes":""},"categories":[8,11,3],"tags":[],"class_list":["post-2092","post","type-post","status-publish","format-standard","hentry","category-colegio-de-arquitectos","category-concursos","category-noticias"],"yoast_head":"<!-- This site is optimized with the Yoast SEO plugin v24.2 - https:\/\/yoast.com\/wordpress\/plugins\/seo\/ -->\n<title>EQUIPO VALDIVIANO GAN\u00d3 EL PRIMER LUGAR DEL CONCURSO DE IDEAS DE DISE\u00d1O PARA LA COSTANERA - Concurso patrocinado por Colegio de Arquitectos - COLEGIO DE ARQUITECTOS DE CHILE<\/title>\n<meta name=\"robots\" content=\"index, follow, max-snippet:-1, max-image-preview:large, max-video-preview:-1\" \/>\n<link rel=\"canonical\" href=\"https:\/\/colegioarquitectos.com\/noticias\/?p=2092\" \/>\n<meta property=\"og:locale\" content=\"es_ES\" \/>\n<meta property=\"og:type\" content=\"article\" \/>\n<meta property=\"og:title\" content=\"EQUIPO VALDIVIANO GAN\u00d3 EL PRIMER LUGAR DEL CONCURSO DE IDEAS DE DISE\u00d1O PARA LA COSTANERA - Concurso patrocinado por Colegio de Arquitectos - COLEGIO DE ARQUITECTOS DE CHILE\" \/>\n<meta property=\"og:description\" content=\"Municipalidad de Valdivia. 10.08.12 Los valdivianos Carolina Sep\u00falveda, Eric Arentsen, Cristian Valderrama, Jos\u00e9 Fuentes, Ana Vel\u00e1squez, Nicol\u00e1s Ceroni, Javiera Maira y Pascal \u00c1lvarez, fueron el equipo ganador del primer lugar del \u201cConcurso Nacional Ideas de Dise\u00f1o Urbano, Arquitectura y Paisajismo &hellip; ver m\u00e1s\" \/>\n<meta property=\"og:url\" content=\"https:\/\/colegioarquitectos.com\/noticias\/?p=2092\" \/>\n<meta property=\"og:site_name\" content=\"COLEGIO DE ARQUITECTOS DE CHILE\" \/>\n<meta property=\"article:publisher\" content=\"https:\/\/facebook.com\/Colegioarq\/\" \/>\n<meta property=\"article:published_time\" content=\"2012-08-10T17:40:31+00:00\" \/>\n<meta property=\"article:modified_time\" content=\"2012-08-20T17:56:06+00:00\" \/>\n<meta property=\"og:image\" content=\"https:\/\/colegioarquitectos.com\/noticias\/wp-content\/uploads\/2012\/08\/01-137.jpg\" \/>\n\t<meta property=\"og:image:width\" content=\"400\" \/>\n\t<meta property=\"og:image:height\" content=\"267\" \/>\n\t<meta property=\"og:image:type\" content=\"image\/jpeg\" \/>\n<meta name=\"author\" content=\"Gabriel Salgado S.\" \/>\n<meta name=\"twitter:card\" content=\"summary_large_image\" \/>\n<meta name=\"twitter:creator\" content=\"@colegioarq\" \/>\n<meta name=\"twitter:site\" content=\"@colegioarq\" \/>\n<meta name=\"twitter:label1\" content=\"Escrito por\" \/>\n\t<meta name=\"twitter:data1\" content=\"Gabriel Salgado S.\" \/>\n\t<meta name=\"twitter:label2\" content=\"Tiempo de lectura\" \/>\n\t<meta name=\"twitter:data2\" content=\"3 minutos\" \/>\n<script type=\"application\/ld+json\" class=\"yoast-schema-graph\">{\"@context\":\"https:\/\/schema.org\",\"@graph\":[{\"@type\":\"Article\",\"@id\":\"https:\/\/colegioarquitectos.com\/noticias\/?p=2092#article\",\"isPartOf\":{\"@id\":\"https:\/\/colegioarquitectos.com\/noticias\/?p=2092\"},\"author\":{\"name\":\"Gabriel Salgado S.\",\"@id\":\"https:\/\/colegioarquitectos.com\/noticias\/#\/schema\/person\/b6c7e912cd1283c089114093ed09741f\"},\"headline\":\"EQUIPO VALDIVIANO GAN\u00d3 EL PRIMER LUGAR DEL CONCURSO DE IDEAS DE DISE\u00d1O PARA LA COSTANERA &#8211; Concurso patrocinado por Colegio de Arquitectos\",\"datePublished\":\"2012-08-10T17:40:31+00:00\",\"dateModified\":\"2012-08-20T17:56:06+00:00\",\"mainEntityOfPage\":{\"@id\":\"https:\/\/colegioarquitectos.com\/noticias\/?p=2092\"},\"wordCount\":682,\"commentCount\":0,\"publisher\":{\"@id\":\"https:\/\/colegioarquitectos.com\/noticias\/#organization\"},\"image\":{\"@id\":\"https:\/\/colegioarquitectos.com\/noticias\/?p=2092#primaryimage\"},\"thumbnailUrl\":\"http:\/\/colegioarquitectos.com\/noticias\/wp-content\/uploads\/2012\/08\/01-137.jpg\",\"articleSection\":[\"Colegio\",\"Concursos\",\"Noticias\"],\"inLanguage\":\"es\",\"potentialAction\":[{\"@type\":\"CommentAction\",\"name\":\"Comment\",\"target\":[\"https:\/\/colegioarquitectos.com\/noticias\/?p=2092#respond\"]}]},{\"@type\":\"WebPage\",\"@id\":\"https:\/\/colegioarquitectos.com\/noticias\/?p=2092\",\"url\":\"https:\/\/colegioarquitectos.com\/noticias\/?p=2092\",\"name\":\"EQUIPO VALDIVIANO GAN\u00d3 EL PRIMER LUGAR DEL CONCURSO DE IDEAS DE DISE\u00d1O PARA LA COSTANERA - Concurso patrocinado por Colegio de Arquitectos - COLEGIO DE ARQUITECTOS DE CHILE\",\"isPartOf\":{\"@id\":\"https:\/\/colegioarquitectos.com\/noticias\/#website\"},\"primaryImageOfPage\":{\"@id\":\"https:\/\/colegioarquitectos.com\/noticias\/?p=2092#primaryimage\"},\"image\":{\"@id\":\"https:\/\/colegioarquitectos.com\/noticias\/?p=2092#primaryimage\"},\"thumbnailUrl\":\"http:\/\/colegioarquitectos.com\/noticias\/wp-content\/uploads\/2012\/08\/01-137.jpg\",\"datePublished\":\"2012-08-10T17:40:31+00:00\",\"dateModified\":\"2012-08-20T17:56:06+00:00\",\"breadcrumb\":{\"@id\":\"https:\/\/colegioarquitectos.com\/noticias\/?p=2092#breadcrumb\"},\"inLanguage\":\"es\",\"potentialAction\":[{\"@type\":\"ReadAction\",\"target\":[\"https:\/\/colegioarquitectos.com\/noticias\/?p=2092\"]}]},{\"@type\":\"ImageObject\",\"inLanguage\":\"es\",\"@id\":\"https:\/\/colegioarquitectos.com\/noticias\/?p=2092#primaryimage\",\"url\":\"http:\/\/colegioarquitectos.com\/noticias\/wp-content\/uploads\/2012\/08\/01-137.jpg\",\"contentUrl\":\"http:\/\/colegioarquitectos.com\/noticias\/wp-content\/uploads\/2012\/08\/01-137.jpg\"},{\"@type\":\"BreadcrumbList\",\"@id\":\"https:\/\/colegioarquitectos.com\/noticias\/?p=2092#breadcrumb\",\"itemListElement\":[{\"@type\":\"ListItem\",\"position\":1,\"name\":\"Portada\",\"item\":\"https:\/\/colegioarquitectos.com\/noticias\"},{\"@type\":\"ListItem\",\"position\":2,\"name\":\"EQUIPO VALDIVIANO GAN\u00d3 EL PRIMER LUGAR DEL CONCURSO DE IDEAS DE DISE\u00d1O PARA LA COSTANERA &#8211; Concurso patrocinado por Colegio de Arquitectos\"}]},{\"@type\":\"WebSite\",\"@id\":\"https:\/\/colegioarquitectos.com\/noticias\/#website\",\"url\":\"https:\/\/colegioarquitectos.com\/noticias\/\",\"name\":\"COLEGIO DE ARQUITECTOS DE CHILE\",\"description\":\"\",\"publisher\":{\"@id\":\"https:\/\/colegioarquitectos.com\/noticias\/#organization\"},\"potentialAction\":[{\"@type\":\"SearchAction\",\"target\":{\"@type\":\"EntryPoint\",\"urlTemplate\":\"https:\/\/colegioarquitectos.com\/noticias\/?s={search_term_string}\"},\"query-input\":{\"@type\":\"PropertyValueSpecification\",\"valueRequired\":true,\"valueName\":\"search_term_string\"}}],\"inLanguage\":\"es\"},{\"@type\":\"Organization\",\"@id\":\"https:\/\/colegioarquitectos.com\/noticias\/#organization\",\"name\":\"COLEGIO DE ARQUITECTOS DE CHILE\",\"url\":\"https:\/\/colegioarquitectos.com\/noticias\/\",\"logo\":{\"@type\":\"ImageObject\",\"inLanguage\":\"es\",\"@id\":\"https:\/\/colegioarquitectos.com\/noticias\/#\/schema\/logo\/image\/\",\"url\":\"https:\/\/colegioarquitectos.com\/noticias\/wp-content\/uploads\/2021\/05\/ENCABEZADO-LOGO-CA.jpg\",\"contentUrl\":\"https:\/\/colegioarquitectos.com\/noticias\/wp-content\/uploads\/2021\/05\/ENCABEZADO-LOGO-CA.jpg\",\"width\":690,\"height\":350,\"caption\":\"COLEGIO DE ARQUITECTOS DE CHILE\"},\"image\":{\"@id\":\"https:\/\/colegioarquitectos.com\/noticias\/#\/schema\/logo\/image\/\"},\"sameAs\":[\"https:\/\/facebook.com\/Colegioarq\/\",\"https:\/\/x.com\/colegioarq\",\"https:\/\/instagram.com\/colegioarq\",\"https:\/\/youtube.com\/@ColegiodeArquitectosdeChile\"]},{\"@type\":\"Person\",\"@id\":\"https:\/\/colegioarquitectos.com\/noticias\/#\/schema\/person\/b6c7e912cd1283c089114093ed09741f\",\"name\":\"Gabriel Salgado S.\",\"url\":\"https:\/\/colegioarquitectos.com\/noticias\/?author=1\"}]}<\/script>\n<!-- \/ Yoast SEO plugin. -->","yoast_head_json":{"title":"EQUIPO VALDIVIANO GAN\u00d3 EL PRIMER LUGAR DEL CONCURSO DE IDEAS DE DISE\u00d1O PARA LA COSTANERA - Concurso patrocinado por Colegio de Arquitectos - COLEGIO DE ARQUITECTOS DE CHILE","robots":{"index":"index","follow":"follow","max-snippet":"max-snippet:-1","max-image-preview":"max-image-preview:large","max-video-preview":"max-video-preview:-1"},"canonical":"https:\/\/colegioarquitectos.com\/noticias\/?p=2092","og_locale":"es_ES","og_type":"article","og_title":"EQUIPO VALDIVIANO GAN\u00d3 EL PRIMER LUGAR DEL CONCURSO DE IDEAS DE DISE\u00d1O PARA LA COSTANERA - Concurso patrocinado por Colegio de Arquitectos - COLEGIO DE ARQUITECTOS DE CHILE","og_description":"Municipalidad de Valdivia. 10.08.12 Los valdivianos Carolina Sep\u00falveda, Eric Arentsen, Cristian Valderrama, Jos\u00e9 Fuentes, Ana Vel\u00e1squez, Nicol\u00e1s Ceroni, Javiera Maira y Pascal \u00c1lvarez, fueron el equipo ganador del primer lugar del \u201cConcurso Nacional Ideas de Dise\u00f1o Urbano, Arquitectura y Paisajismo &hellip; ver m\u00e1s","og_url":"https:\/\/colegioarquitectos.com\/noticias\/?p=2092","og_site_name":"COLEGIO DE ARQUITECTOS DE CHILE","article_publisher":"https:\/\/facebook.com\/Colegioarq\/","article_published_time":"2012-08-10T17:40:31+00:00","article_modified_time":"2012-08-20T17:56:06+00:00","og_image":[{"width":400,"height":267,"url":"https:\/\/colegioarquitectos.com\/noticias\/wp-content\/uploads\/2012\/08\/01-137.jpg","type":"image\/jpeg"}],"author":"Gabriel Salgado S.","twitter_card":"summary_large_image","twitter_creator":"@colegioarq","twitter_site":"@colegioarq","twitter_misc":{"Escrito por":"Gabriel Salgado S.","Tiempo de lectura":"3 minutos"},"schema":{"@context":"https:\/\/schema.org","@graph":[{"@type":"Article","@id":"https:\/\/colegioarquitectos.com\/noticias\/?p=2092#article","isPartOf":{"@id":"https:\/\/colegioarquitectos.com\/noticias\/?p=2092"},"author":{"name":"Gabriel Salgado S.","@id":"https:\/\/colegioarquitectos.com\/noticias\/#\/schema\/person\/b6c7e912cd1283c089114093ed09741f"},"headline":"EQUIPO VALDIVIANO GAN\u00d3 EL PRIMER LUGAR DEL CONCURSO DE IDEAS DE DISE\u00d1O PARA LA COSTANERA &#8211; Concurso patrocinado por Colegio de Arquitectos","datePublished":"2012-08-10T17:40:31+00:00","dateModified":"2012-08-20T17:56:06+00:00","mainEntityOfPage":{"@id":"https:\/\/colegioarquitectos.com\/noticias\/?p=2092"},"wordCount":682,"commentCount":0,"publisher":{"@id":"https:\/\/colegioarquitectos.com\/noticias\/#organization"},"image":{"@id":"https:\/\/colegioarquitectos.com\/noticias\/?p=2092#primaryimage"},"thumbnailUrl":"http:\/\/colegioarquitectos.com\/noticias\/wp-content\/uploads\/2012\/08\/01-137.jpg","articleSection":["Colegio","Concursos","Noticias"],"inLanguage":"es","potentialAction":[{"@type":"CommentAction","name":"Comment","target":["https:\/\/colegioarquitectos.com\/noticias\/?p=2092#respond"]}]},{"@type":"WebPage","@id":"https:\/\/colegioarquitectos.com\/noticias\/?p=2092","url":"https:\/\/colegioarquitectos.com\/noticias\/?p=2092","name":"EQUIPO VALDIVIANO GAN\u00d3 EL PRIMER LUGAR DEL CONCURSO DE IDEAS DE DISE\u00d1O PARA LA COSTANERA - Concurso patrocinado por Colegio de Arquitectos - COLEGIO DE ARQUITECTOS DE CHILE","isPartOf":{"@id":"https:\/\/colegioarquitectos.com\/noticias\/#website"},"primaryImageOfPage":{"@id":"https:\/\/colegioarquitectos.com\/noticias\/?p=2092#primaryimage"},"image":{"@id":"https:\/\/colegioarquitectos.com\/noticias\/?p=2092#primaryimage"},"thumbnailUrl":"http:\/\/colegioarquitectos.com\/noticias\/wp-content\/uploads\/2012\/08\/01-137.jpg","datePublished":"2012-08-10T17:40:31+00:00","dateModified":"2012-08-20T17:56:06+00:00","breadcrumb":{"@id":"https:\/\/colegioarquitectos.com\/noticias\/?p=2092#breadcrumb"},"inLanguage":"es","potentialAction":[{"@type":"ReadAction","target":["https:\/\/colegioarquitectos.com\/noticias\/?p=2092"]}]},{"@type":"ImageObject","inLanguage":"es","@id":"https:\/\/colegioarquitectos.com\/noticias\/?p=2092#primaryimage","url":"http:\/\/colegioarquitectos.com\/noticias\/wp-content\/uploads\/2012\/08\/01-137.jpg","contentUrl":"http:\/\/colegioarquitectos.com\/noticias\/wp-content\/uploads\/2012\/08\/01-137.jpg"},{"@type":"BreadcrumbList","@id":"https:\/\/colegioarquitectos.com\/noticias\/?p=2092#breadcrumb","itemListElement":[{"@type":"ListItem","position":1,"name":"Portada","item":"https:\/\/colegioarquitectos.com\/noticias"},{"@type":"ListItem","position":2,"name":"EQUIPO VALDIVIANO GAN\u00d3 EL PRIMER LUGAR DEL CONCURSO DE IDEAS DE DISE\u00d1O PARA LA COSTANERA &#8211; Concurso patrocinado por Colegio de Arquitectos"}]},{"@type":"WebSite","@id":"https:\/\/colegioarquitectos.com\/noticias\/#website","url":"https:\/\/colegioarquitectos.com\/noticias\/","name":"COLEGIO DE ARQUITECTOS DE CHILE","description":"","publisher":{"@id":"https:\/\/colegioarquitectos.com\/noticias\/#organization"},"potentialAction":[{"@type":"SearchAction","target":{"@type":"EntryPoint","urlTemplate":"https:\/\/colegioarquitectos.com\/noticias\/?s={search_term_string}"},"query-input":{"@type":"PropertyValueSpecification","valueRequired":true,"valueName":"search_term_string"}}],"inLanguage":"es"},{"@type":"Organization","@id":"https:\/\/colegioarquitectos.com\/noticias\/#organization","name":"COLEGIO DE ARQUITECTOS DE CHILE","url":"https:\/\/colegioarquitectos.com\/noticias\/","logo":{"@type":"ImageObject","inLanguage":"es","@id":"https:\/\/colegioarquitectos.com\/noticias\/#\/schema\/logo\/image\/","url":"https:\/\/colegioarquitectos.com\/noticias\/wp-content\/uploads\/2021\/05\/ENCABEZADO-LOGO-CA.jpg","contentUrl":"https:\/\/colegioarquitectos.com\/noticias\/wp-content\/uploads\/2021\/05\/ENCABEZADO-LOGO-CA.jpg","width":690,"height":350,"caption":"COLEGIO DE ARQUITECTOS DE CHILE"},"image":{"@id":"https:\/\/colegioarquitectos.com\/noticias\/#\/schema\/logo\/image\/"},"sameAs":["https:\/\/facebook.com\/Colegioarq\/","https:\/\/x.com\/colegioarq","https:\/\/instagram.com\/colegioarq","https:\/\/youtube.com\/@ColegiodeArquitectosdeChile"]},{"@type":"Person","@id":"https:\/\/colegioarquitectos.com\/noticias\/#\/schema\/person\/b6c7e912cd1283c089114093ed09741f","name":"Gabriel Salgado S.","url":"https:\/\/colegioarquitectos.com\/noticias\/?author=1"}]}},"_links":{"self":[{"href":"https:\/\/colegioarquitectos.com\/noticias\/index.php?rest_route=\/wp\/v2\/posts\/2092","targetHints":{"allow":["GET"]}}],"collection":[{"href":"https:\/\/colegioarquitectos.com\/noticias\/index.php?rest_route=\/wp\/v2\/posts"}],"about":[{"href":"https:\/\/colegioarquitectos.com\/noticias\/index.php?rest_route=\/wp\/v2\/types\/post"}],"author":[{"embeddable":true,"href":"https:\/\/colegioarquitectos.com\/noticias\/index.php?rest_route=\/wp\/v2\/users\/1"}],"replies":[{"embeddable":true,"href":"https:\/\/colegioarquitectos.com\/noticias\/index.php?rest_route=%2Fwp%2Fv2%2Fcomments&post=2092"}],"version-history":[{"count":0,"href":"https:\/\/colegioarquitectos.com\/noticias\/index.php?rest_route=\/wp\/v2\/posts\/2092\/revisions"}],"wp:attachment":[{"href":"https:\/\/colegioarquitectos.com\/noticias\/index.php?rest_route=%2Fwp%2Fv2%2Fmedia&parent=2092"}],"wp:term":[{"taxonomy":"category","embeddable":true,"href":"https:\/\/colegioarquitectos.com\/noticias\/index.php?rest_route=%2Fwp%2Fv2%2Fcategories&post=2092"},{"taxonomy":"post_tag","embeddable":true,"href":"https:\/\/colegioarquitectos.com\/noticias\/index.php?rest_route=%2Fwp%2Fv2%2Ftags&post=2092"}],"curies":[{"name":"wp","href":"https:\/\/api.w.org\/{rel}","templated":true}]}}