
{"id":20940,"date":"2018-06-15T17:52:47","date_gmt":"2018-06-15T17:52:47","guid":{"rendered":"http:\/\/colegioarquitectos.com\/?p=20940"},"modified":"2018-06-15T17:53:21","modified_gmt":"2018-06-15T17:53:21","slug":"primera-capacitacion-red-nacional-de-arquitectos-voluntarios-renav","status":"publish","type":"post","link":"https:\/\/colegioarquitectos.com\/noticias\/?p=20940","title":{"rendered":"Primera Capacitaci\u00f3n Red Nacional de Arquitectos Voluntarios \u2013 RENAV"},"content":{"rendered":"<p>El proyecto RENAV nace desde el Comit\u00e9 de Arquitectos J\u00f3venes del Colegio de Arquitectos (CAJ), debido a la gran cantidad de desastres naturales que han ocurrido durante los \u00faltimos a\u00f1os en nuestro pa\u00eds, tales como la erupci\u00f3n del volc\u00e1n Chait\u00e9n en el 2008, el terremoto de Tocopilla el 2007, el 27 F el 2010, el incendio en Valpara\u00edso el 2014, el aluvi\u00f3n en el norte el 2015, la erupci\u00f3n del volc\u00e1n Calbuco el 2015, entre otros, como una iniciativa para apoyar de manera profesional desde nuestro gremio, la evaluaci\u00f3n de infraestructura, el dise\u00f1o y\/o conformaci\u00f3n de aldeas de emergencia, u otro requerimiento de cualquiera instituci\u00f3n p\u00fablica u ONG, en momentos de emergencia a nivel nacional.<\/p>\n<p>&nbsp;<\/p>\n<p><strong>OBJETIVO GENERAL<\/strong><\/p>\n<p>Establecer una plataforma operativa que permita contar con una red de profesionales arquitectos voluntarios dispuestos a brindar apoyo t\u00e9cnico ante una situaci\u00f3n de emergencia dentro de nuestro pa\u00eds.<\/p>\n<p>&nbsp;<\/p>\n<p><strong>OBJETIVOS ESPEC\u00cdFICOS<\/strong><\/p>\n<ul>\n<li>Contar con una base datos de Arquitectos voluntarios de nuestro pa\u00eds disponibles para trasladarse dentro del territorio nacional a apoyar labores de catastro y\/o evaluaci\u00f3n de da\u00f1os estructurales de viviendas, espacios p\u00fablicos y\/o edificaciones en general.<\/li>\n<li>Apoyar la coordinaci\u00f3n de las autoridades de gobierno para la correcta evaluaci\u00f3n de da\u00f1os en infraestructura de vivienda de nuestro pa\u00eds.<\/li>\n<li>Recomendar y poner a disposici\u00f3n profesionales arquitectos para apoyar las labores de reconstrucci\u00f3n posterior a las situaciones de emergencia de los equipos regionales que necesiten reforzar sus dotaciones.<\/li>\n<\/ul>\n<p>&nbsp;<\/p>\n<p><strong>DESCRIPCI\u00d3N DE LA ACTIVIDAD DE CAPACITACI\u00d3N<\/strong><\/p>\n<p>Esta primera capacitaci\u00f3n del RENAV, llamada \u201c<strong>\u201cConceptos b\u00e1sicos, etapas y herramientas de la Gesti\u00f3n de la Emergencia en Chile\u201d, <\/strong>ser\u00e1 la primera de varias instancias de este tipo y que busca dar a conocer a los voluntarios los conceptos b\u00e1sicos, protocolos, principales herramientas y las etapas que las instituciones y organismos del estado implementan en momentos en que ocurre alguna situaci\u00f3n de emergencia en nuestro pa\u00eds. Despu\u00e9s de esta actividad, se planificar\u00e1n futuras capacitaciones con otras tem\u00e1ticas afines, tales como evaluaci\u00f3n del da\u00f1o estructural, relaciones con las comunidades, viviendas de emergencia, aldeas transitorias, entre otras.<\/p>\n<p>&nbsp;<\/p>\n<p><img loading=\"lazy\" decoding=\"async\" class=\"wp-image-20942 aligncenter\" src=\"http:\/\/colegioarquitectos.com\/noticias\/wp-content\/uploads\/2018\/06\/Afiche-Capacitaci\u00f3n-21-06.jpg\" alt=\"\" width=\"606\" height=\"909\" srcset=\"https:\/\/colegioarquitectos.com\/noticias\/wp-content\/uploads\/2018\/06\/Afiche-Capacitaci\u00f3n-21-06.jpg 667w, https:\/\/colegioarquitectos.com\/noticias\/wp-content\/uploads\/2018\/06\/Afiche-Capacitaci\u00f3n-21-06-200x300.jpg 200w\" sizes=\"auto, (max-width: 606px) 100vw, 606px\" \/><\/p>\n<p>&nbsp;<\/p>\n<p>Las y los invitamos a inscribirse al RENAV y formar parte de esta red colaborativa que busca ser un apoyo real como gremio en momentos en que el pa\u00eds nos necesita.<\/p>\n<p>Si quieres brindar t\u00fa apoyo y formar parte del equipo de voluntarios a nivel pa\u00eds en caso de emergencia. REGISTRATE AC\u00c1:<\/p>\n<p>FICHA INSCRIPCI\u00d3N:\u00a0<a href=\"https:\/\/goo.gl\/RhyjSN\">https:\/\/goo.gl\/RhyjSN<\/a><\/p>\n<p>+info en: <a href=\"mailto:caj@colegioarquitectos.com\">caj@colegioarquitectos.com<\/a><\/p>\n<p><\/p>","protected":false},"excerpt":{"rendered":"<p>El proyecto RENAV nace desde el Comit\u00e9 de Arquitectos J\u00f3venes del Colegio de Arquitectos (CAJ), debido a la gran cantidad de desastres naturales que han ocurrido durante los \u00faltimos a\u00f1os en nuestro pa\u00eds, tales como la erupci\u00f3n del volc\u00e1n Chait\u00e9n &hellip; <a class=\"more-link\" href=\"https:\/\/colegioarquitectos.com\/noticias\/?p=20940\">ver m\u00e1s<\/a><\/p>","protected":false},"author":4,"featured_media":20941,"comment_status":"closed","ping_status":"closed","sticky":false,"template":"","format":"standard","meta":{"footnotes":""},"categories":[8],"tags":[],"class_list":["post-20940","post","type-post","status-publish","format-standard","has-post-thumbnail","hentry","category-colegio-de-arquitectos"],"yoast_head":"<!-- This site is optimized with the Yoast SEO plugin v24.2 - https:\/\/yoast.com\/wordpress\/plugins\/seo\/ -->\n<title>Primera Capacitaci\u00f3n Red Nacional de Arquitectos Voluntarios \u2013 RENAV - COLEGIO DE ARQUITECTOS DE CHILE<\/title>\n<meta name=\"robots\" content=\"index, follow, max-snippet:-1, max-image-preview:large, max-video-preview:-1\" \/>\n<link rel=\"canonical\" href=\"https:\/\/colegioarquitectos.com\/noticias\/?p=20940\" \/>\n<meta property=\"og:locale\" content=\"es_ES\" \/>\n<meta property=\"og:type\" content=\"article\" \/>\n<meta property=\"og:title\" content=\"Primera Capacitaci\u00f3n Red Nacional de Arquitectos Voluntarios \u2013 RENAV - COLEGIO DE ARQUITECTOS DE CHILE\" \/>\n<meta property=\"og:description\" content=\"El proyecto RENAV nace desde el Comit\u00e9 de Arquitectos J\u00f3venes del Colegio de Arquitectos (CAJ), debido a la gran cantidad de desastres naturales que han ocurrido durante los \u00faltimos a\u00f1os en nuestro pa\u00eds, tales como la erupci\u00f3n del volc\u00e1n Chait\u00e9n &hellip; ver m\u00e1s\" \/>\n<meta property=\"og:url\" content=\"https:\/\/colegioarquitectos.com\/noticias\/?p=20940\" \/>\n<meta property=\"og:site_name\" content=\"COLEGIO DE ARQUITECTOS DE CHILE\" \/>\n<meta property=\"article:publisher\" content=\"https:\/\/facebook.com\/Colegioarq\/\" \/>\n<meta property=\"article:published_time\" content=\"2018-06-15T17:52:47+00:00\" \/>\n<meta property=\"article:modified_time\" content=\"2018-06-15T17:53:21+00:00\" \/>\n<meta property=\"og:image\" content=\"https:\/\/colegioarquitectos.com\/noticias\/wp-content\/uploads\/2018\/06\/Afiche-convocatoria-RENAV-2018.jpg\" \/>\n\t<meta property=\"og:image:width\" content=\"690\" \/>\n\t<meta property=\"og:image:height\" content=\"488\" \/>\n\t<meta property=\"og:image:type\" content=\"image\/jpeg\" \/>\n<meta name=\"author\" content=\"Colegio de Arquitectos de Chile\" \/>\n<meta name=\"twitter:card\" content=\"summary_large_image\" \/>\n<meta name=\"twitter:creator\" content=\"@colegioarq\" \/>\n<meta name=\"twitter:site\" content=\"@colegioarq\" \/>\n<meta name=\"twitter:label1\" content=\"Escrito por\" \/>\n\t<meta name=\"twitter:data1\" content=\"Colegio de Arquitectos de Chile\" \/>\n\t<meta name=\"twitter:label2\" content=\"Tiempo de lectura\" \/>\n\t<meta name=\"twitter:data2\" content=\"2 minutos\" \/>\n<script type=\"application\/ld+json\" class=\"yoast-schema-graph\">{\"@context\":\"https:\/\/schema.org\",\"@graph\":[{\"@type\":\"Article\",\"@id\":\"https:\/\/colegioarquitectos.com\/noticias\/?p=20940#article\",\"isPartOf\":{\"@id\":\"https:\/\/colegioarquitectos.com\/noticias\/?p=20940\"},\"author\":{\"name\":\"Colegio de Arquitectos de Chile\",\"@id\":\"https:\/\/colegioarquitectos.com\/noticias\/#\/schema\/person\/685cc0aad148303c5608f049af8285ad\"},\"headline\":\"Primera Capacitaci\u00f3n Red Nacional de Arquitectos Voluntarios \u2013 RENAV\",\"datePublished\":\"2018-06-15T17:52:47+00:00\",\"dateModified\":\"2018-06-15T17:53:21+00:00\",\"mainEntityOfPage\":{\"@id\":\"https:\/\/colegioarquitectos.com\/noticias\/?p=20940\"},\"wordCount\":451,\"publisher\":{\"@id\":\"https:\/\/colegioarquitectos.com\/noticias\/#organization\"},\"image\":{\"@id\":\"https:\/\/colegioarquitectos.com\/noticias\/?p=20940#primaryimage\"},\"thumbnailUrl\":\"https:\/\/colegioarquitectos.com\/noticias\/wp-content\/uploads\/2018\/06\/Afiche-convocatoria-RENAV-2018.jpg\",\"articleSection\":[\"Colegio\"],\"inLanguage\":\"es\"},{\"@type\":\"WebPage\",\"@id\":\"https:\/\/colegioarquitectos.com\/noticias\/?p=20940\",\"url\":\"https:\/\/colegioarquitectos.com\/noticias\/?p=20940\",\"name\":\"Primera Capacitaci\u00f3n Red Nacional de Arquitectos Voluntarios \u2013 RENAV - COLEGIO DE ARQUITECTOS DE CHILE\",\"isPartOf\":{\"@id\":\"https:\/\/colegioarquitectos.com\/noticias\/#website\"},\"primaryImageOfPage\":{\"@id\":\"https:\/\/colegioarquitectos.com\/noticias\/?p=20940#primaryimage\"},\"image\":{\"@id\":\"https:\/\/colegioarquitectos.com\/noticias\/?p=20940#primaryimage\"},\"thumbnailUrl\":\"https:\/\/colegioarquitectos.com\/noticias\/wp-content\/uploads\/2018\/06\/Afiche-convocatoria-RENAV-2018.jpg\",\"datePublished\":\"2018-06-15T17:52:47+00:00\",\"dateModified\":\"2018-06-15T17:53:21+00:00\",\"breadcrumb\":{\"@id\":\"https:\/\/colegioarquitectos.com\/noticias\/?p=20940#breadcrumb\"},\"inLanguage\":\"es\",\"potentialAction\":[{\"@type\":\"ReadAction\",\"target\":[\"https:\/\/colegioarquitectos.com\/noticias\/?p=20940\"]}]},{\"@type\":\"ImageObject\",\"inLanguage\":\"es\",\"@id\":\"https:\/\/colegioarquitectos.com\/noticias\/?p=20940#primaryimage\",\"url\":\"https:\/\/colegioarquitectos.com\/noticias\/wp-content\/uploads\/2018\/06\/Afiche-convocatoria-RENAV-2018.jpg\",\"contentUrl\":\"https:\/\/colegioarquitectos.com\/noticias\/wp-content\/uploads\/2018\/06\/Afiche-convocatoria-RENAV-2018.jpg\",\"width\":690,\"height\":488},{\"@type\":\"BreadcrumbList\",\"@id\":\"https:\/\/colegioarquitectos.com\/noticias\/?p=20940#breadcrumb\",\"itemListElement\":[{\"@type\":\"ListItem\",\"position\":1,\"name\":\"Portada\",\"item\":\"https:\/\/colegioarquitectos.com\/noticias\"},{\"@type\":\"ListItem\",\"position\":2,\"name\":\"Primera Capacitaci\u00f3n Red Nacional de Arquitectos Voluntarios \u2013 RENAV\"}]},{\"@type\":\"WebSite\",\"@id\":\"https:\/\/colegioarquitectos.com\/noticias\/#website\",\"url\":\"https:\/\/colegioarquitectos.com\/noticias\/\",\"name\":\"COLEGIO DE ARQUITECTOS DE CHILE\",\"description\":\"\",\"publisher\":{\"@id\":\"https:\/\/colegioarquitectos.com\/noticias\/#organization\"},\"potentialAction\":[{\"@type\":\"SearchAction\",\"target\":{\"@type\":\"EntryPoint\",\"urlTemplate\":\"https:\/\/colegioarquitectos.com\/noticias\/?s={search_term_string}\"},\"query-input\":{\"@type\":\"PropertyValueSpecification\",\"valueRequired\":true,\"valueName\":\"search_term_string\"}}],\"inLanguage\":\"es\"},{\"@type\":\"Organization\",\"@id\":\"https:\/\/colegioarquitectos.com\/noticias\/#organization\",\"name\":\"COLEGIO DE ARQUITECTOS DE CHILE\",\"url\":\"https:\/\/colegioarquitectos.com\/noticias\/\",\"logo\":{\"@type\":\"ImageObject\",\"inLanguage\":\"es\",\"@id\":\"https:\/\/colegioarquitectos.com\/noticias\/#\/schema\/logo\/image\/\",\"url\":\"https:\/\/colegioarquitectos.com\/noticias\/wp-content\/uploads\/2021\/05\/ENCABEZADO-LOGO-CA.jpg\",\"contentUrl\":\"https:\/\/colegioarquitectos.com\/noticias\/wp-content\/uploads\/2021\/05\/ENCABEZADO-LOGO-CA.jpg\",\"width\":690,\"height\":350,\"caption\":\"COLEGIO DE ARQUITECTOS DE CHILE\"},\"image\":{\"@id\":\"https:\/\/colegioarquitectos.com\/noticias\/#\/schema\/logo\/image\/\"},\"sameAs\":[\"https:\/\/facebook.com\/Colegioarq\/\",\"https:\/\/x.com\/colegioarq\",\"https:\/\/instagram.com\/colegioarq\",\"https:\/\/youtube.com\/@ColegiodeArquitectosdeChile\"]},{\"@type\":\"Person\",\"@id\":\"https:\/\/colegioarquitectos.com\/noticias\/#\/schema\/person\/685cc0aad148303c5608f049af8285ad\",\"name\":\"Colegio de Arquitectos de Chile\",\"url\":\"https:\/\/colegioarquitectos.com\/noticias\/?author=4\"}]}<\/script>\n<!-- \/ Yoast SEO plugin. -->","yoast_head_json":{"title":"Primera Capacitaci\u00f3n Red Nacional de Arquitectos Voluntarios \u2013 RENAV - COLEGIO DE ARQUITECTOS DE CHILE","robots":{"index":"index","follow":"follow","max-snippet":"max-snippet:-1","max-image-preview":"max-image-preview:large","max-video-preview":"max-video-preview:-1"},"canonical":"https:\/\/colegioarquitectos.com\/noticias\/?p=20940","og_locale":"es_ES","og_type":"article","og_title":"Primera Capacitaci\u00f3n Red Nacional de Arquitectos Voluntarios \u2013 RENAV - COLEGIO DE ARQUITECTOS DE CHILE","og_description":"El proyecto RENAV nace desde el Comit\u00e9 de Arquitectos J\u00f3venes del Colegio de Arquitectos (CAJ), debido a la gran cantidad de desastres naturales que han ocurrido durante los \u00faltimos a\u00f1os en nuestro pa\u00eds, tales como la erupci\u00f3n del volc\u00e1n Chait\u00e9n &hellip; ver m\u00e1s","og_url":"https:\/\/colegioarquitectos.com\/noticias\/?p=20940","og_site_name":"COLEGIO DE ARQUITECTOS DE CHILE","article_publisher":"https:\/\/facebook.com\/Colegioarq\/","article_published_time":"2018-06-15T17:52:47+00:00","article_modified_time":"2018-06-15T17:53:21+00:00","og_image":[{"width":690,"height":488,"url":"https:\/\/colegioarquitectos.com\/noticias\/wp-content\/uploads\/2018\/06\/Afiche-convocatoria-RENAV-2018.jpg","type":"image\/jpeg"}],"author":"Colegio de Arquitectos de Chile","twitter_card":"summary_large_image","twitter_creator":"@colegioarq","twitter_site":"@colegioarq","twitter_misc":{"Escrito por":"Colegio de Arquitectos de Chile","Tiempo de lectura":"2 minutos"},"schema":{"@context":"https:\/\/schema.org","@graph":[{"@type":"Article","@id":"https:\/\/colegioarquitectos.com\/noticias\/?p=20940#article","isPartOf":{"@id":"https:\/\/colegioarquitectos.com\/noticias\/?p=20940"},"author":{"name":"Colegio de Arquitectos de Chile","@id":"https:\/\/colegioarquitectos.com\/noticias\/#\/schema\/person\/685cc0aad148303c5608f049af8285ad"},"headline":"Primera Capacitaci\u00f3n Red Nacional de Arquitectos Voluntarios \u2013 RENAV","datePublished":"2018-06-15T17:52:47+00:00","dateModified":"2018-06-15T17:53:21+00:00","mainEntityOfPage":{"@id":"https:\/\/colegioarquitectos.com\/noticias\/?p=20940"},"wordCount":451,"publisher":{"@id":"https:\/\/colegioarquitectos.com\/noticias\/#organization"},"image":{"@id":"https:\/\/colegioarquitectos.com\/noticias\/?p=20940#primaryimage"},"thumbnailUrl":"https:\/\/colegioarquitectos.com\/noticias\/wp-content\/uploads\/2018\/06\/Afiche-convocatoria-RENAV-2018.jpg","articleSection":["Colegio"],"inLanguage":"es"},{"@type":"WebPage","@id":"https:\/\/colegioarquitectos.com\/noticias\/?p=20940","url":"https:\/\/colegioarquitectos.com\/noticias\/?p=20940","name":"Primera Capacitaci\u00f3n Red Nacional de Arquitectos Voluntarios \u2013 RENAV - COLEGIO DE ARQUITECTOS DE CHILE","isPartOf":{"@id":"https:\/\/colegioarquitectos.com\/noticias\/#website"},"primaryImageOfPage":{"@id":"https:\/\/colegioarquitectos.com\/noticias\/?p=20940#primaryimage"},"image":{"@id":"https:\/\/colegioarquitectos.com\/noticias\/?p=20940#primaryimage"},"thumbnailUrl":"https:\/\/colegioarquitectos.com\/noticias\/wp-content\/uploads\/2018\/06\/Afiche-convocatoria-RENAV-2018.jpg","datePublished":"2018-06-15T17:52:47+00:00","dateModified":"2018-06-15T17:53:21+00:00","breadcrumb":{"@id":"https:\/\/colegioarquitectos.com\/noticias\/?p=20940#breadcrumb"},"inLanguage":"es","potentialAction":[{"@type":"ReadAction","target":["https:\/\/colegioarquitectos.com\/noticias\/?p=20940"]}]},{"@type":"ImageObject","inLanguage":"es","@id":"https:\/\/colegioarquitectos.com\/noticias\/?p=20940#primaryimage","url":"https:\/\/colegioarquitectos.com\/noticias\/wp-content\/uploads\/2018\/06\/Afiche-convocatoria-RENAV-2018.jpg","contentUrl":"https:\/\/colegioarquitectos.com\/noticias\/wp-content\/uploads\/2018\/06\/Afiche-convocatoria-RENAV-2018.jpg","width":690,"height":488},{"@type":"BreadcrumbList","@id":"https:\/\/colegioarquitectos.com\/noticias\/?p=20940#breadcrumb","itemListElement":[{"@type":"ListItem","position":1,"name":"Portada","item":"https:\/\/colegioarquitectos.com\/noticias"},{"@type":"ListItem","position":2,"name":"Primera Capacitaci\u00f3n Red Nacional de Arquitectos Voluntarios \u2013 RENAV"}]},{"@type":"WebSite","@id":"https:\/\/colegioarquitectos.com\/noticias\/#website","url":"https:\/\/colegioarquitectos.com\/noticias\/","name":"COLEGIO DE ARQUITECTOS DE CHILE","description":"","publisher":{"@id":"https:\/\/colegioarquitectos.com\/noticias\/#organization"},"potentialAction":[{"@type":"SearchAction","target":{"@type":"EntryPoint","urlTemplate":"https:\/\/colegioarquitectos.com\/noticias\/?s={search_term_string}"},"query-input":{"@type":"PropertyValueSpecification","valueRequired":true,"valueName":"search_term_string"}}],"inLanguage":"es"},{"@type":"Organization","@id":"https:\/\/colegioarquitectos.com\/noticias\/#organization","name":"COLEGIO DE ARQUITECTOS DE CHILE","url":"https:\/\/colegioarquitectos.com\/noticias\/","logo":{"@type":"ImageObject","inLanguage":"es","@id":"https:\/\/colegioarquitectos.com\/noticias\/#\/schema\/logo\/image\/","url":"https:\/\/colegioarquitectos.com\/noticias\/wp-content\/uploads\/2021\/05\/ENCABEZADO-LOGO-CA.jpg","contentUrl":"https:\/\/colegioarquitectos.com\/noticias\/wp-content\/uploads\/2021\/05\/ENCABEZADO-LOGO-CA.jpg","width":690,"height":350,"caption":"COLEGIO DE ARQUITECTOS DE CHILE"},"image":{"@id":"https:\/\/colegioarquitectos.com\/noticias\/#\/schema\/logo\/image\/"},"sameAs":["https:\/\/facebook.com\/Colegioarq\/","https:\/\/x.com\/colegioarq","https:\/\/instagram.com\/colegioarq","https:\/\/youtube.com\/@ColegiodeArquitectosdeChile"]},{"@type":"Person","@id":"https:\/\/colegioarquitectos.com\/noticias\/#\/schema\/person\/685cc0aad148303c5608f049af8285ad","name":"Colegio de Arquitectos de Chile","url":"https:\/\/colegioarquitectos.com\/noticias\/?author=4"}]}},"_links":{"self":[{"href":"https:\/\/colegioarquitectos.com\/noticias\/index.php?rest_route=\/wp\/v2\/posts\/20940","targetHints":{"allow":["GET"]}}],"collection":[{"href":"https:\/\/colegioarquitectos.com\/noticias\/index.php?rest_route=\/wp\/v2\/posts"}],"about":[{"href":"https:\/\/colegioarquitectos.com\/noticias\/index.php?rest_route=\/wp\/v2\/types\/post"}],"author":[{"embeddable":true,"href":"https:\/\/colegioarquitectos.com\/noticias\/index.php?rest_route=\/wp\/v2\/users\/4"}],"replies":[{"embeddable":true,"href":"https:\/\/colegioarquitectos.com\/noticias\/index.php?rest_route=%2Fwp%2Fv2%2Fcomments&post=20940"}],"version-history":[{"count":0,"href":"https:\/\/colegioarquitectos.com\/noticias\/index.php?rest_route=\/wp\/v2\/posts\/20940\/revisions"}],"wp:featuredmedia":[{"embeddable":true,"href":"https:\/\/colegioarquitectos.com\/noticias\/index.php?rest_route=\/wp\/v2\/media\/20941"}],"wp:attachment":[{"href":"https:\/\/colegioarquitectos.com\/noticias\/index.php?rest_route=%2Fwp%2Fv2%2Fmedia&parent=20940"}],"wp:term":[{"taxonomy":"category","embeddable":true,"href":"https:\/\/colegioarquitectos.com\/noticias\/index.php?rest_route=%2Fwp%2Fv2%2Fcategories&post=20940"},{"taxonomy":"post_tag","embeddable":true,"href":"https:\/\/colegioarquitectos.com\/noticias\/index.php?rest_route=%2Fwp%2Fv2%2Ftags&post=20940"}],"curies":[{"name":"wp","href":"https:\/\/api.w.org\/{rel}","templated":true}]}}