
{"id":21203,"date":"2018-08-17T16:02:41","date_gmt":"2018-08-17T16:02:41","guid":{"rendered":"http:\/\/colegioarquitectos.com\/?p=21203"},"modified":"2018-08-22T15:36:32","modified_gmt":"2018-08-22T15:36:32","slug":"concurso-publico-curador-xxi-bienal-de-arquitectura-y-urbanismo-2019","status":"publish","type":"post","link":"https:\/\/colegioarquitectos.com\/noticias\/?p=21203","title":{"rendered":"Concurso P\u00fablico: Curador XXI BIENAL DE ARQUITECTURA Y URBANISMO 2019"},"content":{"rendered":"<p><strong>Colegio de Arquitectos de Chile<\/strong> a trav\u00e9s de Fundaci\u00f3n espacio y desarrollo\u00a0 convocan a un Concurso de Ideas que aborde los conceptos y contenidos curatoriales de la pr\u00f3xima Bienal de Arquitectura y Urbanismo 2019<\/p>\n<p>El concurso definir\u00e1 al Curador y su equipo, quienes estar\u00e1n a cargo del desarrollo de contenidos, el proyecto de puesta en escena, aspectos visuales y gr\u00e1ficos, formatos de difusi\u00f3n, participaci\u00f3n, programa y las estrategias financieras para la obtenci\u00f3n de recursos para la Bienal.<\/p>\n<p><strong>Objetivos del Concurso<\/strong><\/p>\n<p>El presente concurso tiene por objetivo elegir al Curador y su equipo, a la propuesta conceptual y programa de actividades m\u00e1s apropiadas para la XXI Bienal de Arquitectura y Urbanismo, que en esta oportunidad debe responder a la convocatoria en su propuesta al marco problem\u00e1tico ya expuesto y ser\u00e1 trabajado con el equipo seleccionado, construyendo un panorama en torno a las disciplinas de nuestro inter\u00e9s, al ejercicio profesional en todas las \u00e1reas de nuestra competencia y a la contingencia nacional e internacional.<\/p>\n<hr \/>\n<p><strong>Calendario de postulaci\u00f3n<\/strong><\/p>\n<ul>\n<li><strong>9 de Julio:<\/strong> Lanzamiento de convocatoria para curator\u00eda XXI Bienal de Arquitectura y Urbanismo<\/li>\n<li><strong>18 Julio:<\/strong> Plazo para recibir consultas de los participantes<\/li>\n<li><strong>25 Julio:<\/strong> Fecha publicaci\u00f3n respuestas a consultas.<\/li>\n<li><strong>7\u00a0 Septiembre: Plazo fi<\/strong><strong>nal para recibir propuestas de los participantes<\/strong><\/li>\n<li><strong>10-14 de Septiembre:<\/strong> Presentaciones de pre-selecci\u00f3n ante comisi\u00f3n Bienal<\/li>\n<li><strong>24 de Septiembre:<\/strong> Publicaci\u00f3n de resultados y nominaci\u00f3n del curador XXI Bienal<\/li>\n<li><strong>Octubre 2018:<\/strong> Lanzamiento p\u00fablico de curador y equipo XXI Bienal ganador.<\/li>\n<\/ul>\n<hr \/>\n<p><strong>Bases:\u00a0<\/strong><\/p>\n<p><a href=\"http:\/\/colegioarquitectos.com\/noticias\/wp-content\/uploads\/2018\/07\/BASESCONCURSOCURADORXXIBIENADEARQUITECTURAYURBANISMO2O19.pdf\"><strong><img loading=\"lazy\" decoding=\"async\" class=\"alignleft wp-image-21204\" src=\"http:\/\/colegioarquitectos.com\/noticias\/wp-content\/uploads\/2018\/07\/Pdf-File-512-180x180.png\" alt=\"\" width=\"50\" height=\"52\" \/><\/strong><\/a><\/p>\n<p>&nbsp;<\/p>\n<p><a href=\"http:\/\/colegioarquitectos.com\/noticias\/wp-content\/uploads\/2018\/07\/BASESCONCURSOCURADORXXIBIENADEARQUITECTURAYURBANISMO2O19.pdf\"><strong>DESCARGA BASES CONCURSO CURADOR XXI BIENAL DE ARQUITECTURA Y URBANISMO 2019<\/strong><\/a><\/p>\n<hr \/>\n<p><strong>Consultas y m\u00e1s informaciones al email : bienal@colegioarquitectos.com<\/strong><\/p>\n<p>&nbsp;<\/p>\n<p><\/p>","protected":false},"excerpt":{"rendered":"<p>Colegio de Arquitectos de Chile a trav\u00e9s de Fundaci\u00f3n espacio y desarrollo\u00a0 convocan a un Concurso de Ideas que aborde los conceptos y contenidos curatoriales de la pr\u00f3xima Bienal de Arquitectura y Urbanismo 2019 El concurso definir\u00e1 al Curador y &hellip; <a class=\"more-link\" href=\"https:\/\/colegioarquitectos.com\/noticias\/?p=21203\">ver m\u00e1s<\/a><\/p>","protected":false},"author":1,"featured_media":21662,"comment_status":"closed","ping_status":"closed","sticky":false,"template":"","format":"standard","meta":{"footnotes":""},"categories":[59],"tags":[],"class_list":["post-21203","post","type-post","status-publish","format-standard","has-post-thumbnail","hentry","category-bienal"],"yoast_head":"<!-- This site is optimized with the Yoast SEO plugin v24.2 - https:\/\/yoast.com\/wordpress\/plugins\/seo\/ -->\n<title>Concurso P\u00fablico: Curador XXI BIENAL DE ARQUITECTURA Y URBANISMO 2019 - COLEGIO DE ARQUITECTOS DE CHILE<\/title>\n<meta name=\"robots\" content=\"index, follow, max-snippet:-1, max-image-preview:large, max-video-preview:-1\" \/>\n<link rel=\"canonical\" href=\"https:\/\/colegioarquitectos.com\/noticias\/?p=21203\" \/>\n<meta property=\"og:locale\" content=\"es_ES\" \/>\n<meta property=\"og:type\" content=\"article\" \/>\n<meta property=\"og:title\" content=\"Concurso P\u00fablico: Curador XXI BIENAL DE ARQUITECTURA Y URBANISMO 2019 - COLEGIO DE ARQUITECTOS DE CHILE\" \/>\n<meta property=\"og:description\" content=\"Colegio de Arquitectos de Chile a trav\u00e9s de Fundaci\u00f3n espacio y desarrollo\u00a0 convocan a un Concurso de Ideas que aborde los conceptos y contenidos curatoriales de la pr\u00f3xima Bienal de Arquitectura y Urbanismo 2019 El concurso definir\u00e1 al Curador y &hellip; ver m\u00e1s\" \/>\n<meta property=\"og:url\" content=\"https:\/\/colegioarquitectos.com\/noticias\/?p=21203\" \/>\n<meta property=\"og:site_name\" content=\"COLEGIO DE ARQUITECTOS DE CHILE\" \/>\n<meta property=\"article:publisher\" content=\"https:\/\/facebook.com\/Colegioarq\/\" \/>\n<meta property=\"article:published_time\" content=\"2018-08-17T16:02:41+00:00\" \/>\n<meta property=\"article:modified_time\" content=\"2018-08-22T15:36:32+00:00\" \/>\n<meta property=\"og:image\" content=\"https:\/\/colegioarquitectos.com\/noticias\/wp-content\/uploads\/2018\/07\/imagendestacadaXXIBIENAL-768x390-1.png\" \/>\n\t<meta property=\"og:image:width\" content=\"1380\" \/>\n\t<meta property=\"og:image:height\" content=\"700\" \/>\n\t<meta property=\"og:image:type\" content=\"image\/png\" \/>\n<meta name=\"author\" content=\"Gabriel Salgado S.\" \/>\n<meta name=\"twitter:card\" content=\"summary_large_image\" \/>\n<meta name=\"twitter:creator\" content=\"@colegioarq\" \/>\n<meta name=\"twitter:site\" content=\"@colegioarq\" \/>\n<meta name=\"twitter:label1\" content=\"Escrito por\" \/>\n\t<meta name=\"twitter:data1\" content=\"Gabriel Salgado S.\" \/>\n\t<meta name=\"twitter:label2\" content=\"Tiempo de lectura\" \/>\n\t<meta name=\"twitter:data2\" content=\"1 minuto\" \/>\n<script type=\"application\/ld+json\" class=\"yoast-schema-graph\">{\"@context\":\"https:\/\/schema.org\",\"@graph\":[{\"@type\":\"Article\",\"@id\":\"https:\/\/colegioarquitectos.com\/noticias\/?p=21203#article\",\"isPartOf\":{\"@id\":\"https:\/\/colegioarquitectos.com\/noticias\/?p=21203\"},\"author\":{\"name\":\"Gabriel Salgado S.\",\"@id\":\"https:\/\/colegioarquitectos.com\/noticias\/#\/schema\/person\/b6c7e912cd1283c089114093ed09741f\"},\"headline\":\"Concurso P\u00fablico: Curador XXI BIENAL DE ARQUITECTURA Y URBANISMO 2019\",\"datePublished\":\"2018-08-17T16:02:41+00:00\",\"dateModified\":\"2018-08-22T15:36:32+00:00\",\"mainEntityOfPage\":{\"@id\":\"https:\/\/colegioarquitectos.com\/noticias\/?p=21203\"},\"wordCount\":283,\"publisher\":{\"@id\":\"https:\/\/colegioarquitectos.com\/noticias\/#organization\"},\"image\":{\"@id\":\"https:\/\/colegioarquitectos.com\/noticias\/?p=21203#primaryimage\"},\"thumbnailUrl\":\"https:\/\/colegioarquitectos.com\/noticias\/wp-content\/uploads\/2018\/07\/imagendestacadaXXIBIENAL-768x390-1.png\",\"articleSection\":[\"Bienal\"],\"inLanguage\":\"es\"},{\"@type\":\"WebPage\",\"@id\":\"https:\/\/colegioarquitectos.com\/noticias\/?p=21203\",\"url\":\"https:\/\/colegioarquitectos.com\/noticias\/?p=21203\",\"name\":\"Concurso P\u00fablico: Curador XXI BIENAL DE ARQUITECTURA Y URBANISMO 2019 - COLEGIO DE ARQUITECTOS DE CHILE\",\"isPartOf\":{\"@id\":\"https:\/\/colegioarquitectos.com\/noticias\/#website\"},\"primaryImageOfPage\":{\"@id\":\"https:\/\/colegioarquitectos.com\/noticias\/?p=21203#primaryimage\"},\"image\":{\"@id\":\"https:\/\/colegioarquitectos.com\/noticias\/?p=21203#primaryimage\"},\"thumbnailUrl\":\"https:\/\/colegioarquitectos.com\/noticias\/wp-content\/uploads\/2018\/07\/imagendestacadaXXIBIENAL-768x390-1.png\",\"datePublished\":\"2018-08-17T16:02:41+00:00\",\"dateModified\":\"2018-08-22T15:36:32+00:00\",\"breadcrumb\":{\"@id\":\"https:\/\/colegioarquitectos.com\/noticias\/?p=21203#breadcrumb\"},\"inLanguage\":\"es\",\"potentialAction\":[{\"@type\":\"ReadAction\",\"target\":[\"https:\/\/colegioarquitectos.com\/noticias\/?p=21203\"]}]},{\"@type\":\"ImageObject\",\"inLanguage\":\"es\",\"@id\":\"https:\/\/colegioarquitectos.com\/noticias\/?p=21203#primaryimage\",\"url\":\"https:\/\/colegioarquitectos.com\/noticias\/wp-content\/uploads\/2018\/07\/imagendestacadaXXIBIENAL-768x390-1.png\",\"contentUrl\":\"https:\/\/colegioarquitectos.com\/noticias\/wp-content\/uploads\/2018\/07\/imagendestacadaXXIBIENAL-768x390-1.png\",\"width\":1380,\"height\":700},{\"@type\":\"BreadcrumbList\",\"@id\":\"https:\/\/colegioarquitectos.com\/noticias\/?p=21203#breadcrumb\",\"itemListElement\":[{\"@type\":\"ListItem\",\"position\":1,\"name\":\"Portada\",\"item\":\"https:\/\/colegioarquitectos.com\/noticias\"},{\"@type\":\"ListItem\",\"position\":2,\"name\":\"Concurso P\u00fablico: Curador XXI BIENAL DE ARQUITECTURA Y URBANISMO 2019\"}]},{\"@type\":\"WebSite\",\"@id\":\"https:\/\/colegioarquitectos.com\/noticias\/#website\",\"url\":\"https:\/\/colegioarquitectos.com\/noticias\/\",\"name\":\"COLEGIO DE ARQUITECTOS DE CHILE\",\"description\":\"\",\"publisher\":{\"@id\":\"https:\/\/colegioarquitectos.com\/noticias\/#organization\"},\"potentialAction\":[{\"@type\":\"SearchAction\",\"target\":{\"@type\":\"EntryPoint\",\"urlTemplate\":\"https:\/\/colegioarquitectos.com\/noticias\/?s={search_term_string}\"},\"query-input\":{\"@type\":\"PropertyValueSpecification\",\"valueRequired\":true,\"valueName\":\"search_term_string\"}}],\"inLanguage\":\"es\"},{\"@type\":\"Organization\",\"@id\":\"https:\/\/colegioarquitectos.com\/noticias\/#organization\",\"name\":\"COLEGIO DE ARQUITECTOS DE CHILE\",\"url\":\"https:\/\/colegioarquitectos.com\/noticias\/\",\"logo\":{\"@type\":\"ImageObject\",\"inLanguage\":\"es\",\"@id\":\"https:\/\/colegioarquitectos.com\/noticias\/#\/schema\/logo\/image\/\",\"url\":\"https:\/\/colegioarquitectos.com\/noticias\/wp-content\/uploads\/2021\/05\/ENCABEZADO-LOGO-CA.jpg\",\"contentUrl\":\"https:\/\/colegioarquitectos.com\/noticias\/wp-content\/uploads\/2021\/05\/ENCABEZADO-LOGO-CA.jpg\",\"width\":690,\"height\":350,\"caption\":\"COLEGIO DE ARQUITECTOS DE CHILE\"},\"image\":{\"@id\":\"https:\/\/colegioarquitectos.com\/noticias\/#\/schema\/logo\/image\/\"},\"sameAs\":[\"https:\/\/facebook.com\/Colegioarq\/\",\"https:\/\/x.com\/colegioarq\",\"https:\/\/instagram.com\/colegioarq\",\"https:\/\/youtube.com\/@ColegiodeArquitectosdeChile\"]},{\"@type\":\"Person\",\"@id\":\"https:\/\/colegioarquitectos.com\/noticias\/#\/schema\/person\/b6c7e912cd1283c089114093ed09741f\",\"name\":\"Gabriel Salgado S.\",\"url\":\"https:\/\/colegioarquitectos.com\/noticias\/?author=1\"}]}<\/script>\n<!-- \/ Yoast SEO plugin. -->","yoast_head_json":{"title":"Concurso P\u00fablico: Curador XXI BIENAL DE ARQUITECTURA Y URBANISMO 2019 - COLEGIO DE ARQUITECTOS DE CHILE","robots":{"index":"index","follow":"follow","max-snippet":"max-snippet:-1","max-image-preview":"max-image-preview:large","max-video-preview":"max-video-preview:-1"},"canonical":"https:\/\/colegioarquitectos.com\/noticias\/?p=21203","og_locale":"es_ES","og_type":"article","og_title":"Concurso P\u00fablico: Curador XXI BIENAL DE ARQUITECTURA Y URBANISMO 2019 - COLEGIO DE ARQUITECTOS DE CHILE","og_description":"Colegio de Arquitectos de Chile a trav\u00e9s de Fundaci\u00f3n espacio y desarrollo\u00a0 convocan a un Concurso de Ideas que aborde los conceptos y contenidos curatoriales de la pr\u00f3xima Bienal de Arquitectura y Urbanismo 2019 El concurso definir\u00e1 al Curador y &hellip; ver m\u00e1s","og_url":"https:\/\/colegioarquitectos.com\/noticias\/?p=21203","og_site_name":"COLEGIO DE ARQUITECTOS DE CHILE","article_publisher":"https:\/\/facebook.com\/Colegioarq\/","article_published_time":"2018-08-17T16:02:41+00:00","article_modified_time":"2018-08-22T15:36:32+00:00","og_image":[{"width":1380,"height":700,"url":"https:\/\/colegioarquitectos.com\/noticias\/wp-content\/uploads\/2018\/07\/imagendestacadaXXIBIENAL-768x390-1.png","type":"image\/png"}],"author":"Gabriel Salgado S.","twitter_card":"summary_large_image","twitter_creator":"@colegioarq","twitter_site":"@colegioarq","twitter_misc":{"Escrito por":"Gabriel Salgado S.","Tiempo de lectura":"1 minuto"},"schema":{"@context":"https:\/\/schema.org","@graph":[{"@type":"Article","@id":"https:\/\/colegioarquitectos.com\/noticias\/?p=21203#article","isPartOf":{"@id":"https:\/\/colegioarquitectos.com\/noticias\/?p=21203"},"author":{"name":"Gabriel Salgado S.","@id":"https:\/\/colegioarquitectos.com\/noticias\/#\/schema\/person\/b6c7e912cd1283c089114093ed09741f"},"headline":"Concurso P\u00fablico: Curador XXI BIENAL DE ARQUITECTURA Y URBANISMO 2019","datePublished":"2018-08-17T16:02:41+00:00","dateModified":"2018-08-22T15:36:32+00:00","mainEntityOfPage":{"@id":"https:\/\/colegioarquitectos.com\/noticias\/?p=21203"},"wordCount":283,"publisher":{"@id":"https:\/\/colegioarquitectos.com\/noticias\/#organization"},"image":{"@id":"https:\/\/colegioarquitectos.com\/noticias\/?p=21203#primaryimage"},"thumbnailUrl":"https:\/\/colegioarquitectos.com\/noticias\/wp-content\/uploads\/2018\/07\/imagendestacadaXXIBIENAL-768x390-1.png","articleSection":["Bienal"],"inLanguage":"es"},{"@type":"WebPage","@id":"https:\/\/colegioarquitectos.com\/noticias\/?p=21203","url":"https:\/\/colegioarquitectos.com\/noticias\/?p=21203","name":"Concurso P\u00fablico: Curador XXI BIENAL DE ARQUITECTURA Y URBANISMO 2019 - COLEGIO DE ARQUITECTOS DE CHILE","isPartOf":{"@id":"https:\/\/colegioarquitectos.com\/noticias\/#website"},"primaryImageOfPage":{"@id":"https:\/\/colegioarquitectos.com\/noticias\/?p=21203#primaryimage"},"image":{"@id":"https:\/\/colegioarquitectos.com\/noticias\/?p=21203#primaryimage"},"thumbnailUrl":"https:\/\/colegioarquitectos.com\/noticias\/wp-content\/uploads\/2018\/07\/imagendestacadaXXIBIENAL-768x390-1.png","datePublished":"2018-08-17T16:02:41+00:00","dateModified":"2018-08-22T15:36:32+00:00","breadcrumb":{"@id":"https:\/\/colegioarquitectos.com\/noticias\/?p=21203#breadcrumb"},"inLanguage":"es","potentialAction":[{"@type":"ReadAction","target":["https:\/\/colegioarquitectos.com\/noticias\/?p=21203"]}]},{"@type":"ImageObject","inLanguage":"es","@id":"https:\/\/colegioarquitectos.com\/noticias\/?p=21203#primaryimage","url":"https:\/\/colegioarquitectos.com\/noticias\/wp-content\/uploads\/2018\/07\/imagendestacadaXXIBIENAL-768x390-1.png","contentUrl":"https:\/\/colegioarquitectos.com\/noticias\/wp-content\/uploads\/2018\/07\/imagendestacadaXXIBIENAL-768x390-1.png","width":1380,"height":700},{"@type":"BreadcrumbList","@id":"https:\/\/colegioarquitectos.com\/noticias\/?p=21203#breadcrumb","itemListElement":[{"@type":"ListItem","position":1,"name":"Portada","item":"https:\/\/colegioarquitectos.com\/noticias"},{"@type":"ListItem","position":2,"name":"Concurso P\u00fablico: Curador XXI BIENAL DE ARQUITECTURA Y URBANISMO 2019"}]},{"@type":"WebSite","@id":"https:\/\/colegioarquitectos.com\/noticias\/#website","url":"https:\/\/colegioarquitectos.com\/noticias\/","name":"COLEGIO DE ARQUITECTOS DE CHILE","description":"","publisher":{"@id":"https:\/\/colegioarquitectos.com\/noticias\/#organization"},"potentialAction":[{"@type":"SearchAction","target":{"@type":"EntryPoint","urlTemplate":"https:\/\/colegioarquitectos.com\/noticias\/?s={search_term_string}"},"query-input":{"@type":"PropertyValueSpecification","valueRequired":true,"valueName":"search_term_string"}}],"inLanguage":"es"},{"@type":"Organization","@id":"https:\/\/colegioarquitectos.com\/noticias\/#organization","name":"COLEGIO DE ARQUITECTOS DE CHILE","url":"https:\/\/colegioarquitectos.com\/noticias\/","logo":{"@type":"ImageObject","inLanguage":"es","@id":"https:\/\/colegioarquitectos.com\/noticias\/#\/schema\/logo\/image\/","url":"https:\/\/colegioarquitectos.com\/noticias\/wp-content\/uploads\/2021\/05\/ENCABEZADO-LOGO-CA.jpg","contentUrl":"https:\/\/colegioarquitectos.com\/noticias\/wp-content\/uploads\/2021\/05\/ENCABEZADO-LOGO-CA.jpg","width":690,"height":350,"caption":"COLEGIO DE ARQUITECTOS DE CHILE"},"image":{"@id":"https:\/\/colegioarquitectos.com\/noticias\/#\/schema\/logo\/image\/"},"sameAs":["https:\/\/facebook.com\/Colegioarq\/","https:\/\/x.com\/colegioarq","https:\/\/instagram.com\/colegioarq","https:\/\/youtube.com\/@ColegiodeArquitectosdeChile"]},{"@type":"Person","@id":"https:\/\/colegioarquitectos.com\/noticias\/#\/schema\/person\/b6c7e912cd1283c089114093ed09741f","name":"Gabriel Salgado S.","url":"https:\/\/colegioarquitectos.com\/noticias\/?author=1"}]}},"_links":{"self":[{"href":"https:\/\/colegioarquitectos.com\/noticias\/index.php?rest_route=\/wp\/v2\/posts\/21203","targetHints":{"allow":["GET"]}}],"collection":[{"href":"https:\/\/colegioarquitectos.com\/noticias\/index.php?rest_route=\/wp\/v2\/posts"}],"about":[{"href":"https:\/\/colegioarquitectos.com\/noticias\/index.php?rest_route=\/wp\/v2\/types\/post"}],"author":[{"embeddable":true,"href":"https:\/\/colegioarquitectos.com\/noticias\/index.php?rest_route=\/wp\/v2\/users\/1"}],"replies":[{"embeddable":true,"href":"https:\/\/colegioarquitectos.com\/noticias\/index.php?rest_route=%2Fwp%2Fv2%2Fcomments&post=21203"}],"version-history":[{"count":0,"href":"https:\/\/colegioarquitectos.com\/noticias\/index.php?rest_route=\/wp\/v2\/posts\/21203\/revisions"}],"wp:featuredmedia":[{"embeddable":true,"href":"https:\/\/colegioarquitectos.com\/noticias\/index.php?rest_route=\/wp\/v2\/media\/21662"}],"wp:attachment":[{"href":"https:\/\/colegioarquitectos.com\/noticias\/index.php?rest_route=%2Fwp%2Fv2%2Fmedia&parent=21203"}],"wp:term":[{"taxonomy":"category","embeddable":true,"href":"https:\/\/colegioarquitectos.com\/noticias\/index.php?rest_route=%2Fwp%2Fv2%2Fcategories&post=21203"},{"taxonomy":"post_tag","embeddable":true,"href":"https:\/\/colegioarquitectos.com\/noticias\/index.php?rest_route=%2Fwp%2Fv2%2Ftags&post=21203"}],"curies":[{"name":"wp","href":"https:\/\/api.w.org\/{rel}","templated":true}]}}