
{"id":21242,"date":"2018-07-13T16:40:24","date_gmt":"2018-07-13T16:40:24","guid":{"rendered":"http:\/\/colegioarquitectos.com\/?p=21242"},"modified":"2018-07-13T16:40:24","modified_gmt":"2018-07-13T16:40:24","slug":"gonzalo-mardones-v-obtiene-el-premio-brick-a-la-trayectoria-en-arquitectura","status":"publish","type":"post","link":"https:\/\/colegioarquitectos.com\/noticias\/?p=21242","title":{"rendered":"Gonzalo Mardones V. obtiene el Premio BRICK a la trayectoria en arquitectura"},"content":{"rendered":"<p>En el marco de la celebraci\u00f3n del primer aniversario de <strong>Las Condes Design<\/strong>, se entregaron ayer los <strong>Premios BRICK<\/strong>, galardones que son elegidos por los propios pares y que premian la trayectoria en <strong>arquitectura, decoraci\u00f3n y arte<\/strong>.<\/p>\n<p>En esa direcci\u00f3n, nuestro colegiado<strong> Gonzalo Mardones V.<\/strong> obtuvo el <strong>Premio BRICK a la trayectoria en arquitectura<\/strong>, mientras que <strong>Patricia Vargas<\/strong> fue premiada en decoraci\u00f3n y <strong>Hugo Mar\u00edn<\/strong> en la categor\u00eda de arte.<\/p>\n<p>En la premiaci\u00f3n, Gonzalo Mardones V. expres\u00f3 que recibe el premio con \u201cmucha humildad y con mucha gratitud. Primero agradecer al Colegio de Arquitectos de Chile, a nuestro Presidente, gran Presidente, Humberto Eliash; a la AOA; y a todos mis pares. Yo creo que la arquitectura es, probablemente, la creaci\u00f3n m\u00e1s plena del ser humano. Qu\u00e9 duda cabe que el ser humano desde el primer respiro hasta el \u00faltimo suspiro vive en la arquitectura. Nuestra gran tarea, dentro de muchas, es poder acoger, dar cabida, proteger y hacer m\u00e1s feliz a la mujer, al hombre, a los ancianos y a los ni\u00f1os. Y en ese sentido, despu\u00e9s de un minuto de felicidad y gratitud, tambi\u00e9n me embarga un pelo de tristeza\u201d<\/p>\n<p>\u201cHoy d\u00eda los arquitectos estamos m\u00e1s en deuda que nunca. Tenemos una ciudad que no crecemos, tenemos una inmensa cantidad de obras que son simplemente construcciones, buenas o malas, pero construcciones, sin la articidad necesaria que requiere siempre la arquitectura. En ese sentido, doy todo mi apoyo a lo que est\u00e1 haciendo hoy en d\u00eda el Colegio de Arquitectos de Chile. Los arquitectos tenemos que volver a tener la voz, para no tener m\u00e1s delincuencia. La delincuencia es en un 90% responsabilidad de la mala arquitectura, de lo que yo llamo simplemente construcciones\u201d, agreg\u00f3<\/p>\n<p>En tanto, el <strong>Presidente del Colegio de Arquitectos de Chile, Humberto Eliash<\/strong>, declar\u00f3 al finalizar la premiaci\u00f3n estar muy contento porque \u201cel convenio que suscribimos con Las Condes Design est\u00e9 dando un primer fruto que es esta premiaci\u00f3n que reconoce el trabajo de los arquitectos y, tambi\u00e9n, en otra categor\u00eda, los artistas y los decoradores. En este caso, el premio de arquitectura ha reca\u00eddo en Gonzalo Mardones, una figura que es muy querida por su aporte a la arquitectura p\u00fablica en Chile, por su exploraci\u00f3n de las fronteras de la arquitectura hacia el campo urbano y hacia el campo art\u00edstico y, tambi\u00e9n, por qu\u00e9 no decirlo, por el gran reconocimiento que tenemos hacia su padre Gonzalo Mardones R. que fue un gran arquitecto chileno y gestor de la actual sede del Colegio de Arquitectos. Es muy importante para nosotros\u201d.<\/p>\n<p>Posteriormente, Gonzalo Mardones finaliz\u00f3 para el Colegio de Arquitectos de Chile: \u201cRecibo este premio con un sentimiento de gratitud inmensa. Gracias a mis pares, al Colegio de Arquitectos, a Humberto Eliash, nuestro Presidente. Creo que esto nos obliga a esforzarnos mucho m\u00e1s, como lo quise decir en el discurso. Nos obliga tambi\u00e9n a cuestionarnos lo que estamos haciendo, que debemos hacerlo mucho mejor. A aspirar a una ciudad mucho m\u00e1s justa, m\u00e1s equitativa y a tratar de hacer cada d\u00eda m\u00e1s arquitectura y menos construcciones, buenas o malas. Las simples obras de construcci\u00f3n se transforman en arquitectura s\u00f3lo cuando tienen articidad y s\u00f3lo cuando permiten hacer m\u00e1s feliz a la mujer, al hombre, al ni\u00f1o. En ese sentido, los arquitectos tenemos una tarea a\u00fan muy grande y muy urgente. Aprovecho de elogiar lo que est\u00e1 haciendo Humberto Eliash, nuestro Presidente, y su directiva, que va en ese camino\u201d.<\/p>\n\n\t\t<style type=\"text\/css\">\n\t\t\t#gallery-1 {\n\t\t\t\tmargin: auto;\n\t\t\t}\n\t\t\t#gallery-1 .gallery-item {\n\t\t\t\tfloat: left;\n\t\t\t\tmargin-top: 10px;\n\t\t\t\ttext-align: center;\n\t\t\t\twidth: 33%;\n\t\t\t}\n\t\t\t#gallery-1 img {\n\t\t\t\tborder: 2px solid #cfcfcf;\n\t\t\t}\n\t\t\t#gallery-1 .gallery-caption {\n\t\t\t\tmargin-left: 0;\n\t\t\t}\n\t\t\t\/* see gallery_shortcode() in wp-includes\/media.php *\/\n\t\t<\/style>\n\t\t<div id='gallery-1' class='gallery galleryid-21242 gallery-columns-3 gallery-size-medium'><dl class='gallery-item'>\n\t\t\t<dt class='gallery-icon portrait'>\n\t\t\t\t<a href='https:\/\/colegioarquitectos.com\/noticias\/?attachment_id=21244'><img loading=\"lazy\" decoding=\"async\" width=\"225\" height=\"300\" src=\"https:\/\/colegioarquitectos.com\/noticias\/wp-content\/uploads\/2018\/07\/IMG-0221-225x300.jpg\" class=\"attachment-medium size-medium\" alt=\"\" aria-describedby=\"gallery-1-21244\" srcset=\"https:\/\/colegioarquitectos.com\/noticias\/wp-content\/uploads\/2018\/07\/IMG-0221-225x300.jpg 225w, https:\/\/colegioarquitectos.com\/noticias\/wp-content\/uploads\/2018\/07\/IMG-0221-768x1024.jpg 768w\" sizes=\"auto, (max-width: 225px) 100vw, 225px\" \/><\/a>\n\t\t\t<\/dt>\n\t\t\t\t<dd class='wp-caption-text gallery-caption' id='gallery-1-21244'>\n\t\t\t\tGonzalo Mardones V. recibiendo el Premio BRICK a la trayectoria en arquitectura.\n\t\t\t\t<\/dd><\/dl><dl class='gallery-item'>\n\t\t\t<dt class='gallery-icon landscape'>\n\t\t\t\t<a href='https:\/\/colegioarquitectos.com\/noticias\/?attachment_id=21245'><img loading=\"lazy\" decoding=\"async\" width=\"300\" height=\"256\" src=\"https:\/\/colegioarquitectos.com\/noticias\/wp-content\/uploads\/2018\/07\/IMG-0225-300x256.jpg\" class=\"attachment-medium size-medium\" alt=\"\" aria-describedby=\"gallery-1-21245\" srcset=\"https:\/\/colegioarquitectos.com\/noticias\/wp-content\/uploads\/2018\/07\/IMG-0225-300x256.jpg 300w, https:\/\/colegioarquitectos.com\/noticias\/wp-content\/uploads\/2018\/07\/IMG-0225-768x655.jpg 768w, https:\/\/colegioarquitectos.com\/noticias\/wp-content\/uploads\/2018\/07\/IMG-0225-1024x874.jpg 1024w\" sizes=\"auto, (max-width: 300px) 100vw, 300px\" \/><\/a>\n\t\t\t<\/dt>\n\t\t\t\t<dd class='wp-caption-text gallery-caption' id='gallery-1-21245'>\n\t\t\t\tGonzalo Mardones, Premio BRICK a la trayectoria en arquitectura; Hugo Mar\u00edn, Premio BRICK a la trayectoria en la categor\u00eda artista; y Patricia Vargas, Premio BRICK a la trayectoria en Decoraci\u00f3n.\n\t\t\t\t<\/dd><\/dl><dl class='gallery-item'>\n\t\t\t<dt class='gallery-icon landscape'>\n\t\t\t\t<a href='https:\/\/colegioarquitectos.com\/noticias\/?attachment_id=21246'><img loading=\"lazy\" decoding=\"async\" width=\"300\" height=\"225\" src=\"https:\/\/colegioarquitectos.com\/noticias\/wp-content\/uploads\/2018\/07\/IMG-0231-300x225.jpg\" class=\"attachment-medium size-medium\" alt=\"\" aria-describedby=\"gallery-1-21246\" srcset=\"https:\/\/colegioarquitectos.com\/noticias\/wp-content\/uploads\/2018\/07\/IMG-0231-300x225.jpg 300w, https:\/\/colegioarquitectos.com\/noticias\/wp-content\/uploads\/2018\/07\/IMG-0231-768x576.jpg 768w, https:\/\/colegioarquitectos.com\/noticias\/wp-content\/uploads\/2018\/07\/IMG-0231-1024x768.jpg 1024w\" sizes=\"auto, (max-width: 300px) 100vw, 300px\" \/><\/a>\n\t\t\t<\/dt>\n\t\t\t\t<dd class='wp-caption-text gallery-caption' id='gallery-1-21246'>\n\t\t\t\tGonzalo Mardones; Soledad Larra\u00edn, Secretaria General del Colegio de Arquitectos de Chile; Humberto Eliash, Presidente del Colegio de Arquitectos de Chile; y Fernando Mar\u00edn, Vicepresidente de Asuntos Internos del Colegio de Arquitectos de Chile.\n\t\t\t\t<\/dd><\/dl><br style=\"clear: both\" \/>\n\t\t<\/div>\n\n<p><\/p>","protected":false},"excerpt":{"rendered":"<p>En el marco de la celebraci\u00f3n del primer aniversario de Las Condes Design, se entregaron ayer los Premios BRICK, galardones que son elegidos por los propios pares y que premian la trayectoria en arquitectura, decoraci\u00f3n y arte. En esa direcci\u00f3n, &hellip; <a class=\"more-link\" href=\"https:\/\/colegioarquitectos.com\/noticias\/?p=21242\">ver m\u00e1s<\/a><\/p>","protected":false},"author":4,"featured_media":21243,"comment_status":"closed","ping_status":"closed","sticky":false,"template":"","format":"standard","meta":{"footnotes":""},"categories":[3],"tags":[],"class_list":["post-21242","post","type-post","status-publish","format-standard","has-post-thumbnail","hentry","category-noticias"],"yoast_head":"<!-- This site is optimized with the Yoast SEO plugin v24.2 - https:\/\/yoast.com\/wordpress\/plugins\/seo\/ -->\n<title>Gonzalo Mardones V. obtiene el Premio BRICK a la trayectoria en arquitectura - COLEGIO DE ARQUITECTOS DE CHILE<\/title>\n<meta name=\"robots\" content=\"index, follow, max-snippet:-1, max-image-preview:large, max-video-preview:-1\" \/>\n<link rel=\"canonical\" href=\"https:\/\/colegioarquitectos.com\/noticias\/?p=21242\" \/>\n<meta property=\"og:locale\" content=\"es_ES\" \/>\n<meta property=\"og:type\" content=\"article\" \/>\n<meta property=\"og:title\" content=\"Gonzalo Mardones V. obtiene el Premio BRICK a la trayectoria en arquitectura - COLEGIO DE ARQUITECTOS DE CHILE\" \/>\n<meta property=\"og:description\" content=\"En el marco de la celebraci\u00f3n del primer aniversario de Las Condes Design, se entregaron ayer los Premios BRICK, galardones que son elegidos por los propios pares y que premian la trayectoria en arquitectura, decoraci\u00f3n y arte. En esa direcci\u00f3n, &hellip; ver m\u00e1s\" \/>\n<meta property=\"og:url\" content=\"https:\/\/colegioarquitectos.com\/noticias\/?p=21242\" \/>\n<meta property=\"og:site_name\" content=\"COLEGIO DE ARQUITECTOS DE CHILE\" \/>\n<meta property=\"article:publisher\" content=\"https:\/\/facebook.com\/Colegioarq\/\" \/>\n<meta property=\"article:published_time\" content=\"2018-07-13T16:40:24+00:00\" \/>\n<meta property=\"og:image\" content=\"https:\/\/colegioarquitectos.com\/noticias\/wp-content\/uploads\/2018\/07\/IMG-0221-copia.jpg\" \/>\n\t<meta property=\"og:image:width\" content=\"690\" \/>\n\t<meta property=\"og:image:height\" content=\"350\" \/>\n\t<meta property=\"og:image:type\" content=\"image\/jpeg\" \/>\n<meta name=\"author\" content=\"Colegio de Arquitectos de Chile\" \/>\n<meta name=\"twitter:card\" content=\"summary_large_image\" \/>\n<meta name=\"twitter:creator\" content=\"@colegioarq\" \/>\n<meta name=\"twitter:site\" content=\"@colegioarq\" \/>\n<meta name=\"twitter:label1\" content=\"Escrito por\" \/>\n\t<meta name=\"twitter:data1\" content=\"Colegio de Arquitectos de Chile\" \/>\n\t<meta name=\"twitter:label2\" content=\"Tiempo de lectura\" \/>\n\t<meta name=\"twitter:data2\" content=\"3 minutos\" \/>\n<script type=\"application\/ld+json\" class=\"yoast-schema-graph\">{\"@context\":\"https:\/\/schema.org\",\"@graph\":[{\"@type\":\"Article\",\"@id\":\"https:\/\/colegioarquitectos.com\/noticias\/?p=21242#article\",\"isPartOf\":{\"@id\":\"https:\/\/colegioarquitectos.com\/noticias\/?p=21242\"},\"author\":{\"name\":\"Colegio de Arquitectos de Chile\",\"@id\":\"https:\/\/colegioarquitectos.com\/noticias\/#\/schema\/person\/685cc0aad148303c5608f049af8285ad\"},\"headline\":\"Gonzalo Mardones V. obtiene el Premio BRICK a la trayectoria en arquitectura\",\"datePublished\":\"2018-07-13T16:40:24+00:00\",\"dateModified\":\"2018-07-13T16:40:24+00:00\",\"mainEntityOfPage\":{\"@id\":\"https:\/\/colegioarquitectos.com\/noticias\/?p=21242\"},\"wordCount\":625,\"publisher\":{\"@id\":\"https:\/\/colegioarquitectos.com\/noticias\/#organization\"},\"image\":{\"@id\":\"https:\/\/colegioarquitectos.com\/noticias\/?p=21242#primaryimage\"},\"thumbnailUrl\":\"https:\/\/colegioarquitectos.com\/noticias\/wp-content\/uploads\/2018\/07\/IMG-0221-copia.jpg\",\"articleSection\":[\"Noticias\"],\"inLanguage\":\"es\"},{\"@type\":\"WebPage\",\"@id\":\"https:\/\/colegioarquitectos.com\/noticias\/?p=21242\",\"url\":\"https:\/\/colegioarquitectos.com\/noticias\/?p=21242\",\"name\":\"Gonzalo Mardones V. obtiene el Premio BRICK a la trayectoria en arquitectura - COLEGIO DE ARQUITECTOS DE CHILE\",\"isPartOf\":{\"@id\":\"https:\/\/colegioarquitectos.com\/noticias\/#website\"},\"primaryImageOfPage\":{\"@id\":\"https:\/\/colegioarquitectos.com\/noticias\/?p=21242#primaryimage\"},\"image\":{\"@id\":\"https:\/\/colegioarquitectos.com\/noticias\/?p=21242#primaryimage\"},\"thumbnailUrl\":\"https:\/\/colegioarquitectos.com\/noticias\/wp-content\/uploads\/2018\/07\/IMG-0221-copia.jpg\",\"datePublished\":\"2018-07-13T16:40:24+00:00\",\"dateModified\":\"2018-07-13T16:40:24+00:00\",\"breadcrumb\":{\"@id\":\"https:\/\/colegioarquitectos.com\/noticias\/?p=21242#breadcrumb\"},\"inLanguage\":\"es\",\"potentialAction\":[{\"@type\":\"ReadAction\",\"target\":[\"https:\/\/colegioarquitectos.com\/noticias\/?p=21242\"]}]},{\"@type\":\"ImageObject\",\"inLanguage\":\"es\",\"@id\":\"https:\/\/colegioarquitectos.com\/noticias\/?p=21242#primaryimage\",\"url\":\"https:\/\/colegioarquitectos.com\/noticias\/wp-content\/uploads\/2018\/07\/IMG-0221-copia.jpg\",\"contentUrl\":\"https:\/\/colegioarquitectos.com\/noticias\/wp-content\/uploads\/2018\/07\/IMG-0221-copia.jpg\",\"width\":690,\"height\":350},{\"@type\":\"BreadcrumbList\",\"@id\":\"https:\/\/colegioarquitectos.com\/noticias\/?p=21242#breadcrumb\",\"itemListElement\":[{\"@type\":\"ListItem\",\"position\":1,\"name\":\"Portada\",\"item\":\"https:\/\/colegioarquitectos.com\/noticias\"},{\"@type\":\"ListItem\",\"position\":2,\"name\":\"Gonzalo Mardones V. obtiene el Premio BRICK a la trayectoria en arquitectura\"}]},{\"@type\":\"WebSite\",\"@id\":\"https:\/\/colegioarquitectos.com\/noticias\/#website\",\"url\":\"https:\/\/colegioarquitectos.com\/noticias\/\",\"name\":\"COLEGIO DE ARQUITECTOS DE CHILE\",\"description\":\"\",\"publisher\":{\"@id\":\"https:\/\/colegioarquitectos.com\/noticias\/#organization\"},\"potentialAction\":[{\"@type\":\"SearchAction\",\"target\":{\"@type\":\"EntryPoint\",\"urlTemplate\":\"https:\/\/colegioarquitectos.com\/noticias\/?s={search_term_string}\"},\"query-input\":{\"@type\":\"PropertyValueSpecification\",\"valueRequired\":true,\"valueName\":\"search_term_string\"}}],\"inLanguage\":\"es\"},{\"@type\":\"Organization\",\"@id\":\"https:\/\/colegioarquitectos.com\/noticias\/#organization\",\"name\":\"COLEGIO DE ARQUITECTOS DE CHILE\",\"url\":\"https:\/\/colegioarquitectos.com\/noticias\/\",\"logo\":{\"@type\":\"ImageObject\",\"inLanguage\":\"es\",\"@id\":\"https:\/\/colegioarquitectos.com\/noticias\/#\/schema\/logo\/image\/\",\"url\":\"https:\/\/colegioarquitectos.com\/noticias\/wp-content\/uploads\/2021\/05\/ENCABEZADO-LOGO-CA.jpg\",\"contentUrl\":\"https:\/\/colegioarquitectos.com\/noticias\/wp-content\/uploads\/2021\/05\/ENCABEZADO-LOGO-CA.jpg\",\"width\":690,\"height\":350,\"caption\":\"COLEGIO DE ARQUITECTOS DE CHILE\"},\"image\":{\"@id\":\"https:\/\/colegioarquitectos.com\/noticias\/#\/schema\/logo\/image\/\"},\"sameAs\":[\"https:\/\/facebook.com\/Colegioarq\/\",\"https:\/\/x.com\/colegioarq\",\"https:\/\/instagram.com\/colegioarq\",\"https:\/\/youtube.com\/@ColegiodeArquitectosdeChile\"]},{\"@type\":\"Person\",\"@id\":\"https:\/\/colegioarquitectos.com\/noticias\/#\/schema\/person\/685cc0aad148303c5608f049af8285ad\",\"name\":\"Colegio de Arquitectos de Chile\",\"url\":\"https:\/\/colegioarquitectos.com\/noticias\/?author=4\"}]}<\/script>\n<!-- \/ Yoast SEO plugin. -->","yoast_head_json":{"title":"Gonzalo Mardones V. obtiene el Premio BRICK a la trayectoria en arquitectura - COLEGIO DE ARQUITECTOS DE CHILE","robots":{"index":"index","follow":"follow","max-snippet":"max-snippet:-1","max-image-preview":"max-image-preview:large","max-video-preview":"max-video-preview:-1"},"canonical":"https:\/\/colegioarquitectos.com\/noticias\/?p=21242","og_locale":"es_ES","og_type":"article","og_title":"Gonzalo Mardones V. obtiene el Premio BRICK a la trayectoria en arquitectura - COLEGIO DE ARQUITECTOS DE CHILE","og_description":"En el marco de la celebraci\u00f3n del primer aniversario de Las Condes Design, se entregaron ayer los Premios BRICK, galardones que son elegidos por los propios pares y que premian la trayectoria en arquitectura, decoraci\u00f3n y arte. En esa direcci\u00f3n, &hellip; ver m\u00e1s","og_url":"https:\/\/colegioarquitectos.com\/noticias\/?p=21242","og_site_name":"COLEGIO DE ARQUITECTOS DE CHILE","article_publisher":"https:\/\/facebook.com\/Colegioarq\/","article_published_time":"2018-07-13T16:40:24+00:00","og_image":[{"width":690,"height":350,"url":"https:\/\/colegioarquitectos.com\/noticias\/wp-content\/uploads\/2018\/07\/IMG-0221-copia.jpg","type":"image\/jpeg"}],"author":"Colegio de Arquitectos de Chile","twitter_card":"summary_large_image","twitter_creator":"@colegioarq","twitter_site":"@colegioarq","twitter_misc":{"Escrito por":"Colegio de Arquitectos de Chile","Tiempo de lectura":"3 minutos"},"schema":{"@context":"https:\/\/schema.org","@graph":[{"@type":"Article","@id":"https:\/\/colegioarquitectos.com\/noticias\/?p=21242#article","isPartOf":{"@id":"https:\/\/colegioarquitectos.com\/noticias\/?p=21242"},"author":{"name":"Colegio de Arquitectos de Chile","@id":"https:\/\/colegioarquitectos.com\/noticias\/#\/schema\/person\/685cc0aad148303c5608f049af8285ad"},"headline":"Gonzalo Mardones V. obtiene el Premio BRICK a la trayectoria en arquitectura","datePublished":"2018-07-13T16:40:24+00:00","dateModified":"2018-07-13T16:40:24+00:00","mainEntityOfPage":{"@id":"https:\/\/colegioarquitectos.com\/noticias\/?p=21242"},"wordCount":625,"publisher":{"@id":"https:\/\/colegioarquitectos.com\/noticias\/#organization"},"image":{"@id":"https:\/\/colegioarquitectos.com\/noticias\/?p=21242#primaryimage"},"thumbnailUrl":"https:\/\/colegioarquitectos.com\/noticias\/wp-content\/uploads\/2018\/07\/IMG-0221-copia.jpg","articleSection":["Noticias"],"inLanguage":"es"},{"@type":"WebPage","@id":"https:\/\/colegioarquitectos.com\/noticias\/?p=21242","url":"https:\/\/colegioarquitectos.com\/noticias\/?p=21242","name":"Gonzalo Mardones V. obtiene el Premio BRICK a la trayectoria en arquitectura - COLEGIO DE ARQUITECTOS DE CHILE","isPartOf":{"@id":"https:\/\/colegioarquitectos.com\/noticias\/#website"},"primaryImageOfPage":{"@id":"https:\/\/colegioarquitectos.com\/noticias\/?p=21242#primaryimage"},"image":{"@id":"https:\/\/colegioarquitectos.com\/noticias\/?p=21242#primaryimage"},"thumbnailUrl":"https:\/\/colegioarquitectos.com\/noticias\/wp-content\/uploads\/2018\/07\/IMG-0221-copia.jpg","datePublished":"2018-07-13T16:40:24+00:00","dateModified":"2018-07-13T16:40:24+00:00","breadcrumb":{"@id":"https:\/\/colegioarquitectos.com\/noticias\/?p=21242#breadcrumb"},"inLanguage":"es","potentialAction":[{"@type":"ReadAction","target":["https:\/\/colegioarquitectos.com\/noticias\/?p=21242"]}]},{"@type":"ImageObject","inLanguage":"es","@id":"https:\/\/colegioarquitectos.com\/noticias\/?p=21242#primaryimage","url":"https:\/\/colegioarquitectos.com\/noticias\/wp-content\/uploads\/2018\/07\/IMG-0221-copia.jpg","contentUrl":"https:\/\/colegioarquitectos.com\/noticias\/wp-content\/uploads\/2018\/07\/IMG-0221-copia.jpg","width":690,"height":350},{"@type":"BreadcrumbList","@id":"https:\/\/colegioarquitectos.com\/noticias\/?p=21242#breadcrumb","itemListElement":[{"@type":"ListItem","position":1,"name":"Portada","item":"https:\/\/colegioarquitectos.com\/noticias"},{"@type":"ListItem","position":2,"name":"Gonzalo Mardones V. obtiene el Premio BRICK a la trayectoria en arquitectura"}]},{"@type":"WebSite","@id":"https:\/\/colegioarquitectos.com\/noticias\/#website","url":"https:\/\/colegioarquitectos.com\/noticias\/","name":"COLEGIO DE ARQUITECTOS DE CHILE","description":"","publisher":{"@id":"https:\/\/colegioarquitectos.com\/noticias\/#organization"},"potentialAction":[{"@type":"SearchAction","target":{"@type":"EntryPoint","urlTemplate":"https:\/\/colegioarquitectos.com\/noticias\/?s={search_term_string}"},"query-input":{"@type":"PropertyValueSpecification","valueRequired":true,"valueName":"search_term_string"}}],"inLanguage":"es"},{"@type":"Organization","@id":"https:\/\/colegioarquitectos.com\/noticias\/#organization","name":"COLEGIO DE ARQUITECTOS DE CHILE","url":"https:\/\/colegioarquitectos.com\/noticias\/","logo":{"@type":"ImageObject","inLanguage":"es","@id":"https:\/\/colegioarquitectos.com\/noticias\/#\/schema\/logo\/image\/","url":"https:\/\/colegioarquitectos.com\/noticias\/wp-content\/uploads\/2021\/05\/ENCABEZADO-LOGO-CA.jpg","contentUrl":"https:\/\/colegioarquitectos.com\/noticias\/wp-content\/uploads\/2021\/05\/ENCABEZADO-LOGO-CA.jpg","width":690,"height":350,"caption":"COLEGIO DE ARQUITECTOS DE CHILE"},"image":{"@id":"https:\/\/colegioarquitectos.com\/noticias\/#\/schema\/logo\/image\/"},"sameAs":["https:\/\/facebook.com\/Colegioarq\/","https:\/\/x.com\/colegioarq","https:\/\/instagram.com\/colegioarq","https:\/\/youtube.com\/@ColegiodeArquitectosdeChile"]},{"@type":"Person","@id":"https:\/\/colegioarquitectos.com\/noticias\/#\/schema\/person\/685cc0aad148303c5608f049af8285ad","name":"Colegio de Arquitectos de Chile","url":"https:\/\/colegioarquitectos.com\/noticias\/?author=4"}]}},"_links":{"self":[{"href":"https:\/\/colegioarquitectos.com\/noticias\/index.php?rest_route=\/wp\/v2\/posts\/21242","targetHints":{"allow":["GET"]}}],"collection":[{"href":"https:\/\/colegioarquitectos.com\/noticias\/index.php?rest_route=\/wp\/v2\/posts"}],"about":[{"href":"https:\/\/colegioarquitectos.com\/noticias\/index.php?rest_route=\/wp\/v2\/types\/post"}],"author":[{"embeddable":true,"href":"https:\/\/colegioarquitectos.com\/noticias\/index.php?rest_route=\/wp\/v2\/users\/4"}],"replies":[{"embeddable":true,"href":"https:\/\/colegioarquitectos.com\/noticias\/index.php?rest_route=%2Fwp%2Fv2%2Fcomments&post=21242"}],"version-history":[{"count":0,"href":"https:\/\/colegioarquitectos.com\/noticias\/index.php?rest_route=\/wp\/v2\/posts\/21242\/revisions"}],"wp:featuredmedia":[{"embeddable":true,"href":"https:\/\/colegioarquitectos.com\/noticias\/index.php?rest_route=\/wp\/v2\/media\/21243"}],"wp:attachment":[{"href":"https:\/\/colegioarquitectos.com\/noticias\/index.php?rest_route=%2Fwp%2Fv2%2Fmedia&parent=21242"}],"wp:term":[{"taxonomy":"category","embeddable":true,"href":"https:\/\/colegioarquitectos.com\/noticias\/index.php?rest_route=%2Fwp%2Fv2%2Fcategories&post=21242"},{"taxonomy":"post_tag","embeddable":true,"href":"https:\/\/colegioarquitectos.com\/noticias\/index.php?rest_route=%2Fwp%2Fv2%2Ftags&post=21242"}],"curies":[{"name":"wp","href":"https:\/\/api.w.org\/{rel}","templated":true}]}}