
{"id":2126,"date":"2012-08-10T18:00:12","date_gmt":"2012-08-10T18:00:12","guid":{"rendered":"http:\/\/colegioarquitectos.com\/noticias\/?p=2126"},"modified":"2012-08-20T17:54:50","modified_gmt":"2012-08-20T17:54:50","slug":"reunion-de-avance-y-coordinacion-de-muestra-universitaria-educando-al-arquitecto-del-futuro-16-agosto-2012-xviii-bienal-de-arquitectura-y-territorio-2012","status":"publish","type":"post","link":"https:\/\/colegioarquitectos.com\/noticias\/?p=2126","title":{"rendered":"Reuni\u00f3n de avance y coordinaci\u00f3n de Muestra Universitaria \u201cEducando al Arquitecto del Futuro\u201d \u2013 16 agosto 2012 \u2013 XVIII Bienal de Arquitectura y Territorio 2012"},"content":{"rendered":"<p style=\"text-align: justify;\">Este jueves 16 de agosto el Director<strong> <\/strong>de la Muestra Universitaria, Rodrigo Tisi, el Coordinador de la Muestra, Jos\u00e9 Luis Uribe, junto al Curador de la XVIII Bienal, Sebasti\u00e1n Gray, convocaron a las Universidades a una reuni\u00f3n de avance y coordinaci\u00f3n de la Muestra.<\/p>\n<p style=\"text-align: justify;\">Contando con la asistencia casi completa del total de 23 Universidades participantes a nivel nacional \u2013una de las mayores presencias universitarias en una Bienal- el objetivo de la reuni\u00f3n fue el presentar el cronograma de trabajo de la Muestra, detalles del montaje y resolver todas las dudas que pudieran presentarse acerca de las etapas siguientes.<\/p>\n<p style=\"text-align: justify;\">Tisi destac\u00f3 que una l\u00ednea de trabajo importante de la Muestra Universitaria de esta Bienal es precisamente la realizaci\u00f3n de estas reuniones y contactos frecuentes con las Universidades para un adecuado e informado desarrollo y coordinaci\u00f3n de la Muestra.<\/p>\n<p style=\"text-align: justify;\">En la oportunidad, en forma especial se recalc\u00f3 la invitaci\u00f3n a las Escuelas a la realizaci\u00f3n de las correcciones finales de taller en el espacio de la Muestra Universitaria, con el objetivo de generar un espacio activo de trabajo acad\u00e9mico dentro de la Bienal.<\/p>\n<p style=\"text-align: justify;\">En esta reuni\u00f3n tambi\u00e9n participaron los representantes de la Secretar\u00eda de Desarrollo de Barrios del Ministerio de Vivienda y Urbanismo, David Herrera y Mirko Salfate, quienes explicaron en detalle a los asistentes el encargo complementario que se suma a esta Muestra: RECONVERSION URBANA<strong>: <\/strong>\u201cPensar los Guetos en 20 a\u00f1os m\u00e1s\u201d, en conjunto con el Programa de Recuperaci\u00f3n de Barrios del MINVU, destac\u00e1ndose el caso de Bajos de Mena en Puente Alto.<\/p>\n<p style=\"text-align: justify;\">Se record\u00f3 as\u00ed, que se ha establecido una colaboraci\u00f3n formal con la Secretar\u00eda de Desarrollo de Barrios del Ministerio de Vivienda y Urbanismo, para invitar a las universidades a responder la presente convocatoria de Muestra Universitaria \u201cEducando al Arquitecto del Futuro\u201d mediante un ejercicio proyectual en diversas escalas posibles enfocado en temas de barrio, regeneraci\u00f3n urbana y participaci\u00f3n de acuerdo a los lineamientos y caso propuestos por el MINVU. La premisa es que al pa\u00eds ya no le interesa s\u00f3lo la edificaci\u00f3n de vivienda m\u00ednima como un problema cuantitativo, sino vivienda de calidad, y junto con ella el barrio como factor fundamental de desarrollo e integraci\u00f3n. Esta modalidad proyectual, adem\u00e1s de intentar abordar las inquietudes expresadas por algunas universidades en el sentido de asumir una postura colectiva en el seno de la Bienal, permitir\u00e1 tambi\u00e9n a aquellas escuelas que lo estimen conveniente desarrollar el caso propuesto por el MINVU en su programa semestral de actividades acad\u00e9micas, exponiendo as\u00ed sus ideas y maneras de entender el rol del arquitecto del futuro.<\/p>\n<p style=\"text-align: justify;\"><strong><span style=\"text-decoration: underline;\">En Secci\u00f3n Muestra Universitaria de la p\u00e1gina web de la Bienal (<span style=\"color: #0000ff; text-decoration: underline;\">http:\/\/www.bienaldearquitectura.cl\/xviii\/<\/span>) podr\u00e1n revisar los siguientes documentos informativos<\/span><\/strong><strong>:<\/strong><\/p>\n<ul style=\"text-align: justify;\">\n<li><strong>Ficha Bienal con detalle pabellones Muestra Universitaria.<br \/>\n<\/strong><\/li>\n<\/ul>\n<ul style=\"text-align: justify;\">\n<li><strong>Cronograma de trabajo de la Muestra Universitaria<\/strong><\/li>\n<\/ul>\n<ul style=\"text-align: justify;\">\n<li><strong>Documento Minvu con detalles encargo suplementario Reconversi\u00f3n Urbana &#8211; Antecedentes Bajos de Mena, Puente Alto <\/strong><\/li>\n<\/ul>\n<p style=\"text-align: justify;\"><a href=\"http:\/\/colegioarquitectos.com\/noticias\/wp-content\/uploads\/2012\/08\/DSC07432.jpg\"><img loading=\"lazy\" decoding=\"async\" class=\"alignnone size-full wp-image-2130\" title=\"DSC07432\" src=\"http:\/\/colegioarquitectos.com\/noticias\/wp-content\/uploads\/2012\/08\/DSC07432.jpg\" alt=\"\" width=\"400\" height=\"300\" srcset=\"https:\/\/colegioarquitectos.com\/noticias\/wp-content\/uploads\/2012\/08\/DSC07432.jpg 400w, https:\/\/colegioarquitectos.com\/noticias\/wp-content\/uploads\/2012\/08\/DSC07432-300x225.jpg 300w\" sizes=\"auto, (max-width: 400px) 100vw, 400px\" \/><\/a><\/p>\n<p style=\"text-align: justify;\"><a href=\"http:\/\/colegioarquitectos.com\/noticias\/wp-content\/uploads\/2012\/08\/DSC07422.jpg\"><img loading=\"lazy\" decoding=\"async\" class=\"alignnone size-full wp-image-2131\" title=\"DSC07422\" src=\"http:\/\/colegioarquitectos.com\/noticias\/wp-content\/uploads\/2012\/08\/DSC07422.jpg\" alt=\"\" width=\"300\" height=\"400\" srcset=\"https:\/\/colegioarquitectos.com\/noticias\/wp-content\/uploads\/2012\/08\/DSC07422.jpg 300w, https:\/\/colegioarquitectos.com\/noticias\/wp-content\/uploads\/2012\/08\/DSC07422-225x300.jpg 225w\" sizes=\"auto, (max-width: 300px) 100vw, 300px\" \/><\/a><\/p>\n<p style=\"text-align: justify;\"><a href=\"http:\/\/colegioarquitectos.com\/noticias\/wp-content\/uploads\/2012\/08\/DSC07398.jpg\"><img loading=\"lazy\" decoding=\"async\" class=\"alignnone size-full wp-image-2132\" title=\"DSC07398\" src=\"http:\/\/colegioarquitectos.com\/noticias\/wp-content\/uploads\/2012\/08\/DSC07398.jpg\" alt=\"\" width=\"400\" height=\"300\" srcset=\"https:\/\/colegioarquitectos.com\/noticias\/wp-content\/uploads\/2012\/08\/DSC07398.jpg 400w, https:\/\/colegioarquitectos.com\/noticias\/wp-content\/uploads\/2012\/08\/DSC07398-300x225.jpg 300w\" sizes=\"auto, (max-width: 400px) 100vw, 400px\" \/><\/a><\/p>\n<p style=\"text-align: justify;\"><a href=\"http:\/\/colegioarquitectos.com\/noticias\/wp-content\/uploads\/2012\/08\/DSC07400.jpg\"><img loading=\"lazy\" decoding=\"async\" class=\"alignnone size-full wp-image-2133\" title=\"DSC07400\" src=\"http:\/\/colegioarquitectos.com\/noticias\/wp-content\/uploads\/2012\/08\/DSC07400.jpg\" alt=\"\" width=\"400\" height=\"300\" srcset=\"https:\/\/colegioarquitectos.com\/noticias\/wp-content\/uploads\/2012\/08\/DSC07400.jpg 400w, https:\/\/colegioarquitectos.com\/noticias\/wp-content\/uploads\/2012\/08\/DSC07400-300x225.jpg 300w\" sizes=\"auto, (max-width: 400px) 100vw, 400px\" \/><\/a><\/p>\n<p style=\"text-align: justify;\"><a href=\"http:\/\/colegioarquitectos.com\/noticias\/wp-content\/uploads\/2012\/08\/DSC07424.jpg\"><img loading=\"lazy\" decoding=\"async\" class=\"alignnone size-full wp-image-2134\" title=\"DSC07424\" src=\"http:\/\/colegioarquitectos.com\/noticias\/wp-content\/uploads\/2012\/08\/DSC07424.jpg\" alt=\"\" width=\"400\" height=\"300\" srcset=\"https:\/\/colegioarquitectos.com\/noticias\/wp-content\/uploads\/2012\/08\/DSC07424.jpg 400w, https:\/\/colegioarquitectos.com\/noticias\/wp-content\/uploads\/2012\/08\/DSC07424-300x225.jpg 300w\" sizes=\"auto, (max-width: 400px) 100vw, 400px\" \/><\/a><\/p>\n<p style=\"text-align: justify;\"><a href=\"http:\/\/colegioarquitectos.com\/noticias\/wp-content\/uploads\/2012\/08\/DSC07441.jpg\"><img loading=\"lazy\" decoding=\"async\" class=\"alignnone size-full wp-image-2135\" title=\"DSC07441\" src=\"http:\/\/colegioarquitectos.com\/noticias\/wp-content\/uploads\/2012\/08\/DSC07441.jpg\" alt=\"\" width=\"400\" height=\"300\" srcset=\"https:\/\/colegioarquitectos.com\/noticias\/wp-content\/uploads\/2012\/08\/DSC07441.jpg 400w, https:\/\/colegioarquitectos.com\/noticias\/wp-content\/uploads\/2012\/08\/DSC07441-300x225.jpg 300w\" sizes=\"auto, (max-width: 400px) 100vw, 400px\" \/><\/a><\/p>\n<p style=\"text-align: justify;\"><a href=\"http:\/\/colegioarquitectos.com\/noticias\/wp-content\/uploads\/2012\/08\/DSC07450.jpg\"><img loading=\"lazy\" decoding=\"async\" class=\"alignnone size-full wp-image-2138\" title=\"DSC07450\" src=\"http:\/\/colegioarquitectos.com\/noticias\/wp-content\/uploads\/2012\/08\/DSC07450.jpg\" alt=\"\" width=\"400\" height=\"300\" srcset=\"https:\/\/colegioarquitectos.com\/noticias\/wp-content\/uploads\/2012\/08\/DSC07450.jpg 400w, https:\/\/colegioarquitectos.com\/noticias\/wp-content\/uploads\/2012\/08\/DSC07450-300x225.jpg 300w\" sizes=\"auto, (max-width: 400px) 100vw, 400px\" \/><\/a><\/p>\n<p style=\"text-align: justify;\"><a href=\"http:\/\/colegioarquitectos.com\/noticias\/wp-content\/uploads\/2012\/08\/DSC07429.jpg\"><img loading=\"lazy\" decoding=\"async\" class=\"alignnone size-full wp-image-2136\" title=\"DSC07429\" src=\"http:\/\/colegioarquitectos.com\/noticias\/wp-content\/uploads\/2012\/08\/DSC07429.jpg\" alt=\"\" width=\"300\" height=\"400\" srcset=\"https:\/\/colegioarquitectos.com\/noticias\/wp-content\/uploads\/2012\/08\/DSC07429.jpg 300w, https:\/\/colegioarquitectos.com\/noticias\/wp-content\/uploads\/2012\/08\/DSC07429-225x300.jpg 225w\" sizes=\"auto, (max-width: 300px) 100vw, 300px\" \/><\/a><\/p>\n<p><\/p>","protected":false},"excerpt":{"rendered":"<p>Este jueves 16 de agosto el Director de la Muestra Universitaria, Rodrigo Tisi, el Coordinador de la Muestra, Jos\u00e9 Luis Uribe, junto al Curador de la XVIII Bienal, Sebasti\u00e1n Gray, convocaron a las Universidades a una reuni\u00f3n de avance y &hellip; <a class=\"more-link\" href=\"https:\/\/colegioarquitectos.com\/noticias\/?p=2126\">ver m\u00e1s<\/a><\/p>","protected":false},"author":1,"featured_media":0,"comment_status":"open","ping_status":"open","sticky":false,"template":"","format":"standard","meta":{"footnotes":""},"categories":[8,3,12],"tags":[],"class_list":["post-2126","post","type-post","status-publish","format-standard","hentry","category-colegio-de-arquitectos","category-noticias","category-xviii-bienal-de-arquitectura-2012"],"yoast_head":"<!-- This site is optimized with the Yoast SEO plugin v24.2 - https:\/\/yoast.com\/wordpress\/plugins\/seo\/ -->\n<title>Reuni\u00f3n de avance y coordinaci\u00f3n de Muestra Universitaria \u201cEducando al Arquitecto del Futuro\u201d \u2013 16 agosto 2012 \u2013 XVIII Bienal de Arquitectura y Territorio 2012 - COLEGIO DE ARQUITECTOS DE CHILE<\/title>\n<meta name=\"robots\" content=\"index, follow, max-snippet:-1, max-image-preview:large, max-video-preview:-1\" \/>\n<link rel=\"canonical\" href=\"https:\/\/colegioarquitectos.com\/noticias\/?p=2126\" \/>\n<meta property=\"og:locale\" content=\"es_ES\" \/>\n<meta property=\"og:type\" content=\"article\" \/>\n<meta property=\"og:title\" content=\"Reuni\u00f3n de avance y coordinaci\u00f3n de Muestra Universitaria \u201cEducando al Arquitecto del Futuro\u201d \u2013 16 agosto 2012 \u2013 XVIII Bienal de Arquitectura y Territorio 2012 - COLEGIO DE ARQUITECTOS DE CHILE\" \/>\n<meta property=\"og:description\" content=\"Este jueves 16 de agosto el Director de la Muestra Universitaria, Rodrigo Tisi, el Coordinador de la Muestra, Jos\u00e9 Luis Uribe, junto al Curador de la XVIII Bienal, Sebasti\u00e1n Gray, convocaron a las Universidades a una reuni\u00f3n de avance y &hellip; ver m\u00e1s\" \/>\n<meta property=\"og:url\" content=\"https:\/\/colegioarquitectos.com\/noticias\/?p=2126\" \/>\n<meta property=\"og:site_name\" content=\"COLEGIO DE ARQUITECTOS DE CHILE\" \/>\n<meta property=\"article:publisher\" content=\"https:\/\/facebook.com\/Colegioarq\/\" \/>\n<meta property=\"article:published_time\" content=\"2012-08-10T18:00:12+00:00\" \/>\n<meta property=\"article:modified_time\" content=\"2012-08-20T17:54:50+00:00\" \/>\n<meta property=\"og:image\" content=\"https:\/\/colegioarquitectos.com\/noticias\/wp-content\/uploads\/2012\/08\/DSC07432.jpg\" \/>\n\t<meta property=\"og:image:width\" content=\"400\" \/>\n\t<meta property=\"og:image:height\" content=\"300\" \/>\n\t<meta property=\"og:image:type\" content=\"image\/jpeg\" \/>\n<meta name=\"author\" content=\"Gabriel Salgado S.\" \/>\n<meta name=\"twitter:card\" content=\"summary_large_image\" \/>\n<meta name=\"twitter:creator\" content=\"@colegioarq\" \/>\n<meta name=\"twitter:site\" content=\"@colegioarq\" \/>\n<meta name=\"twitter:label1\" content=\"Escrito por\" \/>\n\t<meta name=\"twitter:data1\" content=\"Gabriel Salgado S.\" \/>\n\t<meta name=\"twitter:label2\" content=\"Tiempo de lectura\" \/>\n\t<meta name=\"twitter:data2\" content=\"3 minutos\" \/>\n<script type=\"application\/ld+json\" class=\"yoast-schema-graph\">{\"@context\":\"https:\/\/schema.org\",\"@graph\":[{\"@type\":\"Article\",\"@id\":\"https:\/\/colegioarquitectos.com\/noticias\/?p=2126#article\",\"isPartOf\":{\"@id\":\"https:\/\/colegioarquitectos.com\/noticias\/?p=2126\"},\"author\":{\"name\":\"Gabriel Salgado S.\",\"@id\":\"https:\/\/colegioarquitectos.com\/noticias\/#\/schema\/person\/b6c7e912cd1283c089114093ed09741f\"},\"headline\":\"Reuni\u00f3n de avance y coordinaci\u00f3n de Muestra Universitaria \u201cEducando al Arquitecto del Futuro\u201d \u2013 16 agosto 2012 \u2013 XVIII Bienal de Arquitectura y Territorio 2012\",\"datePublished\":\"2012-08-10T18:00:12+00:00\",\"dateModified\":\"2012-08-20T17:54:50+00:00\",\"mainEntityOfPage\":{\"@id\":\"https:\/\/colegioarquitectos.com\/noticias\/?p=2126\"},\"wordCount\":526,\"commentCount\":0,\"publisher\":{\"@id\":\"https:\/\/colegioarquitectos.com\/noticias\/#organization\"},\"image\":{\"@id\":\"https:\/\/colegioarquitectos.com\/noticias\/?p=2126#primaryimage\"},\"thumbnailUrl\":\"http:\/\/colegioarquitectos.com\/noticias\/wp-content\/uploads\/2012\/08\/DSC07432.jpg\",\"articleSection\":[\"Colegio\",\"Noticias\",\"XVIII Bienal de Arquitectura 2012\"],\"inLanguage\":\"es\",\"potentialAction\":[{\"@type\":\"CommentAction\",\"name\":\"Comment\",\"target\":[\"https:\/\/colegioarquitectos.com\/noticias\/?p=2126#respond\"]}]},{\"@type\":\"WebPage\",\"@id\":\"https:\/\/colegioarquitectos.com\/noticias\/?p=2126\",\"url\":\"https:\/\/colegioarquitectos.com\/noticias\/?p=2126\",\"name\":\"Reuni\u00f3n de avance y coordinaci\u00f3n de Muestra Universitaria \u201cEducando al Arquitecto del Futuro\u201d \u2013 16 agosto 2012 \u2013 XVIII Bienal de Arquitectura y Territorio 2012 - COLEGIO DE ARQUITECTOS DE CHILE\",\"isPartOf\":{\"@id\":\"https:\/\/colegioarquitectos.com\/noticias\/#website\"},\"primaryImageOfPage\":{\"@id\":\"https:\/\/colegioarquitectos.com\/noticias\/?p=2126#primaryimage\"},\"image\":{\"@id\":\"https:\/\/colegioarquitectos.com\/noticias\/?p=2126#primaryimage\"},\"thumbnailUrl\":\"http:\/\/colegioarquitectos.com\/noticias\/wp-content\/uploads\/2012\/08\/DSC07432.jpg\",\"datePublished\":\"2012-08-10T18:00:12+00:00\",\"dateModified\":\"2012-08-20T17:54:50+00:00\",\"breadcrumb\":{\"@id\":\"https:\/\/colegioarquitectos.com\/noticias\/?p=2126#breadcrumb\"},\"inLanguage\":\"es\",\"potentialAction\":[{\"@type\":\"ReadAction\",\"target\":[\"https:\/\/colegioarquitectos.com\/noticias\/?p=2126\"]}]},{\"@type\":\"ImageObject\",\"inLanguage\":\"es\",\"@id\":\"https:\/\/colegioarquitectos.com\/noticias\/?p=2126#primaryimage\",\"url\":\"http:\/\/colegioarquitectos.com\/noticias\/wp-content\/uploads\/2012\/08\/DSC07432.jpg\",\"contentUrl\":\"http:\/\/colegioarquitectos.com\/noticias\/wp-content\/uploads\/2012\/08\/DSC07432.jpg\"},{\"@type\":\"BreadcrumbList\",\"@id\":\"https:\/\/colegioarquitectos.com\/noticias\/?p=2126#breadcrumb\",\"itemListElement\":[{\"@type\":\"ListItem\",\"position\":1,\"name\":\"Portada\",\"item\":\"https:\/\/colegioarquitectos.com\/noticias\"},{\"@type\":\"ListItem\",\"position\":2,\"name\":\"Reuni\u00f3n de avance y coordinaci\u00f3n de Muestra Universitaria \u201cEducando al Arquitecto del Futuro\u201d \u2013 16 agosto 2012 \u2013 XVIII Bienal de Arquitectura y Territorio 2012\"}]},{\"@type\":\"WebSite\",\"@id\":\"https:\/\/colegioarquitectos.com\/noticias\/#website\",\"url\":\"https:\/\/colegioarquitectos.com\/noticias\/\",\"name\":\"COLEGIO DE ARQUITECTOS DE CHILE\",\"description\":\"\",\"publisher\":{\"@id\":\"https:\/\/colegioarquitectos.com\/noticias\/#organization\"},\"potentialAction\":[{\"@type\":\"SearchAction\",\"target\":{\"@type\":\"EntryPoint\",\"urlTemplate\":\"https:\/\/colegioarquitectos.com\/noticias\/?s={search_term_string}\"},\"query-input\":{\"@type\":\"PropertyValueSpecification\",\"valueRequired\":true,\"valueName\":\"search_term_string\"}}],\"inLanguage\":\"es\"},{\"@type\":\"Organization\",\"@id\":\"https:\/\/colegioarquitectos.com\/noticias\/#organization\",\"name\":\"COLEGIO DE ARQUITECTOS DE CHILE\",\"url\":\"https:\/\/colegioarquitectos.com\/noticias\/\",\"logo\":{\"@type\":\"ImageObject\",\"inLanguage\":\"es\",\"@id\":\"https:\/\/colegioarquitectos.com\/noticias\/#\/schema\/logo\/image\/\",\"url\":\"https:\/\/colegioarquitectos.com\/noticias\/wp-content\/uploads\/2021\/05\/ENCABEZADO-LOGO-CA.jpg\",\"contentUrl\":\"https:\/\/colegioarquitectos.com\/noticias\/wp-content\/uploads\/2021\/05\/ENCABEZADO-LOGO-CA.jpg\",\"width\":690,\"height\":350,\"caption\":\"COLEGIO DE ARQUITECTOS DE CHILE\"},\"image\":{\"@id\":\"https:\/\/colegioarquitectos.com\/noticias\/#\/schema\/logo\/image\/\"},\"sameAs\":[\"https:\/\/facebook.com\/Colegioarq\/\",\"https:\/\/x.com\/colegioarq\",\"https:\/\/instagram.com\/colegioarq\",\"https:\/\/youtube.com\/@ColegiodeArquitectosdeChile\"]},{\"@type\":\"Person\",\"@id\":\"https:\/\/colegioarquitectos.com\/noticias\/#\/schema\/person\/b6c7e912cd1283c089114093ed09741f\",\"name\":\"Gabriel Salgado S.\",\"url\":\"https:\/\/colegioarquitectos.com\/noticias\/?author=1\"}]}<\/script>\n<!-- \/ Yoast SEO plugin. -->","yoast_head_json":{"title":"Reuni\u00f3n de avance y coordinaci\u00f3n de Muestra Universitaria \u201cEducando al Arquitecto del Futuro\u201d \u2013 16 agosto 2012 \u2013 XVIII Bienal de Arquitectura y Territorio 2012 - COLEGIO DE ARQUITECTOS DE CHILE","robots":{"index":"index","follow":"follow","max-snippet":"max-snippet:-1","max-image-preview":"max-image-preview:large","max-video-preview":"max-video-preview:-1"},"canonical":"https:\/\/colegioarquitectos.com\/noticias\/?p=2126","og_locale":"es_ES","og_type":"article","og_title":"Reuni\u00f3n de avance y coordinaci\u00f3n de Muestra Universitaria \u201cEducando al Arquitecto del Futuro\u201d \u2013 16 agosto 2012 \u2013 XVIII Bienal de Arquitectura y Territorio 2012 - COLEGIO DE ARQUITECTOS DE CHILE","og_description":"Este jueves 16 de agosto el Director de la Muestra Universitaria, Rodrigo Tisi, el Coordinador de la Muestra, Jos\u00e9 Luis Uribe, junto al Curador de la XVIII Bienal, Sebasti\u00e1n Gray, convocaron a las Universidades a una reuni\u00f3n de avance y &hellip; ver m\u00e1s","og_url":"https:\/\/colegioarquitectos.com\/noticias\/?p=2126","og_site_name":"COLEGIO DE ARQUITECTOS DE CHILE","article_publisher":"https:\/\/facebook.com\/Colegioarq\/","article_published_time":"2012-08-10T18:00:12+00:00","article_modified_time":"2012-08-20T17:54:50+00:00","og_image":[{"width":400,"height":300,"url":"https:\/\/colegioarquitectos.com\/noticias\/wp-content\/uploads\/2012\/08\/DSC07432.jpg","type":"image\/jpeg"}],"author":"Gabriel Salgado S.","twitter_card":"summary_large_image","twitter_creator":"@colegioarq","twitter_site":"@colegioarq","twitter_misc":{"Escrito por":"Gabriel Salgado S.","Tiempo de lectura":"3 minutos"},"schema":{"@context":"https:\/\/schema.org","@graph":[{"@type":"Article","@id":"https:\/\/colegioarquitectos.com\/noticias\/?p=2126#article","isPartOf":{"@id":"https:\/\/colegioarquitectos.com\/noticias\/?p=2126"},"author":{"name":"Gabriel Salgado S.","@id":"https:\/\/colegioarquitectos.com\/noticias\/#\/schema\/person\/b6c7e912cd1283c089114093ed09741f"},"headline":"Reuni\u00f3n de avance y coordinaci\u00f3n de Muestra Universitaria \u201cEducando al Arquitecto del Futuro\u201d \u2013 16 agosto 2012 \u2013 XVIII Bienal de Arquitectura y Territorio 2012","datePublished":"2012-08-10T18:00:12+00:00","dateModified":"2012-08-20T17:54:50+00:00","mainEntityOfPage":{"@id":"https:\/\/colegioarquitectos.com\/noticias\/?p=2126"},"wordCount":526,"commentCount":0,"publisher":{"@id":"https:\/\/colegioarquitectos.com\/noticias\/#organization"},"image":{"@id":"https:\/\/colegioarquitectos.com\/noticias\/?p=2126#primaryimage"},"thumbnailUrl":"http:\/\/colegioarquitectos.com\/noticias\/wp-content\/uploads\/2012\/08\/DSC07432.jpg","articleSection":["Colegio","Noticias","XVIII Bienal de Arquitectura 2012"],"inLanguage":"es","potentialAction":[{"@type":"CommentAction","name":"Comment","target":["https:\/\/colegioarquitectos.com\/noticias\/?p=2126#respond"]}]},{"@type":"WebPage","@id":"https:\/\/colegioarquitectos.com\/noticias\/?p=2126","url":"https:\/\/colegioarquitectos.com\/noticias\/?p=2126","name":"Reuni\u00f3n de avance y coordinaci\u00f3n de Muestra Universitaria \u201cEducando al Arquitecto del Futuro\u201d \u2013 16 agosto 2012 \u2013 XVIII Bienal de Arquitectura y Territorio 2012 - COLEGIO DE ARQUITECTOS DE CHILE","isPartOf":{"@id":"https:\/\/colegioarquitectos.com\/noticias\/#website"},"primaryImageOfPage":{"@id":"https:\/\/colegioarquitectos.com\/noticias\/?p=2126#primaryimage"},"image":{"@id":"https:\/\/colegioarquitectos.com\/noticias\/?p=2126#primaryimage"},"thumbnailUrl":"http:\/\/colegioarquitectos.com\/noticias\/wp-content\/uploads\/2012\/08\/DSC07432.jpg","datePublished":"2012-08-10T18:00:12+00:00","dateModified":"2012-08-20T17:54:50+00:00","breadcrumb":{"@id":"https:\/\/colegioarquitectos.com\/noticias\/?p=2126#breadcrumb"},"inLanguage":"es","potentialAction":[{"@type":"ReadAction","target":["https:\/\/colegioarquitectos.com\/noticias\/?p=2126"]}]},{"@type":"ImageObject","inLanguage":"es","@id":"https:\/\/colegioarquitectos.com\/noticias\/?p=2126#primaryimage","url":"http:\/\/colegioarquitectos.com\/noticias\/wp-content\/uploads\/2012\/08\/DSC07432.jpg","contentUrl":"http:\/\/colegioarquitectos.com\/noticias\/wp-content\/uploads\/2012\/08\/DSC07432.jpg"},{"@type":"BreadcrumbList","@id":"https:\/\/colegioarquitectos.com\/noticias\/?p=2126#breadcrumb","itemListElement":[{"@type":"ListItem","position":1,"name":"Portada","item":"https:\/\/colegioarquitectos.com\/noticias"},{"@type":"ListItem","position":2,"name":"Reuni\u00f3n de avance y coordinaci\u00f3n de Muestra Universitaria \u201cEducando al Arquitecto del Futuro\u201d \u2013 16 agosto 2012 \u2013 XVIII Bienal de Arquitectura y Territorio 2012"}]},{"@type":"WebSite","@id":"https:\/\/colegioarquitectos.com\/noticias\/#website","url":"https:\/\/colegioarquitectos.com\/noticias\/","name":"COLEGIO DE ARQUITECTOS DE CHILE","description":"","publisher":{"@id":"https:\/\/colegioarquitectos.com\/noticias\/#organization"},"potentialAction":[{"@type":"SearchAction","target":{"@type":"EntryPoint","urlTemplate":"https:\/\/colegioarquitectos.com\/noticias\/?s={search_term_string}"},"query-input":{"@type":"PropertyValueSpecification","valueRequired":true,"valueName":"search_term_string"}}],"inLanguage":"es"},{"@type":"Organization","@id":"https:\/\/colegioarquitectos.com\/noticias\/#organization","name":"COLEGIO DE ARQUITECTOS DE CHILE","url":"https:\/\/colegioarquitectos.com\/noticias\/","logo":{"@type":"ImageObject","inLanguage":"es","@id":"https:\/\/colegioarquitectos.com\/noticias\/#\/schema\/logo\/image\/","url":"https:\/\/colegioarquitectos.com\/noticias\/wp-content\/uploads\/2021\/05\/ENCABEZADO-LOGO-CA.jpg","contentUrl":"https:\/\/colegioarquitectos.com\/noticias\/wp-content\/uploads\/2021\/05\/ENCABEZADO-LOGO-CA.jpg","width":690,"height":350,"caption":"COLEGIO DE ARQUITECTOS DE CHILE"},"image":{"@id":"https:\/\/colegioarquitectos.com\/noticias\/#\/schema\/logo\/image\/"},"sameAs":["https:\/\/facebook.com\/Colegioarq\/","https:\/\/x.com\/colegioarq","https:\/\/instagram.com\/colegioarq","https:\/\/youtube.com\/@ColegiodeArquitectosdeChile"]},{"@type":"Person","@id":"https:\/\/colegioarquitectos.com\/noticias\/#\/schema\/person\/b6c7e912cd1283c089114093ed09741f","name":"Gabriel Salgado S.","url":"https:\/\/colegioarquitectos.com\/noticias\/?author=1"}]}},"_links":{"self":[{"href":"https:\/\/colegioarquitectos.com\/noticias\/index.php?rest_route=\/wp\/v2\/posts\/2126","targetHints":{"allow":["GET"]}}],"collection":[{"href":"https:\/\/colegioarquitectos.com\/noticias\/index.php?rest_route=\/wp\/v2\/posts"}],"about":[{"href":"https:\/\/colegioarquitectos.com\/noticias\/index.php?rest_route=\/wp\/v2\/types\/post"}],"author":[{"embeddable":true,"href":"https:\/\/colegioarquitectos.com\/noticias\/index.php?rest_route=\/wp\/v2\/users\/1"}],"replies":[{"embeddable":true,"href":"https:\/\/colegioarquitectos.com\/noticias\/index.php?rest_route=%2Fwp%2Fv2%2Fcomments&post=2126"}],"version-history":[{"count":0,"href":"https:\/\/colegioarquitectos.com\/noticias\/index.php?rest_route=\/wp\/v2\/posts\/2126\/revisions"}],"wp:attachment":[{"href":"https:\/\/colegioarquitectos.com\/noticias\/index.php?rest_route=%2Fwp%2Fv2%2Fmedia&parent=2126"}],"wp:term":[{"taxonomy":"category","embeddable":true,"href":"https:\/\/colegioarquitectos.com\/noticias\/index.php?rest_route=%2Fwp%2Fv2%2Fcategories&post=2126"},{"taxonomy":"post_tag","embeddable":true,"href":"https:\/\/colegioarquitectos.com\/noticias\/index.php?rest_route=%2Fwp%2Fv2%2Ftags&post=2126"}],"curies":[{"name":"wp","href":"https:\/\/api.w.org\/{rel}","templated":true}]}}