
{"id":21317,"date":"2018-07-27T13:25:10","date_gmt":"2018-07-27T13:25:10","guid":{"rendered":"http:\/\/colegioarquitectos.com\/?p=21317"},"modified":"2018-07-27T13:25:52","modified_gmt":"2018-07-27T13:25:52","slug":"los-arriendos-abusivos-son-delitos","status":"publish","type":"post","link":"https:\/\/colegioarquitectos.com\/noticias\/?p=21317","title":{"rendered":"Los arriendos abusivos son delitos"},"content":{"rendered":"<p>El 12 y 19 de julio de 2018, el <strong>Comit\u00e9 H\u00e1bitat y Vivienda<\/strong> del <strong>Colegio de Arquitectos de Chile<\/strong> organiz\u00f3 dos coloquios para analizar temas relacionados a arriendos abusivos desde la dignidad humana y con enfoque de derechos humanos. Presididos por Marco Rodr\u00edguez y con la participaci\u00f3n de unas cuarenta personas (35 en la versi\u00f3n del 12 de julio; 24 el 19), tuvimos la oportunidad de escuchar a <strong>Francisco Bazo<\/strong>, dirigente del Movimiento de Acci\u00f3n Migrante, MAM, a <strong>Rodrigo Mart\u00edn<\/strong>, acad\u00e9mico de la Escuela de Arquitectura de la Universidad de Santiago, USACH, a <strong>Paula Rodr\u00edguez<\/strong>, investigadora posdoctoral Fondecyt de la Universidad Alberto Hurtado, a <strong>Carolina \u00c1guila<\/strong>, gerenta de la cooperativa abierta Vivecoop, y a miembros del Comit\u00e9 H\u00e1bitat, entre ellos, <strong>Constanza Lizana<\/strong>, abogada,<strong> Fernando Jim\u00e9nez<\/strong> y, al final, <strong>Ana Sugranyes<\/strong>, con los apuntes que presentamos a continuaci\u00f3n:<\/p>\n<p>&nbsp;<\/p>\n<h2><strong>Los arriendos abusivos son delitos<\/strong><\/h2>\n<p>Para situar el tema de los arriendos abusivos, es indispensable tener en cuenta algunos elementos del contexto. Entre otros, nos referimos a la econom\u00eda global \u2013no s\u00f3lo la chilena\u2013, marcada por su car\u00e1cter especulativo, m\u00e1s que productivo, que est\u00e1 incidiendo en el mercado de suelo e inmobiliario. Es as\u00ed como las viviendas, ya mercantilizadas desde d\u00e9cadas, tienden a convertirse en activos que se transan en los mercados financieros, en circunstancias de desregulaci\u00f3n, y sin importar el uso que se le d\u00e9, o no, a los productos construidos, como lo aprendimos de Raquel Rolnik, cuyo lanzamiento del libro \u201cla guerra de los lugares\u201d este Comit\u00e9 H\u00e1bitat realiz\u00f3 en el marco de la XX Bienal de Arquitectura en Valpara\u00edso (noviembre 2017).<\/p>\n<p>Al cabo de 40 a\u00f1os de pol\u00edticas neoliberales real-existentes, observamos una sostenida p\u00e9rdida de los beneficios de la seguridad social, con un correlativo de b\u00fasqueda de inversi\u00f3n en bienes inmuebles, especialmente por parte de un gran contingente de peque\u00f1os rentistas de clase media.<\/p>\n<p>Con relaci\u00f3n a nuestra campa\u00f1a de 2016 \u201cdignidad humana en los territorios y la ciudad\u201d, debemos reconocer que no hay avance en materia de los derechos econ\u00f3micos, sociales y culturales, que no hay judicializaci\u00f3n del derecho a una vivienda adecuada. Dicho en otras palabras, las v\u00edctimas de violaciones de este derecho humano a la vivienda, afectadas principalmente por los incendios y los desalojos, no tienen instancia a la cual recurrir.<\/p>\n<p>Adem\u00e1s, estamos viviendo un momento de alta movilidad humana desde distintos pa\u00edses de Am\u00e9rica Latina hacia Chile, con la entrada de centenares de miles de migrantes, de la misma forma en que chilenas y chilenos tuvieron que abandonar el pa\u00eds en los a\u00f1os 70 y 80 del siglo pasado. Para la convivencia con la poblaci\u00f3n inmigrante y para el pleno respeto a sus derechos humanos, surgen nuevos desaf\u00edos desde la identidad de cada territorio, para evitar toda expresi\u00f3n de racismo o xenofobia.<\/p>\n<p>Ante los discursos de integraci\u00f3n social, sea en documentos de Naciones Unidas como los Objetivos de Desarrollo 2030 y la Nueva Agenda Urbana, sea en las declaraciones de pol\u00edticos, como el Alcalde de Las Condes o el Ministro de Vivienda y urbanismo, al defender un proyecto de unas pocas viviendas p\u00fablicas para el arriendo de valor moderado en la Rotonda Atenas, seamos prudentes y constatemos m\u00e1s bien las profundas rupturas sociales que nuestras ciudades segregadas est\u00e1n manteniendo, por ejemplo, con las expresiones de aporofobia entre habitantes de Las Condes.<\/p>\n<p>Durante los dos \u00faltimos a\u00f1os, las autoridades del sector vivienda implementaron un primer programa de apoyo al arriendo de viviendas. Se han entregado 30 mil subsidios, de los cuales 11 mil han sido aplicados, manteniendo la misma t\u00f3nica de subsidio habitacional individual en el marco legal adverso a toda innovaci\u00f3n de car\u00e1cter p\u00fablico y colectivo. Instancias privadas, como Vivecoop, intentan colaborar de buena voluntad y sin mayor perspectiva de futuro en estos programas, apostando a que la soluci\u00f3n se defina m\u00e1s bien desde un fondo de inversi\u00f3n p\u00fablico.<\/p>\n<p><strong>\u00a0<\/strong><\/p>\n<p><strong>Situaciones de arriendos abusivos<\/strong><\/p>\n<p>Los antecedentes arriba referidos corresponden a un fuerte aumento del valor de las viviendas, limitando las posibilidades de acceso a la vivienda entre sectores bajos y medios. Por lo que, a su vez, se da un importante aumento de la demanda de viviendas en arriendo; ycrece tambi\u00e9n el valor de los alquileres. El mercado inmobiliario aprovecha una nueva veta de grandes negocios. En Espa\u00f1a, ya se habla de una nueva burbuja de la vivienda de alquiler. Aqu\u00ed en Chile, observamos dos \u00e1mbitos de arriendos en los cuales se dan diversas formas de abusos.<\/p>\n<p>Por una parte, las torres de hasta 40 pisos en zonas c\u00e9ntricas, como Estaci\u00f3n Central y tantas otras, con productos habitacionales no regulares \u2013 no son ni viviendas ni departamentos; se publicitan como \u201cestudios\u201d \u2013 son financiados por grandes fondos de inversi\u00f3n internacionales; en unidades de, en promedio,33 metros cuadrados, con valores promedios de arriendo de 280 mil pesos \u2013 o sea m\u00e1s de400 d\u00f3lares, o un salario m\u00ednimo \u2013 presentan todo tipo de graves deficiencias urbanas (densidades superiores a 20 mil personas por hect\u00e1rea en calles secundarias y sin servicios adecuados), de instalaciones (con d\u00e9ficit de ascensores) y de convivencia (sistema de control con tarjetas electr\u00f3nicas, llegando, por ejemplo, a que, por no pagar gastos comunes, ya no se tenga acceso ni a los ascensores ni al \u201cestudio\u201d). Estos abusos se inscriben en el marcado formal de arriendos; se relacionan tambi\u00e9n con situaciones no transparentes de administraci\u00f3n de los edificios.<\/p>\n<p>Por otra parte, el mundo informal, poco estudiado y mal dimensionado. Por las se\u00f1ales que nos dan el Movimiento de Acci\u00f3n Migrante, MAM, y Rodrigo Mart\u00edn, por el gran n\u00famero de incendios reportados por la prensa, y por las investigaciones en curso de Paula Rodr\u00edguez, podemos identificar varios tipos de informalidad en los arriendos, referidos a la tenencia de los inmuebles: (i) arriendos sin contrato escrito, contra pago de mensualidad, en micro y macro campamentos, cit\u00e9s, o piezas de estudiantes; (ii) casas comunitarias, dirigidas a migrantes y gestionadas por mafias, en estacionamientos, caballerizas, galpones, f\u00e1bricas o escuelas \u2013 los conventillos del siglo XXI; (iii) viviendas que no cuentan con la formalizaci\u00f3n ni de la propiedad ni de la potestad del arriendo, que se da por cesi\u00f3n u ocupaci\u00f3n efectiva; (iv) sub-arriendo de departamentos, por lo general, entre amigos y familiares; (v) las casas de \u201cokupas\u201d.<\/p>\n<p>Sin poder, de momento, dimensionar la cantidad de personas y hogares viviendo en estas condiciones de informalidad, sea en las \u00e1reas metropolitanas, en ciudades intermedias y tambi\u00e9n en peque\u00f1as \u00e1reas urbanas, s\u00ed es evidente que Chile est\u00e1 ante un nuevo problema habitacional, debido a situaciones de desregulaci\u00f3n, de permisividad tanto por la parte arrendataria como del entorno vecinal, tambi\u00e9n por falta de capacidad fiscalizadora de las autoridades locales y sectoriales de vivienda, salud y desarrollo social.<\/p>\n<p>Bueno es recordar que ante una situaci\u00f3n similar que se dio en los a\u00f1os 20 y 30 del siglo pasado, en que la mitad de la poblaci\u00f3n urbana sufr\u00eda de una burbuja del arriendo, el Estado opt\u00f3 por la expropiaci\u00f3n de terrenos en urbanizaciones sin permiso, para construir posteriormente viviendas econ\u00f3micasa trav\u00e9s de las cajas de ahorro y pr\u00e9stamo.<\/p>\n<p>Entre contratos formales y ni tan formales, se inscriben otras formas de abusos, complejos por su incidencia a largo plazo en temas pol\u00edticos de la ciudad, pero no tan agresivos como los descritos en el p\u00e1rrafo anterior. Nos referimos a los servicios de arriendos para turistas, estilo \u201cair.bnb\u201d \u2013 el \u201cuber\u201d inmobiliario; tambi\u00e9n a casas de clase media, en sectores ricos, rentadas por pieza.<\/p>\n<p><strong>\u00a0<\/strong><\/p>\n<p><strong>Los arriendos abusivos son delitos<\/strong><\/p>\n<p>El debate en ambos coloquios organizados por el Comit\u00e9 H\u00e1bitat se centr\u00f3 en la necesidad imperiosa de articular fuerzas sociales para denunciar lo que consideramos delitos, aunque estos, de momento, no est\u00e9n tipificados como tales;\u00a0 hay situaciones abusivas y enga\u00f1osas que podr\u00edan ser estafa o fraude; situaciones perversasque el Estado logr\u00f3 parar hace 80 a\u00f1os.<\/p>\n<p>Los arriendos abusivos afectan la integridad de la persona, f\u00edsica- y psicol\u00f3gicamente. Lo que se ofrece en arriendo no es una vivienda digna, sea en t\u00e9rminos de seguridad jur\u00eddica de tenencia, habitabilidad, valores, servicios, instalaciones con altos riesgosde incendios.Y por eso, la oferta de estos productos la percibimos como un delito que atenta contra la Ley de Urbanismo y Construcci\u00f3n y contra la Ley de No-Discriminaci\u00f3n; un noreconocimiento ni realizaci\u00f3n delos est\u00e1ndares internacionales del Derecho Humano a una Vivienda Adecuada y de los Derechos Humanos de Movilidad Humana.<\/p>\n<p><strong>\u00a0<\/strong><\/p>\n<p><strong>Propuestas para superar los arriendos abusivos<\/strong><\/p>\n<p>Ante la perversidad de los arriendos abusivos, proponemos articular fuerzas entre organizaciones sociales \u2013 especialmente el trabajo del Movimiento de Acci\u00f3n Migratoria, MAM, y Barrio Yungay\u2013, profesionales, gremiales y acad\u00e9micas, para llamar a una campa\u00f1a que exija la revisi\u00f3n de la Ley de arriendo de 1941, con modificaciones en 1975 y 1982, o sea hace m\u00e1s de 35 a\u00f1os.<\/p>\n<p>Proponemos que la ley de arriendo aborde, entre otros aspectos:<\/p>\n<ul>\n<li>la definici\u00f3n de la habitabilidad de los productos habitacionales puestos en arriendo; definici\u00f3n en t\u00e9rminos de superficie, recintos, servicios e instalaciones; y no s\u00f3lo de valores;<\/li>\n<li>la ponderaci\u00f3n real de derechos y responsabilidades,tanto por parte de las y los arrendatarios, como de las y los propietarios, con la seguridad jur\u00eddica de tenencia del arriendo; y de la exigencia de su pago tambi\u00e9n;<\/li>\n<li>la redefinici\u00f3n de rangos de valor m\u00ednimo y m\u00e1ximo entre la tarifa de arriendo en relaci\u00f3n a la tasaci\u00f3n del inmueble;<\/li>\n<li>la formulaci\u00f3n de penas en caso de delito penal o civil, que puedan llegar a la expropiaci\u00f3n.<\/li>\n<\/ul>\n<p>Seguiremos trabajando en alianza con otras organizaciones para la formulaci\u00f3n de medidas de acci\u00f3n concreta por parte del Estado, hacia la producci\u00f3n de viviendas dignas como alternativa a los abusos. Buscaremos los equilibrios necesarios, tambi\u00e9n para el peque\u00f1o rentista. El Estado debe proteger y respetar los derechos humanos; tambi\u00e9n debe promover esquemas de producci\u00f3n y gesti\u00f3n social de la vivienda en pol\u00edticas p\u00fablicas sostenibles.<\/p>\n<p>La articulaci\u00f3n de fuerzas es necesaria tambi\u00e9n para la creaci\u00f3n de un observatorio del derecho a la vivienda, especialmente en las situaciones de violaci\u00f3n de este derecho humanos, como lo son los desalojos; una instancia de denuncia que permita ir avanzando hacia la judicializaci\u00f3n del derecho humano a una vivienda adecuada. Avances que, a su vez, exigen retomar la esencia de la campana \u201cdignidad humana en el territorio y la ciudad\u201d que este Comit\u00e9 H\u00e1bitat desarroll\u00f3 en 2016 para volver a abrir el debate sobre la nueva constituci\u00f3n de Chile que precise, entre otros, la funci\u00f3n social de la propiedad, del suelo y de la vivienda.<\/p>\n<p><\/p>","protected":false},"excerpt":{"rendered":"<p>El 12 y 19 de julio de 2018, el Comit\u00e9 H\u00e1bitat y Vivienda del Colegio de Arquitectos de Chile organiz\u00f3 dos coloquios para analizar temas relacionados a arriendos abusivos desde la dignidad humana y con enfoque de derechos humanos. Presididos &hellip; <a class=\"more-link\" href=\"https:\/\/colegioarquitectos.com\/noticias\/?p=21317\">ver m\u00e1s<\/a><\/p>","protected":false},"author":4,"featured_media":21318,"comment_status":"closed","ping_status":"closed","sticky":false,"template":"","format":"standard","meta":{"footnotes":""},"categories":[8],"tags":[],"class_list":["post-21317","post","type-post","status-publish","format-standard","has-post-thumbnail","hentry","category-colegio-de-arquitectos"],"yoast_head":"<!-- This site is optimized with the Yoast SEO plugin v24.2 - https:\/\/yoast.com\/wordpress\/plugins\/seo\/ -->\n<title>Los arriendos abusivos son delitos - COLEGIO DE ARQUITECTOS DE CHILE<\/title>\n<meta name=\"robots\" content=\"index, follow, max-snippet:-1, max-image-preview:large, max-video-preview:-1\" \/>\n<link rel=\"canonical\" href=\"https:\/\/colegioarquitectos.com\/noticias\/?p=21317\" \/>\n<meta property=\"og:locale\" content=\"es_ES\" \/>\n<meta property=\"og:type\" content=\"article\" \/>\n<meta property=\"og:title\" content=\"Los arriendos abusivos son delitos - COLEGIO DE ARQUITECTOS DE CHILE\" \/>\n<meta property=\"og:description\" content=\"El 12 y 19 de julio de 2018, el Comit\u00e9 H\u00e1bitat y Vivienda del Colegio de Arquitectos de Chile organiz\u00f3 dos coloquios para analizar temas relacionados a arriendos abusivos desde la dignidad humana y con enfoque de derechos humanos. Presididos &hellip; ver m\u00e1s\" \/>\n<meta property=\"og:url\" content=\"https:\/\/colegioarquitectos.com\/noticias\/?p=21317\" \/>\n<meta property=\"og:site_name\" content=\"COLEGIO DE ARQUITECTOS DE CHILE\" \/>\n<meta property=\"article:publisher\" content=\"https:\/\/facebook.com\/Colegioarq\/\" \/>\n<meta property=\"article:published_time\" content=\"2018-07-27T13:25:10+00:00\" \/>\n<meta property=\"article:modified_time\" content=\"2018-07-27T13:25:52+00:00\" \/>\n<meta property=\"og:image\" content=\"https:\/\/colegioarquitectos.com\/noticias\/wp-content\/uploads\/2018\/07\/coloquio-I-2.jpg\" \/>\n\t<meta property=\"og:image:width\" content=\"690\" \/>\n\t<meta property=\"og:image:height\" content=\"350\" \/>\n\t<meta property=\"og:image:type\" content=\"image\/jpeg\" \/>\n<meta name=\"author\" content=\"Colegio de Arquitectos de Chile\" \/>\n<meta name=\"twitter:card\" content=\"summary_large_image\" \/>\n<meta name=\"twitter:creator\" content=\"@colegioarq\" \/>\n<meta name=\"twitter:site\" content=\"@colegioarq\" \/>\n<meta name=\"twitter:label1\" content=\"Escrito por\" \/>\n\t<meta name=\"twitter:data1\" content=\"Colegio de Arquitectos de Chile\" \/>\n\t<meta name=\"twitter:label2\" content=\"Tiempo de lectura\" \/>\n\t<meta name=\"twitter:data2\" content=\"9 minutos\" \/>\n<script type=\"application\/ld+json\" class=\"yoast-schema-graph\">{\"@context\":\"https:\/\/schema.org\",\"@graph\":[{\"@type\":\"Article\",\"@id\":\"https:\/\/colegioarquitectos.com\/noticias\/?p=21317#article\",\"isPartOf\":{\"@id\":\"https:\/\/colegioarquitectos.com\/noticias\/?p=21317\"},\"author\":{\"name\":\"Colegio de Arquitectos de Chile\",\"@id\":\"https:\/\/colegioarquitectos.com\/noticias\/#\/schema\/person\/685cc0aad148303c5608f049af8285ad\"},\"headline\":\"Los arriendos abusivos son delitos\",\"datePublished\":\"2018-07-27T13:25:10+00:00\",\"dateModified\":\"2018-07-27T13:25:52+00:00\",\"mainEntityOfPage\":{\"@id\":\"https:\/\/colegioarquitectos.com\/noticias\/?p=21317\"},\"wordCount\":1835,\"publisher\":{\"@id\":\"https:\/\/colegioarquitectos.com\/noticias\/#organization\"},\"image\":{\"@id\":\"https:\/\/colegioarquitectos.com\/noticias\/?p=21317#primaryimage\"},\"thumbnailUrl\":\"https:\/\/colegioarquitectos.com\/noticias\/wp-content\/uploads\/2018\/07\/coloquio-I-2.jpg\",\"articleSection\":[\"Colegio\"],\"inLanguage\":\"es\"},{\"@type\":\"WebPage\",\"@id\":\"https:\/\/colegioarquitectos.com\/noticias\/?p=21317\",\"url\":\"https:\/\/colegioarquitectos.com\/noticias\/?p=21317\",\"name\":\"Los arriendos abusivos son delitos - COLEGIO DE ARQUITECTOS DE CHILE\",\"isPartOf\":{\"@id\":\"https:\/\/colegioarquitectos.com\/noticias\/#website\"},\"primaryImageOfPage\":{\"@id\":\"https:\/\/colegioarquitectos.com\/noticias\/?p=21317#primaryimage\"},\"image\":{\"@id\":\"https:\/\/colegioarquitectos.com\/noticias\/?p=21317#primaryimage\"},\"thumbnailUrl\":\"https:\/\/colegioarquitectos.com\/noticias\/wp-content\/uploads\/2018\/07\/coloquio-I-2.jpg\",\"datePublished\":\"2018-07-27T13:25:10+00:00\",\"dateModified\":\"2018-07-27T13:25:52+00:00\",\"breadcrumb\":{\"@id\":\"https:\/\/colegioarquitectos.com\/noticias\/?p=21317#breadcrumb\"},\"inLanguage\":\"es\",\"potentialAction\":[{\"@type\":\"ReadAction\",\"target\":[\"https:\/\/colegioarquitectos.com\/noticias\/?p=21317\"]}]},{\"@type\":\"ImageObject\",\"inLanguage\":\"es\",\"@id\":\"https:\/\/colegioarquitectos.com\/noticias\/?p=21317#primaryimage\",\"url\":\"https:\/\/colegioarquitectos.com\/noticias\/wp-content\/uploads\/2018\/07\/coloquio-I-2.jpg\",\"contentUrl\":\"https:\/\/colegioarquitectos.com\/noticias\/wp-content\/uploads\/2018\/07\/coloquio-I-2.jpg\",\"width\":690,\"height\":350},{\"@type\":\"BreadcrumbList\",\"@id\":\"https:\/\/colegioarquitectos.com\/noticias\/?p=21317#breadcrumb\",\"itemListElement\":[{\"@type\":\"ListItem\",\"position\":1,\"name\":\"Portada\",\"item\":\"https:\/\/colegioarquitectos.com\/noticias\"},{\"@type\":\"ListItem\",\"position\":2,\"name\":\"Los arriendos abusivos son delitos\"}]},{\"@type\":\"WebSite\",\"@id\":\"https:\/\/colegioarquitectos.com\/noticias\/#website\",\"url\":\"https:\/\/colegioarquitectos.com\/noticias\/\",\"name\":\"COLEGIO DE ARQUITECTOS DE CHILE\",\"description\":\"\",\"publisher\":{\"@id\":\"https:\/\/colegioarquitectos.com\/noticias\/#organization\"},\"potentialAction\":[{\"@type\":\"SearchAction\",\"target\":{\"@type\":\"EntryPoint\",\"urlTemplate\":\"https:\/\/colegioarquitectos.com\/noticias\/?s={search_term_string}\"},\"query-input\":{\"@type\":\"PropertyValueSpecification\",\"valueRequired\":true,\"valueName\":\"search_term_string\"}}],\"inLanguage\":\"es\"},{\"@type\":\"Organization\",\"@id\":\"https:\/\/colegioarquitectos.com\/noticias\/#organization\",\"name\":\"COLEGIO DE ARQUITECTOS DE CHILE\",\"url\":\"https:\/\/colegioarquitectos.com\/noticias\/\",\"logo\":{\"@type\":\"ImageObject\",\"inLanguage\":\"es\",\"@id\":\"https:\/\/colegioarquitectos.com\/noticias\/#\/schema\/logo\/image\/\",\"url\":\"https:\/\/colegioarquitectos.com\/noticias\/wp-content\/uploads\/2021\/05\/ENCABEZADO-LOGO-CA.jpg\",\"contentUrl\":\"https:\/\/colegioarquitectos.com\/noticias\/wp-content\/uploads\/2021\/05\/ENCABEZADO-LOGO-CA.jpg\",\"width\":690,\"height\":350,\"caption\":\"COLEGIO DE ARQUITECTOS DE CHILE\"},\"image\":{\"@id\":\"https:\/\/colegioarquitectos.com\/noticias\/#\/schema\/logo\/image\/\"},\"sameAs\":[\"https:\/\/facebook.com\/Colegioarq\/\",\"https:\/\/x.com\/colegioarq\",\"https:\/\/instagram.com\/colegioarq\",\"https:\/\/youtube.com\/@ColegiodeArquitectosdeChile\"]},{\"@type\":\"Person\",\"@id\":\"https:\/\/colegioarquitectos.com\/noticias\/#\/schema\/person\/685cc0aad148303c5608f049af8285ad\",\"name\":\"Colegio de Arquitectos de Chile\",\"url\":\"https:\/\/colegioarquitectos.com\/noticias\/?author=4\"}]}<\/script>\n<!-- \/ Yoast SEO plugin. -->","yoast_head_json":{"title":"Los arriendos abusivos son delitos - COLEGIO DE ARQUITECTOS DE CHILE","robots":{"index":"index","follow":"follow","max-snippet":"max-snippet:-1","max-image-preview":"max-image-preview:large","max-video-preview":"max-video-preview:-1"},"canonical":"https:\/\/colegioarquitectos.com\/noticias\/?p=21317","og_locale":"es_ES","og_type":"article","og_title":"Los arriendos abusivos son delitos - COLEGIO DE ARQUITECTOS DE CHILE","og_description":"El 12 y 19 de julio de 2018, el Comit\u00e9 H\u00e1bitat y Vivienda del Colegio de Arquitectos de Chile organiz\u00f3 dos coloquios para analizar temas relacionados a arriendos abusivos desde la dignidad humana y con enfoque de derechos humanos. Presididos &hellip; ver m\u00e1s","og_url":"https:\/\/colegioarquitectos.com\/noticias\/?p=21317","og_site_name":"COLEGIO DE ARQUITECTOS DE CHILE","article_publisher":"https:\/\/facebook.com\/Colegioarq\/","article_published_time":"2018-07-27T13:25:10+00:00","article_modified_time":"2018-07-27T13:25:52+00:00","og_image":[{"width":690,"height":350,"url":"https:\/\/colegioarquitectos.com\/noticias\/wp-content\/uploads\/2018\/07\/coloquio-I-2.jpg","type":"image\/jpeg"}],"author":"Colegio de Arquitectos de Chile","twitter_card":"summary_large_image","twitter_creator":"@colegioarq","twitter_site":"@colegioarq","twitter_misc":{"Escrito por":"Colegio de Arquitectos de Chile","Tiempo de lectura":"9 minutos"},"schema":{"@context":"https:\/\/schema.org","@graph":[{"@type":"Article","@id":"https:\/\/colegioarquitectos.com\/noticias\/?p=21317#article","isPartOf":{"@id":"https:\/\/colegioarquitectos.com\/noticias\/?p=21317"},"author":{"name":"Colegio de Arquitectos de Chile","@id":"https:\/\/colegioarquitectos.com\/noticias\/#\/schema\/person\/685cc0aad148303c5608f049af8285ad"},"headline":"Los arriendos abusivos son delitos","datePublished":"2018-07-27T13:25:10+00:00","dateModified":"2018-07-27T13:25:52+00:00","mainEntityOfPage":{"@id":"https:\/\/colegioarquitectos.com\/noticias\/?p=21317"},"wordCount":1835,"publisher":{"@id":"https:\/\/colegioarquitectos.com\/noticias\/#organization"},"image":{"@id":"https:\/\/colegioarquitectos.com\/noticias\/?p=21317#primaryimage"},"thumbnailUrl":"https:\/\/colegioarquitectos.com\/noticias\/wp-content\/uploads\/2018\/07\/coloquio-I-2.jpg","articleSection":["Colegio"],"inLanguage":"es"},{"@type":"WebPage","@id":"https:\/\/colegioarquitectos.com\/noticias\/?p=21317","url":"https:\/\/colegioarquitectos.com\/noticias\/?p=21317","name":"Los arriendos abusivos son delitos - COLEGIO DE ARQUITECTOS DE CHILE","isPartOf":{"@id":"https:\/\/colegioarquitectos.com\/noticias\/#website"},"primaryImageOfPage":{"@id":"https:\/\/colegioarquitectos.com\/noticias\/?p=21317#primaryimage"},"image":{"@id":"https:\/\/colegioarquitectos.com\/noticias\/?p=21317#primaryimage"},"thumbnailUrl":"https:\/\/colegioarquitectos.com\/noticias\/wp-content\/uploads\/2018\/07\/coloquio-I-2.jpg","datePublished":"2018-07-27T13:25:10+00:00","dateModified":"2018-07-27T13:25:52+00:00","breadcrumb":{"@id":"https:\/\/colegioarquitectos.com\/noticias\/?p=21317#breadcrumb"},"inLanguage":"es","potentialAction":[{"@type":"ReadAction","target":["https:\/\/colegioarquitectos.com\/noticias\/?p=21317"]}]},{"@type":"ImageObject","inLanguage":"es","@id":"https:\/\/colegioarquitectos.com\/noticias\/?p=21317#primaryimage","url":"https:\/\/colegioarquitectos.com\/noticias\/wp-content\/uploads\/2018\/07\/coloquio-I-2.jpg","contentUrl":"https:\/\/colegioarquitectos.com\/noticias\/wp-content\/uploads\/2018\/07\/coloquio-I-2.jpg","width":690,"height":350},{"@type":"BreadcrumbList","@id":"https:\/\/colegioarquitectos.com\/noticias\/?p=21317#breadcrumb","itemListElement":[{"@type":"ListItem","position":1,"name":"Portada","item":"https:\/\/colegioarquitectos.com\/noticias"},{"@type":"ListItem","position":2,"name":"Los arriendos abusivos son delitos"}]},{"@type":"WebSite","@id":"https:\/\/colegioarquitectos.com\/noticias\/#website","url":"https:\/\/colegioarquitectos.com\/noticias\/","name":"COLEGIO DE ARQUITECTOS DE CHILE","description":"","publisher":{"@id":"https:\/\/colegioarquitectos.com\/noticias\/#organization"},"potentialAction":[{"@type":"SearchAction","target":{"@type":"EntryPoint","urlTemplate":"https:\/\/colegioarquitectos.com\/noticias\/?s={search_term_string}"},"query-input":{"@type":"PropertyValueSpecification","valueRequired":true,"valueName":"search_term_string"}}],"inLanguage":"es"},{"@type":"Organization","@id":"https:\/\/colegioarquitectos.com\/noticias\/#organization","name":"COLEGIO DE ARQUITECTOS DE CHILE","url":"https:\/\/colegioarquitectos.com\/noticias\/","logo":{"@type":"ImageObject","inLanguage":"es","@id":"https:\/\/colegioarquitectos.com\/noticias\/#\/schema\/logo\/image\/","url":"https:\/\/colegioarquitectos.com\/noticias\/wp-content\/uploads\/2021\/05\/ENCABEZADO-LOGO-CA.jpg","contentUrl":"https:\/\/colegioarquitectos.com\/noticias\/wp-content\/uploads\/2021\/05\/ENCABEZADO-LOGO-CA.jpg","width":690,"height":350,"caption":"COLEGIO DE ARQUITECTOS DE CHILE"},"image":{"@id":"https:\/\/colegioarquitectos.com\/noticias\/#\/schema\/logo\/image\/"},"sameAs":["https:\/\/facebook.com\/Colegioarq\/","https:\/\/x.com\/colegioarq","https:\/\/instagram.com\/colegioarq","https:\/\/youtube.com\/@ColegiodeArquitectosdeChile"]},{"@type":"Person","@id":"https:\/\/colegioarquitectos.com\/noticias\/#\/schema\/person\/685cc0aad148303c5608f049af8285ad","name":"Colegio de Arquitectos de Chile","url":"https:\/\/colegioarquitectos.com\/noticias\/?author=4"}]}},"_links":{"self":[{"href":"https:\/\/colegioarquitectos.com\/noticias\/index.php?rest_route=\/wp\/v2\/posts\/21317","targetHints":{"allow":["GET"]}}],"collection":[{"href":"https:\/\/colegioarquitectos.com\/noticias\/index.php?rest_route=\/wp\/v2\/posts"}],"about":[{"href":"https:\/\/colegioarquitectos.com\/noticias\/index.php?rest_route=\/wp\/v2\/types\/post"}],"author":[{"embeddable":true,"href":"https:\/\/colegioarquitectos.com\/noticias\/index.php?rest_route=\/wp\/v2\/users\/4"}],"replies":[{"embeddable":true,"href":"https:\/\/colegioarquitectos.com\/noticias\/index.php?rest_route=%2Fwp%2Fv2%2Fcomments&post=21317"}],"version-history":[{"count":0,"href":"https:\/\/colegioarquitectos.com\/noticias\/index.php?rest_route=\/wp\/v2\/posts\/21317\/revisions"}],"wp:featuredmedia":[{"embeddable":true,"href":"https:\/\/colegioarquitectos.com\/noticias\/index.php?rest_route=\/wp\/v2\/media\/21318"}],"wp:attachment":[{"href":"https:\/\/colegioarquitectos.com\/noticias\/index.php?rest_route=%2Fwp%2Fv2%2Fmedia&parent=21317"}],"wp:term":[{"taxonomy":"category","embeddable":true,"href":"https:\/\/colegioarquitectos.com\/noticias\/index.php?rest_route=%2Fwp%2Fv2%2Fcategories&post=21317"},{"taxonomy":"post_tag","embeddable":true,"href":"https:\/\/colegioarquitectos.com\/noticias\/index.php?rest_route=%2Fwp%2Fv2%2Ftags&post=21317"}],"curies":[{"name":"wp","href":"https:\/\/api.w.org\/{rel}","templated":true}]}}