
{"id":21324,"date":"2018-07-30T16:33:57","date_gmt":"2018-07-30T16:33:57","guid":{"rendered":"http:\/\/colegioarquitectos.com\/?p=21324"},"modified":"2018-07-30T19:00:26","modified_gmt":"2018-07-30T19:00:26","slug":"conoce-a-los-ganadores-de-los-premios-ca-2018","status":"publish","type":"post","link":"https:\/\/colegioarquitectos.com\/noticias\/?p=21324","title":{"rendered":"Conoce a los ganadores de los Premios CA 2018"},"content":{"rendered":"<p>Este viernes 3 de agosto a las 21:00 horas en el Club de la Uni\u00f3n\u00a0 (Avenida Libertador Bernardo O\u2019Higgins 1091, Santiago) se realizar\u00e1 la ceremonia de los <strong>Premios CA 2018<\/strong>, en el marco de la <strong>Cena Anual CA<\/strong>, evento que busca celebrar los <strong>76 a\u00f1os<\/strong> del Colegio de Arquitectos de Chile, fundado el <strong>4 de agosto de 1942<\/strong>.<\/p>\n<p><strong>Los Premios CA<\/strong> son uno de los principales reconocimientos a los arquitectos y arquitectas del pa\u00eds, y destacan a once colegiados por su excelencia, trabajo y aporte a la arquitectura. Por otra parte, y a juicio del Directorio Nacional, son referentes para los arquitectos y arquitectas de todo el pa\u00eds.<\/p>\n<p>A\u00f1o a a\u00f1o colegiados, facultades de arquitectura, ministerios y organismos p\u00fablicos, m\u00e1s organizaciones privadas, se suman y presentan candidatos que consideran merecedores de ser premiados por el Colegio de Arquitectos. Este a\u00f1o, por primera vez, se entregar\u00e1n los premios <strong>Dora Riedel<\/strong>, <strong>Eliana Caraball<\/strong> y <strong>Premio Arquitectura Regional<\/strong>, los que valoran el esfuerzo de nuestras colegiadas y colegiados en tres nuevos \u00e1mbitos de acci\u00f3n.<\/p>\n<p>&nbsp;<\/p>\n<p><strong>A continuaci\u00f3n, los ganadores de las doce categor\u00edas de los Premios CA 2018:<\/strong><\/p>\n<p>&nbsp;<\/p>\n<p>&nbsp;<\/p>\n<p>1.- <strong>\u201c<\/strong><strong>Premio Alberto Risopatr\u00f3n\u201d,<\/strong> al arquitecto o arquitecta colegiada que se haya distinguido por su labor gremial en el Colegio de Arquitectos.<\/p>\n<p>&nbsp;<\/p>\n<p><img loading=\"lazy\" decoding=\"async\" class=\"aligncenter size-thumbnail wp-image-21325\" src=\"http:\/\/colegioarquitectos.com\/noticias\/wp-content\/uploads\/2018\/07\/Beatriz-Buccicardi-Francisca-Munoz-180x180.jpg\" alt=\"\" width=\"180\" height=\"180\" \/><\/p>\n<p><strong>Beatriz Buccicardi<\/strong><\/p>\n<p><strong>Beatriz Buccicardi<\/strong>, adem\u00e1s de haber desarrollado de manera constante la profesi\u00f3n, ha participado activamente en el Colegio de Arquitectos de Chile, destacando su labor en Bienales de Arquitectura; Concursos de Pintura Infantil; encuentros musicales, ente otras actividades. Fue presidenta del Comit\u00e9 de Cultura por tres a\u00f1os (1984 a 1986); es miembro del Comit\u00e9 de Derechos Humanos y Ciudadanos desde a\u00f1o 2010; es presidenta designada del Comit\u00e9 Arquitectos Servicios P\u00fablicos desde el a\u00f1o 2016 y actualmente es Vicepresidenta del COA. Tambi\u00e9n particip\u00f3 en la Asociaci\u00f3n Chilena de Municipalidades.<\/p>\n<p>&nbsp;<\/p>\n<p>2.- <strong>\u201cPremio Sergio Larra\u00edn Garc\u00eda-Moreno\u201d<\/strong>, al arquitecto o arquitecta que se haya distinguido en el campo acad\u00e9mico o de investigaci\u00f3n.<\/p>\n<p><img loading=\"lazy\" decoding=\"async\" class=\"aligncenter size-medium wp-image-21327\" src=\"http:\/\/colegioarquitectos.com\/noticias\/wp-content\/uploads\/2018\/07\/Pilar-Barba-Carolina-Espinosa-199x300.jpeg\" alt=\"\" width=\"199\" height=\"300\" srcset=\"https:\/\/colegioarquitectos.com\/noticias\/wp-content\/uploads\/2018\/07\/Pilar-Barba-Carolina-Espinosa-199x300.jpeg 199w, https:\/\/colegioarquitectos.com\/noticias\/wp-content\/uploads\/2018\/07\/Pilar-Barba-Carolina-Espinosa.jpeg 200w\" sizes=\"auto, (max-width: 199px) 100vw, 199px\" \/><\/p>\n<p>&nbsp;<\/p>\n<p><strong>Pilar Barba<\/strong><\/p>\n<p><strong>Pilar Barba<\/strong> tiene 33 a\u00f1os de experiencia profesional. Es Profesora Asociada de la Universidad de Chile. Se desempe\u00f1\u00f3 hasta 2017 como Directora de Servicios e Infraestructura de la Universidad de Chile; fue Directora de Pregrado de la Universidad de Chile en el per\u00edodo 2010-2014; fue Directora de la Escuela de Arquitectura de la Universidad de Chile en el per\u00edodo 2007-2010. Fue Directora de Extensi\u00f3n de la Facultad de Arquitectura y Urbanismo el a\u00f1o 2006.\u00a0 Posee un diplomado en Est\u00e9tica y pensamiento contempor\u00e1neo y una s\u00f3lida formaci\u00f3n en Docencia Universitaria. Es candidata a doctora en el Programa de Patrimonio Arquitect\u00f3nico de la Universidad Polit\u00e9cnica de Madrid.\u00a0 En el \u00e1mbito profesional, ha ejercido principalmente en la direcci\u00f3n y coordinaci\u00f3n de equipos profesionales multidisciplinarios en las \u00e1reas de proyectos de arquitectura y arquitectura del paisaje, proyectos de restauraci\u00f3n, gesti\u00f3n cultural, proyectos educativos y museograf\u00eda. Fue Directora del Museo Interactivo Mirador, teniendo a cargo las Subdirecciones de Proyectos, Operaciones y Educaci\u00f3n.<\/p>\n<p>&nbsp;<\/p>\n<p>3.-<strong> \u201cPremio Ferm\u00edn Vivaceta Rupio\u201d<\/strong>, al arquitecto o arquitecta que se haya destacado por su labor profesional en el \u00e1mbito de la tecnolog\u00eda aplicada a la arquitectura.<\/p>\n<p><img loading=\"lazy\" decoding=\"async\" class=\"aligncenter size-thumbnail wp-image-21328\" src=\"http:\/\/colegioarquitectos.com\/noticias\/wp-content\/uploads\/2018\/07\/VA_2018-Pola-Mora-180x180.jpeg\" alt=\"\" width=\"180\" height=\"180\" \/><\/p>\n<p>&nbsp;<\/p>\n<p><strong>Ver\u00f3nica Arcos<\/strong><\/p>\n<p><strong>Ver\u00f3nica Arcos<\/strong> destaca por una obra marcada por la experimentaci\u00f3n formal y la exploraci\u00f3n de geometr\u00edas complejas mediante una estrategia de dise\u00f1o asociativo. La Casa de Todos (2008) y la Casa Dos Pieles (2017) pertenecen a dos familias de operaciones materiales, donde se integra la tecnolog\u00eda en la manera de pensar el proyecto, m\u00e1s all\u00e1 del uso de herramientas digitales espec\u00edficas. Su metodolog\u00eda de dise\u00f1o, en base a reglas y protocolos que van generando el proyecto de manera sistem\u00e1tica, ha sido compartido con estudiantes de Valpara\u00edso, Talca y Rosario, ciudades en las que ha sido invitada por las c\u00e1tedras vinculadas a materiales y tecnolog\u00eda aplicada al dise\u00f1o.<\/p>\n<p>&nbsp;<\/p>\n<p>4.-<strong> \u201cPremio Alfredo Johnson\u201d<\/strong>, al arquitecto o arquitecta que se haya distinguido por su labor como funcionario p\u00fablico, Fiscal o Municipal.<\/p>\n<p><img loading=\"lazy\" decoding=\"async\" class=\"aligncenter size-thumbnail wp-image-21329\" src=\"http:\/\/colegioarquitectos.com\/noticias\/wp-content\/uploads\/2018\/07\/IMG-20180725-WA0019-180x180.jpg\" alt=\"\" width=\"180\" height=\"180\" \/><\/p>\n<p>&nbsp;<\/p>\n<p><strong>Claudia Silva<\/strong><\/p>\n<p>Arquitecta y mag\u00edster en Urbanismo de la Universidad de Chile. Tiene m\u00e1s de 15 a\u00f1os en gesti\u00f3n de edificaci\u00f3n p\u00fablica, 10 a\u00f1os en cargos directivos, a cargo de equipos multidisciplinarios, en el desarrollo de proyectos y construcci\u00f3n de arquitectura p\u00fablica. Fue Jefa del Departamento de Inversiones de la Ilustre Municipalidad de Santiago, Subdirectora de Arquitectura del Ministerio de Obras P\u00fablicas y Directora Nacional de Arquitectura del Ministerio de Obras P\u00fablicas.\u00a0 Actualmente es asesora de Infraestructura del General Director de Carabineros.<\/p>\n<p><strong>\u00a0<\/strong><\/p>\n<p>5.-<strong> \u201cPremio Manuel Moreno Guerrero\u201d<\/strong>, al arquitecto o arquitecta que se haya destacado en su labor profesional en el \u00e1mbito de la valoraci\u00f3n del patrimonio arquitect\u00f3nico nacional.<\/p>\n<p>&nbsp;<\/p>\n<p><img loading=\"lazy\" decoding=\"async\" class=\"aligncenter size-thumbnail wp-image-21330\" src=\"http:\/\/colegioarquitectos.com\/noticias\/wp-content\/uploads\/2018\/07\/Magdalena-Gutierrez-Layla-Jorquera-180x180.jpg\" alt=\"\" width=\"180\" height=\"180\" \/><\/p>\n<p>&nbsp;<\/p>\n<p><strong>Mar\u00eda Magdalena Guti\u00e9rrez<\/strong><\/p>\n<p>Arquitecta, recibe su t\u00edtulo de la Universidad de Chile en 1976; de larga trayectoria docente y ejercicio libre de la profesi\u00f3n, las que han sido desarrolladas en su mayor\u00eda en la regi\u00f3n de Antofagasta. En el \u00e1mbito de la arquitectura y construcci\u00f3n en tierra cruda, se destacan en especial sus numerosas obras en San Pedro de Atacama (1991-2013). Su experiencia en obras construidas en este material, da paso a su visi\u00f3n frente a la arquitectura, y pone de manifiesto la necesidad de proponer vinculaci\u00f3n de lo vern\u00e1culo con lo contempor\u00e1neo. Desde esta realidad se dedica a investigar, estudiar y utilizar la identidad constructiva de la arquitectura atacame\u00f1a en tierra, lo que podemos visualizar a trav\u00e9s de sus obras. Miembro fundadora de la organizaci\u00f3n \u201cPatrimonio Vivo\u201d (2006) en San Pedro de Atacama.<\/p>\n<p>&nbsp;<\/p>\n<p><img loading=\"lazy\" decoding=\"async\" class=\"aligncenter size-thumbnail wp-image-21332\" src=\"http:\/\/colegioarquitectos.com\/noticias\/wp-content\/uploads\/2018\/07\/FOTOGRAF\u00cdA-OSVALDO-C\u00c1CERES-GONZ\u00c1LEZ-Estudiocero-Arquitectura-y-Patrimonio-180x180.jpg\" alt=\"\" width=\"180\" height=\"180\" \/><\/p>\n<p>&nbsp;<\/p>\n<p><strong>Osvaldo C\u00e1ceres<\/strong><\/p>\n<p>Es un referente en Chile en temas de investigaci\u00f3n, defensa y difusi\u00f3n del patrimonio arquitect\u00f3nico y urbano. Posee una amplia obra, estudios y publicaciones en el \u00e1rea, siendo un colaborador incansable de diversos investigadores a lo largo de todo el pa\u00eds y testigo de los \u00faltimos 65 a\u00f1os de la arquitectura chilena, a la cual ha dedicado su vida para estudiarla y valorarla, estando todav\u00eda activo a sus 91 a\u00f1os.<\/p>\n<p>&nbsp;<\/p>\n<p>6.- <strong>\u201cPremio Juan Parrochia Beguin\u201d<\/strong>, al arquitecto o arquitecta que se haya distinguido por su labor en el campo de la Planificaci\u00f3n, Dise\u00f1o Urbano o Gesti\u00f3n Urbana.<\/p>\n<p><img loading=\"lazy\" decoding=\"async\" class=\"aligncenter size-thumbnail wp-image-21333\" src=\"http:\/\/colegioarquitectos.com\/noticias\/wp-content\/uploads\/2018\/07\/gmv-Pablo-Fuentes-Flores-180x180.jpg\" alt=\"\" width=\"180\" height=\"180\" srcset=\"https:\/\/colegioarquitectos.com\/noticias\/wp-content\/uploads\/2018\/07\/gmv-Pablo-Fuentes-Flores-180x180.jpg 180w, https:\/\/colegioarquitectos.com\/noticias\/wp-content\/uploads\/2018\/07\/gmv-Pablo-Fuentes-Flores-300x300.jpg 300w, https:\/\/colegioarquitectos.com\/noticias\/wp-content\/uploads\/2018\/07\/gmv-Pablo-Fuentes-Flores.jpg 399w\" sizes=\"auto, (max-width: 180px) 100vw, 180px\" \/><\/p>\n<p>&nbsp;<\/p>\n<p><strong>Gustavo Munizaga<\/strong><\/p>\n<p><strong>Gustavo Munizaga<\/strong> ha sido profesor universitario desde 1968 a 1971, como investigador en Programa Asistencia T\u00e9cnica de CIDU, Pontificia Universidad Cat\u00f3lica de Chile, Fundaci\u00f3n Ford. Durante los a\u00f1os 1971 a 1976 fue Coordinador de Taller y Profesor en tercer a quinto semestre, en la Facultad de Arquitectura y Urbanismo de la Universidad de Chile. Entre 1976 1990, fue Profesor de Arquitectura de la Pontificia Universidad Cat\u00f3lica de Chile y fue calificado Profesor Titular de \u00e9sta Universidad en 1980. En 1979 se desempe\u00f1a como Profesor Fulbright en College of Arquitecture and Planning, Ball State University en Taller de quinto a\u00f1o en Indiana, Estados Unidos. En 1990 fue profesor visitante de quinto a\u00f1o de Dise\u00f1o Urbano, Escuela de Arquitectura Universidad de Nottingham, Inglaterra. En 1981 fue Profesor de quinto a\u00f1o en School of Arquitecture, Universidad de Miami. En los a\u00f1os 1991 a 1997, se le adjudic\u00f3 el cargo de Profesor de Taller de Dise\u00f1o Urbano y Urbanismo III, Escuela de Arquitectura de la Pontificia Universidad Cat\u00f3lica de Chile. Y en 1993 fue Profesor invitado en el Mag\u00edster del Desarrollo Urbano en Facultad de Arquitectura de la Universidad de San Juan, Argentina, y Profesor Visitante en Maestr\u00eda de Facultad de Arquitectura, Universidad de C\u00f3rdoba.<\/p>\n<p>&nbsp;<\/p>\n<p>7.- <strong>\u201cPremio Dora Riedel Seinecke\u201d<\/strong>, al arquitecto, arquitecta o equipo que se haya destacado en el a\u00f1o precedente por su labor innovadora, abriendo nuevos caminos en la profesi\u00f3n.<\/p>\n<p><img loading=\"lazy\" decoding=\"async\" class=\"aligncenter size-medium wp-image-21335\" src=\"http:\/\/colegioarquitectos.com\/noticias\/wp-content\/uploads\/2018\/07\/artista_paulina_villalobos-Layla-Jorquera-200x300.jpg\" alt=\"\" width=\"200\" height=\"300\" srcset=\"https:\/\/colegioarquitectos.com\/noticias\/wp-content\/uploads\/2018\/07\/artista_paulina_villalobos-Layla-Jorquera-200x300.jpg 200w, https:\/\/colegioarquitectos.com\/noticias\/wp-content\/uploads\/2018\/07\/artista_paulina_villalobos-Layla-Jorquera-768x1152.jpg 768w, https:\/\/colegioarquitectos.com\/noticias\/wp-content\/uploads\/2018\/07\/artista_paulina_villalobos-Layla-Jorquera-683x1024.jpg 683w, https:\/\/colegioarquitectos.com\/noticias\/wp-content\/uploads\/2018\/07\/artista_paulina_villalobos-Layla-Jorquera.jpg 1280w\" sizes=\"auto, (max-width: 200px) 100vw, 200px\" \/><\/p>\n<p>&nbsp;<\/p>\n<p><strong>Paulina Villalobos<\/strong><\/p>\n<p>Despu\u00e9s de vivir en el Desierto de Atacama, estudia Arquitectura en la Universidad de Chile y comienza su carrera a cargo de dise\u00f1o de proyectos de gran envergadura en Sencorp y de manera independiente dise\u00f1a El Centro Cultural de Quilicura, donde descubre la importancia de la iluminaci\u00f3n arquitect\u00f3nica. Antes de dedicarse solo a la iluminaci\u00f3n viaja a Jap\u00f3n becada por las Naciones Unidas y JICA, para especializarse en Conectividad, en la UNCRD, en Nagoya Jap\u00f3n. Una vez inaugurado el Centro Cultural, se especializa en iluminaci\u00f3n, MA Architectural Lighting Design, Wismar, Alemania. Contin\u00faa estudios de iluminaci\u00f3n en la universidad t\u00e9cnica real en Estocolmo, Light &amp; Design, KTH, Suecia. Despu\u00e9s de realizar pasant\u00edas en Helsinki -Finlandia, Valencia-Espa\u00f1a y Paris- Francia, regresa a Chile el 2005 a fundar DIAV, oficina dedicada a la iluminaci\u00f3n y eficiencia energ\u00e9tica.<\/p>\n<p>Ha dictado cursos especiales de Iluminaci\u00f3n para el Entidades P\u00fablicas gubernamentales e instituciones privadas nacionales e internacionales y varias Universidades en Chile. Participa como profesora invitada para Master de iluminaci\u00f3n en la Universidad T\u00e9cnica Real Sueca, KTH, TAIK en Helsinki, Finlandia. Actualmente participa del Master Eficiencia Energ\u00e9tica Universidad Mayor en Chile y realiza cursos regulares para diplomados de la Universidad de Chile. Directora y creadora de Noche Zero: Iniciativa Global para mejorar la iluminaci\u00f3n de las ciudades. proyecto involucra: dise\u00f1o de iluminaci\u00f3n urbana, consideraciones de la sobre-iluminaci\u00f3n en la salud humana, eficiencia energ\u00e9tica por gasto urbano en iluminaci\u00f3n y protecci\u00f3n de los cielos para patrimonio y ciencia.<\/p>\n<p>&nbsp;<\/p>\n<p>8.-<strong> \u201cPremio Promoci\u00f3n Joven\u201d<\/strong>, al arquitecto o arquitecta colegiada menor de 35 a\u00f1os, cumplidos en el a\u00f1o de la premiaci\u00f3n, cuya labor constituya un ejemplo para los arquitectos de su generaci\u00f3n.<\/p>\n<p><img loading=\"lazy\" decoding=\"async\" class=\"aligncenter size-thumbnail wp-image-21336\" src=\"http:\/\/colegioarquitectos.com\/noticias\/wp-content\/uploads\/2018\/07\/Foto-JPU-javi-salinas-180x180.jpeg\" alt=\"\" width=\"180\" height=\"180\" srcset=\"https:\/\/colegioarquitectos.com\/noticias\/wp-content\/uploads\/2018\/07\/Foto-JPU-javi-salinas-180x180.jpeg 180w, https:\/\/colegioarquitectos.com\/noticias\/wp-content\/uploads\/2018\/07\/Foto-JPU-javi-salinas-300x300.jpeg 300w, https:\/\/colegioarquitectos.com\/noticias\/wp-content\/uploads\/2018\/07\/Foto-JPU-javi-salinas.jpeg 640w\" sizes=\"auto, (max-width: 180px) 100vw, 180px\" \/><\/p>\n<p><strong>Juan Pablo Urrutia<\/strong><\/p>\n<p>Es arquitecto de la Universidad de Chile y Mag\u00edster en Direcci\u00f3n y Administraci\u00f3n de Proyectos Inmobiliarios de la misma universidad. Adem\u00e1s posee un Master en Public Administration de la London School of Economics and Political Science y un Master in Public Affairs del Institut d&#8217;\u00e9tudes politiques de Paris (Sciences Po).<\/p>\n<p>Es Fundador del Grupo Arquitectura Caliente, colectivo con m\u00e1s de 12 a\u00f1os de trayectoria. Co-Fundador del Comit\u00e9 de Arquitectos J\u00f3venes en 2009, y Presidente el 2011 y 2012, fue Co-Curador y parte del equipo responsable de la producci\u00f3n de la XIX Bienal de Arquitectura y Urbanismo en Valpara\u00edso, que cont\u00f3 con m\u00e1s de 30.000 asistentes, adem\u00e1s Director de su Muestra Acad\u00e9mica. En 2015 es elegido Director Nacional del CA y Secretario General hasta 2017. Es Profesor de la FAU U. de Chile a tiempo a completo especializ\u00e1ndose en pol\u00edtica habitacional y urbana, siendo el acad\u00e9mico m\u00e1s joven de la facultad, cuenta con 2 libros de su autor\u00eda y 3 como co-editor. Recientemente fue nombrado Jefe de la Carrera de Arquitectura.<\/p>\n<p>&nbsp;<\/p>\n<p>9.- <strong>\u201cPremio de Honor Colegio de Arquitectos\u201d<\/strong>, se otorga a qui\u00e9n, no siendo arquitecto o arquitecta, se haya distinguido por su labor pr\u00f3xima al ejercicio profesional de los arquitectos.<\/p>\n<p><img loading=\"lazy\" decoding=\"async\" class=\"aligncenter size-thumbnail wp-image-21337\" src=\"http:\/\/colegioarquitectos.com\/noticias\/wp-content\/uploads\/2018\/07\/Jos\u00e9-Luis-Catal\u00e1n-Juan-Fernando-Ya\u00f1ez-Porras-180x180.jpeg\" alt=\"\" width=\"180\" height=\"180\" \/><\/p>\n<p><strong>Jos\u00e9 Luis Catal\u00e1n<\/strong><\/p>\n<p>Maestro Mayor, con notable experiencia y asesor, capacitado para trabajar en temas de rehabilitaci\u00f3n de edificios patrimoniales. Tiene gran conocimiento sobre tipos de maderas y se ha especializado en terminaciones. El conocimiento profundo y ancestral del bosque, la naturaleza, sus ritmos, de las t\u00e9cnicas relacionadas con las maderas y sus propiedades, hasta el comportamiento estructural de cada una de las piezas que conforman una edificaci\u00f3n, son en Chilo\u00e9 esencia del patrimonio inmaterial que representan nuestros carpinteros.\u00a0 La vasta experiencia y gran compromiso con el patrimonio, hacen de Jos\u00e9 Luis Catal\u00e1n, merecedor de este reconocimiento no s\u00f3lo por su labor pr\u00f3xima al ejercicio profesional del arquitecto sino por su aporte a la conservaci\u00f3n del patrimonio local, nacional y mundial.<\/p>\n<p>&nbsp;<\/p>\n<p>10.-<strong> \u201cPremio Eliana Caraball\u201d<\/strong>, a la arquitecta que se haya destacado en cualquiera de los \u00e1mbitos de la arquitectura y que por su trabajo y rol social constituye un ejemplo por lograr un espacio de igualdad en la sociedad y el mundo laboral.<\/p>\n<p><img loading=\"lazy\" decoding=\"async\" class=\"aligncenter size-thumbnail wp-image-21339\" src=\"http:\/\/colegioarquitectos.com\/noticias\/wp-content\/uploads\/2018\/07\/Cazu-zegers-destacada-bio-Layla-Jorquera-180x180.jpg\" alt=\"\" width=\"180\" height=\"180\" srcset=\"https:\/\/colegioarquitectos.com\/noticias\/wp-content\/uploads\/2018\/07\/Cazu-zegers-destacada-bio-Layla-Jorquera-180x180.jpg 180w, https:\/\/colegioarquitectos.com\/noticias\/wp-content\/uploads\/2018\/07\/Cazu-zegers-destacada-bio-Layla-Jorquera-300x300.jpg 300w, https:\/\/colegioarquitectos.com\/noticias\/wp-content\/uploads\/2018\/07\/Cazu-zegers-destacada-bio-Layla-Jorquera.jpg 400w\" sizes=\"auto, (max-width: 180px) 100vw, 180px\" \/><\/p>\n<p>&nbsp;<\/p>\n<p><strong>Caz\u00fa Zegers<\/strong><\/p>\n<p>Desde 1990 a la fecha, se dedica al ejercicio libre de la profesi\u00f3n. Lo que caracteriza en sus proyectos, al estudio Caz\u00fa Zegers, es el tr\u00e1nsito por diferentes escalas; desde el objeto (micro) al territorio (macro) o del territorio al objeto. Ha incursionado en diferentes \u00e1reas del dise\u00f1o arquitect\u00f3nico, desde el dise\u00f1o de objetos: luminarias y muebles hasta planificaci\u00f3n territorial y gesti\u00f3n cultural a trav\u00e9s de la Fundaci\u00f3n El Observatorio Lastarria y en cual desarrolla proyectos de investigaci\u00f3n en varios campos art\u00edsticos. Hoy convertida en la Fundaci\u00f3n +1000 que, entre otras cosas, busca posicionar la ciudad de Santiago como la \u201cCapital Outdoor de Latinoam\u00e9rica.\u201d<\/p>\n<p>Es una destacada conferencista, tanto en el pa\u00eds como en el extranjero. En 1993 obtuvo el Gran Premio Latinoamericano de Arquitectura en la Bienal de Buenos Aires por la casa Cala. En 2013, el Hotel Tierra Patagonia obtuvo el premio Travel + Leisure como mejor Resort y el premio de Wallpaper al mejor hotel de dise\u00f1o del a\u00f1o\u200b. En 2016 fue reconocida por el Premio ArcVision con menci\u00f3n honorable<\/p>\n<p>&nbsp;<\/p>\n<p>11.- <strong>\u201cPremio Arquitectura Regional\u201d<\/strong>, al arquitecto, arquitecta o equipo de arquitectos que vive (n) y se desempe\u00f1a (n) en regiones (fuera la Regi\u00f3n Metropolitana) y que a trav\u00e9s de su trabajo ha hecho importantes contribuciones desde su condici\u00f3n profesional a las ciudades, el territorio y la comunidad.<\/p>\n<p><img loading=\"lazy\" decoding=\"async\" class=\"aligncenter size-medium wp-image-21343\" src=\"http:\/\/colegioarquitectos.com\/noticias\/wp-content\/uploads\/2018\/07\/Sin-t\u00edtulo-300x183.jpg\" alt=\"\" width=\"300\" height=\"183\" srcset=\"https:\/\/colegioarquitectos.com\/noticias\/wp-content\/uploads\/2018\/07\/Sin-t\u00edtulo-300x183.jpg 300w, https:\/\/colegioarquitectos.com\/noticias\/wp-content\/uploads\/2018\/07\/Sin-t\u00edtulo-768x469.jpg 768w, https:\/\/colegioarquitectos.com\/noticias\/wp-content\/uploads\/2018\/07\/Sin-t\u00edtulo.jpg 854w\" sizes=\"auto, (max-width: 300px) 100vw, 300px\" \/><\/p>\n<p><strong>Tania Gebauer y Eugenio Ort\u00fazar<\/strong><\/p>\n<p>Tania Gebauer y Eugenio Ortuzar se han caracterizado y destacado por su aporte a la arquitectura regional en el archipi\u00e9lago de Chilo\u00e9. Su propuesta contempor\u00e1nea da cuenta de una arquitectura pertinente sustentada en la identidad cultural local, lo cual les ha permitido trascender las fronteras locales y posicionarse a nivel nacional en medios digitales e impresos. La visibilizaci\u00f3n y puesta en valor tanto de su obra como del lugar donde esta se emplaza, es tambi\u00e9n motivo de inter\u00e9s internacional y han sido invitados en dos ocasiones a la Bienal de Arquitectura de Venecia.<\/p>\n<p>&nbsp;<\/p>\n<p>12.- \u201c<strong>Premio Joaqu\u00edn Toesca\u201d<\/strong>, al arquitecto o arquitecta vivo que, no habiendo nacido en Chile, haya realizado un aporte significativo a la arquitectura en nuestro pa\u00eds.<\/p>\n<p>&nbsp;<\/p>\n<p><img loading=\"lazy\" decoding=\"async\" class=\"aligncenter size-medium wp-image-21340\" src=\"http:\/\/colegioarquitectos.com\/noticias\/wp-content\/uploads\/2018\/07\/Claudia-garcia-lima-Claudia-Hempel-300x210.jpg\" alt=\"\" width=\"300\" height=\"210\" srcset=\"https:\/\/colegioarquitectos.com\/noticias\/wp-content\/uploads\/2018\/07\/Claudia-garcia-lima-Claudia-Hempel-300x210.jpg 300w, https:\/\/colegioarquitectos.com\/noticias\/wp-content\/uploads\/2018\/07\/Claudia-garcia-lima-Claudia-Hempel.jpg 578w\" sizes=\"auto, (max-width: 300px) 100vw, 300px\" \/><\/p>\n<p><strong>Claudia Garc\u00eda Lima<\/strong><\/p>\n<p>Nacida y titulada arquitecta en Brasil, Claudia Garc\u00eda Lima se radica hace 20 a\u00f1os en Concepci\u00f3n, integr\u00e1ndose al Colegio de Arquitectos donde desarrolla una intensa labor gremial a nivel regional y nacional, siendo Presidenta de la Delegaci\u00f3n por dos periodos consecutivos y gestora principal de la Bienal Chile Sur a\u00f1o 2007. Miembro de la Directiva 2015\/2017, siempre comprometida con el gremio y la ciudad; su trayectoria y desempe\u00f1o \u00e9tico profesional han marcado un ejemplo en el campo del urbanismo, la docencia y la investigaci\u00f3n.<\/p>\n<p><\/p>","protected":false},"excerpt":{"rendered":"<p>Este viernes 3 de agosto a las 21:00 horas en el Club de la Uni\u00f3n\u00a0 (Avenida Libertador Bernardo O\u2019Higgins 1091, Santiago) se realizar\u00e1 la ceremonia de los Premios CA 2018, en el marco de la Cena Anual CA, evento que &hellip; <a class=\"more-link\" href=\"https:\/\/colegioarquitectos.com\/noticias\/?p=21324\">ver m\u00e1s<\/a><\/p>","protected":false},"author":4,"featured_media":21346,"comment_status":"closed","ping_status":"closed","sticky":false,"template":"","format":"standard","meta":{"footnotes":""},"categories":[8],"tags":[],"class_list":["post-21324","post","type-post","status-publish","format-standard","has-post-thumbnail","hentry","category-colegio-de-arquitectos"],"yoast_head":"<!-- This site is optimized with the Yoast SEO plugin v24.2 - https:\/\/yoast.com\/wordpress\/plugins\/seo\/ -->\n<title>Conoce a los ganadores de los Premios CA 2018 - COLEGIO DE ARQUITECTOS DE CHILE<\/title>\n<meta name=\"robots\" content=\"index, follow, max-snippet:-1, max-image-preview:large, max-video-preview:-1\" \/>\n<link rel=\"canonical\" href=\"https:\/\/colegioarquitectos.com\/noticias\/?p=21324\" \/>\n<meta property=\"og:locale\" content=\"es_ES\" \/>\n<meta property=\"og:type\" content=\"article\" \/>\n<meta property=\"og:title\" content=\"Conoce a los ganadores de los Premios CA 2018 - COLEGIO DE ARQUITECTOS DE CHILE\" \/>\n<meta property=\"og:description\" content=\"Este viernes 3 de agosto a las 21:00 horas en el Club de la Uni\u00f3n\u00a0 (Avenida Libertador Bernardo O\u2019Higgins 1091, Santiago) se realizar\u00e1 la ceremonia de los Premios CA 2018, en el marco de la Cena Anual CA, evento que &hellip; ver m\u00e1s\" \/>\n<meta property=\"og:url\" content=\"https:\/\/colegioarquitectos.com\/noticias\/?p=21324\" \/>\n<meta property=\"og:site_name\" content=\"COLEGIO DE ARQUITECTOS DE CHILE\" \/>\n<meta property=\"article:publisher\" content=\"https:\/\/facebook.com\/Colegioarq\/\" \/>\n<meta property=\"article:published_time\" content=\"2018-07-30T16:33:57+00:00\" \/>\n<meta property=\"article:modified_time\" content=\"2018-07-30T19:00:26+00:00\" \/>\n<meta property=\"og:image\" content=\"https:\/\/colegioarquitectos.com\/noticias\/wp-content\/uploads\/2018\/07\/DESTACADO-WEB-CA-GANADORES.jpg\" \/>\n\t<meta property=\"og:image:width\" content=\"690\" \/>\n\t<meta property=\"og:image:height\" content=\"350\" \/>\n\t<meta property=\"og:image:type\" content=\"image\/jpeg\" \/>\n<meta name=\"author\" content=\"Colegio de Arquitectos de Chile\" \/>\n<meta name=\"twitter:card\" content=\"summary_large_image\" \/>\n<meta name=\"twitter:creator\" content=\"@colegioarq\" \/>\n<meta name=\"twitter:site\" content=\"@colegioarq\" \/>\n<meta name=\"twitter:label1\" content=\"Escrito por\" \/>\n\t<meta name=\"twitter:data1\" content=\"Colegio de Arquitectos de Chile\" \/>\n\t<meta name=\"twitter:label2\" content=\"Tiempo de lectura\" \/>\n\t<meta name=\"twitter:data2\" content=\"12 minutos\" \/>\n<script type=\"application\/ld+json\" class=\"yoast-schema-graph\">{\"@context\":\"https:\/\/schema.org\",\"@graph\":[{\"@type\":\"Article\",\"@id\":\"https:\/\/colegioarquitectos.com\/noticias\/?p=21324#article\",\"isPartOf\":{\"@id\":\"https:\/\/colegioarquitectos.com\/noticias\/?p=21324\"},\"author\":{\"name\":\"Colegio de Arquitectos de Chile\",\"@id\":\"https:\/\/colegioarquitectos.com\/noticias\/#\/schema\/person\/685cc0aad148303c5608f049af8285ad\"},\"headline\":\"Conoce a los ganadores de los Premios CA 2018\",\"datePublished\":\"2018-07-30T16:33:57+00:00\",\"dateModified\":\"2018-07-30T19:00:26+00:00\",\"mainEntityOfPage\":{\"@id\":\"https:\/\/colegioarquitectos.com\/noticias\/?p=21324\"},\"wordCount\":2473,\"publisher\":{\"@id\":\"https:\/\/colegioarquitectos.com\/noticias\/#organization\"},\"image\":{\"@id\":\"https:\/\/colegioarquitectos.com\/noticias\/?p=21324#primaryimage\"},\"thumbnailUrl\":\"https:\/\/colegioarquitectos.com\/noticias\/wp-content\/uploads\/2018\/07\/DESTACADO-WEB-CA-GANADORES.jpg\",\"articleSection\":[\"Colegio\"],\"inLanguage\":\"es\"},{\"@type\":\"WebPage\",\"@id\":\"https:\/\/colegioarquitectos.com\/noticias\/?p=21324\",\"url\":\"https:\/\/colegioarquitectos.com\/noticias\/?p=21324\",\"name\":\"Conoce a los ganadores de los Premios CA 2018 - COLEGIO DE ARQUITECTOS DE CHILE\",\"isPartOf\":{\"@id\":\"https:\/\/colegioarquitectos.com\/noticias\/#website\"},\"primaryImageOfPage\":{\"@id\":\"https:\/\/colegioarquitectos.com\/noticias\/?p=21324#primaryimage\"},\"image\":{\"@id\":\"https:\/\/colegioarquitectos.com\/noticias\/?p=21324#primaryimage\"},\"thumbnailUrl\":\"https:\/\/colegioarquitectos.com\/noticias\/wp-content\/uploads\/2018\/07\/DESTACADO-WEB-CA-GANADORES.jpg\",\"datePublished\":\"2018-07-30T16:33:57+00:00\",\"dateModified\":\"2018-07-30T19:00:26+00:00\",\"breadcrumb\":{\"@id\":\"https:\/\/colegioarquitectos.com\/noticias\/?p=21324#breadcrumb\"},\"inLanguage\":\"es\",\"potentialAction\":[{\"@type\":\"ReadAction\",\"target\":[\"https:\/\/colegioarquitectos.com\/noticias\/?p=21324\"]}]},{\"@type\":\"ImageObject\",\"inLanguage\":\"es\",\"@id\":\"https:\/\/colegioarquitectos.com\/noticias\/?p=21324#primaryimage\",\"url\":\"https:\/\/colegioarquitectos.com\/noticias\/wp-content\/uploads\/2018\/07\/DESTACADO-WEB-CA-GANADORES.jpg\",\"contentUrl\":\"https:\/\/colegioarquitectos.com\/noticias\/wp-content\/uploads\/2018\/07\/DESTACADO-WEB-CA-GANADORES.jpg\",\"width\":690,\"height\":350},{\"@type\":\"BreadcrumbList\",\"@id\":\"https:\/\/colegioarquitectos.com\/noticias\/?p=21324#breadcrumb\",\"itemListElement\":[{\"@type\":\"ListItem\",\"position\":1,\"name\":\"Portada\",\"item\":\"https:\/\/colegioarquitectos.com\/noticias\"},{\"@type\":\"ListItem\",\"position\":2,\"name\":\"Conoce a los ganadores de los Premios CA 2018\"}]},{\"@type\":\"WebSite\",\"@id\":\"https:\/\/colegioarquitectos.com\/noticias\/#website\",\"url\":\"https:\/\/colegioarquitectos.com\/noticias\/\",\"name\":\"COLEGIO DE ARQUITECTOS DE CHILE\",\"description\":\"\",\"publisher\":{\"@id\":\"https:\/\/colegioarquitectos.com\/noticias\/#organization\"},\"potentialAction\":[{\"@type\":\"SearchAction\",\"target\":{\"@type\":\"EntryPoint\",\"urlTemplate\":\"https:\/\/colegioarquitectos.com\/noticias\/?s={search_term_string}\"},\"query-input\":{\"@type\":\"PropertyValueSpecification\",\"valueRequired\":true,\"valueName\":\"search_term_string\"}}],\"inLanguage\":\"es\"},{\"@type\":\"Organization\",\"@id\":\"https:\/\/colegioarquitectos.com\/noticias\/#organization\",\"name\":\"COLEGIO DE ARQUITECTOS DE CHILE\",\"url\":\"https:\/\/colegioarquitectos.com\/noticias\/\",\"logo\":{\"@type\":\"ImageObject\",\"inLanguage\":\"es\",\"@id\":\"https:\/\/colegioarquitectos.com\/noticias\/#\/schema\/logo\/image\/\",\"url\":\"https:\/\/colegioarquitectos.com\/noticias\/wp-content\/uploads\/2021\/05\/ENCABEZADO-LOGO-CA.jpg\",\"contentUrl\":\"https:\/\/colegioarquitectos.com\/noticias\/wp-content\/uploads\/2021\/05\/ENCABEZADO-LOGO-CA.jpg\",\"width\":690,\"height\":350,\"caption\":\"COLEGIO DE ARQUITECTOS DE CHILE\"},\"image\":{\"@id\":\"https:\/\/colegioarquitectos.com\/noticias\/#\/schema\/logo\/image\/\"},\"sameAs\":[\"https:\/\/facebook.com\/Colegioarq\/\",\"https:\/\/x.com\/colegioarq\",\"https:\/\/instagram.com\/colegioarq\",\"https:\/\/youtube.com\/@ColegiodeArquitectosdeChile\"]},{\"@type\":\"Person\",\"@id\":\"https:\/\/colegioarquitectos.com\/noticias\/#\/schema\/person\/685cc0aad148303c5608f049af8285ad\",\"name\":\"Colegio de Arquitectos de Chile\",\"url\":\"https:\/\/colegioarquitectos.com\/noticias\/?author=4\"}]}<\/script>\n<!-- \/ Yoast SEO plugin. -->","yoast_head_json":{"title":"Conoce a los ganadores de los Premios CA 2018 - COLEGIO DE ARQUITECTOS DE CHILE","robots":{"index":"index","follow":"follow","max-snippet":"max-snippet:-1","max-image-preview":"max-image-preview:large","max-video-preview":"max-video-preview:-1"},"canonical":"https:\/\/colegioarquitectos.com\/noticias\/?p=21324","og_locale":"es_ES","og_type":"article","og_title":"Conoce a los ganadores de los Premios CA 2018 - COLEGIO DE ARQUITECTOS DE CHILE","og_description":"Este viernes 3 de agosto a las 21:00 horas en el Club de la Uni\u00f3n\u00a0 (Avenida Libertador Bernardo O\u2019Higgins 1091, Santiago) se realizar\u00e1 la ceremonia de los Premios CA 2018, en el marco de la Cena Anual CA, evento que &hellip; ver m\u00e1s","og_url":"https:\/\/colegioarquitectos.com\/noticias\/?p=21324","og_site_name":"COLEGIO DE ARQUITECTOS DE CHILE","article_publisher":"https:\/\/facebook.com\/Colegioarq\/","article_published_time":"2018-07-30T16:33:57+00:00","article_modified_time":"2018-07-30T19:00:26+00:00","og_image":[{"width":690,"height":350,"url":"https:\/\/colegioarquitectos.com\/noticias\/wp-content\/uploads\/2018\/07\/DESTACADO-WEB-CA-GANADORES.jpg","type":"image\/jpeg"}],"author":"Colegio de Arquitectos de Chile","twitter_card":"summary_large_image","twitter_creator":"@colegioarq","twitter_site":"@colegioarq","twitter_misc":{"Escrito por":"Colegio de Arquitectos de Chile","Tiempo de lectura":"12 minutos"},"schema":{"@context":"https:\/\/schema.org","@graph":[{"@type":"Article","@id":"https:\/\/colegioarquitectos.com\/noticias\/?p=21324#article","isPartOf":{"@id":"https:\/\/colegioarquitectos.com\/noticias\/?p=21324"},"author":{"name":"Colegio de Arquitectos de Chile","@id":"https:\/\/colegioarquitectos.com\/noticias\/#\/schema\/person\/685cc0aad148303c5608f049af8285ad"},"headline":"Conoce a los ganadores de los Premios CA 2018","datePublished":"2018-07-30T16:33:57+00:00","dateModified":"2018-07-30T19:00:26+00:00","mainEntityOfPage":{"@id":"https:\/\/colegioarquitectos.com\/noticias\/?p=21324"},"wordCount":2473,"publisher":{"@id":"https:\/\/colegioarquitectos.com\/noticias\/#organization"},"image":{"@id":"https:\/\/colegioarquitectos.com\/noticias\/?p=21324#primaryimage"},"thumbnailUrl":"https:\/\/colegioarquitectos.com\/noticias\/wp-content\/uploads\/2018\/07\/DESTACADO-WEB-CA-GANADORES.jpg","articleSection":["Colegio"],"inLanguage":"es"},{"@type":"WebPage","@id":"https:\/\/colegioarquitectos.com\/noticias\/?p=21324","url":"https:\/\/colegioarquitectos.com\/noticias\/?p=21324","name":"Conoce a los ganadores de los Premios CA 2018 - COLEGIO DE ARQUITECTOS DE CHILE","isPartOf":{"@id":"https:\/\/colegioarquitectos.com\/noticias\/#website"},"primaryImageOfPage":{"@id":"https:\/\/colegioarquitectos.com\/noticias\/?p=21324#primaryimage"},"image":{"@id":"https:\/\/colegioarquitectos.com\/noticias\/?p=21324#primaryimage"},"thumbnailUrl":"https:\/\/colegioarquitectos.com\/noticias\/wp-content\/uploads\/2018\/07\/DESTACADO-WEB-CA-GANADORES.jpg","datePublished":"2018-07-30T16:33:57+00:00","dateModified":"2018-07-30T19:00:26+00:00","breadcrumb":{"@id":"https:\/\/colegioarquitectos.com\/noticias\/?p=21324#breadcrumb"},"inLanguage":"es","potentialAction":[{"@type":"ReadAction","target":["https:\/\/colegioarquitectos.com\/noticias\/?p=21324"]}]},{"@type":"ImageObject","inLanguage":"es","@id":"https:\/\/colegioarquitectos.com\/noticias\/?p=21324#primaryimage","url":"https:\/\/colegioarquitectos.com\/noticias\/wp-content\/uploads\/2018\/07\/DESTACADO-WEB-CA-GANADORES.jpg","contentUrl":"https:\/\/colegioarquitectos.com\/noticias\/wp-content\/uploads\/2018\/07\/DESTACADO-WEB-CA-GANADORES.jpg","width":690,"height":350},{"@type":"BreadcrumbList","@id":"https:\/\/colegioarquitectos.com\/noticias\/?p=21324#breadcrumb","itemListElement":[{"@type":"ListItem","position":1,"name":"Portada","item":"https:\/\/colegioarquitectos.com\/noticias"},{"@type":"ListItem","position":2,"name":"Conoce a los ganadores de los Premios CA 2018"}]},{"@type":"WebSite","@id":"https:\/\/colegioarquitectos.com\/noticias\/#website","url":"https:\/\/colegioarquitectos.com\/noticias\/","name":"COLEGIO DE ARQUITECTOS DE CHILE","description":"","publisher":{"@id":"https:\/\/colegioarquitectos.com\/noticias\/#organization"},"potentialAction":[{"@type":"SearchAction","target":{"@type":"EntryPoint","urlTemplate":"https:\/\/colegioarquitectos.com\/noticias\/?s={search_term_string}"},"query-input":{"@type":"PropertyValueSpecification","valueRequired":true,"valueName":"search_term_string"}}],"inLanguage":"es"},{"@type":"Organization","@id":"https:\/\/colegioarquitectos.com\/noticias\/#organization","name":"COLEGIO DE ARQUITECTOS DE CHILE","url":"https:\/\/colegioarquitectos.com\/noticias\/","logo":{"@type":"ImageObject","inLanguage":"es","@id":"https:\/\/colegioarquitectos.com\/noticias\/#\/schema\/logo\/image\/","url":"https:\/\/colegioarquitectos.com\/noticias\/wp-content\/uploads\/2021\/05\/ENCABEZADO-LOGO-CA.jpg","contentUrl":"https:\/\/colegioarquitectos.com\/noticias\/wp-content\/uploads\/2021\/05\/ENCABEZADO-LOGO-CA.jpg","width":690,"height":350,"caption":"COLEGIO DE ARQUITECTOS DE CHILE"},"image":{"@id":"https:\/\/colegioarquitectos.com\/noticias\/#\/schema\/logo\/image\/"},"sameAs":["https:\/\/facebook.com\/Colegioarq\/","https:\/\/x.com\/colegioarq","https:\/\/instagram.com\/colegioarq","https:\/\/youtube.com\/@ColegiodeArquitectosdeChile"]},{"@type":"Person","@id":"https:\/\/colegioarquitectos.com\/noticias\/#\/schema\/person\/685cc0aad148303c5608f049af8285ad","name":"Colegio de Arquitectos de Chile","url":"https:\/\/colegioarquitectos.com\/noticias\/?author=4"}]}},"_links":{"self":[{"href":"https:\/\/colegioarquitectos.com\/noticias\/index.php?rest_route=\/wp\/v2\/posts\/21324","targetHints":{"allow":["GET"]}}],"collection":[{"href":"https:\/\/colegioarquitectos.com\/noticias\/index.php?rest_route=\/wp\/v2\/posts"}],"about":[{"href":"https:\/\/colegioarquitectos.com\/noticias\/index.php?rest_route=\/wp\/v2\/types\/post"}],"author":[{"embeddable":true,"href":"https:\/\/colegioarquitectos.com\/noticias\/index.php?rest_route=\/wp\/v2\/users\/4"}],"replies":[{"embeddable":true,"href":"https:\/\/colegioarquitectos.com\/noticias\/index.php?rest_route=%2Fwp%2Fv2%2Fcomments&post=21324"}],"version-history":[{"count":0,"href":"https:\/\/colegioarquitectos.com\/noticias\/index.php?rest_route=\/wp\/v2\/posts\/21324\/revisions"}],"wp:featuredmedia":[{"embeddable":true,"href":"https:\/\/colegioarquitectos.com\/noticias\/index.php?rest_route=\/wp\/v2\/media\/21346"}],"wp:attachment":[{"href":"https:\/\/colegioarquitectos.com\/noticias\/index.php?rest_route=%2Fwp%2Fv2%2Fmedia&parent=21324"}],"wp:term":[{"taxonomy":"category","embeddable":true,"href":"https:\/\/colegioarquitectos.com\/noticias\/index.php?rest_route=%2Fwp%2Fv2%2Fcategories&post=21324"},{"taxonomy":"post_tag","embeddable":true,"href":"https:\/\/colegioarquitectos.com\/noticias\/index.php?rest_route=%2Fwp%2Fv2%2Ftags&post=21324"}],"curies":[{"name":"wp","href":"https:\/\/api.w.org\/{rel}","templated":true}]}}