
{"id":21503,"date":"2018-08-10T14:32:45","date_gmt":"2018-08-10T14:32:45","guid":{"rendered":"http:\/\/colegioarquitectos.com\/?p=21503"},"modified":"2018-08-13T18:00:35","modified_gmt":"2018-08-13T18:00:35","slug":"jose-luis-catalan-restaurar-es-mantener-viva-la-historia","status":"publish","type":"post","link":"https:\/\/colegioarquitectos.com\/noticias\/?p=21503","title":{"rendered":"Jos\u00e9 Luis Catal\u00e1n: \u201cRestaurar es mantener viva la historia\u201d"},"content":{"rendered":"<p><strong><a href=\"http:\/\/www.adondevaschiloe.cl\/\">Ad\u00f3nde vas Chilo\u00e9<\/a><\/strong>, un espacio de la <strong>Delegaci\u00f3n Chilo\u00e9<\/strong> del Colegio de Arquitectos de Chile, acaba de publicar una interesante entrevista a <strong>Jos\u00e9 Luis Catal\u00e1n<\/strong>, <strong>Premio de Honor del Colegio de Arquitectos de Chile<\/strong> en el marco de los <strong>Premios CA 2018<\/strong>. A continuaci\u00f3n, puedes leer la entrevista completa:<\/p>\n<p>&nbsp;<\/p>\n<h2>Jos\u00e9 Luis Catal\u00e1n: \u201cRestaurar es mantener viva la historia\u201d<\/h2>\n<h5>Por Valentina Rojas<\/h5>\n<p>Jos\u00e9 Luis Catal\u00e1n, Premio de Honor 2018 del Colegio de Arquitectos de Chile, es carpintero de toda la vida. Reconocido entre sus pares como Maestro Mayor, ha desarrollado una notable experiencia en temas de rehabilitaci\u00f3n de edificios patrimoniales. Vive en Chilo\u00e9 desde los 18 a\u00f1os, cuando lleg\u00f3 a trabajar a la Fundaci\u00f3n Amigos de las Iglesias de Chilo\u00e9. En este espacio se convirti\u00f3 en uno de los actores clave en la conservaci\u00f3n y restauraci\u00f3n de la llamada Escuela Chilota de Arquitectura Religiosa en Madera, a cargo de la ejecuci\u00f3n y log\u00edstica en diversos proyectos de restauraci\u00f3n en el Sitio Patrimonio Mundial de las Iglesias de Chilo\u00e9. Desde esta experiencia, hoy lidera la Asociaci\u00f3n de Carpinteros de Iglesias e Inmuebles Patrimoniales de Chilo\u00e9, agrupaci\u00f3n que est\u00e1 jugando un rol fundamental en el desarrollo de la carpinter\u00eda insular como una de las expresiones m\u00e1s relevantes del Patrimonio Material e Inmaterial del Archipi\u00e9lago.<\/p>\n<p>La madera forma parte de su vida. Desde peque\u00f1o, estuvo rodeado de ella, materia prima para las creaciones que fabricaba su abuelo Fidel y que \u00e9l fue observando y aprendiendo. Una infancia feliz en el campo, tal como recuerda, con herramientas fabricadas por su abuelo en madera para el trabajo de la tierra, arados, aporcadores, rastras, y otros elementos elaborados con sus manos, as\u00ed como barriles, artesas, carretas, bolteadoras, hasta guitarras. \u201cSiempre admir\u00e9 a mi abuelo por su trabajo, y creo que de \u00e9l surge mi cari\u00f1o por la carpinter\u00eda. El parti\u00f3 hace 18 a\u00f1os y lamento no poder haber podido decirle todo esto en vida\u201d, reflexiona.<\/p>\n<p>A medida que fue creciendo la carpinter\u00eda lo fue encantando, consolidando su oficio con el ingreso a la Fundaci\u00f3n Amigos de las Iglesias de Chilo\u00e9. Esta fue su gran escuela, visitando comunidades y colaborando con la restauraci\u00f3n de templos e inmuebles, maravill\u00e1ndose con su valor patrimonial.<\/p>\n<p>\u201cPara m\u00ed la conservaci\u00f3n y la restauraci\u00f3n de construcciones patrimoniales es mantener viva la historia. Es una linda labor, ya que a medida que vas trabajando imaginas c\u00f3mo fueron los or\u00edgenes de la construcci\u00f3n del inmueble, las t\u00e9cnicas ocupadas, los tipos de ensambles, molduras, revestimientos y lo hermoso de sus estructuras. Es darte cuenta que ah\u00ed est\u00e1 el ingenio de estos grandes maestros, que construyeron sin la tecnolog\u00eda de hoy, con herramientas sencillas en un trabajo en minga\u201d, indica.<\/p>\n<p>&nbsp;<\/p>\n<p><strong>Valorizaci\u00f3n<\/strong><\/p>\n<p>El Premio de Honor otorgado por el Colegio de Arquitectos de Chile a Jos\u00e9 Luis Catal\u00e1n, es un reconocimiento que se entrega a quien no siendo arquitecto, se ha distinguido por su labor pr\u00f3xima al ejercicio profesional de los arquitectos y que, en esta ocasi\u00f3n, resalta a todos los carpinteros que forman parte de la Asociaci\u00f3n de Carpinteros de Iglesias e Inmuebles Patrimoniales de Chilo\u00e9, organizaci\u00f3n que preside y a quienes ejercen esta labor en el Archipi\u00e9lago.<\/p>\n<p>\u201cPara nosotros es muy importante el gesto del Colegio de Arquitectos\u00a0 de Chile y Delegaci\u00f3n Chilo\u00e9, de destacarnos a nivel nacional, poner en valor el oficio de la carpinter\u00eda, reconociendo que tambi\u00e9n es parte de la ra\u00edz de la arquitectura. Es un gran paso porque fortalece nuestro trabajo y nos demuestra que vamos por el camino correcto, siendo muy importante el complementar el trabajo de arquitectos y carpinteros, ya que ambos son parte de este patrimonio\u201d, sostiene.<\/p>\n<p>&nbsp;<\/p>\n<p>Fuente:<strong> <a href=\"http:\/\/www.adondevaschiloe.cl\/restaurar-es-mantener-viva-la-historia\/\">Ad\u00f3nde vas Chilo\u00e9<\/a><\/strong><\/p>\n<p><\/p>","protected":false},"excerpt":{"rendered":"<p>Ad\u00f3nde vas Chilo\u00e9, un espacio de la Delegaci\u00f3n Chilo\u00e9 del Colegio de Arquitectos de Chile, acaba de publicar una interesante entrevista a Jos\u00e9 Luis Catal\u00e1n, Premio de Honor del Colegio de Arquitectos de Chile en el marco de los Premios &hellip; <a class=\"more-link\" href=\"https:\/\/colegioarquitectos.com\/noticias\/?p=21503\">ver m\u00e1s<\/a><\/p>","protected":false},"author":4,"featured_media":21505,"comment_status":"closed","ping_status":"closed","sticky":false,"template":"","format":"standard","meta":{"footnotes":""},"categories":[10],"tags":[],"class_list":["post-21503","post","type-post","status-publish","format-standard","has-post-thumbnail","hentry","category-delegaciones-zonales"],"yoast_head":"<!-- This site is optimized with the Yoast SEO plugin v24.2 - https:\/\/yoast.com\/wordpress\/plugins\/seo\/ -->\n<title>Jos\u00e9 Luis Catal\u00e1n: \u201cRestaurar es mantener viva la historia\u201d - COLEGIO DE ARQUITECTOS DE CHILE<\/title>\n<meta name=\"robots\" content=\"index, follow, max-snippet:-1, max-image-preview:large, max-video-preview:-1\" \/>\n<link rel=\"canonical\" href=\"https:\/\/colegioarquitectos.com\/noticias\/?p=21503\" \/>\n<meta property=\"og:locale\" content=\"es_ES\" \/>\n<meta property=\"og:type\" content=\"article\" \/>\n<meta property=\"og:title\" content=\"Jos\u00e9 Luis Catal\u00e1n: \u201cRestaurar es mantener viva la historia\u201d - COLEGIO DE ARQUITECTOS DE CHILE\" \/>\n<meta property=\"og:description\" content=\"Ad\u00f3nde vas Chilo\u00e9, un espacio de la Delegaci\u00f3n Chilo\u00e9 del Colegio de Arquitectos de Chile, acaba de publicar una interesante entrevista a Jos\u00e9 Luis Catal\u00e1n, Premio de Honor del Colegio de Arquitectos de Chile en el marco de los Premios &hellip; ver m\u00e1s\" \/>\n<meta property=\"og:url\" content=\"https:\/\/colegioarquitectos.com\/noticias\/?p=21503\" \/>\n<meta property=\"og:site_name\" content=\"COLEGIO DE ARQUITECTOS DE CHILE\" \/>\n<meta property=\"article:publisher\" content=\"https:\/\/facebook.com\/Colegioarq\/\" \/>\n<meta property=\"article:published_time\" content=\"2018-08-10T14:32:45+00:00\" \/>\n<meta property=\"article:modified_time\" content=\"2018-08-13T18:00:35+00:00\" \/>\n<meta property=\"og:image\" content=\"https:\/\/colegioarquitectos.com\/noticias\/wp-content\/uploads\/2018\/08\/WhatsApp-Image-2018-08-04-at-00.23.03.jpeg\" \/>\n\t<meta property=\"og:image:width\" content=\"690\" \/>\n\t<meta property=\"og:image:height\" content=\"350\" \/>\n\t<meta property=\"og:image:type\" content=\"image\/jpeg\" \/>\n<meta name=\"author\" content=\"Colegio de Arquitectos de Chile\" \/>\n<meta name=\"twitter:card\" content=\"summary_large_image\" \/>\n<meta name=\"twitter:creator\" content=\"@colegioarq\" \/>\n<meta name=\"twitter:site\" content=\"@colegioarq\" \/>\n<meta name=\"twitter:label1\" content=\"Escrito por\" \/>\n\t<meta name=\"twitter:data1\" content=\"Colegio de Arquitectos de Chile\" \/>\n\t<meta name=\"twitter:label2\" content=\"Tiempo de lectura\" \/>\n\t<meta name=\"twitter:data2\" content=\"3 minutos\" \/>\n<script type=\"application\/ld+json\" class=\"yoast-schema-graph\">{\"@context\":\"https:\/\/schema.org\",\"@graph\":[{\"@type\":\"Article\",\"@id\":\"https:\/\/colegioarquitectos.com\/noticias\/?p=21503#article\",\"isPartOf\":{\"@id\":\"https:\/\/colegioarquitectos.com\/noticias\/?p=21503\"},\"author\":{\"name\":\"Colegio de Arquitectos de Chile\",\"@id\":\"https:\/\/colegioarquitectos.com\/noticias\/#\/schema\/person\/685cc0aad148303c5608f049af8285ad\"},\"headline\":\"Jos\u00e9 Luis Catal\u00e1n: \u201cRestaurar es mantener viva la historia\u201d\",\"datePublished\":\"2018-08-10T14:32:45+00:00\",\"dateModified\":\"2018-08-13T18:00:35+00:00\",\"mainEntityOfPage\":{\"@id\":\"https:\/\/colegioarquitectos.com\/noticias\/?p=21503\"},\"wordCount\":657,\"publisher\":{\"@id\":\"https:\/\/colegioarquitectos.com\/noticias\/#organization\"},\"image\":{\"@id\":\"https:\/\/colegioarquitectos.com\/noticias\/?p=21503#primaryimage\"},\"thumbnailUrl\":\"https:\/\/colegioarquitectos.com\/noticias\/wp-content\/uploads\/2018\/08\/WhatsApp-Image-2018-08-04-at-00.23.03.jpeg\",\"articleSection\":[\"Delegaciones\"],\"inLanguage\":\"es\"},{\"@type\":\"WebPage\",\"@id\":\"https:\/\/colegioarquitectos.com\/noticias\/?p=21503\",\"url\":\"https:\/\/colegioarquitectos.com\/noticias\/?p=21503\",\"name\":\"Jos\u00e9 Luis Catal\u00e1n: \u201cRestaurar es mantener viva la historia\u201d - COLEGIO DE ARQUITECTOS DE CHILE\",\"isPartOf\":{\"@id\":\"https:\/\/colegioarquitectos.com\/noticias\/#website\"},\"primaryImageOfPage\":{\"@id\":\"https:\/\/colegioarquitectos.com\/noticias\/?p=21503#primaryimage\"},\"image\":{\"@id\":\"https:\/\/colegioarquitectos.com\/noticias\/?p=21503#primaryimage\"},\"thumbnailUrl\":\"https:\/\/colegioarquitectos.com\/noticias\/wp-content\/uploads\/2018\/08\/WhatsApp-Image-2018-08-04-at-00.23.03.jpeg\",\"datePublished\":\"2018-08-10T14:32:45+00:00\",\"dateModified\":\"2018-08-13T18:00:35+00:00\",\"breadcrumb\":{\"@id\":\"https:\/\/colegioarquitectos.com\/noticias\/?p=21503#breadcrumb\"},\"inLanguage\":\"es\",\"potentialAction\":[{\"@type\":\"ReadAction\",\"target\":[\"https:\/\/colegioarquitectos.com\/noticias\/?p=21503\"]}]},{\"@type\":\"ImageObject\",\"inLanguage\":\"es\",\"@id\":\"https:\/\/colegioarquitectos.com\/noticias\/?p=21503#primaryimage\",\"url\":\"https:\/\/colegioarquitectos.com\/noticias\/wp-content\/uploads\/2018\/08\/WhatsApp-Image-2018-08-04-at-00.23.03.jpeg\",\"contentUrl\":\"https:\/\/colegioarquitectos.com\/noticias\/wp-content\/uploads\/2018\/08\/WhatsApp-Image-2018-08-04-at-00.23.03.jpeg\",\"width\":690,\"height\":350},{\"@type\":\"BreadcrumbList\",\"@id\":\"https:\/\/colegioarquitectos.com\/noticias\/?p=21503#breadcrumb\",\"itemListElement\":[{\"@type\":\"ListItem\",\"position\":1,\"name\":\"Portada\",\"item\":\"https:\/\/colegioarquitectos.com\/noticias\"},{\"@type\":\"ListItem\",\"position\":2,\"name\":\"Jos\u00e9 Luis Catal\u00e1n: \u201cRestaurar es mantener viva la historia\u201d\"}]},{\"@type\":\"WebSite\",\"@id\":\"https:\/\/colegioarquitectos.com\/noticias\/#website\",\"url\":\"https:\/\/colegioarquitectos.com\/noticias\/\",\"name\":\"COLEGIO DE ARQUITECTOS DE CHILE\",\"description\":\"\",\"publisher\":{\"@id\":\"https:\/\/colegioarquitectos.com\/noticias\/#organization\"},\"potentialAction\":[{\"@type\":\"SearchAction\",\"target\":{\"@type\":\"EntryPoint\",\"urlTemplate\":\"https:\/\/colegioarquitectos.com\/noticias\/?s={search_term_string}\"},\"query-input\":{\"@type\":\"PropertyValueSpecification\",\"valueRequired\":true,\"valueName\":\"search_term_string\"}}],\"inLanguage\":\"es\"},{\"@type\":\"Organization\",\"@id\":\"https:\/\/colegioarquitectos.com\/noticias\/#organization\",\"name\":\"COLEGIO DE ARQUITECTOS DE CHILE\",\"url\":\"https:\/\/colegioarquitectos.com\/noticias\/\",\"logo\":{\"@type\":\"ImageObject\",\"inLanguage\":\"es\",\"@id\":\"https:\/\/colegioarquitectos.com\/noticias\/#\/schema\/logo\/image\/\",\"url\":\"https:\/\/colegioarquitectos.com\/noticias\/wp-content\/uploads\/2021\/05\/ENCABEZADO-LOGO-CA.jpg\",\"contentUrl\":\"https:\/\/colegioarquitectos.com\/noticias\/wp-content\/uploads\/2021\/05\/ENCABEZADO-LOGO-CA.jpg\",\"width\":690,\"height\":350,\"caption\":\"COLEGIO DE ARQUITECTOS DE CHILE\"},\"image\":{\"@id\":\"https:\/\/colegioarquitectos.com\/noticias\/#\/schema\/logo\/image\/\"},\"sameAs\":[\"https:\/\/facebook.com\/Colegioarq\/\",\"https:\/\/x.com\/colegioarq\",\"https:\/\/instagram.com\/colegioarq\",\"https:\/\/youtube.com\/@ColegiodeArquitectosdeChile\"]},{\"@type\":\"Person\",\"@id\":\"https:\/\/colegioarquitectos.com\/noticias\/#\/schema\/person\/685cc0aad148303c5608f049af8285ad\",\"name\":\"Colegio de Arquitectos de Chile\",\"url\":\"https:\/\/colegioarquitectos.com\/noticias\/?author=4\"}]}<\/script>\n<!-- \/ Yoast SEO plugin. -->","yoast_head_json":{"title":"Jos\u00e9 Luis Catal\u00e1n: \u201cRestaurar es mantener viva la historia\u201d - COLEGIO DE ARQUITECTOS DE CHILE","robots":{"index":"index","follow":"follow","max-snippet":"max-snippet:-1","max-image-preview":"max-image-preview:large","max-video-preview":"max-video-preview:-1"},"canonical":"https:\/\/colegioarquitectos.com\/noticias\/?p=21503","og_locale":"es_ES","og_type":"article","og_title":"Jos\u00e9 Luis Catal\u00e1n: \u201cRestaurar es mantener viva la historia\u201d - COLEGIO DE ARQUITECTOS DE CHILE","og_description":"Ad\u00f3nde vas Chilo\u00e9, un espacio de la Delegaci\u00f3n Chilo\u00e9 del Colegio de Arquitectos de Chile, acaba de publicar una interesante entrevista a Jos\u00e9 Luis Catal\u00e1n, Premio de Honor del Colegio de Arquitectos de Chile en el marco de los Premios &hellip; ver m\u00e1s","og_url":"https:\/\/colegioarquitectos.com\/noticias\/?p=21503","og_site_name":"COLEGIO DE ARQUITECTOS DE CHILE","article_publisher":"https:\/\/facebook.com\/Colegioarq\/","article_published_time":"2018-08-10T14:32:45+00:00","article_modified_time":"2018-08-13T18:00:35+00:00","og_image":[{"width":690,"height":350,"url":"https:\/\/colegioarquitectos.com\/noticias\/wp-content\/uploads\/2018\/08\/WhatsApp-Image-2018-08-04-at-00.23.03.jpeg","type":"image\/jpeg"}],"author":"Colegio de Arquitectos de Chile","twitter_card":"summary_large_image","twitter_creator":"@colegioarq","twitter_site":"@colegioarq","twitter_misc":{"Escrito por":"Colegio de Arquitectos de Chile","Tiempo de lectura":"3 minutos"},"schema":{"@context":"https:\/\/schema.org","@graph":[{"@type":"Article","@id":"https:\/\/colegioarquitectos.com\/noticias\/?p=21503#article","isPartOf":{"@id":"https:\/\/colegioarquitectos.com\/noticias\/?p=21503"},"author":{"name":"Colegio de Arquitectos de Chile","@id":"https:\/\/colegioarquitectos.com\/noticias\/#\/schema\/person\/685cc0aad148303c5608f049af8285ad"},"headline":"Jos\u00e9 Luis Catal\u00e1n: \u201cRestaurar es mantener viva la historia\u201d","datePublished":"2018-08-10T14:32:45+00:00","dateModified":"2018-08-13T18:00:35+00:00","mainEntityOfPage":{"@id":"https:\/\/colegioarquitectos.com\/noticias\/?p=21503"},"wordCount":657,"publisher":{"@id":"https:\/\/colegioarquitectos.com\/noticias\/#organization"},"image":{"@id":"https:\/\/colegioarquitectos.com\/noticias\/?p=21503#primaryimage"},"thumbnailUrl":"https:\/\/colegioarquitectos.com\/noticias\/wp-content\/uploads\/2018\/08\/WhatsApp-Image-2018-08-04-at-00.23.03.jpeg","articleSection":["Delegaciones"],"inLanguage":"es"},{"@type":"WebPage","@id":"https:\/\/colegioarquitectos.com\/noticias\/?p=21503","url":"https:\/\/colegioarquitectos.com\/noticias\/?p=21503","name":"Jos\u00e9 Luis Catal\u00e1n: \u201cRestaurar es mantener viva la historia\u201d - COLEGIO DE ARQUITECTOS DE CHILE","isPartOf":{"@id":"https:\/\/colegioarquitectos.com\/noticias\/#website"},"primaryImageOfPage":{"@id":"https:\/\/colegioarquitectos.com\/noticias\/?p=21503#primaryimage"},"image":{"@id":"https:\/\/colegioarquitectos.com\/noticias\/?p=21503#primaryimage"},"thumbnailUrl":"https:\/\/colegioarquitectos.com\/noticias\/wp-content\/uploads\/2018\/08\/WhatsApp-Image-2018-08-04-at-00.23.03.jpeg","datePublished":"2018-08-10T14:32:45+00:00","dateModified":"2018-08-13T18:00:35+00:00","breadcrumb":{"@id":"https:\/\/colegioarquitectos.com\/noticias\/?p=21503#breadcrumb"},"inLanguage":"es","potentialAction":[{"@type":"ReadAction","target":["https:\/\/colegioarquitectos.com\/noticias\/?p=21503"]}]},{"@type":"ImageObject","inLanguage":"es","@id":"https:\/\/colegioarquitectos.com\/noticias\/?p=21503#primaryimage","url":"https:\/\/colegioarquitectos.com\/noticias\/wp-content\/uploads\/2018\/08\/WhatsApp-Image-2018-08-04-at-00.23.03.jpeg","contentUrl":"https:\/\/colegioarquitectos.com\/noticias\/wp-content\/uploads\/2018\/08\/WhatsApp-Image-2018-08-04-at-00.23.03.jpeg","width":690,"height":350},{"@type":"BreadcrumbList","@id":"https:\/\/colegioarquitectos.com\/noticias\/?p=21503#breadcrumb","itemListElement":[{"@type":"ListItem","position":1,"name":"Portada","item":"https:\/\/colegioarquitectos.com\/noticias"},{"@type":"ListItem","position":2,"name":"Jos\u00e9 Luis Catal\u00e1n: \u201cRestaurar es mantener viva la historia\u201d"}]},{"@type":"WebSite","@id":"https:\/\/colegioarquitectos.com\/noticias\/#website","url":"https:\/\/colegioarquitectos.com\/noticias\/","name":"COLEGIO DE ARQUITECTOS DE CHILE","description":"","publisher":{"@id":"https:\/\/colegioarquitectos.com\/noticias\/#organization"},"potentialAction":[{"@type":"SearchAction","target":{"@type":"EntryPoint","urlTemplate":"https:\/\/colegioarquitectos.com\/noticias\/?s={search_term_string}"},"query-input":{"@type":"PropertyValueSpecification","valueRequired":true,"valueName":"search_term_string"}}],"inLanguage":"es"},{"@type":"Organization","@id":"https:\/\/colegioarquitectos.com\/noticias\/#organization","name":"COLEGIO DE ARQUITECTOS DE CHILE","url":"https:\/\/colegioarquitectos.com\/noticias\/","logo":{"@type":"ImageObject","inLanguage":"es","@id":"https:\/\/colegioarquitectos.com\/noticias\/#\/schema\/logo\/image\/","url":"https:\/\/colegioarquitectos.com\/noticias\/wp-content\/uploads\/2021\/05\/ENCABEZADO-LOGO-CA.jpg","contentUrl":"https:\/\/colegioarquitectos.com\/noticias\/wp-content\/uploads\/2021\/05\/ENCABEZADO-LOGO-CA.jpg","width":690,"height":350,"caption":"COLEGIO DE ARQUITECTOS DE CHILE"},"image":{"@id":"https:\/\/colegioarquitectos.com\/noticias\/#\/schema\/logo\/image\/"},"sameAs":["https:\/\/facebook.com\/Colegioarq\/","https:\/\/x.com\/colegioarq","https:\/\/instagram.com\/colegioarq","https:\/\/youtube.com\/@ColegiodeArquitectosdeChile"]},{"@type":"Person","@id":"https:\/\/colegioarquitectos.com\/noticias\/#\/schema\/person\/685cc0aad148303c5608f049af8285ad","name":"Colegio de Arquitectos de Chile","url":"https:\/\/colegioarquitectos.com\/noticias\/?author=4"}]}},"_links":{"self":[{"href":"https:\/\/colegioarquitectos.com\/noticias\/index.php?rest_route=\/wp\/v2\/posts\/21503","targetHints":{"allow":["GET"]}}],"collection":[{"href":"https:\/\/colegioarquitectos.com\/noticias\/index.php?rest_route=\/wp\/v2\/posts"}],"about":[{"href":"https:\/\/colegioarquitectos.com\/noticias\/index.php?rest_route=\/wp\/v2\/types\/post"}],"author":[{"embeddable":true,"href":"https:\/\/colegioarquitectos.com\/noticias\/index.php?rest_route=\/wp\/v2\/users\/4"}],"replies":[{"embeddable":true,"href":"https:\/\/colegioarquitectos.com\/noticias\/index.php?rest_route=%2Fwp%2Fv2%2Fcomments&post=21503"}],"version-history":[{"count":0,"href":"https:\/\/colegioarquitectos.com\/noticias\/index.php?rest_route=\/wp\/v2\/posts\/21503\/revisions"}],"wp:featuredmedia":[{"embeddable":true,"href":"https:\/\/colegioarquitectos.com\/noticias\/index.php?rest_route=\/wp\/v2\/media\/21505"}],"wp:attachment":[{"href":"https:\/\/colegioarquitectos.com\/noticias\/index.php?rest_route=%2Fwp%2Fv2%2Fmedia&parent=21503"}],"wp:term":[{"taxonomy":"category","embeddable":true,"href":"https:\/\/colegioarquitectos.com\/noticias\/index.php?rest_route=%2Fwp%2Fv2%2Fcategories&post=21503"},{"taxonomy":"post_tag","embeddable":true,"href":"https:\/\/colegioarquitectos.com\/noticias\/index.php?rest_route=%2Fwp%2Fv2%2Ftags&post=21503"}],"curies":[{"name":"wp","href":"https:\/\/api.w.org\/{rel}","templated":true}]}}