
{"id":21642,"date":"2018-09-01T13:38:43","date_gmt":"2018-09-01T13:38:43","guid":{"rendered":"http:\/\/colegioarquitectos.com\/?p=21642"},"modified":"2018-09-06T14:34:39","modified_gmt":"2018-09-06T14:34:39","slug":"la-tercera-publica-carta-al-director-del-presidente-del-colegio-de-arquitectos-sobre-la-grave-situacion-en-quintero","status":"publish","type":"post","link":"https:\/\/colegioarquitectos.com\/noticias\/?p=21642","title":{"rendered":"La Tercera publica carta al director del Presidente del Colegio de Arquitectos sobre la grave situaci\u00f3n en Quintero"},"content":{"rendered":"<p>A ra\u00edz de la grave situaci\u00f3n que vive Quintero, Ventanas y Puchuncav\u00ed, el Presidente Nacional del Colegio de Arquitectos de Chile,\u00a0<strong>Humberto Eliash<\/strong>, envi\u00f3 una Carta al Director que fue publicada este s\u00e1bado 1 de septiembre en el diario\u00a0<strong>La Tercera<\/strong>.<\/p>\n<p><strong>A continuaci\u00f3n, la carta completa de Humberto Eliash:<\/strong><\/p>\n<p>&nbsp;<\/p>\n<p>Se\u00f1or director:<\/p>\n<p>La situaci\u00f3n que ha ocurrido en Quinteros, Ventanas y Puchuncav\u00ed estas semanas, que ha provocado alarma en la poblaci\u00f3n y declaraciones cruzadas entre sectores p\u00fablico-privados y la ciudadan\u00eda, lamentablemente no es \u00fanica ni nueva en nuestro pa\u00eds. Es algo que se repite constantemente. Es la consecuencia directa de un modelo de desarrollo que se basa en la sobre-explotaci\u00f3n de recurso, que en su af\u00e1n de producir riqueza no duda en depredar el medio ambiente y da\u00f1ar la salud de los habitantes. Tenemos los ejemplos de Tocopilla, Mejillones, Cha\u00f1aral, Freirina, Til Til, Coronel y un etc\u00e9tera tan largo como nuestro territorio.<\/p>\n<p>Nuestras ciudades son v\u00edctimas de la misma voracidad depredadora: guetos verticales de Estaci\u00f3n Central, densificaci\u00f3n sin l\u00edmites de altura en el centro de Chill\u00e1n, un litoral central en que se arrasa dunas, humedales y caletas.<\/p>\n<p>El destacado columnista Agust\u00edn Squella ha le\u00eddo este fen\u00f3meno con eficacia: \u201cEl sentido com\u00fan neoliberal se ha instalado sobre nosotros como una nube \u2014t\u00f3xica, denunciar\u00e1n algunos; bienaventurada, celebrar\u00e1n otros\u2014, pero de lo que no cabe dudar es de que est\u00e1 all\u00ed, dejando caer su persistente llovizna sobre la cabeza de todos\u201d.<\/p>\n<p>Es urgente cambiar nuestro paradigma de desarrollo, basado en la explotaci\u00f3n\u00a0intensiva y voraz de los recursos naturales y\u00a0culturales que tenemos por otro modelo que sea capaz de\u00a0conciliar desarrollo con\u00a0cuidado del medio ambiente donde la planificaci\u00f3n, el ordenamiento territorial y el dise\u00f1o urbano son claves de la soluci\u00f3n que permitan un mejor entorno para todos.<\/p>\n<p>&nbsp;<\/p>\n<p><strong>Humberto Eliash<\/strong><\/p>\n<p><strong>Presidente del Colegio de Arquitectos de Chile<\/strong><\/p>\n<p>&nbsp;<\/p>\n<p><a href=\"https:\/\/edition.pagesuite.com\/html5\/reader\/production\/default.aspx?pubname=&amp;pubid=33084897-397a-48cc-b3c0-3ce1ec447137\"><img loading=\"lazy\" decoding=\"async\" class=\"aligncenter size-full wp-image-21748\" src=\"http:\/\/colegioarquitectos.com\/noticias\/wp-content\/uploads\/2018\/09\/Captura-de-pantalla-2018-09-01-a-las-10.35.32.png\" alt=\"\" width=\"655\" height=\"648\" srcset=\"https:\/\/colegioarquitectos.com\/noticias\/wp-content\/uploads\/2018\/09\/Captura-de-pantalla-2018-09-01-a-las-10.35.32.png 655w, https:\/\/colegioarquitectos.com\/noticias\/wp-content\/uploads\/2018\/09\/Captura-de-pantalla-2018-09-01-a-las-10.35.32-300x297.png 300w\" sizes=\"auto, (max-width: 655px) 100vw, 655px\" \/><\/a><\/p>\n<p>&nbsp;<\/p>\n<p>Tambi\u00e9n puedes descargar la p\u00e1gina en formato PDF <a href=\"http:\/\/colegioarquitectos.com\/noticias\/wp-content\/uploads\/2018\/09\/Carta-al-director.pdf\"><strong>ac\u00e1<\/strong><\/a>.<\/p>\n<p><\/p>","protected":false},"excerpt":{"rendered":"<p>A ra\u00edz de la grave situaci\u00f3n que vive Quintero, Ventanas y Puchuncav\u00ed, el Presidente Nacional del Colegio de Arquitectos de Chile,\u00a0Humberto Eliash, envi\u00f3 una Carta al Director que fue publicada este s\u00e1bado 1 de septiembre en el diario\u00a0La Tercera. A &hellip; <a class=\"more-link\" href=\"https:\/\/colegioarquitectos.com\/noticias\/?p=21642\">ver m\u00e1s<\/a><\/p>","protected":false},"author":4,"featured_media":21749,"comment_status":"closed","ping_status":"closed","sticky":false,"template":"","format":"standard","meta":{"footnotes":""},"categories":[8],"tags":[],"class_list":["post-21642","post","type-post","status-publish","format-standard","has-post-thumbnail","hentry","category-colegio-de-arquitectos"],"yoast_head":"<!-- This site is optimized with the Yoast SEO plugin v24.2 - https:\/\/yoast.com\/wordpress\/plugins\/seo\/ -->\n<title>La Tercera publica carta al director del Presidente del Colegio de Arquitectos sobre la grave situaci\u00f3n en Quintero - COLEGIO DE ARQUITECTOS DE CHILE<\/title>\n<meta name=\"robots\" content=\"index, follow, max-snippet:-1, max-image-preview:large, max-video-preview:-1\" \/>\n<link rel=\"canonical\" href=\"https:\/\/colegioarquitectos.com\/noticias\/?p=21642\" \/>\n<meta property=\"og:locale\" content=\"es_ES\" \/>\n<meta property=\"og:type\" content=\"article\" \/>\n<meta property=\"og:title\" content=\"La Tercera publica carta al director del Presidente del Colegio de Arquitectos sobre la grave situaci\u00f3n en Quintero - COLEGIO DE ARQUITECTOS DE CHILE\" \/>\n<meta property=\"og:description\" content=\"A ra\u00edz de la grave situaci\u00f3n que vive Quintero, Ventanas y Puchuncav\u00ed, el Presidente Nacional del Colegio de Arquitectos de Chile,\u00a0Humberto Eliash, envi\u00f3 una Carta al Director que fue publicada este s\u00e1bado 1 de septiembre en el diario\u00a0La Tercera. A &hellip; ver m\u00e1s\" \/>\n<meta property=\"og:url\" content=\"https:\/\/colegioarquitectos.com\/noticias\/?p=21642\" \/>\n<meta property=\"og:site_name\" content=\"COLEGIO DE ARQUITECTOS DE CHILE\" \/>\n<meta property=\"article:publisher\" content=\"https:\/\/facebook.com\/Colegioarq\/\" \/>\n<meta property=\"article:published_time\" content=\"2018-09-01T13:38:43+00:00\" \/>\n<meta property=\"article:modified_time\" content=\"2018-09-06T14:34:39+00:00\" \/>\n<meta property=\"og:image\" content=\"https:\/\/colegioarquitectos.com\/noticias\/wp-content\/uploads\/2018\/09\/Captura-de-pantalla-2018-09-01-a-las-10.35.32-copia.png\" \/>\n\t<meta property=\"og:image:width\" content=\"690\" \/>\n\t<meta property=\"og:image:height\" content=\"350\" \/>\n\t<meta property=\"og:image:type\" content=\"image\/png\" \/>\n<meta name=\"author\" content=\"Colegio de Arquitectos de Chile\" \/>\n<meta name=\"twitter:card\" content=\"summary_large_image\" \/>\n<meta name=\"twitter:creator\" content=\"@colegioarq\" \/>\n<meta name=\"twitter:site\" content=\"@colegioarq\" \/>\n<meta name=\"twitter:label1\" content=\"Escrito por\" \/>\n\t<meta name=\"twitter:data1\" content=\"Colegio de Arquitectos de Chile\" \/>\n\t<meta name=\"twitter:label2\" content=\"Tiempo de lectura\" \/>\n\t<meta name=\"twitter:data2\" content=\"2 minutos\" \/>\n<script type=\"application\/ld+json\" class=\"yoast-schema-graph\">{\"@context\":\"https:\/\/schema.org\",\"@graph\":[{\"@type\":\"Article\",\"@id\":\"https:\/\/colegioarquitectos.com\/noticias\/?p=21642#article\",\"isPartOf\":{\"@id\":\"https:\/\/colegioarquitectos.com\/noticias\/?p=21642\"},\"author\":{\"name\":\"Colegio de Arquitectos de Chile\",\"@id\":\"https:\/\/colegioarquitectos.com\/noticias\/#\/schema\/person\/685cc0aad148303c5608f049af8285ad\"},\"headline\":\"La Tercera publica carta al director del Presidente del Colegio de Arquitectos sobre la grave situaci\u00f3n en Quintero\",\"datePublished\":\"2018-09-01T13:38:43+00:00\",\"dateModified\":\"2018-09-06T14:34:39+00:00\",\"mainEntityOfPage\":{\"@id\":\"https:\/\/colegioarquitectos.com\/noticias\/?p=21642\"},\"wordCount\":368,\"publisher\":{\"@id\":\"https:\/\/colegioarquitectos.com\/noticias\/#organization\"},\"image\":{\"@id\":\"https:\/\/colegioarquitectos.com\/noticias\/?p=21642#primaryimage\"},\"thumbnailUrl\":\"https:\/\/colegioarquitectos.com\/noticias\/wp-content\/uploads\/2018\/09\/Captura-de-pantalla-2018-09-01-a-las-10.35.32-copia.png\",\"articleSection\":[\"Colegio\"],\"inLanguage\":\"es\"},{\"@type\":\"WebPage\",\"@id\":\"https:\/\/colegioarquitectos.com\/noticias\/?p=21642\",\"url\":\"https:\/\/colegioarquitectos.com\/noticias\/?p=21642\",\"name\":\"La Tercera publica carta al director del Presidente del Colegio de Arquitectos sobre la grave situaci\u00f3n en Quintero - COLEGIO DE ARQUITECTOS DE CHILE\",\"isPartOf\":{\"@id\":\"https:\/\/colegioarquitectos.com\/noticias\/#website\"},\"primaryImageOfPage\":{\"@id\":\"https:\/\/colegioarquitectos.com\/noticias\/?p=21642#primaryimage\"},\"image\":{\"@id\":\"https:\/\/colegioarquitectos.com\/noticias\/?p=21642#primaryimage\"},\"thumbnailUrl\":\"https:\/\/colegioarquitectos.com\/noticias\/wp-content\/uploads\/2018\/09\/Captura-de-pantalla-2018-09-01-a-las-10.35.32-copia.png\",\"datePublished\":\"2018-09-01T13:38:43+00:00\",\"dateModified\":\"2018-09-06T14:34:39+00:00\",\"breadcrumb\":{\"@id\":\"https:\/\/colegioarquitectos.com\/noticias\/?p=21642#breadcrumb\"},\"inLanguage\":\"es\",\"potentialAction\":[{\"@type\":\"ReadAction\",\"target\":[\"https:\/\/colegioarquitectos.com\/noticias\/?p=21642\"]}]},{\"@type\":\"ImageObject\",\"inLanguage\":\"es\",\"@id\":\"https:\/\/colegioarquitectos.com\/noticias\/?p=21642#primaryimage\",\"url\":\"https:\/\/colegioarquitectos.com\/noticias\/wp-content\/uploads\/2018\/09\/Captura-de-pantalla-2018-09-01-a-las-10.35.32-copia.png\",\"contentUrl\":\"https:\/\/colegioarquitectos.com\/noticias\/wp-content\/uploads\/2018\/09\/Captura-de-pantalla-2018-09-01-a-las-10.35.32-copia.png\",\"width\":690,\"height\":350},{\"@type\":\"BreadcrumbList\",\"@id\":\"https:\/\/colegioarquitectos.com\/noticias\/?p=21642#breadcrumb\",\"itemListElement\":[{\"@type\":\"ListItem\",\"position\":1,\"name\":\"Portada\",\"item\":\"https:\/\/colegioarquitectos.com\/noticias\"},{\"@type\":\"ListItem\",\"position\":2,\"name\":\"La Tercera publica carta al director del Presidente del Colegio de Arquitectos sobre la grave situaci\u00f3n en Quintero\"}]},{\"@type\":\"WebSite\",\"@id\":\"https:\/\/colegioarquitectos.com\/noticias\/#website\",\"url\":\"https:\/\/colegioarquitectos.com\/noticias\/\",\"name\":\"COLEGIO DE ARQUITECTOS DE CHILE\",\"description\":\"\",\"publisher\":{\"@id\":\"https:\/\/colegioarquitectos.com\/noticias\/#organization\"},\"potentialAction\":[{\"@type\":\"SearchAction\",\"target\":{\"@type\":\"EntryPoint\",\"urlTemplate\":\"https:\/\/colegioarquitectos.com\/noticias\/?s={search_term_string}\"},\"query-input\":{\"@type\":\"PropertyValueSpecification\",\"valueRequired\":true,\"valueName\":\"search_term_string\"}}],\"inLanguage\":\"es\"},{\"@type\":\"Organization\",\"@id\":\"https:\/\/colegioarquitectos.com\/noticias\/#organization\",\"name\":\"COLEGIO DE ARQUITECTOS DE CHILE\",\"url\":\"https:\/\/colegioarquitectos.com\/noticias\/\",\"logo\":{\"@type\":\"ImageObject\",\"inLanguage\":\"es\",\"@id\":\"https:\/\/colegioarquitectos.com\/noticias\/#\/schema\/logo\/image\/\",\"url\":\"https:\/\/colegioarquitectos.com\/noticias\/wp-content\/uploads\/2021\/05\/ENCABEZADO-LOGO-CA.jpg\",\"contentUrl\":\"https:\/\/colegioarquitectos.com\/noticias\/wp-content\/uploads\/2021\/05\/ENCABEZADO-LOGO-CA.jpg\",\"width\":690,\"height\":350,\"caption\":\"COLEGIO DE ARQUITECTOS DE CHILE\"},\"image\":{\"@id\":\"https:\/\/colegioarquitectos.com\/noticias\/#\/schema\/logo\/image\/\"},\"sameAs\":[\"https:\/\/facebook.com\/Colegioarq\/\",\"https:\/\/x.com\/colegioarq\",\"https:\/\/instagram.com\/colegioarq\",\"https:\/\/youtube.com\/@ColegiodeArquitectosdeChile\"]},{\"@type\":\"Person\",\"@id\":\"https:\/\/colegioarquitectos.com\/noticias\/#\/schema\/person\/685cc0aad148303c5608f049af8285ad\",\"name\":\"Colegio de Arquitectos de Chile\",\"url\":\"https:\/\/colegioarquitectos.com\/noticias\/?author=4\"}]}<\/script>\n<!-- \/ Yoast SEO plugin. -->","yoast_head_json":{"title":"La Tercera publica carta al director del Presidente del Colegio de Arquitectos sobre la grave situaci\u00f3n en Quintero - COLEGIO DE ARQUITECTOS DE CHILE","robots":{"index":"index","follow":"follow","max-snippet":"max-snippet:-1","max-image-preview":"max-image-preview:large","max-video-preview":"max-video-preview:-1"},"canonical":"https:\/\/colegioarquitectos.com\/noticias\/?p=21642","og_locale":"es_ES","og_type":"article","og_title":"La Tercera publica carta al director del Presidente del Colegio de Arquitectos sobre la grave situaci\u00f3n en Quintero - COLEGIO DE ARQUITECTOS DE CHILE","og_description":"A ra\u00edz de la grave situaci\u00f3n que vive Quintero, Ventanas y Puchuncav\u00ed, el Presidente Nacional del Colegio de Arquitectos de Chile,\u00a0Humberto Eliash, envi\u00f3 una Carta al Director que fue publicada este s\u00e1bado 1 de septiembre en el diario\u00a0La Tercera. A &hellip; ver m\u00e1s","og_url":"https:\/\/colegioarquitectos.com\/noticias\/?p=21642","og_site_name":"COLEGIO DE ARQUITECTOS DE CHILE","article_publisher":"https:\/\/facebook.com\/Colegioarq\/","article_published_time":"2018-09-01T13:38:43+00:00","article_modified_time":"2018-09-06T14:34:39+00:00","og_image":[{"width":690,"height":350,"url":"https:\/\/colegioarquitectos.com\/noticias\/wp-content\/uploads\/2018\/09\/Captura-de-pantalla-2018-09-01-a-las-10.35.32-copia.png","type":"image\/png"}],"author":"Colegio de Arquitectos de Chile","twitter_card":"summary_large_image","twitter_creator":"@colegioarq","twitter_site":"@colegioarq","twitter_misc":{"Escrito por":"Colegio de Arquitectos de Chile","Tiempo de lectura":"2 minutos"},"schema":{"@context":"https:\/\/schema.org","@graph":[{"@type":"Article","@id":"https:\/\/colegioarquitectos.com\/noticias\/?p=21642#article","isPartOf":{"@id":"https:\/\/colegioarquitectos.com\/noticias\/?p=21642"},"author":{"name":"Colegio de Arquitectos de Chile","@id":"https:\/\/colegioarquitectos.com\/noticias\/#\/schema\/person\/685cc0aad148303c5608f049af8285ad"},"headline":"La Tercera publica carta al director del Presidente del Colegio de Arquitectos sobre la grave situaci\u00f3n en Quintero","datePublished":"2018-09-01T13:38:43+00:00","dateModified":"2018-09-06T14:34:39+00:00","mainEntityOfPage":{"@id":"https:\/\/colegioarquitectos.com\/noticias\/?p=21642"},"wordCount":368,"publisher":{"@id":"https:\/\/colegioarquitectos.com\/noticias\/#organization"},"image":{"@id":"https:\/\/colegioarquitectos.com\/noticias\/?p=21642#primaryimage"},"thumbnailUrl":"https:\/\/colegioarquitectos.com\/noticias\/wp-content\/uploads\/2018\/09\/Captura-de-pantalla-2018-09-01-a-las-10.35.32-copia.png","articleSection":["Colegio"],"inLanguage":"es"},{"@type":"WebPage","@id":"https:\/\/colegioarquitectos.com\/noticias\/?p=21642","url":"https:\/\/colegioarquitectos.com\/noticias\/?p=21642","name":"La Tercera publica carta al director del Presidente del Colegio de Arquitectos sobre la grave situaci\u00f3n en Quintero - COLEGIO DE ARQUITECTOS DE CHILE","isPartOf":{"@id":"https:\/\/colegioarquitectos.com\/noticias\/#website"},"primaryImageOfPage":{"@id":"https:\/\/colegioarquitectos.com\/noticias\/?p=21642#primaryimage"},"image":{"@id":"https:\/\/colegioarquitectos.com\/noticias\/?p=21642#primaryimage"},"thumbnailUrl":"https:\/\/colegioarquitectos.com\/noticias\/wp-content\/uploads\/2018\/09\/Captura-de-pantalla-2018-09-01-a-las-10.35.32-copia.png","datePublished":"2018-09-01T13:38:43+00:00","dateModified":"2018-09-06T14:34:39+00:00","breadcrumb":{"@id":"https:\/\/colegioarquitectos.com\/noticias\/?p=21642#breadcrumb"},"inLanguage":"es","potentialAction":[{"@type":"ReadAction","target":["https:\/\/colegioarquitectos.com\/noticias\/?p=21642"]}]},{"@type":"ImageObject","inLanguage":"es","@id":"https:\/\/colegioarquitectos.com\/noticias\/?p=21642#primaryimage","url":"https:\/\/colegioarquitectos.com\/noticias\/wp-content\/uploads\/2018\/09\/Captura-de-pantalla-2018-09-01-a-las-10.35.32-copia.png","contentUrl":"https:\/\/colegioarquitectos.com\/noticias\/wp-content\/uploads\/2018\/09\/Captura-de-pantalla-2018-09-01-a-las-10.35.32-copia.png","width":690,"height":350},{"@type":"BreadcrumbList","@id":"https:\/\/colegioarquitectos.com\/noticias\/?p=21642#breadcrumb","itemListElement":[{"@type":"ListItem","position":1,"name":"Portada","item":"https:\/\/colegioarquitectos.com\/noticias"},{"@type":"ListItem","position":2,"name":"La Tercera publica carta al director del Presidente del Colegio de Arquitectos sobre la grave situaci\u00f3n en Quintero"}]},{"@type":"WebSite","@id":"https:\/\/colegioarquitectos.com\/noticias\/#website","url":"https:\/\/colegioarquitectos.com\/noticias\/","name":"COLEGIO DE ARQUITECTOS DE CHILE","description":"","publisher":{"@id":"https:\/\/colegioarquitectos.com\/noticias\/#organization"},"potentialAction":[{"@type":"SearchAction","target":{"@type":"EntryPoint","urlTemplate":"https:\/\/colegioarquitectos.com\/noticias\/?s={search_term_string}"},"query-input":{"@type":"PropertyValueSpecification","valueRequired":true,"valueName":"search_term_string"}}],"inLanguage":"es"},{"@type":"Organization","@id":"https:\/\/colegioarquitectos.com\/noticias\/#organization","name":"COLEGIO DE ARQUITECTOS DE CHILE","url":"https:\/\/colegioarquitectos.com\/noticias\/","logo":{"@type":"ImageObject","inLanguage":"es","@id":"https:\/\/colegioarquitectos.com\/noticias\/#\/schema\/logo\/image\/","url":"https:\/\/colegioarquitectos.com\/noticias\/wp-content\/uploads\/2021\/05\/ENCABEZADO-LOGO-CA.jpg","contentUrl":"https:\/\/colegioarquitectos.com\/noticias\/wp-content\/uploads\/2021\/05\/ENCABEZADO-LOGO-CA.jpg","width":690,"height":350,"caption":"COLEGIO DE ARQUITECTOS DE CHILE"},"image":{"@id":"https:\/\/colegioarquitectos.com\/noticias\/#\/schema\/logo\/image\/"},"sameAs":["https:\/\/facebook.com\/Colegioarq\/","https:\/\/x.com\/colegioarq","https:\/\/instagram.com\/colegioarq","https:\/\/youtube.com\/@ColegiodeArquitectosdeChile"]},{"@type":"Person","@id":"https:\/\/colegioarquitectos.com\/noticias\/#\/schema\/person\/685cc0aad148303c5608f049af8285ad","name":"Colegio de Arquitectos de Chile","url":"https:\/\/colegioarquitectos.com\/noticias\/?author=4"}]}},"_links":{"self":[{"href":"https:\/\/colegioarquitectos.com\/noticias\/index.php?rest_route=\/wp\/v2\/posts\/21642","targetHints":{"allow":["GET"]}}],"collection":[{"href":"https:\/\/colegioarquitectos.com\/noticias\/index.php?rest_route=\/wp\/v2\/posts"}],"about":[{"href":"https:\/\/colegioarquitectos.com\/noticias\/index.php?rest_route=\/wp\/v2\/types\/post"}],"author":[{"embeddable":true,"href":"https:\/\/colegioarquitectos.com\/noticias\/index.php?rest_route=\/wp\/v2\/users\/4"}],"replies":[{"embeddable":true,"href":"https:\/\/colegioarquitectos.com\/noticias\/index.php?rest_route=%2Fwp%2Fv2%2Fcomments&post=21642"}],"version-history":[{"count":0,"href":"https:\/\/colegioarquitectos.com\/noticias\/index.php?rest_route=\/wp\/v2\/posts\/21642\/revisions"}],"wp:featuredmedia":[{"embeddable":true,"href":"https:\/\/colegioarquitectos.com\/noticias\/index.php?rest_route=\/wp\/v2\/media\/21749"}],"wp:attachment":[{"href":"https:\/\/colegioarquitectos.com\/noticias\/index.php?rest_route=%2Fwp%2Fv2%2Fmedia&parent=21642"}],"wp:term":[{"taxonomy":"category","embeddable":true,"href":"https:\/\/colegioarquitectos.com\/noticias\/index.php?rest_route=%2Fwp%2Fv2%2Fcategories&post=21642"},{"taxonomy":"post_tag","embeddable":true,"href":"https:\/\/colegioarquitectos.com\/noticias\/index.php?rest_route=%2Fwp%2Fv2%2Ftags&post=21642"}],"curies":[{"name":"wp","href":"https:\/\/api.w.org\/{rel}","templated":true}]}}