
{"id":2173,"date":"2012-08-10T17:55:39","date_gmt":"2012-08-10T17:55:39","guid":{"rendered":"http:\/\/colegioarquitectos.com\/noticias\/?p=2173"},"modified":"2012-08-20T20:06:34","modified_gmt":"2012-08-20T20:06:34","slug":"expertos-abordaran-la-planificacion-y-gestion-de-proyectos-urbanos-locales-en-seminario-de-la-universidad-central","status":"publish","type":"post","link":"https:\/\/colegioarquitectos.com\/noticias\/?p=2173","title":{"rendered":"Expertos abordar\u00e1n la planificaci\u00f3n y gesti\u00f3n de proyectos urbanos locales en seminario de la Universidad Central"},"content":{"rendered":"<p style=\"text-align: justify;\">Este mi\u00e9rcoles 22 de agosto, el Centro de Estudios Arquitect\u00f3nicos, Urban\u00edsticos y de Paisaje (CEAUP) realizar\u00e1 la presentaci\u00f3n del libro y seminario<em>\u00a0 \u201cDel planeamiento a la gesti\u00f3n de proyectos urbanos en periferias metropolitanas. Innovaci\u00f3n y tendencias<\/em><em>\u00ab,<\/em> el cual contar\u00e1 con la participaci\u00f3n de destacados especialistas en la materia.<\/p>\n<p style=\"text-align: justify;\">En la oportunidad, se tratar\u00e1n temas como la planificaci\u00f3n local, la participaci\u00f3n ciudadana, la gesti\u00f3n de proyectos urbanos\u00a0y los alcances de los instrumentos de planificaci\u00f3n territorial. Expondr\u00e1n el acad\u00e9mico de la Escuela de Arquitectura\u00a0 de la\u00a0 Universidad de Santiago de Chile, Jon\u00e1s Figueroa; la docente del Departamento de Geograf\u00eda de la Universidad Alberto Hurtado, Ximena Galleguillos; el arquitecto del Programa de Recuperaci\u00f3n de Barrios del Ministerio de Vivienda y Urbanismo (MINVU) Gerson Mac Lean y \u00a0el investigador del CEAUP,\u00a0 doctor Vicente G\u00e1mez.<\/p>\n<p style=\"text-align: justify;\">Asimismo, se realizar\u00e1 el lanzamiento del libro del mismo nombre del seminario, originado en el proyecto CEAUP \u00abInvestigar el futuro. Nuevas tendencias en el planeamiento de \u00e1reas metropolitanas\u00bb efectuado en el marco del Concurso Fondo Interno de Investigaci\u00f3n 2008-2009 de la Vicerrector\u00eda Acad\u00e9mica de la Universidad Central. Esta iniciativa estuvo liderada por el\u00a0 profesor Vicente G\u00e1mez y cont\u00f3 con la participaci\u00f3n de los investigadores Beatriz Aguirre, Francisca Ianiszewski y Cristi\u00e1n Solano, junto a la arquitecta UCEN Carla David.<\/p>\n<p style=\"text-align: justify;\">A trav\u00e9s de siete cap\u00edtulos, la publicaci\u00f3n da cuenta de temas como el crecimiento de Santiago y la gesti\u00f3n urbana municipal en gobiernos locales ubicados en la periferia de la Regi\u00f3n Metropolitana, el desarrollo urbano sustentable y los proyectos urbanos en las intervenciones de desarrollo local, entre otros.<\/p>\n<p style=\"text-align: justify;\">Para los interesados en asistir a este encuentro, de car\u00e1cter abierto y gratuito, \u00e9ste se efectuar\u00e1 a las 10:00 horas, en el auditorio del edificio Vicente Kovacevic 1, ubicado en avenida Santa Isabel 1186, Santiago Centro. M\u00e1s informaciones en <a href=\"mailto:infofaup@ucentral.cl\">infofaup@ucentral.cl<\/a><\/p>\n<p style=\"text-align: justify;\"><a href=\"http:\/\/colegioarquitectos.com\/noticias\/wp-content\/uploads\/2012\/08\/inv.jpg\"><img loading=\"lazy\" decoding=\"async\" class=\"alignnone size-full wp-image-2174\" title=\"inv\" src=\"http:\/\/colegioarquitectos.com\/noticias\/wp-content\/uploads\/2012\/08\/inv.jpg\" alt=\"\" width=\"546\" height=\"375\" srcset=\"https:\/\/colegioarquitectos.com\/noticias\/wp-content\/uploads\/2012\/08\/inv.jpg 546w, https:\/\/colegioarquitectos.com\/noticias\/wp-content\/uploads\/2012\/08\/inv-300x206.jpg 300w\" sizes=\"auto, (max-width: 546px) 100vw, 546px\" \/><\/a><\/p>\n<p style=\"text-align: justify;\"><strong>\u00a0<\/strong><\/p>\n<p><\/p>","protected":false},"excerpt":{"rendered":"<p>Este mi\u00e9rcoles 22 de agosto, el Centro de Estudios Arquitect\u00f3nicos, Urban\u00edsticos y de Paisaje (CEAUP) realizar\u00e1 la presentaci\u00f3n del libro y seminario\u00a0 \u201cDel planeamiento a la gesti\u00f3n de proyectos urbanos en periferias metropolitanas. Innovaci\u00f3n y tendencias\u00ab, el cual contar\u00e1 con &hellip; <a class=\"more-link\" href=\"https:\/\/colegioarquitectos.com\/noticias\/?p=2173\">ver m\u00e1s<\/a><\/p>","protected":false},"author":1,"featured_media":0,"comment_status":"open","ping_status":"open","sticky":false,"template":"","format":"standard","meta":{"footnotes":""},"categories":[19,25],"tags":[],"class_list":["post-2173","post","type-post","status-publish","format-standard","hentry","category-actividades","category-lanzamientos"],"yoast_head":"<!-- This site is optimized with the Yoast SEO plugin v24.2 - https:\/\/yoast.com\/wordpress\/plugins\/seo\/ -->\n<title>Expertos abordar\u00e1n la planificaci\u00f3n y gesti\u00f3n de proyectos urbanos locales en seminario de la Universidad Central  - COLEGIO DE ARQUITECTOS DE CHILE<\/title>\n<meta name=\"robots\" content=\"index, follow, max-snippet:-1, max-image-preview:large, max-video-preview:-1\" \/>\n<link rel=\"canonical\" href=\"https:\/\/colegioarquitectos.com\/noticias\/?p=2173\" \/>\n<meta property=\"og:locale\" content=\"es_ES\" \/>\n<meta property=\"og:type\" content=\"article\" \/>\n<meta property=\"og:title\" content=\"Expertos abordar\u00e1n la planificaci\u00f3n y gesti\u00f3n de proyectos urbanos locales en seminario de la Universidad Central  - COLEGIO DE ARQUITECTOS DE CHILE\" \/>\n<meta property=\"og:description\" content=\"Este mi\u00e9rcoles 22 de agosto, el Centro de Estudios Arquitect\u00f3nicos, Urban\u00edsticos y de Paisaje (CEAUP) realizar\u00e1 la presentaci\u00f3n del libro y seminario\u00a0 \u201cDel planeamiento a la gesti\u00f3n de proyectos urbanos en periferias metropolitanas. Innovaci\u00f3n y tendencias\u00ab, el cual contar\u00e1 con &hellip; ver m\u00e1s\" \/>\n<meta property=\"og:url\" content=\"https:\/\/colegioarquitectos.com\/noticias\/?p=2173\" \/>\n<meta property=\"og:site_name\" content=\"COLEGIO DE ARQUITECTOS DE CHILE\" \/>\n<meta property=\"article:publisher\" content=\"https:\/\/facebook.com\/Colegioarq\/\" \/>\n<meta property=\"article:published_time\" content=\"2012-08-10T17:55:39+00:00\" \/>\n<meta property=\"article:modified_time\" content=\"2012-08-20T20:06:34+00:00\" \/>\n<meta property=\"og:image\" content=\"https:\/\/colegioarquitectos.com\/noticias\/wp-content\/uploads\/2012\/08\/inv.jpg\" \/>\n\t<meta property=\"og:image:width\" content=\"546\" \/>\n\t<meta property=\"og:image:height\" content=\"375\" \/>\n\t<meta property=\"og:image:type\" content=\"image\/jpeg\" \/>\n<meta name=\"author\" content=\"Gabriel Salgado S.\" \/>\n<meta name=\"twitter:card\" content=\"summary_large_image\" \/>\n<meta name=\"twitter:creator\" content=\"@colegioarq\" \/>\n<meta name=\"twitter:site\" content=\"@colegioarq\" \/>\n<meta name=\"twitter:label1\" content=\"Escrito por\" \/>\n\t<meta name=\"twitter:data1\" content=\"Gabriel Salgado S.\" \/>\n\t<meta name=\"twitter:label2\" content=\"Tiempo de lectura\" \/>\n\t<meta name=\"twitter:data2\" content=\"2 minutos\" \/>\n<script type=\"application\/ld+json\" class=\"yoast-schema-graph\">{\"@context\":\"https:\/\/schema.org\",\"@graph\":[{\"@type\":\"Article\",\"@id\":\"https:\/\/colegioarquitectos.com\/noticias\/?p=2173#article\",\"isPartOf\":{\"@id\":\"https:\/\/colegioarquitectos.com\/noticias\/?p=2173\"},\"author\":{\"name\":\"Gabriel Salgado S.\",\"@id\":\"https:\/\/colegioarquitectos.com\/noticias\/#\/schema\/person\/b6c7e912cd1283c089114093ed09741f\"},\"headline\":\"Expertos abordar\u00e1n la planificaci\u00f3n y gesti\u00f3n de proyectos urbanos locales en seminario de la Universidad Central\",\"datePublished\":\"2012-08-10T17:55:39+00:00\",\"dateModified\":\"2012-08-20T20:06:34+00:00\",\"mainEntityOfPage\":{\"@id\":\"https:\/\/colegioarquitectos.com\/noticias\/?p=2173\"},\"wordCount\":345,\"commentCount\":0,\"publisher\":{\"@id\":\"https:\/\/colegioarquitectos.com\/noticias\/#organization\"},\"image\":{\"@id\":\"https:\/\/colegioarquitectos.com\/noticias\/?p=2173#primaryimage\"},\"thumbnailUrl\":\"http:\/\/colegioarquitectos.com\/noticias\/wp-content\/uploads\/2012\/08\/inv.jpg\",\"articleSection\":[\"Actividades\",\"Lanzamientos\"],\"inLanguage\":\"es\",\"potentialAction\":[{\"@type\":\"CommentAction\",\"name\":\"Comment\",\"target\":[\"https:\/\/colegioarquitectos.com\/noticias\/?p=2173#respond\"]}]},{\"@type\":\"WebPage\",\"@id\":\"https:\/\/colegioarquitectos.com\/noticias\/?p=2173\",\"url\":\"https:\/\/colegioarquitectos.com\/noticias\/?p=2173\",\"name\":\"Expertos abordar\u00e1n la planificaci\u00f3n y gesti\u00f3n de proyectos urbanos locales en seminario de la Universidad Central - COLEGIO DE ARQUITECTOS DE CHILE\",\"isPartOf\":{\"@id\":\"https:\/\/colegioarquitectos.com\/noticias\/#website\"},\"primaryImageOfPage\":{\"@id\":\"https:\/\/colegioarquitectos.com\/noticias\/?p=2173#primaryimage\"},\"image\":{\"@id\":\"https:\/\/colegioarquitectos.com\/noticias\/?p=2173#primaryimage\"},\"thumbnailUrl\":\"http:\/\/colegioarquitectos.com\/noticias\/wp-content\/uploads\/2012\/08\/inv.jpg\",\"datePublished\":\"2012-08-10T17:55:39+00:00\",\"dateModified\":\"2012-08-20T20:06:34+00:00\",\"breadcrumb\":{\"@id\":\"https:\/\/colegioarquitectos.com\/noticias\/?p=2173#breadcrumb\"},\"inLanguage\":\"es\",\"potentialAction\":[{\"@type\":\"ReadAction\",\"target\":[\"https:\/\/colegioarquitectos.com\/noticias\/?p=2173\"]}]},{\"@type\":\"ImageObject\",\"inLanguage\":\"es\",\"@id\":\"https:\/\/colegioarquitectos.com\/noticias\/?p=2173#primaryimage\",\"url\":\"http:\/\/colegioarquitectos.com\/noticias\/wp-content\/uploads\/2012\/08\/inv.jpg\",\"contentUrl\":\"http:\/\/colegioarquitectos.com\/noticias\/wp-content\/uploads\/2012\/08\/inv.jpg\"},{\"@type\":\"BreadcrumbList\",\"@id\":\"https:\/\/colegioarquitectos.com\/noticias\/?p=2173#breadcrumb\",\"itemListElement\":[{\"@type\":\"ListItem\",\"position\":1,\"name\":\"Portada\",\"item\":\"https:\/\/colegioarquitectos.com\/noticias\"},{\"@type\":\"ListItem\",\"position\":2,\"name\":\"Expertos abordar\u00e1n la planificaci\u00f3n y gesti\u00f3n de proyectos urbanos locales en seminario de la Universidad Central\"}]},{\"@type\":\"WebSite\",\"@id\":\"https:\/\/colegioarquitectos.com\/noticias\/#website\",\"url\":\"https:\/\/colegioarquitectos.com\/noticias\/\",\"name\":\"COLEGIO DE ARQUITECTOS DE CHILE\",\"description\":\"\",\"publisher\":{\"@id\":\"https:\/\/colegioarquitectos.com\/noticias\/#organization\"},\"potentialAction\":[{\"@type\":\"SearchAction\",\"target\":{\"@type\":\"EntryPoint\",\"urlTemplate\":\"https:\/\/colegioarquitectos.com\/noticias\/?s={search_term_string}\"},\"query-input\":{\"@type\":\"PropertyValueSpecification\",\"valueRequired\":true,\"valueName\":\"search_term_string\"}}],\"inLanguage\":\"es\"},{\"@type\":\"Organization\",\"@id\":\"https:\/\/colegioarquitectos.com\/noticias\/#organization\",\"name\":\"COLEGIO DE ARQUITECTOS DE CHILE\",\"url\":\"https:\/\/colegioarquitectos.com\/noticias\/\",\"logo\":{\"@type\":\"ImageObject\",\"inLanguage\":\"es\",\"@id\":\"https:\/\/colegioarquitectos.com\/noticias\/#\/schema\/logo\/image\/\",\"url\":\"https:\/\/colegioarquitectos.com\/noticias\/wp-content\/uploads\/2021\/05\/ENCABEZADO-LOGO-CA.jpg\",\"contentUrl\":\"https:\/\/colegioarquitectos.com\/noticias\/wp-content\/uploads\/2021\/05\/ENCABEZADO-LOGO-CA.jpg\",\"width\":690,\"height\":350,\"caption\":\"COLEGIO DE ARQUITECTOS DE CHILE\"},\"image\":{\"@id\":\"https:\/\/colegioarquitectos.com\/noticias\/#\/schema\/logo\/image\/\"},\"sameAs\":[\"https:\/\/facebook.com\/Colegioarq\/\",\"https:\/\/x.com\/colegioarq\",\"https:\/\/instagram.com\/colegioarq\",\"https:\/\/youtube.com\/@ColegiodeArquitectosdeChile\"]},{\"@type\":\"Person\",\"@id\":\"https:\/\/colegioarquitectos.com\/noticias\/#\/schema\/person\/b6c7e912cd1283c089114093ed09741f\",\"name\":\"Gabriel Salgado S.\",\"url\":\"https:\/\/colegioarquitectos.com\/noticias\/?author=1\"}]}<\/script>\n<!-- \/ Yoast SEO plugin. -->","yoast_head_json":{"title":"Expertos abordar\u00e1n la planificaci\u00f3n y gesti\u00f3n de proyectos urbanos locales en seminario de la Universidad Central  - COLEGIO DE ARQUITECTOS DE CHILE","robots":{"index":"index","follow":"follow","max-snippet":"max-snippet:-1","max-image-preview":"max-image-preview:large","max-video-preview":"max-video-preview:-1"},"canonical":"https:\/\/colegioarquitectos.com\/noticias\/?p=2173","og_locale":"es_ES","og_type":"article","og_title":"Expertos abordar\u00e1n la planificaci\u00f3n y gesti\u00f3n de proyectos urbanos locales en seminario de la Universidad Central  - COLEGIO DE ARQUITECTOS DE CHILE","og_description":"Este mi\u00e9rcoles 22 de agosto, el Centro de Estudios Arquitect\u00f3nicos, Urban\u00edsticos y de Paisaje (CEAUP) realizar\u00e1 la presentaci\u00f3n del libro y seminario\u00a0 \u201cDel planeamiento a la gesti\u00f3n de proyectos urbanos en periferias metropolitanas. Innovaci\u00f3n y tendencias\u00ab, el cual contar\u00e1 con &hellip; ver m\u00e1s","og_url":"https:\/\/colegioarquitectos.com\/noticias\/?p=2173","og_site_name":"COLEGIO DE ARQUITECTOS DE CHILE","article_publisher":"https:\/\/facebook.com\/Colegioarq\/","article_published_time":"2012-08-10T17:55:39+00:00","article_modified_time":"2012-08-20T20:06:34+00:00","og_image":[{"width":546,"height":375,"url":"https:\/\/colegioarquitectos.com\/noticias\/wp-content\/uploads\/2012\/08\/inv.jpg","type":"image\/jpeg"}],"author":"Gabriel Salgado S.","twitter_card":"summary_large_image","twitter_creator":"@colegioarq","twitter_site":"@colegioarq","twitter_misc":{"Escrito por":"Gabriel Salgado S.","Tiempo de lectura":"2 minutos"},"schema":{"@context":"https:\/\/schema.org","@graph":[{"@type":"Article","@id":"https:\/\/colegioarquitectos.com\/noticias\/?p=2173#article","isPartOf":{"@id":"https:\/\/colegioarquitectos.com\/noticias\/?p=2173"},"author":{"name":"Gabriel Salgado S.","@id":"https:\/\/colegioarquitectos.com\/noticias\/#\/schema\/person\/b6c7e912cd1283c089114093ed09741f"},"headline":"Expertos abordar\u00e1n la planificaci\u00f3n y gesti\u00f3n de proyectos urbanos locales en seminario de la Universidad Central","datePublished":"2012-08-10T17:55:39+00:00","dateModified":"2012-08-20T20:06:34+00:00","mainEntityOfPage":{"@id":"https:\/\/colegioarquitectos.com\/noticias\/?p=2173"},"wordCount":345,"commentCount":0,"publisher":{"@id":"https:\/\/colegioarquitectos.com\/noticias\/#organization"},"image":{"@id":"https:\/\/colegioarquitectos.com\/noticias\/?p=2173#primaryimage"},"thumbnailUrl":"http:\/\/colegioarquitectos.com\/noticias\/wp-content\/uploads\/2012\/08\/inv.jpg","articleSection":["Actividades","Lanzamientos"],"inLanguage":"es","potentialAction":[{"@type":"CommentAction","name":"Comment","target":["https:\/\/colegioarquitectos.com\/noticias\/?p=2173#respond"]}]},{"@type":"WebPage","@id":"https:\/\/colegioarquitectos.com\/noticias\/?p=2173","url":"https:\/\/colegioarquitectos.com\/noticias\/?p=2173","name":"Expertos abordar\u00e1n la planificaci\u00f3n y gesti\u00f3n de proyectos urbanos locales en seminario de la Universidad Central - COLEGIO DE ARQUITECTOS DE CHILE","isPartOf":{"@id":"https:\/\/colegioarquitectos.com\/noticias\/#website"},"primaryImageOfPage":{"@id":"https:\/\/colegioarquitectos.com\/noticias\/?p=2173#primaryimage"},"image":{"@id":"https:\/\/colegioarquitectos.com\/noticias\/?p=2173#primaryimage"},"thumbnailUrl":"http:\/\/colegioarquitectos.com\/noticias\/wp-content\/uploads\/2012\/08\/inv.jpg","datePublished":"2012-08-10T17:55:39+00:00","dateModified":"2012-08-20T20:06:34+00:00","breadcrumb":{"@id":"https:\/\/colegioarquitectos.com\/noticias\/?p=2173#breadcrumb"},"inLanguage":"es","potentialAction":[{"@type":"ReadAction","target":["https:\/\/colegioarquitectos.com\/noticias\/?p=2173"]}]},{"@type":"ImageObject","inLanguage":"es","@id":"https:\/\/colegioarquitectos.com\/noticias\/?p=2173#primaryimage","url":"http:\/\/colegioarquitectos.com\/noticias\/wp-content\/uploads\/2012\/08\/inv.jpg","contentUrl":"http:\/\/colegioarquitectos.com\/noticias\/wp-content\/uploads\/2012\/08\/inv.jpg"},{"@type":"BreadcrumbList","@id":"https:\/\/colegioarquitectos.com\/noticias\/?p=2173#breadcrumb","itemListElement":[{"@type":"ListItem","position":1,"name":"Portada","item":"https:\/\/colegioarquitectos.com\/noticias"},{"@type":"ListItem","position":2,"name":"Expertos abordar\u00e1n la planificaci\u00f3n y gesti\u00f3n de proyectos urbanos locales en seminario de la Universidad Central"}]},{"@type":"WebSite","@id":"https:\/\/colegioarquitectos.com\/noticias\/#website","url":"https:\/\/colegioarquitectos.com\/noticias\/","name":"COLEGIO DE ARQUITECTOS DE CHILE","description":"","publisher":{"@id":"https:\/\/colegioarquitectos.com\/noticias\/#organization"},"potentialAction":[{"@type":"SearchAction","target":{"@type":"EntryPoint","urlTemplate":"https:\/\/colegioarquitectos.com\/noticias\/?s={search_term_string}"},"query-input":{"@type":"PropertyValueSpecification","valueRequired":true,"valueName":"search_term_string"}}],"inLanguage":"es"},{"@type":"Organization","@id":"https:\/\/colegioarquitectos.com\/noticias\/#organization","name":"COLEGIO DE ARQUITECTOS DE CHILE","url":"https:\/\/colegioarquitectos.com\/noticias\/","logo":{"@type":"ImageObject","inLanguage":"es","@id":"https:\/\/colegioarquitectos.com\/noticias\/#\/schema\/logo\/image\/","url":"https:\/\/colegioarquitectos.com\/noticias\/wp-content\/uploads\/2021\/05\/ENCABEZADO-LOGO-CA.jpg","contentUrl":"https:\/\/colegioarquitectos.com\/noticias\/wp-content\/uploads\/2021\/05\/ENCABEZADO-LOGO-CA.jpg","width":690,"height":350,"caption":"COLEGIO DE ARQUITECTOS DE CHILE"},"image":{"@id":"https:\/\/colegioarquitectos.com\/noticias\/#\/schema\/logo\/image\/"},"sameAs":["https:\/\/facebook.com\/Colegioarq\/","https:\/\/x.com\/colegioarq","https:\/\/instagram.com\/colegioarq","https:\/\/youtube.com\/@ColegiodeArquitectosdeChile"]},{"@type":"Person","@id":"https:\/\/colegioarquitectos.com\/noticias\/#\/schema\/person\/b6c7e912cd1283c089114093ed09741f","name":"Gabriel Salgado S.","url":"https:\/\/colegioarquitectos.com\/noticias\/?author=1"}]}},"_links":{"self":[{"href":"https:\/\/colegioarquitectos.com\/noticias\/index.php?rest_route=\/wp\/v2\/posts\/2173","targetHints":{"allow":["GET"]}}],"collection":[{"href":"https:\/\/colegioarquitectos.com\/noticias\/index.php?rest_route=\/wp\/v2\/posts"}],"about":[{"href":"https:\/\/colegioarquitectos.com\/noticias\/index.php?rest_route=\/wp\/v2\/types\/post"}],"author":[{"embeddable":true,"href":"https:\/\/colegioarquitectos.com\/noticias\/index.php?rest_route=\/wp\/v2\/users\/1"}],"replies":[{"embeddable":true,"href":"https:\/\/colegioarquitectos.com\/noticias\/index.php?rest_route=%2Fwp%2Fv2%2Fcomments&post=2173"}],"version-history":[{"count":0,"href":"https:\/\/colegioarquitectos.com\/noticias\/index.php?rest_route=\/wp\/v2\/posts\/2173\/revisions"}],"wp:attachment":[{"href":"https:\/\/colegioarquitectos.com\/noticias\/index.php?rest_route=%2Fwp%2Fv2%2Fmedia&parent=2173"}],"wp:term":[{"taxonomy":"category","embeddable":true,"href":"https:\/\/colegioarquitectos.com\/noticias\/index.php?rest_route=%2Fwp%2Fv2%2Fcategories&post=2173"},{"taxonomy":"post_tag","embeddable":true,"href":"https:\/\/colegioarquitectos.com\/noticias\/index.php?rest_route=%2Fwp%2Fv2%2Ftags&post=2173"}],"curies":[{"name":"wp","href":"https:\/\/api.w.org\/{rel}","templated":true}]}}