
{"id":21730,"date":"2018-08-30T18:02:15","date_gmt":"2018-08-30T18:02:15","guid":{"rendered":"http:\/\/colegioarquitectos.com\/?p=21730"},"modified":"2018-09-07T14:09:49","modified_gmt":"2018-09-07T14:09:49","slug":"se-realizara-el-seminario-abuso-habitacional-migracion-y-nuevas-politicas-de-vivienda","status":"publish","type":"post","link":"https:\/\/colegioarquitectos.com\/noticias\/?p=21730","title":{"rendered":"Se realizar\u00e1 el seminario \u201cAbuso habitacional, migraci\u00f3n y nuevas pol\u00edticas de vivienda\u201d"},"content":{"rendered":"<p>El <strong>Comit\u00e9 de H\u00e1bitat y Vivienda<\/strong> del <strong>Colegio de Arquitectos de Chile<\/strong> y <strong>Sur Corporaci\u00f3n de Estudios Sociales y Educaci\u00f3n<\/strong> est\u00e1n organizando el <strong>Seminario \u201cAbuso habitacional, migraci\u00f3n y nuevas pol\u00edticas de vivienda\u201d<\/strong>, que se llevar\u00e1 a cabo el pr\u00f3ximo viernes <strong>7 de septiembre<\/strong> entre las <strong>09:00 y las 13:30 horas<\/strong> en la sede nacional del <strong>Colegio de Arquitectos de Chile<\/strong> (Avenida Libertador Bernardo O\u2019Higgins 115, Santiago).<\/p>\n<p>El objetivo del seminario es<strong> discutir sobre la necesidad de elaborar nuevas pol\u00edticas p\u00fablicas que den soluciones inclusivas a dos tem\u00e1ticas emergentes relacionadas con la migraci\u00f3n latinoamericana en nuestro pa\u00eds<\/strong>:<\/p>\n<p>&nbsp;<\/p>\n<ol>\n<li>La b\u00fasqueda de mecanismos que sirvan para impedir la proliferaci\u00f3n de situaciones de abuso en el \u00e1mbito habitacional, como son los arriendos y subarriendos de inmuebles o piezas en condiciones insalubres e inseguras y los precios excesivos que se cobran en estos casos.<\/li>\n<li>La necesidad de adoptar pol\u00edticas p\u00fablicas que faciliten el acceso a una vivienda adecuada para las personas y familias, tanto chilenas como las que llegan a vivir en nuestro pa\u00eds, cuando no logran hacerlo por las v\u00edas tradicionales, sea por problemas econ\u00f3micos, laborales, culturales o raciales.<\/li>\n<\/ol>\n<p>&nbsp;<\/p>\n<p><strong>Programa Seminario \u201cAbuso habitacional, migraci\u00f3n y nuevas pol\u00edticas de vivienda\u201d<\/strong><\/p>\n<p>&nbsp;<\/p>\n<p><strong>09:00 &#8211; 09:30\u00a0\u00a0\u00a0<\/strong><\/p>\n<p>Acreditaci\u00f3n y caf\u00e9<\/p>\n<p>&nbsp;<\/p>\n<p><strong>09:30 &#8211; 10:00\u00a0\u00a0\u00a0\u00a0\u00a0<\/strong><\/p>\n<p>Palabras de bienvenida:<\/p>\n<p><strong>Alfredo Rodr\u00edguez<\/strong>, SUR Corporaci\u00f3n de Estudios Sociales y Educaci\u00f3n<\/p>\n<p>&nbsp;<\/p>\n<p><strong>10:00 &#8211; 11:30\u00a0\u00a0\u00a0\u00a0<\/strong><\/p>\n<p><em>C\u00f3mo evitamos el abuso habitacional<\/em><\/p>\n<p>Modera: <strong>Carolina Toh\u00e1<\/strong>, ex alcaldesa de Santiago<\/p>\n<p>Participan:\u00a0<strong>Gonzalo Dur\u00e1n<\/strong>, alcalde de Independencia;\u00a0<strong>Constanza Lizama<\/strong>, abogada Comit\u00e9 H\u00e1bitat y Vivienda, Colegio de Arquitectos de Chile;\u00a0<strong>Pablo Valenzuela<\/strong>, exdirector del Servicio Jesuita de Migrantes y de la Direcci\u00f3n de\u00a0 Desarrollo Comunitario (DIDECO), Providencia;\u00a0<strong>Mabel Cobos<\/strong>, dirigenta Movimiento de Acci\u00f3n Migrante (MAM).<\/p>\n<p>&nbsp;<\/p>\n<p><strong>11:30-11:45\u00a0 \u00a0 \u00a0 \u00a0 \u00a0<\/strong><\/p>\n<p>Caf\u00e9<\/p>\n<p>&nbsp;<\/p>\n<p><strong>11:45-13:15\u00a0\u00a0\u00a0<\/strong><\/p>\n<p><em>Una pol\u00edtica inclusiva de vivienda<\/em><\/p>\n<p>Modera: <strong>Susana Aravena<\/strong>, SUR Corporaci\u00f3n de Estudios Sociales y Educaci\u00f3n<\/p>\n<p>Participan:\u00a0<strong>Leonardo Moreno<\/strong>, Fundaci\u00f3n para la Superaci\u00f3n de la Pobreza;\u00a0<strong>Magally \u00c1vila<\/strong>, dirigenta Comit\u00e9 de Vivienda \u201cPor un Santiago multicolor\u201d;\u00a0<strong>Alberto Pizarro<\/strong>, asesor de Pol\u00edtica Habitacional, Municipalidad de Recoleta;\u00a0<strong>Genaro Cuadros<\/strong>, Laboratorio Ciudad y Territorio, Universidad Diego Portales.<\/p>\n<p>&nbsp;<\/p>\n<p><strong>13:15 &#8211; 13:30\u00a0 \u00a0<\/strong><\/p>\n<p>Palabras de cierre:\u00a0<strong>Ana Sugranyes<\/strong>, Comit\u00e9 H\u00e1bitat y Vivienda, Colegio de Arquitectos de Chile<\/p>\n<p>&nbsp;<\/p>\n<p><img loading=\"lazy\" decoding=\"async\" class=\"aligncenter size-large wp-image-21732\" src=\"http:\/\/colegioarquitectos.com\/noticias\/wp-content\/uploads\/2018\/08\/CALIDAD-M\u00c1S-BAJA-686x1024.jpg\" alt=\"\" width=\"686\" height=\"1024\" srcset=\"https:\/\/colegioarquitectos.com\/noticias\/wp-content\/uploads\/2018\/08\/CALIDAD-M\u00c1S-BAJA-686x1024.jpg 686w, https:\/\/colegioarquitectos.com\/noticias\/wp-content\/uploads\/2018\/08\/CALIDAD-M\u00c1S-BAJA-201x300.jpg 201w, https:\/\/colegioarquitectos.com\/noticias\/wp-content\/uploads\/2018\/08\/CALIDAD-M\u00c1S-BAJA-768x1146.jpg 768w, https:\/\/colegioarquitectos.com\/noticias\/wp-content\/uploads\/2018\/08\/CALIDAD-M\u00c1S-BAJA.jpg 1612w\" sizes=\"auto, (max-width: 686px) 100vw, 686px\" \/><\/p>\n<p><\/p>","protected":false},"excerpt":{"rendered":"<p>El Comit\u00e9 de H\u00e1bitat y Vivienda del Colegio de Arquitectos de Chile y Sur Corporaci\u00f3n de Estudios Sociales y Educaci\u00f3n est\u00e1n organizando el Seminario \u201cAbuso habitacional, migraci\u00f3n y nuevas pol\u00edticas de vivienda\u201d, que se llevar\u00e1 a cabo el pr\u00f3ximo viernes &hellip; <a class=\"more-link\" href=\"https:\/\/colegioarquitectos.com\/noticias\/?p=21730\">ver m\u00e1s<\/a><\/p>","protected":false},"author":4,"featured_media":21731,"comment_status":"closed","ping_status":"closed","sticky":false,"template":"","format":"standard","meta":{"footnotes":""},"categories":[8],"tags":[],"class_list":["post-21730","post","type-post","status-publish","format-standard","has-post-thumbnail","hentry","category-colegio-de-arquitectos"],"yoast_head":"<!-- This site is optimized with the Yoast SEO plugin v24.2 - https:\/\/yoast.com\/wordpress\/plugins\/seo\/ -->\n<title>Se realizar\u00e1 el seminario \u201cAbuso habitacional, migraci\u00f3n y nuevas pol\u00edticas de vivienda\u201d - COLEGIO DE ARQUITECTOS DE CHILE<\/title>\n<meta name=\"robots\" content=\"index, follow, max-snippet:-1, max-image-preview:large, max-video-preview:-1\" \/>\n<link rel=\"canonical\" href=\"https:\/\/colegioarquitectos.com\/noticias\/?p=21730\" \/>\n<meta property=\"og:locale\" content=\"es_ES\" \/>\n<meta property=\"og:type\" content=\"article\" \/>\n<meta property=\"og:title\" content=\"Se realizar\u00e1 el seminario \u201cAbuso habitacional, migraci\u00f3n y nuevas pol\u00edticas de vivienda\u201d - COLEGIO DE ARQUITECTOS DE CHILE\" \/>\n<meta property=\"og:description\" content=\"El Comit\u00e9 de H\u00e1bitat y Vivienda del Colegio de Arquitectos de Chile y Sur Corporaci\u00f3n de Estudios Sociales y Educaci\u00f3n est\u00e1n organizando el Seminario \u201cAbuso habitacional, migraci\u00f3n y nuevas pol\u00edticas de vivienda\u201d, que se llevar\u00e1 a cabo el pr\u00f3ximo viernes &hellip; ver m\u00e1s\" \/>\n<meta property=\"og:url\" content=\"https:\/\/colegioarquitectos.com\/noticias\/?p=21730\" \/>\n<meta property=\"og:site_name\" content=\"COLEGIO DE ARQUITECTOS DE CHILE\" \/>\n<meta property=\"article:publisher\" content=\"https:\/\/facebook.com\/Colegioarq\/\" \/>\n<meta property=\"article:published_time\" content=\"2018-08-30T18:02:15+00:00\" \/>\n<meta property=\"article:modified_time\" content=\"2018-09-07T14:09:49+00:00\" \/>\n<meta property=\"og:image\" content=\"https:\/\/colegioarquitectos.com\/noticias\/wp-content\/uploads\/2018\/08\/ENCABEZADO-WEB-SEMINARIO.jpg\" \/>\n\t<meta property=\"og:image:width\" content=\"690\" \/>\n\t<meta property=\"og:image:height\" content=\"350\" \/>\n\t<meta property=\"og:image:type\" content=\"image\/jpeg\" \/>\n<meta name=\"author\" content=\"Colegio de Arquitectos de Chile\" \/>\n<meta name=\"twitter:card\" content=\"summary_large_image\" \/>\n<meta name=\"twitter:creator\" content=\"@colegioarq\" \/>\n<meta name=\"twitter:site\" content=\"@colegioarq\" \/>\n<meta name=\"twitter:label1\" content=\"Escrito por\" \/>\n\t<meta name=\"twitter:data1\" content=\"Colegio de Arquitectos de Chile\" \/>\n\t<meta name=\"twitter:label2\" content=\"Tiempo de lectura\" \/>\n\t<meta name=\"twitter:data2\" content=\"2 minutos\" \/>\n<script type=\"application\/ld+json\" class=\"yoast-schema-graph\">{\"@context\":\"https:\/\/schema.org\",\"@graph\":[{\"@type\":\"Article\",\"@id\":\"https:\/\/colegioarquitectos.com\/noticias\/?p=21730#article\",\"isPartOf\":{\"@id\":\"https:\/\/colegioarquitectos.com\/noticias\/?p=21730\"},\"author\":{\"name\":\"Colegio de Arquitectos de Chile\",\"@id\":\"https:\/\/colegioarquitectos.com\/noticias\/#\/schema\/person\/685cc0aad148303c5608f049af8285ad\"},\"headline\":\"Se realizar\u00e1 el seminario \u201cAbuso habitacional, migraci\u00f3n y nuevas pol\u00edticas de vivienda\u201d\",\"datePublished\":\"2018-08-30T18:02:15+00:00\",\"dateModified\":\"2018-09-07T14:09:49+00:00\",\"mainEntityOfPage\":{\"@id\":\"https:\/\/colegioarquitectos.com\/noticias\/?p=21730\"},\"wordCount\":396,\"publisher\":{\"@id\":\"https:\/\/colegioarquitectos.com\/noticias\/#organization\"},\"image\":{\"@id\":\"https:\/\/colegioarquitectos.com\/noticias\/?p=21730#primaryimage\"},\"thumbnailUrl\":\"https:\/\/colegioarquitectos.com\/noticias\/wp-content\/uploads\/2018\/08\/ENCABEZADO-WEB-SEMINARIO.jpg\",\"articleSection\":[\"Colegio\"],\"inLanguage\":\"es\"},{\"@type\":\"WebPage\",\"@id\":\"https:\/\/colegioarquitectos.com\/noticias\/?p=21730\",\"url\":\"https:\/\/colegioarquitectos.com\/noticias\/?p=21730\",\"name\":\"Se realizar\u00e1 el seminario \u201cAbuso habitacional, migraci\u00f3n y nuevas pol\u00edticas de vivienda\u201d - COLEGIO DE ARQUITECTOS DE CHILE\",\"isPartOf\":{\"@id\":\"https:\/\/colegioarquitectos.com\/noticias\/#website\"},\"primaryImageOfPage\":{\"@id\":\"https:\/\/colegioarquitectos.com\/noticias\/?p=21730#primaryimage\"},\"image\":{\"@id\":\"https:\/\/colegioarquitectos.com\/noticias\/?p=21730#primaryimage\"},\"thumbnailUrl\":\"https:\/\/colegioarquitectos.com\/noticias\/wp-content\/uploads\/2018\/08\/ENCABEZADO-WEB-SEMINARIO.jpg\",\"datePublished\":\"2018-08-30T18:02:15+00:00\",\"dateModified\":\"2018-09-07T14:09:49+00:00\",\"breadcrumb\":{\"@id\":\"https:\/\/colegioarquitectos.com\/noticias\/?p=21730#breadcrumb\"},\"inLanguage\":\"es\",\"potentialAction\":[{\"@type\":\"ReadAction\",\"target\":[\"https:\/\/colegioarquitectos.com\/noticias\/?p=21730\"]}]},{\"@type\":\"ImageObject\",\"inLanguage\":\"es\",\"@id\":\"https:\/\/colegioarquitectos.com\/noticias\/?p=21730#primaryimage\",\"url\":\"https:\/\/colegioarquitectos.com\/noticias\/wp-content\/uploads\/2018\/08\/ENCABEZADO-WEB-SEMINARIO.jpg\",\"contentUrl\":\"https:\/\/colegioarquitectos.com\/noticias\/wp-content\/uploads\/2018\/08\/ENCABEZADO-WEB-SEMINARIO.jpg\",\"width\":690,\"height\":350},{\"@type\":\"BreadcrumbList\",\"@id\":\"https:\/\/colegioarquitectos.com\/noticias\/?p=21730#breadcrumb\",\"itemListElement\":[{\"@type\":\"ListItem\",\"position\":1,\"name\":\"Portada\",\"item\":\"https:\/\/colegioarquitectos.com\/noticias\"},{\"@type\":\"ListItem\",\"position\":2,\"name\":\"Se realizar\u00e1 el seminario \u201cAbuso habitacional, migraci\u00f3n y nuevas pol\u00edticas de vivienda\u201d\"}]},{\"@type\":\"WebSite\",\"@id\":\"https:\/\/colegioarquitectos.com\/noticias\/#website\",\"url\":\"https:\/\/colegioarquitectos.com\/noticias\/\",\"name\":\"COLEGIO DE ARQUITECTOS DE CHILE\",\"description\":\"\",\"publisher\":{\"@id\":\"https:\/\/colegioarquitectos.com\/noticias\/#organization\"},\"potentialAction\":[{\"@type\":\"SearchAction\",\"target\":{\"@type\":\"EntryPoint\",\"urlTemplate\":\"https:\/\/colegioarquitectos.com\/noticias\/?s={search_term_string}\"},\"query-input\":{\"@type\":\"PropertyValueSpecification\",\"valueRequired\":true,\"valueName\":\"search_term_string\"}}],\"inLanguage\":\"es\"},{\"@type\":\"Organization\",\"@id\":\"https:\/\/colegioarquitectos.com\/noticias\/#organization\",\"name\":\"COLEGIO DE ARQUITECTOS DE CHILE\",\"url\":\"https:\/\/colegioarquitectos.com\/noticias\/\",\"logo\":{\"@type\":\"ImageObject\",\"inLanguage\":\"es\",\"@id\":\"https:\/\/colegioarquitectos.com\/noticias\/#\/schema\/logo\/image\/\",\"url\":\"https:\/\/colegioarquitectos.com\/noticias\/wp-content\/uploads\/2021\/05\/ENCABEZADO-LOGO-CA.jpg\",\"contentUrl\":\"https:\/\/colegioarquitectos.com\/noticias\/wp-content\/uploads\/2021\/05\/ENCABEZADO-LOGO-CA.jpg\",\"width\":690,\"height\":350,\"caption\":\"COLEGIO DE ARQUITECTOS DE CHILE\"},\"image\":{\"@id\":\"https:\/\/colegioarquitectos.com\/noticias\/#\/schema\/logo\/image\/\"},\"sameAs\":[\"https:\/\/facebook.com\/Colegioarq\/\",\"https:\/\/x.com\/colegioarq\",\"https:\/\/instagram.com\/colegioarq\",\"https:\/\/youtube.com\/@ColegiodeArquitectosdeChile\"]},{\"@type\":\"Person\",\"@id\":\"https:\/\/colegioarquitectos.com\/noticias\/#\/schema\/person\/685cc0aad148303c5608f049af8285ad\",\"name\":\"Colegio de Arquitectos de Chile\",\"url\":\"https:\/\/colegioarquitectos.com\/noticias\/?author=4\"}]}<\/script>\n<!-- \/ Yoast SEO plugin. -->","yoast_head_json":{"title":"Se realizar\u00e1 el seminario \u201cAbuso habitacional, migraci\u00f3n y nuevas pol\u00edticas de vivienda\u201d - COLEGIO DE ARQUITECTOS DE CHILE","robots":{"index":"index","follow":"follow","max-snippet":"max-snippet:-1","max-image-preview":"max-image-preview:large","max-video-preview":"max-video-preview:-1"},"canonical":"https:\/\/colegioarquitectos.com\/noticias\/?p=21730","og_locale":"es_ES","og_type":"article","og_title":"Se realizar\u00e1 el seminario \u201cAbuso habitacional, migraci\u00f3n y nuevas pol\u00edticas de vivienda\u201d - COLEGIO DE ARQUITECTOS DE CHILE","og_description":"El Comit\u00e9 de H\u00e1bitat y Vivienda del Colegio de Arquitectos de Chile y Sur Corporaci\u00f3n de Estudios Sociales y Educaci\u00f3n est\u00e1n organizando el Seminario \u201cAbuso habitacional, migraci\u00f3n y nuevas pol\u00edticas de vivienda\u201d, que se llevar\u00e1 a cabo el pr\u00f3ximo viernes &hellip; ver m\u00e1s","og_url":"https:\/\/colegioarquitectos.com\/noticias\/?p=21730","og_site_name":"COLEGIO DE ARQUITECTOS DE CHILE","article_publisher":"https:\/\/facebook.com\/Colegioarq\/","article_published_time":"2018-08-30T18:02:15+00:00","article_modified_time":"2018-09-07T14:09:49+00:00","og_image":[{"width":690,"height":350,"url":"https:\/\/colegioarquitectos.com\/noticias\/wp-content\/uploads\/2018\/08\/ENCABEZADO-WEB-SEMINARIO.jpg","type":"image\/jpeg"}],"author":"Colegio de Arquitectos de Chile","twitter_card":"summary_large_image","twitter_creator":"@colegioarq","twitter_site":"@colegioarq","twitter_misc":{"Escrito por":"Colegio de Arquitectos de Chile","Tiempo de lectura":"2 minutos"},"schema":{"@context":"https:\/\/schema.org","@graph":[{"@type":"Article","@id":"https:\/\/colegioarquitectos.com\/noticias\/?p=21730#article","isPartOf":{"@id":"https:\/\/colegioarquitectos.com\/noticias\/?p=21730"},"author":{"name":"Colegio de Arquitectos de Chile","@id":"https:\/\/colegioarquitectos.com\/noticias\/#\/schema\/person\/685cc0aad148303c5608f049af8285ad"},"headline":"Se realizar\u00e1 el seminario \u201cAbuso habitacional, migraci\u00f3n y nuevas pol\u00edticas de vivienda\u201d","datePublished":"2018-08-30T18:02:15+00:00","dateModified":"2018-09-07T14:09:49+00:00","mainEntityOfPage":{"@id":"https:\/\/colegioarquitectos.com\/noticias\/?p=21730"},"wordCount":396,"publisher":{"@id":"https:\/\/colegioarquitectos.com\/noticias\/#organization"},"image":{"@id":"https:\/\/colegioarquitectos.com\/noticias\/?p=21730#primaryimage"},"thumbnailUrl":"https:\/\/colegioarquitectos.com\/noticias\/wp-content\/uploads\/2018\/08\/ENCABEZADO-WEB-SEMINARIO.jpg","articleSection":["Colegio"],"inLanguage":"es"},{"@type":"WebPage","@id":"https:\/\/colegioarquitectos.com\/noticias\/?p=21730","url":"https:\/\/colegioarquitectos.com\/noticias\/?p=21730","name":"Se realizar\u00e1 el seminario \u201cAbuso habitacional, migraci\u00f3n y nuevas pol\u00edticas de vivienda\u201d - COLEGIO DE ARQUITECTOS DE CHILE","isPartOf":{"@id":"https:\/\/colegioarquitectos.com\/noticias\/#website"},"primaryImageOfPage":{"@id":"https:\/\/colegioarquitectos.com\/noticias\/?p=21730#primaryimage"},"image":{"@id":"https:\/\/colegioarquitectos.com\/noticias\/?p=21730#primaryimage"},"thumbnailUrl":"https:\/\/colegioarquitectos.com\/noticias\/wp-content\/uploads\/2018\/08\/ENCABEZADO-WEB-SEMINARIO.jpg","datePublished":"2018-08-30T18:02:15+00:00","dateModified":"2018-09-07T14:09:49+00:00","breadcrumb":{"@id":"https:\/\/colegioarquitectos.com\/noticias\/?p=21730#breadcrumb"},"inLanguage":"es","potentialAction":[{"@type":"ReadAction","target":["https:\/\/colegioarquitectos.com\/noticias\/?p=21730"]}]},{"@type":"ImageObject","inLanguage":"es","@id":"https:\/\/colegioarquitectos.com\/noticias\/?p=21730#primaryimage","url":"https:\/\/colegioarquitectos.com\/noticias\/wp-content\/uploads\/2018\/08\/ENCABEZADO-WEB-SEMINARIO.jpg","contentUrl":"https:\/\/colegioarquitectos.com\/noticias\/wp-content\/uploads\/2018\/08\/ENCABEZADO-WEB-SEMINARIO.jpg","width":690,"height":350},{"@type":"BreadcrumbList","@id":"https:\/\/colegioarquitectos.com\/noticias\/?p=21730#breadcrumb","itemListElement":[{"@type":"ListItem","position":1,"name":"Portada","item":"https:\/\/colegioarquitectos.com\/noticias"},{"@type":"ListItem","position":2,"name":"Se realizar\u00e1 el seminario \u201cAbuso habitacional, migraci\u00f3n y nuevas pol\u00edticas de vivienda\u201d"}]},{"@type":"WebSite","@id":"https:\/\/colegioarquitectos.com\/noticias\/#website","url":"https:\/\/colegioarquitectos.com\/noticias\/","name":"COLEGIO DE ARQUITECTOS DE CHILE","description":"","publisher":{"@id":"https:\/\/colegioarquitectos.com\/noticias\/#organization"},"potentialAction":[{"@type":"SearchAction","target":{"@type":"EntryPoint","urlTemplate":"https:\/\/colegioarquitectos.com\/noticias\/?s={search_term_string}"},"query-input":{"@type":"PropertyValueSpecification","valueRequired":true,"valueName":"search_term_string"}}],"inLanguage":"es"},{"@type":"Organization","@id":"https:\/\/colegioarquitectos.com\/noticias\/#organization","name":"COLEGIO DE ARQUITECTOS DE CHILE","url":"https:\/\/colegioarquitectos.com\/noticias\/","logo":{"@type":"ImageObject","inLanguage":"es","@id":"https:\/\/colegioarquitectos.com\/noticias\/#\/schema\/logo\/image\/","url":"https:\/\/colegioarquitectos.com\/noticias\/wp-content\/uploads\/2021\/05\/ENCABEZADO-LOGO-CA.jpg","contentUrl":"https:\/\/colegioarquitectos.com\/noticias\/wp-content\/uploads\/2021\/05\/ENCABEZADO-LOGO-CA.jpg","width":690,"height":350,"caption":"COLEGIO DE ARQUITECTOS DE CHILE"},"image":{"@id":"https:\/\/colegioarquitectos.com\/noticias\/#\/schema\/logo\/image\/"},"sameAs":["https:\/\/facebook.com\/Colegioarq\/","https:\/\/x.com\/colegioarq","https:\/\/instagram.com\/colegioarq","https:\/\/youtube.com\/@ColegiodeArquitectosdeChile"]},{"@type":"Person","@id":"https:\/\/colegioarquitectos.com\/noticias\/#\/schema\/person\/685cc0aad148303c5608f049af8285ad","name":"Colegio de Arquitectos de Chile","url":"https:\/\/colegioarquitectos.com\/noticias\/?author=4"}]}},"_links":{"self":[{"href":"https:\/\/colegioarquitectos.com\/noticias\/index.php?rest_route=\/wp\/v2\/posts\/21730","targetHints":{"allow":["GET"]}}],"collection":[{"href":"https:\/\/colegioarquitectos.com\/noticias\/index.php?rest_route=\/wp\/v2\/posts"}],"about":[{"href":"https:\/\/colegioarquitectos.com\/noticias\/index.php?rest_route=\/wp\/v2\/types\/post"}],"author":[{"embeddable":true,"href":"https:\/\/colegioarquitectos.com\/noticias\/index.php?rest_route=\/wp\/v2\/users\/4"}],"replies":[{"embeddable":true,"href":"https:\/\/colegioarquitectos.com\/noticias\/index.php?rest_route=%2Fwp%2Fv2%2Fcomments&post=21730"}],"version-history":[{"count":0,"href":"https:\/\/colegioarquitectos.com\/noticias\/index.php?rest_route=\/wp\/v2\/posts\/21730\/revisions"}],"wp:featuredmedia":[{"embeddable":true,"href":"https:\/\/colegioarquitectos.com\/noticias\/index.php?rest_route=\/wp\/v2\/media\/21731"}],"wp:attachment":[{"href":"https:\/\/colegioarquitectos.com\/noticias\/index.php?rest_route=%2Fwp%2Fv2%2Fmedia&parent=21730"}],"wp:term":[{"taxonomy":"category","embeddable":true,"href":"https:\/\/colegioarquitectos.com\/noticias\/index.php?rest_route=%2Fwp%2Fv2%2Fcategories&post=21730"},{"taxonomy":"post_tag","embeddable":true,"href":"https:\/\/colegioarquitectos.com\/noticias\/index.php?rest_route=%2Fwp%2Fv2%2Ftags&post=21730"}],"curies":[{"name":"wp","href":"https:\/\/api.w.org\/{rel}","templated":true}]}}