
{"id":21740,"date":"2018-08-31T15:55:11","date_gmt":"2018-08-31T15:55:11","guid":{"rendered":"http:\/\/colegioarquitectos.com\/?p=21740"},"modified":"2018-08-31T19:16:48","modified_gmt":"2018-08-31T19:16:48","slug":"tercera-version-del-curso-passivhaus-designer-en-sudamerica","status":"publish","type":"post","link":"https:\/\/colegioarquitectos.com\/noticias\/?p=21740","title":{"rendered":"Tercera versi\u00f3n del curso Passivhaus Designer en Sudam\u00e9rica"},"content":{"rendered":"<p><strong>Passivhaus<\/strong> es uno de los m\u00e1s altos est\u00e1ndares de eficiencia energ\u00e9tica para edificios. Es reconocido a nivel mundial y constituye la base para dise\u00f1ar <strong>edificios de consumo casi nulo<\/strong>. La participaci\u00f3n en el <strong>Curso Passivhaus Expert<\/strong> capacitar\u00e1 a profesionales en el desarrollo de edificios con est\u00e1ndar Pasivhaus. As\u00ed tambi\u00e9n los participantes podr\u00e1n optar al examen oficial en castellano (en Chile) del Passivhaus Institut para acreditarse como proyectistas certificados Passivhaus (Passive House Designer).<\/p>\n<p>El <strong>curso Passivhaus Designer<\/strong> est\u00e1 dirigido a arquitectos, constructores, dise\u00f1adores, ingenieros, especialistas de clima, inspectores de obra y profesionales del rubro de la construcci\u00f3n en general, y se realizar\u00e1 en la <strong>Facultad de Arquitectura, Urbanismo y Paisaje<\/strong> de la <strong>Universidad Central<\/strong>.<\/p>\n<p>&nbsp;<\/p>\n<p><strong>CRONOGRAMA<\/strong><\/p>\n<p><strong>Sesiones Webinar<\/strong>: 3, 4, 5 de octubre | 16:00 \u2013 19:00 horas<\/p>\n<p><strong>Sesiones presencial:<\/strong> 11, 12, 13 de octubre | 08:30 \u2013 18:30 horas (Pausa 13:00 \u2013 14:00 horas)<\/p>\n<p><strong>Sesiones presencial:<\/strong> 17, 18, 19, 20 de octubre | 08:30 \u2013 18:30 horas (Pausa 13:00 \u2013 14:00 horas)<\/p>\n<p>*Incluye certificado de participaci\u00f3n. Examen oficial <strong>CERTIFIED PASSIVE HOUSE DESIGNER<\/strong> es opcional.<\/p>\n<p>&nbsp;<\/p>\n<p>Para solicitar el programa e inscribirte, puedes escribir a <a href=\"mailto:mh@arquiambiente.cl\">mh@arquiambiente.cl<\/a> (<strong>Marcelo Huenchu\u00f1ir<\/strong>) o llamar a <strong>+56981365348<\/strong>, <strong>+56222012415<\/strong>.<\/p>\n<p><strong>\u00a1Atenci\u00f3n! Los colegiados y colegiadas del Colegio de Arquitectos de Chile tienen un 10% de descuento en el valor total del curso (CLP $1.400.000)<\/strong><\/p>\n<p>&nbsp;<\/p>\n<p><img loading=\"lazy\" decoding=\"async\" class=\"aligncenter size-large wp-image-21742\" src=\"http:\/\/colegioarquitectos.com\/noticias\/wp-content\/uploads\/2018\/08\/FLYER-FINAL-471x1024.jpg\" alt=\"\" width=\"471\" height=\"1024\" srcset=\"https:\/\/colegioarquitectos.com\/noticias\/wp-content\/uploads\/2018\/08\/FLYER-FINAL-471x1024.jpg 471w, https:\/\/colegioarquitectos.com\/noticias\/wp-content\/uploads\/2018\/08\/FLYER-FINAL-138x300.jpg 138w, https:\/\/colegioarquitectos.com\/noticias\/wp-content\/uploads\/2018\/08\/FLYER-FINAL-768x1671.jpg 768w, https:\/\/colegioarquitectos.com\/noticias\/wp-content\/uploads\/2018\/08\/FLYER-FINAL.jpg 1702w\" sizes=\"auto, (max-width: 471px) 100vw, 471px\" \/><\/p>\n<p><\/p>","protected":false},"excerpt":{"rendered":"<p>Passivhaus es uno de los m\u00e1s altos est\u00e1ndares de eficiencia energ\u00e9tica para edificios. Es reconocido a nivel mundial y constituye la base para dise\u00f1ar edificios de consumo casi nulo. La participaci\u00f3n en el Curso Passivhaus Expert capacitar\u00e1 a profesionales en &hellip; <a class=\"more-link\" href=\"https:\/\/colegioarquitectos.com\/noticias\/?p=21740\">ver m\u00e1s<\/a><\/p>","protected":false},"author":4,"featured_media":21744,"comment_status":"closed","ping_status":"closed","sticky":false,"template":"","format":"standard","meta":{"footnotes":""},"categories":[8],"tags":[],"class_list":["post-21740","post","type-post","status-publish","format-standard","has-post-thumbnail","hentry","category-colegio-de-arquitectos"],"yoast_head":"<!-- This site is optimized with the Yoast SEO plugin v24.2 - https:\/\/yoast.com\/wordpress\/plugins\/seo\/ -->\n<title>Tercera versi\u00f3n del curso Passivhaus Designer en Sudam\u00e9rica - COLEGIO DE ARQUITECTOS DE CHILE<\/title>\n<meta name=\"robots\" content=\"index, follow, max-snippet:-1, max-image-preview:large, max-video-preview:-1\" \/>\n<link rel=\"canonical\" href=\"https:\/\/colegioarquitectos.com\/noticias\/?p=21740\" \/>\n<meta property=\"og:locale\" content=\"es_ES\" \/>\n<meta property=\"og:type\" content=\"article\" \/>\n<meta property=\"og:title\" content=\"Tercera versi\u00f3n del curso Passivhaus Designer en Sudam\u00e9rica - COLEGIO DE ARQUITECTOS DE CHILE\" \/>\n<meta property=\"og:description\" content=\"Passivhaus es uno de los m\u00e1s altos est\u00e1ndares de eficiencia energ\u00e9tica para edificios. Es reconocido a nivel mundial y constituye la base para dise\u00f1ar edificios de consumo casi nulo. La participaci\u00f3n en el Curso Passivhaus Expert capacitar\u00e1 a profesionales en &hellip; ver m\u00e1s\" \/>\n<meta property=\"og:url\" content=\"https:\/\/colegioarquitectos.com\/noticias\/?p=21740\" \/>\n<meta property=\"og:site_name\" content=\"COLEGIO DE ARQUITECTOS DE CHILE\" \/>\n<meta property=\"article:publisher\" content=\"https:\/\/facebook.com\/Colegioarq\/\" \/>\n<meta property=\"article:published_time\" content=\"2018-08-31T15:55:11+00:00\" \/>\n<meta property=\"article:modified_time\" content=\"2018-08-31T19:16:48+00:00\" \/>\n<meta property=\"og:image\" content=\"https:\/\/colegioarquitectos.com\/noticias\/wp-content\/uploads\/2018\/08\/FLYER-CORTO-2018-copia.jpg\" \/>\n\t<meta property=\"og:image:width\" content=\"690\" \/>\n\t<meta property=\"og:image:height\" content=\"350\" \/>\n\t<meta property=\"og:image:type\" content=\"image\/jpeg\" \/>\n<meta name=\"author\" content=\"Colegio de Arquitectos de Chile\" \/>\n<meta name=\"twitter:card\" content=\"summary_large_image\" \/>\n<meta name=\"twitter:creator\" content=\"@colegioarq\" \/>\n<meta name=\"twitter:site\" content=\"@colegioarq\" \/>\n<meta name=\"twitter:label1\" content=\"Escrito por\" \/>\n\t<meta name=\"twitter:data1\" content=\"Colegio de Arquitectos de Chile\" \/>\n\t<meta name=\"twitter:label2\" content=\"Tiempo de lectura\" \/>\n\t<meta name=\"twitter:data2\" content=\"1 minuto\" \/>\n<script type=\"application\/ld+json\" class=\"yoast-schema-graph\">{\"@context\":\"https:\/\/schema.org\",\"@graph\":[{\"@type\":\"Article\",\"@id\":\"https:\/\/colegioarquitectos.com\/noticias\/?p=21740#article\",\"isPartOf\":{\"@id\":\"https:\/\/colegioarquitectos.com\/noticias\/?p=21740\"},\"author\":{\"name\":\"Colegio de Arquitectos de Chile\",\"@id\":\"https:\/\/colegioarquitectos.com\/noticias\/#\/schema\/person\/685cc0aad148303c5608f049af8285ad\"},\"headline\":\"Tercera versi\u00f3n del curso Passivhaus Designer en Sudam\u00e9rica\",\"datePublished\":\"2018-08-31T15:55:11+00:00\",\"dateModified\":\"2018-08-31T19:16:48+00:00\",\"mainEntityOfPage\":{\"@id\":\"https:\/\/colegioarquitectos.com\/noticias\/?p=21740\"},\"wordCount\":210,\"publisher\":{\"@id\":\"https:\/\/colegioarquitectos.com\/noticias\/#organization\"},\"image\":{\"@id\":\"https:\/\/colegioarquitectos.com\/noticias\/?p=21740#primaryimage\"},\"thumbnailUrl\":\"https:\/\/colegioarquitectos.com\/noticias\/wp-content\/uploads\/2018\/08\/FLYER-CORTO-2018-copia.jpg\",\"articleSection\":[\"Colegio\"],\"inLanguage\":\"es\"},{\"@type\":\"WebPage\",\"@id\":\"https:\/\/colegioarquitectos.com\/noticias\/?p=21740\",\"url\":\"https:\/\/colegioarquitectos.com\/noticias\/?p=21740\",\"name\":\"Tercera versi\u00f3n del curso Passivhaus Designer en Sudam\u00e9rica - COLEGIO DE ARQUITECTOS DE CHILE\",\"isPartOf\":{\"@id\":\"https:\/\/colegioarquitectos.com\/noticias\/#website\"},\"primaryImageOfPage\":{\"@id\":\"https:\/\/colegioarquitectos.com\/noticias\/?p=21740#primaryimage\"},\"image\":{\"@id\":\"https:\/\/colegioarquitectos.com\/noticias\/?p=21740#primaryimage\"},\"thumbnailUrl\":\"https:\/\/colegioarquitectos.com\/noticias\/wp-content\/uploads\/2018\/08\/FLYER-CORTO-2018-copia.jpg\",\"datePublished\":\"2018-08-31T15:55:11+00:00\",\"dateModified\":\"2018-08-31T19:16:48+00:00\",\"breadcrumb\":{\"@id\":\"https:\/\/colegioarquitectos.com\/noticias\/?p=21740#breadcrumb\"},\"inLanguage\":\"es\",\"potentialAction\":[{\"@type\":\"ReadAction\",\"target\":[\"https:\/\/colegioarquitectos.com\/noticias\/?p=21740\"]}]},{\"@type\":\"ImageObject\",\"inLanguage\":\"es\",\"@id\":\"https:\/\/colegioarquitectos.com\/noticias\/?p=21740#primaryimage\",\"url\":\"https:\/\/colegioarquitectos.com\/noticias\/wp-content\/uploads\/2018\/08\/FLYER-CORTO-2018-copia.jpg\",\"contentUrl\":\"https:\/\/colegioarquitectos.com\/noticias\/wp-content\/uploads\/2018\/08\/FLYER-CORTO-2018-copia.jpg\",\"width\":690,\"height\":350},{\"@type\":\"BreadcrumbList\",\"@id\":\"https:\/\/colegioarquitectos.com\/noticias\/?p=21740#breadcrumb\",\"itemListElement\":[{\"@type\":\"ListItem\",\"position\":1,\"name\":\"Portada\",\"item\":\"https:\/\/colegioarquitectos.com\/noticias\"},{\"@type\":\"ListItem\",\"position\":2,\"name\":\"Tercera versi\u00f3n del curso Passivhaus Designer en Sudam\u00e9rica\"}]},{\"@type\":\"WebSite\",\"@id\":\"https:\/\/colegioarquitectos.com\/noticias\/#website\",\"url\":\"https:\/\/colegioarquitectos.com\/noticias\/\",\"name\":\"COLEGIO DE ARQUITECTOS DE CHILE\",\"description\":\"\",\"publisher\":{\"@id\":\"https:\/\/colegioarquitectos.com\/noticias\/#organization\"},\"potentialAction\":[{\"@type\":\"SearchAction\",\"target\":{\"@type\":\"EntryPoint\",\"urlTemplate\":\"https:\/\/colegioarquitectos.com\/noticias\/?s={search_term_string}\"},\"query-input\":{\"@type\":\"PropertyValueSpecification\",\"valueRequired\":true,\"valueName\":\"search_term_string\"}}],\"inLanguage\":\"es\"},{\"@type\":\"Organization\",\"@id\":\"https:\/\/colegioarquitectos.com\/noticias\/#organization\",\"name\":\"COLEGIO DE ARQUITECTOS DE CHILE\",\"url\":\"https:\/\/colegioarquitectos.com\/noticias\/\",\"logo\":{\"@type\":\"ImageObject\",\"inLanguage\":\"es\",\"@id\":\"https:\/\/colegioarquitectos.com\/noticias\/#\/schema\/logo\/image\/\",\"url\":\"https:\/\/colegioarquitectos.com\/noticias\/wp-content\/uploads\/2021\/05\/ENCABEZADO-LOGO-CA.jpg\",\"contentUrl\":\"https:\/\/colegioarquitectos.com\/noticias\/wp-content\/uploads\/2021\/05\/ENCABEZADO-LOGO-CA.jpg\",\"width\":690,\"height\":350,\"caption\":\"COLEGIO DE ARQUITECTOS DE CHILE\"},\"image\":{\"@id\":\"https:\/\/colegioarquitectos.com\/noticias\/#\/schema\/logo\/image\/\"},\"sameAs\":[\"https:\/\/facebook.com\/Colegioarq\/\",\"https:\/\/x.com\/colegioarq\",\"https:\/\/instagram.com\/colegioarq\",\"https:\/\/youtube.com\/@ColegiodeArquitectosdeChile\"]},{\"@type\":\"Person\",\"@id\":\"https:\/\/colegioarquitectos.com\/noticias\/#\/schema\/person\/685cc0aad148303c5608f049af8285ad\",\"name\":\"Colegio de Arquitectos de Chile\",\"url\":\"https:\/\/colegioarquitectos.com\/noticias\/?author=4\"}]}<\/script>\n<!-- \/ Yoast SEO plugin. -->","yoast_head_json":{"title":"Tercera versi\u00f3n del curso Passivhaus Designer en Sudam\u00e9rica - COLEGIO DE ARQUITECTOS DE CHILE","robots":{"index":"index","follow":"follow","max-snippet":"max-snippet:-1","max-image-preview":"max-image-preview:large","max-video-preview":"max-video-preview:-1"},"canonical":"https:\/\/colegioarquitectos.com\/noticias\/?p=21740","og_locale":"es_ES","og_type":"article","og_title":"Tercera versi\u00f3n del curso Passivhaus Designer en Sudam\u00e9rica - COLEGIO DE ARQUITECTOS DE CHILE","og_description":"Passivhaus es uno de los m\u00e1s altos est\u00e1ndares de eficiencia energ\u00e9tica para edificios. Es reconocido a nivel mundial y constituye la base para dise\u00f1ar edificios de consumo casi nulo. La participaci\u00f3n en el Curso Passivhaus Expert capacitar\u00e1 a profesionales en &hellip; ver m\u00e1s","og_url":"https:\/\/colegioarquitectos.com\/noticias\/?p=21740","og_site_name":"COLEGIO DE ARQUITECTOS DE CHILE","article_publisher":"https:\/\/facebook.com\/Colegioarq\/","article_published_time":"2018-08-31T15:55:11+00:00","article_modified_time":"2018-08-31T19:16:48+00:00","og_image":[{"width":690,"height":350,"url":"https:\/\/colegioarquitectos.com\/noticias\/wp-content\/uploads\/2018\/08\/FLYER-CORTO-2018-copia.jpg","type":"image\/jpeg"}],"author":"Colegio de Arquitectos de Chile","twitter_card":"summary_large_image","twitter_creator":"@colegioarq","twitter_site":"@colegioarq","twitter_misc":{"Escrito por":"Colegio de Arquitectos de Chile","Tiempo de lectura":"1 minuto"},"schema":{"@context":"https:\/\/schema.org","@graph":[{"@type":"Article","@id":"https:\/\/colegioarquitectos.com\/noticias\/?p=21740#article","isPartOf":{"@id":"https:\/\/colegioarquitectos.com\/noticias\/?p=21740"},"author":{"name":"Colegio de Arquitectos de Chile","@id":"https:\/\/colegioarquitectos.com\/noticias\/#\/schema\/person\/685cc0aad148303c5608f049af8285ad"},"headline":"Tercera versi\u00f3n del curso Passivhaus Designer en Sudam\u00e9rica","datePublished":"2018-08-31T15:55:11+00:00","dateModified":"2018-08-31T19:16:48+00:00","mainEntityOfPage":{"@id":"https:\/\/colegioarquitectos.com\/noticias\/?p=21740"},"wordCount":210,"publisher":{"@id":"https:\/\/colegioarquitectos.com\/noticias\/#organization"},"image":{"@id":"https:\/\/colegioarquitectos.com\/noticias\/?p=21740#primaryimage"},"thumbnailUrl":"https:\/\/colegioarquitectos.com\/noticias\/wp-content\/uploads\/2018\/08\/FLYER-CORTO-2018-copia.jpg","articleSection":["Colegio"],"inLanguage":"es"},{"@type":"WebPage","@id":"https:\/\/colegioarquitectos.com\/noticias\/?p=21740","url":"https:\/\/colegioarquitectos.com\/noticias\/?p=21740","name":"Tercera versi\u00f3n del curso Passivhaus Designer en Sudam\u00e9rica - COLEGIO DE ARQUITECTOS DE CHILE","isPartOf":{"@id":"https:\/\/colegioarquitectos.com\/noticias\/#website"},"primaryImageOfPage":{"@id":"https:\/\/colegioarquitectos.com\/noticias\/?p=21740#primaryimage"},"image":{"@id":"https:\/\/colegioarquitectos.com\/noticias\/?p=21740#primaryimage"},"thumbnailUrl":"https:\/\/colegioarquitectos.com\/noticias\/wp-content\/uploads\/2018\/08\/FLYER-CORTO-2018-copia.jpg","datePublished":"2018-08-31T15:55:11+00:00","dateModified":"2018-08-31T19:16:48+00:00","breadcrumb":{"@id":"https:\/\/colegioarquitectos.com\/noticias\/?p=21740#breadcrumb"},"inLanguage":"es","potentialAction":[{"@type":"ReadAction","target":["https:\/\/colegioarquitectos.com\/noticias\/?p=21740"]}]},{"@type":"ImageObject","inLanguage":"es","@id":"https:\/\/colegioarquitectos.com\/noticias\/?p=21740#primaryimage","url":"https:\/\/colegioarquitectos.com\/noticias\/wp-content\/uploads\/2018\/08\/FLYER-CORTO-2018-copia.jpg","contentUrl":"https:\/\/colegioarquitectos.com\/noticias\/wp-content\/uploads\/2018\/08\/FLYER-CORTO-2018-copia.jpg","width":690,"height":350},{"@type":"BreadcrumbList","@id":"https:\/\/colegioarquitectos.com\/noticias\/?p=21740#breadcrumb","itemListElement":[{"@type":"ListItem","position":1,"name":"Portada","item":"https:\/\/colegioarquitectos.com\/noticias"},{"@type":"ListItem","position":2,"name":"Tercera versi\u00f3n del curso Passivhaus Designer en Sudam\u00e9rica"}]},{"@type":"WebSite","@id":"https:\/\/colegioarquitectos.com\/noticias\/#website","url":"https:\/\/colegioarquitectos.com\/noticias\/","name":"COLEGIO DE ARQUITECTOS DE CHILE","description":"","publisher":{"@id":"https:\/\/colegioarquitectos.com\/noticias\/#organization"},"potentialAction":[{"@type":"SearchAction","target":{"@type":"EntryPoint","urlTemplate":"https:\/\/colegioarquitectos.com\/noticias\/?s={search_term_string}"},"query-input":{"@type":"PropertyValueSpecification","valueRequired":true,"valueName":"search_term_string"}}],"inLanguage":"es"},{"@type":"Organization","@id":"https:\/\/colegioarquitectos.com\/noticias\/#organization","name":"COLEGIO DE ARQUITECTOS DE CHILE","url":"https:\/\/colegioarquitectos.com\/noticias\/","logo":{"@type":"ImageObject","inLanguage":"es","@id":"https:\/\/colegioarquitectos.com\/noticias\/#\/schema\/logo\/image\/","url":"https:\/\/colegioarquitectos.com\/noticias\/wp-content\/uploads\/2021\/05\/ENCABEZADO-LOGO-CA.jpg","contentUrl":"https:\/\/colegioarquitectos.com\/noticias\/wp-content\/uploads\/2021\/05\/ENCABEZADO-LOGO-CA.jpg","width":690,"height":350,"caption":"COLEGIO DE ARQUITECTOS DE CHILE"},"image":{"@id":"https:\/\/colegioarquitectos.com\/noticias\/#\/schema\/logo\/image\/"},"sameAs":["https:\/\/facebook.com\/Colegioarq\/","https:\/\/x.com\/colegioarq","https:\/\/instagram.com\/colegioarq","https:\/\/youtube.com\/@ColegiodeArquitectosdeChile"]},{"@type":"Person","@id":"https:\/\/colegioarquitectos.com\/noticias\/#\/schema\/person\/685cc0aad148303c5608f049af8285ad","name":"Colegio de Arquitectos de Chile","url":"https:\/\/colegioarquitectos.com\/noticias\/?author=4"}]}},"_links":{"self":[{"href":"https:\/\/colegioarquitectos.com\/noticias\/index.php?rest_route=\/wp\/v2\/posts\/21740","targetHints":{"allow":["GET"]}}],"collection":[{"href":"https:\/\/colegioarquitectos.com\/noticias\/index.php?rest_route=\/wp\/v2\/posts"}],"about":[{"href":"https:\/\/colegioarquitectos.com\/noticias\/index.php?rest_route=\/wp\/v2\/types\/post"}],"author":[{"embeddable":true,"href":"https:\/\/colegioarquitectos.com\/noticias\/index.php?rest_route=\/wp\/v2\/users\/4"}],"replies":[{"embeddable":true,"href":"https:\/\/colegioarquitectos.com\/noticias\/index.php?rest_route=%2Fwp%2Fv2%2Fcomments&post=21740"}],"version-history":[{"count":0,"href":"https:\/\/colegioarquitectos.com\/noticias\/index.php?rest_route=\/wp\/v2\/posts\/21740\/revisions"}],"wp:featuredmedia":[{"embeddable":true,"href":"https:\/\/colegioarquitectos.com\/noticias\/index.php?rest_route=\/wp\/v2\/media\/21744"}],"wp:attachment":[{"href":"https:\/\/colegioarquitectos.com\/noticias\/index.php?rest_route=%2Fwp%2Fv2%2Fmedia&parent=21740"}],"wp:term":[{"taxonomy":"category","embeddable":true,"href":"https:\/\/colegioarquitectos.com\/noticias\/index.php?rest_route=%2Fwp%2Fv2%2Fcategories&post=21740"},{"taxonomy":"post_tag","embeddable":true,"href":"https:\/\/colegioarquitectos.com\/noticias\/index.php?rest_route=%2Fwp%2Fv2%2Ftags&post=21740"}],"curies":[{"name":"wp","href":"https:\/\/api.w.org\/{rel}","templated":true}]}}