
{"id":22013,"date":"2018-10-05T18:25:47","date_gmt":"2018-10-05T18:25:47","guid":{"rendered":"http:\/\/colegioarquitectos.com\/?p=22013"},"modified":"2018-10-05T18:25:47","modified_gmt":"2018-10-05T18:25:47","slug":"lanzaran-el-libro-le-corbusier-y-el-sur-de-america-de-maximiano-atria-ed","status":"publish","type":"post","link":"https:\/\/colegioarquitectos.com\/noticias\/?p=22013","title":{"rendered":"Lanzar\u00e1n el libro Le Corbusier y el Sur de Am\u00e9rica de Maximiano Atria (Ed.)"},"content":{"rendered":"<p><strong><em>Le Corbusier y el Sur de Am\u00e9rica Latina<\/em><\/strong> (Editorial Universitaria) es una publicaci\u00f3n que expone por qu\u00e9 este arquitecto moderno es el m\u00e1s importante del siglo XX, y uno de los m\u00e1s influyentes en el mundo, incluso en Chile, aunque nunca visit\u00f3 el pa\u00eds. El trabajo recogido en este libro es fruto de la realizaci\u00f3n del Workshop LC50 en el marco del ciclo de actividades organizado por la <strong>Universidad de Chile<\/strong>: <strong>\u201cLC50, la dimensi\u00f3n humana de la arquitectura\u201d, para conmemorar los 50 a\u00f1os de la muerte de Le Corbusier<\/strong>.<\/p>\n<p>En la publicaci\u00f3n se pueden encontrar muchos dibujos y planos que fueron parte de la muestra Le Corbusier y el sur de Am\u00e9rica, adem\u00e1s, de una selecci\u00f3n de art\u00edculos que profundizan en la relaci\u00f3n que estableci\u00f3 con el continente, y su legado que est\u00e1 presente en ante proyectos, testimonios, la preparaci\u00f3n de colaboradores, talleres y obras efectivamente concluidas.<\/p>\n<p>En esa direcci\u00f3n, se realizar\u00e1 la presentaci\u00f3n de <strong><em>Le Corbusier y el Sur de Am\u00e9rica<\/em><\/strong> el pr\u00f3ximo jueves <strong>11 de octubre<\/strong> a las<strong> 12:00 horas<\/strong> en la <strong>Sala Enrique Sazi\u00e9<\/strong>, ubicada en la Casa Central de la Universidad de Chile, Avenida Libertador Bernardo O\u2019Higgins 1058.<\/p>\n<p>La presentaci\u00f3n estar\u00e1 a cargo del Presidente del Colegio de Arquitectos de Chile,<strong> Humberto Eliash<\/strong>; los profesores <strong>Mario Ter\u00e1n Pardo<\/strong> y<strong> Juan Pablo Urrutia<\/strong>, y del editor de la obra, <strong>Maximiano Atria Lemaitre<\/strong>.<\/p>\n<p><strong>\u00a1Atenci\u00f3n! Los Colegiados o Colegiadas del Colegio de Arquitectos de Chile podr\u00e1n acceder a un 20% de descuento por la compra de <em>Le Corbusier y el Sur de Am\u00e9rica<\/em> en la Librer\u00eda Universitaria (Avenida Libertador Bernardo O\u2019Higgins 1050), presentando el ICA.<\/strong><\/p>\n<p><img loading=\"lazy\" decoding=\"async\" class=\"aligncenter size-full wp-image-22014\" src=\"http:\/\/colegioarquitectos.com\/noticias\/wp-content\/uploads\/2018\/10\/Invit.-Le-Corbusier-web.jpg\" alt=\"\" width=\"560\" height=\"916\" srcset=\"https:\/\/colegioarquitectos.com\/noticias\/wp-content\/uploads\/2018\/10\/Invit.-Le-Corbusier-web.jpg 560w, https:\/\/colegioarquitectos.com\/noticias\/wp-content\/uploads\/2018\/10\/Invit.-Le-Corbusier-web-183x300.jpg 183w\" sizes=\"auto, (max-width: 560px) 100vw, 560px\" \/><\/p>\n<p>T\u00edtulo: <em><strong>Le Corbusier y el sur de Am\u00e9rica<\/strong><\/em><\/p>\n<p>Colecci\u00f3n: <strong>Fuera de serie<\/strong><\/p>\n<p>Materia:<strong> Arquitectura<\/strong><\/p>\n<p>Formato: <strong>21 x 29,7 cm<\/strong><\/p>\n<p>P\u00e1ginas: <strong>148<\/strong><\/p>\n<p>Papel: <strong>Cuch\u00e9<\/strong><\/p>\n<p>ISBN: <strong>978-956-11-2592-6<\/strong><\/p>\n<p>Precio referencia: <strong>$17.500<\/strong><\/p>\n<p><\/p>","protected":false},"excerpt":{"rendered":"<p>Le Corbusier y el Sur de Am\u00e9rica Latina (Editorial Universitaria) es una publicaci\u00f3n que expone por qu\u00e9 este arquitecto moderno es el m\u00e1s importante del siglo XX, y uno de los m\u00e1s influyentes en el mundo, incluso en Chile, aunque &hellip; <a class=\"more-link\" href=\"https:\/\/colegioarquitectos.com\/noticias\/?p=22013\">ver m\u00e1s<\/a><\/p>","protected":false},"author":4,"featured_media":22015,"comment_status":"closed","ping_status":"closed","sticky":false,"template":"","format":"standard","meta":{"footnotes":""},"categories":[3],"tags":[],"class_list":["post-22013","post","type-post","status-publish","format-standard","has-post-thumbnail","hentry","category-noticias"],"yoast_head":"<!-- This site is optimized with the Yoast SEO plugin v24.2 - https:\/\/yoast.com\/wordpress\/plugins\/seo\/ -->\n<title>Lanzar\u00e1n el libro Le Corbusier y el Sur de Am\u00e9rica de Maximiano Atria (Ed.) - COLEGIO DE ARQUITECTOS DE CHILE<\/title>\n<meta name=\"robots\" content=\"index, follow, max-snippet:-1, max-image-preview:large, max-video-preview:-1\" \/>\n<link rel=\"canonical\" href=\"https:\/\/colegioarquitectos.com\/noticias\/?p=22013\" \/>\n<meta property=\"og:locale\" content=\"es_ES\" \/>\n<meta property=\"og:type\" content=\"article\" \/>\n<meta property=\"og:title\" content=\"Lanzar\u00e1n el libro Le Corbusier y el Sur de Am\u00e9rica de Maximiano Atria (Ed.) - COLEGIO DE ARQUITECTOS DE CHILE\" \/>\n<meta property=\"og:description\" content=\"Le Corbusier y el Sur de Am\u00e9rica Latina (Editorial Universitaria) es una publicaci\u00f3n que expone por qu\u00e9 este arquitecto moderno es el m\u00e1s importante del siglo XX, y uno de los m\u00e1s influyentes en el mundo, incluso en Chile, aunque &hellip; ver m\u00e1s\" \/>\n<meta property=\"og:url\" content=\"https:\/\/colegioarquitectos.com\/noticias\/?p=22013\" \/>\n<meta property=\"og:site_name\" content=\"COLEGIO DE ARQUITECTOS DE CHILE\" \/>\n<meta property=\"article:publisher\" content=\"https:\/\/facebook.com\/Colegioarq\/\" \/>\n<meta property=\"article:published_time\" content=\"2018-10-05T18:25:47+00:00\" \/>\n<meta property=\"og:image\" content=\"https:\/\/colegioarquitectos.com\/noticias\/wp-content\/uploads\/2018\/10\/ENCABEZADO-WEB-LE-CORBUSIER.jpg\" \/>\n\t<meta property=\"og:image:width\" content=\"690\" \/>\n\t<meta property=\"og:image:height\" content=\"350\" \/>\n\t<meta property=\"og:image:type\" content=\"image\/jpeg\" \/>\n<meta name=\"author\" content=\"Colegio de Arquitectos de Chile\" \/>\n<meta name=\"twitter:card\" content=\"summary_large_image\" \/>\n<meta name=\"twitter:creator\" content=\"@colegioarq\" \/>\n<meta name=\"twitter:site\" content=\"@colegioarq\" \/>\n<meta name=\"twitter:label1\" content=\"Escrito por\" \/>\n\t<meta name=\"twitter:data1\" content=\"Colegio de Arquitectos de Chile\" \/>\n\t<meta name=\"twitter:label2\" content=\"Tiempo de lectura\" \/>\n\t<meta name=\"twitter:data2\" content=\"2 minutos\" \/>\n<script type=\"application\/ld+json\" class=\"yoast-schema-graph\">{\"@context\":\"https:\/\/schema.org\",\"@graph\":[{\"@type\":\"Article\",\"@id\":\"https:\/\/colegioarquitectos.com\/noticias\/?p=22013#article\",\"isPartOf\":{\"@id\":\"https:\/\/colegioarquitectos.com\/noticias\/?p=22013\"},\"author\":{\"name\":\"Colegio de Arquitectos de Chile\",\"@id\":\"https:\/\/colegioarquitectos.com\/noticias\/#\/schema\/person\/685cc0aad148303c5608f049af8285ad\"},\"headline\":\"Lanzar\u00e1n el libro Le Corbusier y el Sur de Am\u00e9rica de Maximiano Atria (Ed.)\",\"datePublished\":\"2018-10-05T18:25:47+00:00\",\"dateModified\":\"2018-10-05T18:25:47+00:00\",\"mainEntityOfPage\":{\"@id\":\"https:\/\/colegioarquitectos.com\/noticias\/?p=22013\"},\"wordCount\":334,\"publisher\":{\"@id\":\"https:\/\/colegioarquitectos.com\/noticias\/#organization\"},\"image\":{\"@id\":\"https:\/\/colegioarquitectos.com\/noticias\/?p=22013#primaryimage\"},\"thumbnailUrl\":\"https:\/\/colegioarquitectos.com\/noticias\/wp-content\/uploads\/2018\/10\/ENCABEZADO-WEB-LE-CORBUSIER.jpg\",\"articleSection\":[\"Noticias\"],\"inLanguage\":\"es\"},{\"@type\":\"WebPage\",\"@id\":\"https:\/\/colegioarquitectos.com\/noticias\/?p=22013\",\"url\":\"https:\/\/colegioarquitectos.com\/noticias\/?p=22013\",\"name\":\"Lanzar\u00e1n el libro Le Corbusier y el Sur de Am\u00e9rica de Maximiano Atria (Ed.) - COLEGIO DE ARQUITECTOS DE CHILE\",\"isPartOf\":{\"@id\":\"https:\/\/colegioarquitectos.com\/noticias\/#website\"},\"primaryImageOfPage\":{\"@id\":\"https:\/\/colegioarquitectos.com\/noticias\/?p=22013#primaryimage\"},\"image\":{\"@id\":\"https:\/\/colegioarquitectos.com\/noticias\/?p=22013#primaryimage\"},\"thumbnailUrl\":\"https:\/\/colegioarquitectos.com\/noticias\/wp-content\/uploads\/2018\/10\/ENCABEZADO-WEB-LE-CORBUSIER.jpg\",\"datePublished\":\"2018-10-05T18:25:47+00:00\",\"dateModified\":\"2018-10-05T18:25:47+00:00\",\"breadcrumb\":{\"@id\":\"https:\/\/colegioarquitectos.com\/noticias\/?p=22013#breadcrumb\"},\"inLanguage\":\"es\",\"potentialAction\":[{\"@type\":\"ReadAction\",\"target\":[\"https:\/\/colegioarquitectos.com\/noticias\/?p=22013\"]}]},{\"@type\":\"ImageObject\",\"inLanguage\":\"es\",\"@id\":\"https:\/\/colegioarquitectos.com\/noticias\/?p=22013#primaryimage\",\"url\":\"https:\/\/colegioarquitectos.com\/noticias\/wp-content\/uploads\/2018\/10\/ENCABEZADO-WEB-LE-CORBUSIER.jpg\",\"contentUrl\":\"https:\/\/colegioarquitectos.com\/noticias\/wp-content\/uploads\/2018\/10\/ENCABEZADO-WEB-LE-CORBUSIER.jpg\",\"width\":690,\"height\":350},{\"@type\":\"BreadcrumbList\",\"@id\":\"https:\/\/colegioarquitectos.com\/noticias\/?p=22013#breadcrumb\",\"itemListElement\":[{\"@type\":\"ListItem\",\"position\":1,\"name\":\"Portada\",\"item\":\"https:\/\/colegioarquitectos.com\/noticias\"},{\"@type\":\"ListItem\",\"position\":2,\"name\":\"Lanzar\u00e1n el libro Le Corbusier y el Sur de Am\u00e9rica de Maximiano Atria (Ed.)\"}]},{\"@type\":\"WebSite\",\"@id\":\"https:\/\/colegioarquitectos.com\/noticias\/#website\",\"url\":\"https:\/\/colegioarquitectos.com\/noticias\/\",\"name\":\"COLEGIO DE ARQUITECTOS DE CHILE\",\"description\":\"\",\"publisher\":{\"@id\":\"https:\/\/colegioarquitectos.com\/noticias\/#organization\"},\"potentialAction\":[{\"@type\":\"SearchAction\",\"target\":{\"@type\":\"EntryPoint\",\"urlTemplate\":\"https:\/\/colegioarquitectos.com\/noticias\/?s={search_term_string}\"},\"query-input\":{\"@type\":\"PropertyValueSpecification\",\"valueRequired\":true,\"valueName\":\"search_term_string\"}}],\"inLanguage\":\"es\"},{\"@type\":\"Organization\",\"@id\":\"https:\/\/colegioarquitectos.com\/noticias\/#organization\",\"name\":\"COLEGIO DE ARQUITECTOS DE CHILE\",\"url\":\"https:\/\/colegioarquitectos.com\/noticias\/\",\"logo\":{\"@type\":\"ImageObject\",\"inLanguage\":\"es\",\"@id\":\"https:\/\/colegioarquitectos.com\/noticias\/#\/schema\/logo\/image\/\",\"url\":\"https:\/\/colegioarquitectos.com\/noticias\/wp-content\/uploads\/2021\/05\/ENCABEZADO-LOGO-CA.jpg\",\"contentUrl\":\"https:\/\/colegioarquitectos.com\/noticias\/wp-content\/uploads\/2021\/05\/ENCABEZADO-LOGO-CA.jpg\",\"width\":690,\"height\":350,\"caption\":\"COLEGIO DE ARQUITECTOS DE CHILE\"},\"image\":{\"@id\":\"https:\/\/colegioarquitectos.com\/noticias\/#\/schema\/logo\/image\/\"},\"sameAs\":[\"https:\/\/facebook.com\/Colegioarq\/\",\"https:\/\/x.com\/colegioarq\",\"https:\/\/instagram.com\/colegioarq\",\"https:\/\/youtube.com\/@ColegiodeArquitectosdeChile\"]},{\"@type\":\"Person\",\"@id\":\"https:\/\/colegioarquitectos.com\/noticias\/#\/schema\/person\/685cc0aad148303c5608f049af8285ad\",\"name\":\"Colegio de Arquitectos de Chile\",\"url\":\"https:\/\/colegioarquitectos.com\/noticias\/?author=4\"}]}<\/script>\n<!-- \/ Yoast SEO plugin. -->","yoast_head_json":{"title":"Lanzar\u00e1n el libro Le Corbusier y el Sur de Am\u00e9rica de Maximiano Atria (Ed.) - COLEGIO DE ARQUITECTOS DE CHILE","robots":{"index":"index","follow":"follow","max-snippet":"max-snippet:-1","max-image-preview":"max-image-preview:large","max-video-preview":"max-video-preview:-1"},"canonical":"https:\/\/colegioarquitectos.com\/noticias\/?p=22013","og_locale":"es_ES","og_type":"article","og_title":"Lanzar\u00e1n el libro Le Corbusier y el Sur de Am\u00e9rica de Maximiano Atria (Ed.) - COLEGIO DE ARQUITECTOS DE CHILE","og_description":"Le Corbusier y el Sur de Am\u00e9rica Latina (Editorial Universitaria) es una publicaci\u00f3n que expone por qu\u00e9 este arquitecto moderno es el m\u00e1s importante del siglo XX, y uno de los m\u00e1s influyentes en el mundo, incluso en Chile, aunque &hellip; ver m\u00e1s","og_url":"https:\/\/colegioarquitectos.com\/noticias\/?p=22013","og_site_name":"COLEGIO DE ARQUITECTOS DE CHILE","article_publisher":"https:\/\/facebook.com\/Colegioarq\/","article_published_time":"2018-10-05T18:25:47+00:00","og_image":[{"width":690,"height":350,"url":"https:\/\/colegioarquitectos.com\/noticias\/wp-content\/uploads\/2018\/10\/ENCABEZADO-WEB-LE-CORBUSIER.jpg","type":"image\/jpeg"}],"author":"Colegio de Arquitectos de Chile","twitter_card":"summary_large_image","twitter_creator":"@colegioarq","twitter_site":"@colegioarq","twitter_misc":{"Escrito por":"Colegio de Arquitectos de Chile","Tiempo de lectura":"2 minutos"},"schema":{"@context":"https:\/\/schema.org","@graph":[{"@type":"Article","@id":"https:\/\/colegioarquitectos.com\/noticias\/?p=22013#article","isPartOf":{"@id":"https:\/\/colegioarquitectos.com\/noticias\/?p=22013"},"author":{"name":"Colegio de Arquitectos de Chile","@id":"https:\/\/colegioarquitectos.com\/noticias\/#\/schema\/person\/685cc0aad148303c5608f049af8285ad"},"headline":"Lanzar\u00e1n el libro Le Corbusier y el Sur de Am\u00e9rica de Maximiano Atria (Ed.)","datePublished":"2018-10-05T18:25:47+00:00","dateModified":"2018-10-05T18:25:47+00:00","mainEntityOfPage":{"@id":"https:\/\/colegioarquitectos.com\/noticias\/?p=22013"},"wordCount":334,"publisher":{"@id":"https:\/\/colegioarquitectos.com\/noticias\/#organization"},"image":{"@id":"https:\/\/colegioarquitectos.com\/noticias\/?p=22013#primaryimage"},"thumbnailUrl":"https:\/\/colegioarquitectos.com\/noticias\/wp-content\/uploads\/2018\/10\/ENCABEZADO-WEB-LE-CORBUSIER.jpg","articleSection":["Noticias"],"inLanguage":"es"},{"@type":"WebPage","@id":"https:\/\/colegioarquitectos.com\/noticias\/?p=22013","url":"https:\/\/colegioarquitectos.com\/noticias\/?p=22013","name":"Lanzar\u00e1n el libro Le Corbusier y el Sur de Am\u00e9rica de Maximiano Atria (Ed.) - COLEGIO DE ARQUITECTOS DE CHILE","isPartOf":{"@id":"https:\/\/colegioarquitectos.com\/noticias\/#website"},"primaryImageOfPage":{"@id":"https:\/\/colegioarquitectos.com\/noticias\/?p=22013#primaryimage"},"image":{"@id":"https:\/\/colegioarquitectos.com\/noticias\/?p=22013#primaryimage"},"thumbnailUrl":"https:\/\/colegioarquitectos.com\/noticias\/wp-content\/uploads\/2018\/10\/ENCABEZADO-WEB-LE-CORBUSIER.jpg","datePublished":"2018-10-05T18:25:47+00:00","dateModified":"2018-10-05T18:25:47+00:00","breadcrumb":{"@id":"https:\/\/colegioarquitectos.com\/noticias\/?p=22013#breadcrumb"},"inLanguage":"es","potentialAction":[{"@type":"ReadAction","target":["https:\/\/colegioarquitectos.com\/noticias\/?p=22013"]}]},{"@type":"ImageObject","inLanguage":"es","@id":"https:\/\/colegioarquitectos.com\/noticias\/?p=22013#primaryimage","url":"https:\/\/colegioarquitectos.com\/noticias\/wp-content\/uploads\/2018\/10\/ENCABEZADO-WEB-LE-CORBUSIER.jpg","contentUrl":"https:\/\/colegioarquitectos.com\/noticias\/wp-content\/uploads\/2018\/10\/ENCABEZADO-WEB-LE-CORBUSIER.jpg","width":690,"height":350},{"@type":"BreadcrumbList","@id":"https:\/\/colegioarquitectos.com\/noticias\/?p=22013#breadcrumb","itemListElement":[{"@type":"ListItem","position":1,"name":"Portada","item":"https:\/\/colegioarquitectos.com\/noticias"},{"@type":"ListItem","position":2,"name":"Lanzar\u00e1n el libro Le Corbusier y el Sur de Am\u00e9rica de Maximiano Atria (Ed.)"}]},{"@type":"WebSite","@id":"https:\/\/colegioarquitectos.com\/noticias\/#website","url":"https:\/\/colegioarquitectos.com\/noticias\/","name":"COLEGIO DE ARQUITECTOS DE CHILE","description":"","publisher":{"@id":"https:\/\/colegioarquitectos.com\/noticias\/#organization"},"potentialAction":[{"@type":"SearchAction","target":{"@type":"EntryPoint","urlTemplate":"https:\/\/colegioarquitectos.com\/noticias\/?s={search_term_string}"},"query-input":{"@type":"PropertyValueSpecification","valueRequired":true,"valueName":"search_term_string"}}],"inLanguage":"es"},{"@type":"Organization","@id":"https:\/\/colegioarquitectos.com\/noticias\/#organization","name":"COLEGIO DE ARQUITECTOS DE CHILE","url":"https:\/\/colegioarquitectos.com\/noticias\/","logo":{"@type":"ImageObject","inLanguage":"es","@id":"https:\/\/colegioarquitectos.com\/noticias\/#\/schema\/logo\/image\/","url":"https:\/\/colegioarquitectos.com\/noticias\/wp-content\/uploads\/2021\/05\/ENCABEZADO-LOGO-CA.jpg","contentUrl":"https:\/\/colegioarquitectos.com\/noticias\/wp-content\/uploads\/2021\/05\/ENCABEZADO-LOGO-CA.jpg","width":690,"height":350,"caption":"COLEGIO DE ARQUITECTOS DE CHILE"},"image":{"@id":"https:\/\/colegioarquitectos.com\/noticias\/#\/schema\/logo\/image\/"},"sameAs":["https:\/\/facebook.com\/Colegioarq\/","https:\/\/x.com\/colegioarq","https:\/\/instagram.com\/colegioarq","https:\/\/youtube.com\/@ColegiodeArquitectosdeChile"]},{"@type":"Person","@id":"https:\/\/colegioarquitectos.com\/noticias\/#\/schema\/person\/685cc0aad148303c5608f049af8285ad","name":"Colegio de Arquitectos de Chile","url":"https:\/\/colegioarquitectos.com\/noticias\/?author=4"}]}},"_links":{"self":[{"href":"https:\/\/colegioarquitectos.com\/noticias\/index.php?rest_route=\/wp\/v2\/posts\/22013","targetHints":{"allow":["GET"]}}],"collection":[{"href":"https:\/\/colegioarquitectos.com\/noticias\/index.php?rest_route=\/wp\/v2\/posts"}],"about":[{"href":"https:\/\/colegioarquitectos.com\/noticias\/index.php?rest_route=\/wp\/v2\/types\/post"}],"author":[{"embeddable":true,"href":"https:\/\/colegioarquitectos.com\/noticias\/index.php?rest_route=\/wp\/v2\/users\/4"}],"replies":[{"embeddable":true,"href":"https:\/\/colegioarquitectos.com\/noticias\/index.php?rest_route=%2Fwp%2Fv2%2Fcomments&post=22013"}],"version-history":[{"count":0,"href":"https:\/\/colegioarquitectos.com\/noticias\/index.php?rest_route=\/wp\/v2\/posts\/22013\/revisions"}],"wp:featuredmedia":[{"embeddable":true,"href":"https:\/\/colegioarquitectos.com\/noticias\/index.php?rest_route=\/wp\/v2\/media\/22015"}],"wp:attachment":[{"href":"https:\/\/colegioarquitectos.com\/noticias\/index.php?rest_route=%2Fwp%2Fv2%2Fmedia&parent=22013"}],"wp:term":[{"taxonomy":"category","embeddable":true,"href":"https:\/\/colegioarquitectos.com\/noticias\/index.php?rest_route=%2Fwp%2Fv2%2Fcategories&post=22013"},{"taxonomy":"post_tag","embeddable":true,"href":"https:\/\/colegioarquitectos.com\/noticias\/index.php?rest_route=%2Fwp%2Fv2%2Ftags&post=22013"}],"curies":[{"name":"wp","href":"https:\/\/api.w.org\/{rel}","templated":true}]}}