
{"id":2212,"date":"2012-08-10T19:15:28","date_gmt":"2012-08-10T19:15:28","guid":{"rendered":"http:\/\/colegioarquitectos.com\/noticias\/?p=2212"},"modified":"2012-08-22T20:13:34","modified_gmt":"2012-08-22T20:13:34","slug":"newsletter-colegio-de-arquitectos-de-chile-20-al-27-agosto-2012","status":"publish","type":"post","link":"https:\/\/colegioarquitectos.com\/noticias\/?p=2212","title":{"rendered":"Newsletter COLEGIO DE ARQUITECTOS DE CHILE. 20 al 27 agosto 2012"},"content":{"rendered":"<p style=\"text-align: justify;\"><strong>(1) <span style=\"text-decoration: underline;\">Retiro entradas: a partir LUNES 20 AGOSTO. Cena Aniversario CA 2012 \u2013 Viernes 31 agosto en Club de la Uni\u00f3n<\/span><\/strong><\/p>\n<p style=\"text-align: justify;\">En el marco de la conmemoraci\u00f3n del aniversario N\u00ba 70 de la Orden, el viernes 31 de agosto se realizar\u00e1 la Cena Anual del Colegio de Arquitectos en el Club de la Uni\u00f3n de Santiago (Av. Libertador Bernardo O\u00b4Higgins 1091).<\/p>\n<p style=\"text-align: justify;\">El retiro de entradas para los colegiados activos se realizar\u00e1 a partir del lunes 20 de agosto en la Secretar\u00eda del Colegio. <strong><span style=\"text-decoration: underline;\">Dado que hay un cupo m\u00e1ximo de 600 arquitectos, solicitamos retirar su invitaci\u00f3n con la debida antelaci\u00f3n.<\/span><\/strong><\/p>\n<p style=\"text-align: justify;\"><strong>Link: <a href=\"http:\/\/colegioarquitectos.com\/noticias\/?p=1644\">http:\/\/colegioarquitectos.com\/noticias\/?p=1644<\/a><\/strong><\/p>\n<p style=\"text-align: justify;\"><strong>(2)<\/strong> <span style=\"text-decoration: underline;\"><strong>Viernes 24 de agosto &#8211; 13:30 hrs. Charla T\u00e9cnica: LUZ + ARQ: ILUMINACI\u00d3N ARQUITECTURAL INTEGRADA \u2013 Sede Colegio de Arquitectos de Chile<\/strong><\/span><\/p>\n<p style=\"text-align: justify;\"><strong><\/strong>COLEGIO DE ARQUITECTOS DE CHILE, HI LITE\u00a0 y VIABIZZUNO, invitan a la Charla T\u00e9cnica: LUZ + ARQ: ILUMINACI\u00d3N ARQUITECTURAL INTEGRADA, que se llevar\u00e1 a cabo el d\u00eda\u00a0 viernes 24 de agosto a las 13:30 en la Sede Nacional del Colegio de Arquitectos de Chile, (Alameda 115, Santiago).<strong><\/strong><\/p>\n<p style=\"text-align: justify;\"><strong>Link: <a href=\"http:\/\/colegioarquitectos.com\/noticias\/?p=1927\">http:\/\/colegioarquitectos.com\/noticias\/?p=1927<\/a><\/strong><\/p>\n<p style=\"text-align: justify;\"><strong>(3)<\/strong> <span style=\"text-decoration: underline;\"><strong>Charla \u201cArquitectura Contempor\u00e1nea en Tierra: Arte de la Construcci\u00f3n Paras\u00edsmica\u201d &#8211; Comit\u00e9 de Tecnolog\u00eda, Colegio de Arquitectos de Chile<\/strong><\/span><\/p>\n<p style=\"text-align: justify;\"><strong><\/strong>El Comit\u00e9 de Tecnolog\u00eda de la Orden junto a Fundaci\u00f3n Jofr\u00e9, invitan a la Charla \u201cArquitectura Contempor\u00e1nea en Tierra: Arte de la Construcci\u00f3n Paras\u00edsmica\u201d, que se llevar\u00e1 a cabo el d\u00eda\u00a0 lunes 27 de agosto a las 13:30 en la Sede Nacional del Colegio de Arquitectos de Chile, (Alameda 115, Santiago). Expone Marcelo Cort\u00e9s \u00c1lvarez, Arquitecto experto en construcci\u00f3n en tierra, Premio Ferm\u00edn Vivaceta 2012.<\/p>\n<p style=\"text-align: justify;\">\u00a0<strong>Link: <a href=\"http:\/\/colegioarquitectos.com\/noticias\/?p=2194\">http:\/\/colegioarquitectos.com\/noticias\/?p=2194<\/a><\/strong><\/p>\n<p style=\"text-align: justify;\"><strong>\u00a0<\/strong><\/p>\n<p style=\"text-align: justify;\"><strong>(4) <span style=\"text-decoration: underline;\">Invitaci\u00f3n a TOUR PATRIMONIAL POR VALPARA\u00cdSO \u2013 S\u00e1bado 08 septiembre \u2013 Comit\u00e9 de Gesti\u00f3n Inmobiliaria, Colegio de Arquitectos de Chile<\/span><\/strong><\/p>\n<p style=\"text-align: justify;\"><strong><\/strong>El Comit\u00e9 de Gesti\u00f3n Inmobiliaria invita a los arquitectos colegiados activos a un Tour Patrimonial por Valpara\u00edso con el objetivo de conocer la Gesti\u00f3n Inmobiliaria que se est\u00e1 realizando en Valpara\u00edso en las zonas patrimoniales.<\/p>\n<p style=\"text-align: justify;\"><strong>Link: <a href=\"http:\/\/colegioarquitectos.com\/noticias\/?p=2098\">http:\/\/colegioarquitectos.com\/noticias\/?p=2098<\/a><\/strong><\/p>\n<p style=\"text-align: justify;\"><strong>(5) <span style=\"text-decoration: underline;\">Solicitud cooperaci\u00f3n para Arq. Sergio Mar\u00edn \u2013 Delegaci\u00f3n Ays\u00e9n, Colegio de Arquitectos de Chile<\/span><\/strong><\/p>\n<p style=\"text-align: justify;\">Ante la lamentable noticia recibida del accidente del arq. Sergio Mar\u00edn, de la Delegaci\u00f3n Ays\u00e9n, el Vicepresidente Nacional Ra\u00fal Palma y la Mesa Directiva del Colegio acordaron remitir la carta adjunta de solicitud de cooperaci\u00f3n que se ruega difundir.<\/p>\n<p style=\"text-align: justify;\"><strong>Link: <a href=\"http:\/\/colegioarquitectos.com\/noticias\/?p=2056\">http:\/\/colegioarquitectos.com\/noticias\/?p=2056<\/a><\/strong><\/p>\n<p style=\"text-align: justify;\"><strong>\u00a0<\/strong><\/p>\n<p style=\"text-align: justify;\"><strong>\u00a0<\/strong><\/p>\n<p style=\"text-align: justify;\"><strong>(6)<\/strong> <span style=\"text-decoration: underline;\"><strong>Cena D\u00eda del Arquitecto &#8211; Delegaci\u00f3n Concepci\u00f3n \/ Mi\u00e9rcoles 29 de agosto<\/strong><\/span><\/p>\n<p style=\"text-align: justify;\"><strong><\/strong>El Colegio de Arquitectos Delegaci\u00f3n Concepci\u00f3n invita cordialmente a todos los arquitectos activos de la regi\u00f3n a participar de la cena de celebraci\u00f3n del D\u00eda del Arquitecto, la cual se realizar\u00e1 el mi\u00e9rcoles 29 de agosto a las 19.00 horas en el Club de Campo La Posada, Concepci\u00f3n.<\/p>\n<p style=\"text-align: justify;\"><strong>Link: <a href=\"http:\/\/colegioarquitectos.com\/noticias\/?p=2072\">http:\/\/colegioarquitectos.com\/noticias\/?p=2072<\/a><\/strong><\/p>\n<p style=\"text-align: justify;\"><strong>(7)<\/strong> <span style=\"text-decoration: underline;\"><strong>Delegaci\u00f3n Zonal Rancagua celebra 70\u00ba Aniversario de la Orden con un recibimiento especial a los nuevos colegiados<\/strong><\/span><\/p>\n<p style=\"text-align: justify;\"><strong><\/strong>Con un almuerzo de camarader\u00eda celebr\u00f3 la Delegaci\u00f3n Zonal Rancagua el D\u00eda del Arquitecto el pasado 11 de agosto en el Club de Campo Coya. En el marco de la conmemoraci\u00f3n del 70\u00ba Aniversario del Colegio de Arquitectos de Chile, la Delegaci\u00f3n, presidida por la Arq. Lorena Estai, dio la bienvenida a los nuevos colegiados de la regi\u00f3n y se reconoci\u00f3 en forma especial al Arq. Sergio Arias Laffaye, distinguido como Miembro Vitalicio de la Orden.<\/p>\n<p style=\"text-align: justify;\"><strong>Link: <a href=\"http:\/\/colegioarquitectos.com\/noticias\/?p=2185\">http:\/\/colegioarquitectos.com\/noticias\/?p=2185<\/a><\/strong><\/p>\n<p style=\"text-align: justify;\"><strong>\u00a0<\/strong><\/p>\n<p style=\"text-align: justify;\">\u00a0<strong>(8) <span style=\"text-decoration: underline;\">Reuni\u00f3n de avance y coordinaci\u00f3n de Muestra Universitaria \u201cEducando al Arquitecto del Futuro\u201d \u2013 16 agosto 2012 \u2013 XVIII Bienal de Arquitectura y Territorio 2012<\/span><\/strong><\/p>\n<p style=\"text-align: justify;\">Este jueves 16 de agosto el Director<strong> <\/strong>de la Muestra Universitaria, Rodrigo Tisi, el Coordinador de la Muestra, Jos\u00e9 Luis Uribe, junto al Curador de la XVIII Bienal, Sebasti\u00e1n Gray, convocaron a las Universidades a una reuni\u00f3n de avance y coordinaci\u00f3n de la Muestra.<\/p>\n<p style=\"text-align: justify;\">Contando con la asistencia casi completa del total de 23 Universidades participantes a nivel nacional \u2013una de las mayores presencias universitarias en una Bienal- el objetivo de la reuni\u00f3n fue el presentar el cronograma de trabajo de la Muestra, detalles del montaje y resolver todas las dudas que pudieran presentarse acerca de las etapas siguientes.<\/p>\n<p style=\"text-align: justify;\"><strong>Link: <a href=\"http:\/\/colegioarquitectos.com\/noticias\/?p=2126\">http:\/\/colegioarquitectos.com\/noticias\/?p=2126<\/a><\/strong><\/p>\n<p style=\"text-align: justify;\"><strong>\u00a0<\/strong><\/p>\n<p style=\"text-align: justify;\"><strong>\u00a0<\/strong><\/p>\n<p style=\"text-align: justify;\"><strong>(9) <span style=\"text-decoration: underline;\">Seminario \u201cAvanzando hacia la accesibilidad universal\u201d \u2013 Santiago, 22 y 23 de Agosto de 2012<\/span><\/strong><\/p>\n<p style=\"text-align: justify;\"><strong><\/strong>El Seminario \u201cAvanzando hacia la accesibilidad universal\u201d, organizado por el Colegio de Arquitectos de Chile junto a la Asociaci\u00f3n Chilena de Municipalidades y Universidad Internacional SEK<strong>,<\/strong> se realizar\u00e1 en el Hotel Plaza San Francisco los d\u00edas 22 y 23 de agosto.<\/p>\n<p style=\"text-align: justify;\">El m\u00e1ximo expositor es el destacado\u00a0Arquitecto a nivel Mundial, Don Eduardo Elkouss.<\/p>\n<p style=\"text-align: justify;\"><strong>Link: <a href=\"http:\/\/colegioarquitectos.com\/noticias\/?p=1975\">http:\/\/colegioarquitectos.com\/noticias\/?p=1975<\/a><\/strong><\/p>\n<p style=\"text-align: justify;\"><strong>\u00a0<\/strong><\/p>\n<p style=\"text-align: justify;\"><strong>\u00a0<\/strong><\/p>\n<p style=\"text-align: justify;\"><strong>(10) <\/strong><span style=\"text-decoration: underline;\"><strong>Seminario \u201cSantiago, desde la ciudad de Benjam\u00edn Vicu\u00f1a Mackenna a los desaf\u00edos del siglo XXI\u201d &#8211; <\/strong><\/span><strong><span style=\"text-decoration: underline;\">Comit\u00e9 de Patrimonio del Colegio de Arquitectos de Chile<\/span> <\/strong><strong><\/strong><\/p>\n<p style=\"text-align: justify;\"><strong><\/strong>El Museo Benjam\u00edn Vicu\u00f1a Mackenna, en conjunto con el Colegio de Arquitectos de Chile, la Escuela de Arquitectura y Urbanismo de la Universidad de Chile, el Consejo de Monumentos, Explora de Conicyt y el colectivo cultural Eje Alameda, conscientes de la realidad urbana y social del Santiago actual, han querido plantear estas problem\u00e1ticas en un seminario que nos haga volver sobre lo que fue el so\u00f1ado Santiago de Vicu\u00f1a Mackenna y sus costos sociales, econ\u00f3micos y pol\u00edticos vinculados al plan.<\/p>\n<p style=\"text-align: justify;\"><strong>Link: <a href=\"http:\/\/colegioarquitectos.com\/noticias\/?p=2168\">http:\/\/colegioarquitectos.com\/noticias\/?p=2168<\/a><\/strong><\/p>\n<p style=\"text-align: justify;\"><strong>\u00a0<\/strong><\/p>\n<p style=\"text-align: justify;\"><strong>\u00a0<\/strong><\/p>\n<p style=\"text-align: justify;\"><strong>(11) <span style=\"text-decoration: underline;\">Curso Normas IFRS aplicada a la Tasaci\u00f3n Inmobiliaria \u2013 ASATCH \u2013 31 agosto y 07 septiembre<\/span><\/strong><\/p>\n<p style=\"text-align: justify;\"><strong><\/strong>El Curso Normas IFRS aplicada a la Tasaci\u00f3n Inmobiliaria, organizado por ASATCH, se llevar\u00e1 a cabo los d\u00edas 31 de agosto y 07 de septiembre. El objetivo del presente curso es responder a las exigencias que plantea la adecuada aplicaci\u00f3n de las IFRS, junto con comprender el nuevo marco de elaboraci\u00f3n de la informaci\u00f3n contable y aprender a resolver problemas de aplicaci\u00f3n pr\u00e1ctica de las IFRS a los que se enfrentan las empresas.<\/p>\n<p style=\"text-align: justify;\"><strong>Link: <a href=\"http:\/\/colegioarquitectos.com\/noticias\/?p=2203\">http:\/\/colegioarquitectos.com\/noticias\/?p=2203<\/a><\/strong><\/p>\n<p><strong>\u00a0<\/strong><\/p>\n<p><\/p>","protected":false},"excerpt":{"rendered":"<p>(1) Retiro entradas: a partir LUNES 20 AGOSTO. Cena Aniversario CA 2012 \u2013 Viernes 31 agosto en Club de la Uni\u00f3n En el marco de la conmemoraci\u00f3n del aniversario N\u00ba 70 de la Orden, el viernes 31 de agosto se &hellip; <a class=\"more-link\" href=\"https:\/\/colegioarquitectos.com\/noticias\/?p=2212\">ver m\u00e1s<\/a><\/p>","protected":false},"author":1,"featured_media":0,"comment_status":"open","ping_status":"open","sticky":false,"template":"","format":"standard","meta":{"footnotes":""},"categories":[8],"tags":[],"class_list":["post-2212","post","type-post","status-publish","format-standard","hentry","category-colegio-de-arquitectos"],"yoast_head":"<!-- This site is optimized with the Yoast SEO plugin v24.2 - https:\/\/yoast.com\/wordpress\/plugins\/seo\/ -->\n<title>Newsletter COLEGIO DE ARQUITECTOS DE CHILE. 20 al 27 agosto 2012 - COLEGIO DE ARQUITECTOS DE CHILE<\/title>\n<meta name=\"robots\" content=\"index, follow, max-snippet:-1, max-image-preview:large, max-video-preview:-1\" \/>\n<link rel=\"canonical\" href=\"https:\/\/colegioarquitectos.com\/noticias\/?p=2212\" \/>\n<meta property=\"og:locale\" content=\"es_ES\" \/>\n<meta property=\"og:type\" content=\"article\" \/>\n<meta property=\"og:title\" content=\"Newsletter COLEGIO DE ARQUITECTOS DE CHILE. 20 al 27 agosto 2012 - COLEGIO DE ARQUITECTOS DE CHILE\" \/>\n<meta property=\"og:description\" content=\"(1) Retiro entradas: a partir LUNES 20 AGOSTO. Cena Aniversario CA 2012 \u2013 Viernes 31 agosto en Club de la Uni\u00f3n En el marco de la conmemoraci\u00f3n del aniversario N\u00ba 70 de la Orden, el viernes 31 de agosto se &hellip; ver m\u00e1s\" \/>\n<meta property=\"og:url\" content=\"https:\/\/colegioarquitectos.com\/noticias\/?p=2212\" \/>\n<meta property=\"og:site_name\" content=\"COLEGIO DE ARQUITECTOS DE CHILE\" \/>\n<meta property=\"article:publisher\" content=\"https:\/\/facebook.com\/Colegioarq\/\" \/>\n<meta property=\"article:published_time\" content=\"2012-08-10T19:15:28+00:00\" \/>\n<meta property=\"article:modified_time\" content=\"2012-08-22T20:13:34+00:00\" \/>\n<meta name=\"author\" content=\"Gabriel Salgado S.\" \/>\n<meta name=\"twitter:card\" content=\"summary_large_image\" \/>\n<meta name=\"twitter:creator\" content=\"@colegioarq\" \/>\n<meta name=\"twitter:site\" content=\"@colegioarq\" \/>\n<meta name=\"twitter:label1\" content=\"Escrito por\" \/>\n\t<meta name=\"twitter:data1\" content=\"Gabriel Salgado S.\" \/>\n\t<meta name=\"twitter:label2\" content=\"Tiempo de lectura\" \/>\n\t<meta name=\"twitter:data2\" content=\"5 minutos\" \/>\n<script type=\"application\/ld+json\" class=\"yoast-schema-graph\">{\"@context\":\"https:\/\/schema.org\",\"@graph\":[{\"@type\":\"Article\",\"@id\":\"https:\/\/colegioarquitectos.com\/noticias\/?p=2212#article\",\"isPartOf\":{\"@id\":\"https:\/\/colegioarquitectos.com\/noticias\/?p=2212\"},\"author\":{\"name\":\"Gabriel Salgado S.\",\"@id\":\"https:\/\/colegioarquitectos.com\/noticias\/#\/schema\/person\/b6c7e912cd1283c089114093ed09741f\"},\"headline\":\"Newsletter COLEGIO DE ARQUITECTOS DE CHILE. 20 al 27 agosto 2012\",\"datePublished\":\"2012-08-10T19:15:28+00:00\",\"dateModified\":\"2012-08-22T20:13:34+00:00\",\"mainEntityOfPage\":{\"@id\":\"https:\/\/colegioarquitectos.com\/noticias\/?p=2212\"},\"wordCount\":1011,\"commentCount\":0,\"publisher\":{\"@id\":\"https:\/\/colegioarquitectos.com\/noticias\/#organization\"},\"articleSection\":[\"Colegio\"],\"inLanguage\":\"es\",\"potentialAction\":[{\"@type\":\"CommentAction\",\"name\":\"Comment\",\"target\":[\"https:\/\/colegioarquitectos.com\/noticias\/?p=2212#respond\"]}]},{\"@type\":\"WebPage\",\"@id\":\"https:\/\/colegioarquitectos.com\/noticias\/?p=2212\",\"url\":\"https:\/\/colegioarquitectos.com\/noticias\/?p=2212\",\"name\":\"Newsletter COLEGIO DE ARQUITECTOS DE CHILE. 20 al 27 agosto 2012 - COLEGIO DE ARQUITECTOS DE CHILE\",\"isPartOf\":{\"@id\":\"https:\/\/colegioarquitectos.com\/noticias\/#website\"},\"datePublished\":\"2012-08-10T19:15:28+00:00\",\"dateModified\":\"2012-08-22T20:13:34+00:00\",\"breadcrumb\":{\"@id\":\"https:\/\/colegioarquitectos.com\/noticias\/?p=2212#breadcrumb\"},\"inLanguage\":\"es\",\"potentialAction\":[{\"@type\":\"ReadAction\",\"target\":[\"https:\/\/colegioarquitectos.com\/noticias\/?p=2212\"]}]},{\"@type\":\"BreadcrumbList\",\"@id\":\"https:\/\/colegioarquitectos.com\/noticias\/?p=2212#breadcrumb\",\"itemListElement\":[{\"@type\":\"ListItem\",\"position\":1,\"name\":\"Portada\",\"item\":\"https:\/\/colegioarquitectos.com\/noticias\"},{\"@type\":\"ListItem\",\"position\":2,\"name\":\"Newsletter COLEGIO DE ARQUITECTOS DE CHILE. 20 al 27 agosto 2012\"}]},{\"@type\":\"WebSite\",\"@id\":\"https:\/\/colegioarquitectos.com\/noticias\/#website\",\"url\":\"https:\/\/colegioarquitectos.com\/noticias\/\",\"name\":\"COLEGIO DE ARQUITECTOS DE CHILE\",\"description\":\"\",\"publisher\":{\"@id\":\"https:\/\/colegioarquitectos.com\/noticias\/#organization\"},\"potentialAction\":[{\"@type\":\"SearchAction\",\"target\":{\"@type\":\"EntryPoint\",\"urlTemplate\":\"https:\/\/colegioarquitectos.com\/noticias\/?s={search_term_string}\"},\"query-input\":{\"@type\":\"PropertyValueSpecification\",\"valueRequired\":true,\"valueName\":\"search_term_string\"}}],\"inLanguage\":\"es\"},{\"@type\":\"Organization\",\"@id\":\"https:\/\/colegioarquitectos.com\/noticias\/#organization\",\"name\":\"COLEGIO DE ARQUITECTOS DE CHILE\",\"url\":\"https:\/\/colegioarquitectos.com\/noticias\/\",\"logo\":{\"@type\":\"ImageObject\",\"inLanguage\":\"es\",\"@id\":\"https:\/\/colegioarquitectos.com\/noticias\/#\/schema\/logo\/image\/\",\"url\":\"https:\/\/colegioarquitectos.com\/noticias\/wp-content\/uploads\/2021\/05\/ENCABEZADO-LOGO-CA.jpg\",\"contentUrl\":\"https:\/\/colegioarquitectos.com\/noticias\/wp-content\/uploads\/2021\/05\/ENCABEZADO-LOGO-CA.jpg\",\"width\":690,\"height\":350,\"caption\":\"COLEGIO DE ARQUITECTOS DE CHILE\"},\"image\":{\"@id\":\"https:\/\/colegioarquitectos.com\/noticias\/#\/schema\/logo\/image\/\"},\"sameAs\":[\"https:\/\/facebook.com\/Colegioarq\/\",\"https:\/\/x.com\/colegioarq\",\"https:\/\/instagram.com\/colegioarq\",\"https:\/\/youtube.com\/@ColegiodeArquitectosdeChile\"]},{\"@type\":\"Person\",\"@id\":\"https:\/\/colegioarquitectos.com\/noticias\/#\/schema\/person\/b6c7e912cd1283c089114093ed09741f\",\"name\":\"Gabriel Salgado S.\",\"url\":\"https:\/\/colegioarquitectos.com\/noticias\/?author=1\"}]}<\/script>\n<!-- \/ Yoast SEO plugin. -->","yoast_head_json":{"title":"Newsletter COLEGIO DE ARQUITECTOS DE CHILE. 20 al 27 agosto 2012 - COLEGIO DE ARQUITECTOS DE CHILE","robots":{"index":"index","follow":"follow","max-snippet":"max-snippet:-1","max-image-preview":"max-image-preview:large","max-video-preview":"max-video-preview:-1"},"canonical":"https:\/\/colegioarquitectos.com\/noticias\/?p=2212","og_locale":"es_ES","og_type":"article","og_title":"Newsletter COLEGIO DE ARQUITECTOS DE CHILE. 20 al 27 agosto 2012 - COLEGIO DE ARQUITECTOS DE CHILE","og_description":"(1) Retiro entradas: a partir LUNES 20 AGOSTO. Cena Aniversario CA 2012 \u2013 Viernes 31 agosto en Club de la Uni\u00f3n En el marco de la conmemoraci\u00f3n del aniversario N\u00ba 70 de la Orden, el viernes 31 de agosto se &hellip; ver m\u00e1s","og_url":"https:\/\/colegioarquitectos.com\/noticias\/?p=2212","og_site_name":"COLEGIO DE ARQUITECTOS DE CHILE","article_publisher":"https:\/\/facebook.com\/Colegioarq\/","article_published_time":"2012-08-10T19:15:28+00:00","article_modified_time":"2012-08-22T20:13:34+00:00","author":"Gabriel Salgado S.","twitter_card":"summary_large_image","twitter_creator":"@colegioarq","twitter_site":"@colegioarq","twitter_misc":{"Escrito por":"Gabriel Salgado S.","Tiempo de lectura":"5 minutos"},"schema":{"@context":"https:\/\/schema.org","@graph":[{"@type":"Article","@id":"https:\/\/colegioarquitectos.com\/noticias\/?p=2212#article","isPartOf":{"@id":"https:\/\/colegioarquitectos.com\/noticias\/?p=2212"},"author":{"name":"Gabriel Salgado S.","@id":"https:\/\/colegioarquitectos.com\/noticias\/#\/schema\/person\/b6c7e912cd1283c089114093ed09741f"},"headline":"Newsletter COLEGIO DE ARQUITECTOS DE CHILE. 20 al 27 agosto 2012","datePublished":"2012-08-10T19:15:28+00:00","dateModified":"2012-08-22T20:13:34+00:00","mainEntityOfPage":{"@id":"https:\/\/colegioarquitectos.com\/noticias\/?p=2212"},"wordCount":1011,"commentCount":0,"publisher":{"@id":"https:\/\/colegioarquitectos.com\/noticias\/#organization"},"articleSection":["Colegio"],"inLanguage":"es","potentialAction":[{"@type":"CommentAction","name":"Comment","target":["https:\/\/colegioarquitectos.com\/noticias\/?p=2212#respond"]}]},{"@type":"WebPage","@id":"https:\/\/colegioarquitectos.com\/noticias\/?p=2212","url":"https:\/\/colegioarquitectos.com\/noticias\/?p=2212","name":"Newsletter COLEGIO DE ARQUITECTOS DE CHILE. 20 al 27 agosto 2012 - COLEGIO DE ARQUITECTOS DE CHILE","isPartOf":{"@id":"https:\/\/colegioarquitectos.com\/noticias\/#website"},"datePublished":"2012-08-10T19:15:28+00:00","dateModified":"2012-08-22T20:13:34+00:00","breadcrumb":{"@id":"https:\/\/colegioarquitectos.com\/noticias\/?p=2212#breadcrumb"},"inLanguage":"es","potentialAction":[{"@type":"ReadAction","target":["https:\/\/colegioarquitectos.com\/noticias\/?p=2212"]}]},{"@type":"BreadcrumbList","@id":"https:\/\/colegioarquitectos.com\/noticias\/?p=2212#breadcrumb","itemListElement":[{"@type":"ListItem","position":1,"name":"Portada","item":"https:\/\/colegioarquitectos.com\/noticias"},{"@type":"ListItem","position":2,"name":"Newsletter COLEGIO DE ARQUITECTOS DE CHILE. 20 al 27 agosto 2012"}]},{"@type":"WebSite","@id":"https:\/\/colegioarquitectos.com\/noticias\/#website","url":"https:\/\/colegioarquitectos.com\/noticias\/","name":"COLEGIO DE ARQUITECTOS DE CHILE","description":"","publisher":{"@id":"https:\/\/colegioarquitectos.com\/noticias\/#organization"},"potentialAction":[{"@type":"SearchAction","target":{"@type":"EntryPoint","urlTemplate":"https:\/\/colegioarquitectos.com\/noticias\/?s={search_term_string}"},"query-input":{"@type":"PropertyValueSpecification","valueRequired":true,"valueName":"search_term_string"}}],"inLanguage":"es"},{"@type":"Organization","@id":"https:\/\/colegioarquitectos.com\/noticias\/#organization","name":"COLEGIO DE ARQUITECTOS DE CHILE","url":"https:\/\/colegioarquitectos.com\/noticias\/","logo":{"@type":"ImageObject","inLanguage":"es","@id":"https:\/\/colegioarquitectos.com\/noticias\/#\/schema\/logo\/image\/","url":"https:\/\/colegioarquitectos.com\/noticias\/wp-content\/uploads\/2021\/05\/ENCABEZADO-LOGO-CA.jpg","contentUrl":"https:\/\/colegioarquitectos.com\/noticias\/wp-content\/uploads\/2021\/05\/ENCABEZADO-LOGO-CA.jpg","width":690,"height":350,"caption":"COLEGIO DE ARQUITECTOS DE CHILE"},"image":{"@id":"https:\/\/colegioarquitectos.com\/noticias\/#\/schema\/logo\/image\/"},"sameAs":["https:\/\/facebook.com\/Colegioarq\/","https:\/\/x.com\/colegioarq","https:\/\/instagram.com\/colegioarq","https:\/\/youtube.com\/@ColegiodeArquitectosdeChile"]},{"@type":"Person","@id":"https:\/\/colegioarquitectos.com\/noticias\/#\/schema\/person\/b6c7e912cd1283c089114093ed09741f","name":"Gabriel Salgado S.","url":"https:\/\/colegioarquitectos.com\/noticias\/?author=1"}]}},"_links":{"self":[{"href":"https:\/\/colegioarquitectos.com\/noticias\/index.php?rest_route=\/wp\/v2\/posts\/2212","targetHints":{"allow":["GET"]}}],"collection":[{"href":"https:\/\/colegioarquitectos.com\/noticias\/index.php?rest_route=\/wp\/v2\/posts"}],"about":[{"href":"https:\/\/colegioarquitectos.com\/noticias\/index.php?rest_route=\/wp\/v2\/types\/post"}],"author":[{"embeddable":true,"href":"https:\/\/colegioarquitectos.com\/noticias\/index.php?rest_route=\/wp\/v2\/users\/1"}],"replies":[{"embeddable":true,"href":"https:\/\/colegioarquitectos.com\/noticias\/index.php?rest_route=%2Fwp%2Fv2%2Fcomments&post=2212"}],"version-history":[{"count":0,"href":"https:\/\/colegioarquitectos.com\/noticias\/index.php?rest_route=\/wp\/v2\/posts\/2212\/revisions"}],"wp:attachment":[{"href":"https:\/\/colegioarquitectos.com\/noticias\/index.php?rest_route=%2Fwp%2Fv2%2Fmedia&parent=2212"}],"wp:term":[{"taxonomy":"category","embeddable":true,"href":"https:\/\/colegioarquitectos.com\/noticias\/index.php?rest_route=%2Fwp%2Fv2%2Fcategories&post=2212"},{"taxonomy":"post_tag","embeddable":true,"href":"https:\/\/colegioarquitectos.com\/noticias\/index.php?rest_route=%2Fwp%2Fv2%2Ftags&post=2212"}],"curies":[{"name":"wp","href":"https:\/\/api.w.org\/{rel}","templated":true}]}}