
{"id":2219,"date":"2012-08-10T16:38:31","date_gmt":"2012-08-10T16:38:31","guid":{"rendered":"http:\/\/colegioarquitectos.com\/noticias\/?p=2219"},"modified":"2012-08-23T16:09:10","modified_gmt":"2012-08-23T16:09:10","slug":"miercoles-22-agosto-18-45-hrs-en-la-serena-conferencia-soluciones-verdes-para-banos-asociadas-al-green-building-council-delegacion-zonal-la-serena-colegio-de-arquitectos","status":"publish","type":"post","link":"https:\/\/colegioarquitectos.com\/noticias\/?p=2219","title":{"rendered":"Mi\u00e9rcoles 22 agosto \u2013 18.45 hrs. en La Serena. Conferencia \u00abSoluciones verdes para ba\u00f1os asociadas al Green Building Council\u00bb \u2013 Delegaci\u00f3n Zonal La Serena, Colegio de Arquitectos"},"content":{"rendered":"<p style=\"text-align: center;\"><strong>Conferencia \u00abSoluciones verdes para ba\u00f1os asociadas al Green Building Council\u00bb<\/strong><\/p>\n<p style=\"text-align: center;\"><span style=\"color: #000080;\"><strong>Delegaci\u00f3n Zonal La Serena, Colegio de Arquitectos y Comercial Hispano Chilena<\/strong><\/span><\/p>\n<p>&nbsp;<\/p>\n<p><strong>Fecha:<\/strong> Mi\u00e9rcoles 22 de agosto a ls 18.45 hrs.<\/p>\n<p>&nbsp;<\/p>\n<p><strong>Lugar:<\/strong> Sede Delegaci\u00f3n Zonal La Serena, ubicada en Almagro 270, La Serena<\/p>\n<p>&nbsp;<\/p>\n<p>&nbsp;<\/p>\n<p><a href=\"http:\/\/colegioarquitectos.com\/noticias\/wp-content\/uploads\/2012\/08\/Invitaci\u00f3n-La-Serena-Web.jpg\"><img loading=\"lazy\" decoding=\"async\" class=\"alignnone size-full wp-image-2220\" title=\"Invitaci\u00f3n La Serena Web\" src=\"http:\/\/colegioarquitectos.com\/noticias\/wp-content\/uploads\/2012\/08\/Invitaci\u00f3n-La-Serena-Web.jpg\" alt=\"\" width=\"549\" height=\"235\" srcset=\"https:\/\/colegioarquitectos.com\/noticias\/wp-content\/uploads\/2012\/08\/Invitaci\u00f3n-La-Serena-Web.jpg 549w, https:\/\/colegioarquitectos.com\/noticias\/wp-content\/uploads\/2012\/08\/Invitaci\u00f3n-La-Serena-Web-300x128.jpg 300w\" sizes=\"auto, (max-width: 549px) 100vw, 549px\" \/><\/a><\/p>\n<p><\/p>","protected":false},"excerpt":{"rendered":"<p>Conferencia \u00abSoluciones verdes para ba\u00f1os asociadas al Green Building Council\u00bb Delegaci\u00f3n Zonal La Serena, Colegio de Arquitectos y Comercial Hispano Chilena &nbsp; Fecha: Mi\u00e9rcoles 22 de agosto a ls 18.45 hrs. &nbsp; Lugar: Sede Delegaci\u00f3n Zonal La Serena, ubicada en &hellip; <a class=\"more-link\" href=\"https:\/\/colegioarquitectos.com\/noticias\/?p=2219\">ver m\u00e1s<\/a><\/p>","protected":false},"author":1,"featured_media":0,"comment_status":"open","ping_status":"open","sticky":false,"template":"","format":"standard","meta":{"footnotes":""},"categories":[19,24,8,10],"tags":[],"class_list":["post-2219","post","type-post","status-publish","format-standard","hentry","category-actividades","category-charlas","category-colegio-de-arquitectos","category-delegaciones-zonales"],"yoast_head":"<!-- This site is optimized with the Yoast SEO plugin v24.2 - https:\/\/yoast.com\/wordpress\/plugins\/seo\/ -->\n<title>Mi\u00e9rcoles 22 agosto \u2013 18.45 hrs. en La Serena. Conferencia &quot;Soluciones verdes para ba\u00f1os asociadas al Green Building Council&quot; \u2013 Delegaci\u00f3n Zonal La Serena, Colegio de Arquitectos  - COLEGIO DE ARQUITECTOS DE CHILE<\/title>\n<meta name=\"robots\" content=\"index, follow, max-snippet:-1, max-image-preview:large, max-video-preview:-1\" \/>\n<link rel=\"canonical\" href=\"https:\/\/colegioarquitectos.com\/noticias\/?p=2219\" \/>\n<meta property=\"og:locale\" content=\"es_ES\" \/>\n<meta property=\"og:type\" content=\"article\" \/>\n<meta property=\"og:title\" content=\"Mi\u00e9rcoles 22 agosto \u2013 18.45 hrs. en La Serena. Conferencia &quot;Soluciones verdes para ba\u00f1os asociadas al Green Building Council&quot; \u2013 Delegaci\u00f3n Zonal La Serena, Colegio de Arquitectos  - COLEGIO DE ARQUITECTOS DE CHILE\" \/>\n<meta property=\"og:description\" content=\"Conferencia \u00abSoluciones verdes para ba\u00f1os asociadas al Green Building Council\u00bb Delegaci\u00f3n Zonal La Serena, Colegio de Arquitectos y Comercial Hispano Chilena &nbsp; Fecha: Mi\u00e9rcoles 22 de agosto a ls 18.45 hrs. &nbsp; Lugar: Sede Delegaci\u00f3n Zonal La Serena, ubicada en &hellip; ver m\u00e1s\" \/>\n<meta property=\"og:url\" content=\"https:\/\/colegioarquitectos.com\/noticias\/?p=2219\" \/>\n<meta property=\"og:site_name\" content=\"COLEGIO DE ARQUITECTOS DE CHILE\" \/>\n<meta property=\"article:publisher\" content=\"https:\/\/facebook.com\/Colegioarq\/\" \/>\n<meta property=\"article:published_time\" content=\"2012-08-10T16:38:31+00:00\" \/>\n<meta property=\"article:modified_time\" content=\"2012-08-23T16:09:10+00:00\" \/>\n<meta name=\"author\" content=\"Gabriel Salgado S.\" \/>\n<meta name=\"twitter:card\" content=\"summary_large_image\" \/>\n<meta name=\"twitter:creator\" content=\"@colegioarq\" \/>\n<meta name=\"twitter:site\" content=\"@colegioarq\" \/>\n<meta name=\"twitter:label1\" content=\"Escrito por\" \/>\n\t<meta name=\"twitter:data1\" content=\"Gabriel Salgado S.\" \/>\n<script type=\"application\/ld+json\" class=\"yoast-schema-graph\">{\"@context\":\"https:\/\/schema.org\",\"@graph\":[{\"@type\":\"Article\",\"@id\":\"https:\/\/colegioarquitectos.com\/noticias\/?p=2219#article\",\"isPartOf\":{\"@id\":\"https:\/\/colegioarquitectos.com\/noticias\/?p=2219\"},\"author\":{\"name\":\"Gabriel Salgado S.\",\"@id\":\"https:\/\/colegioarquitectos.com\/noticias\/#\/schema\/person\/b6c7e912cd1283c089114093ed09741f\"},\"headline\":\"Mi\u00e9rcoles 22 agosto \u2013 18.45 hrs. en La Serena. Conferencia \u00abSoluciones verdes para ba\u00f1os asociadas al Green Building Council\u00bb \u2013 Delegaci\u00f3n Zonal La Serena, Colegio de Arquitectos\",\"datePublished\":\"2012-08-10T16:38:31+00:00\",\"dateModified\":\"2012-08-23T16:09:10+00:00\",\"mainEntityOfPage\":{\"@id\":\"https:\/\/colegioarquitectos.com\/noticias\/?p=2219\"},\"wordCount\":73,\"commentCount\":0,\"publisher\":{\"@id\":\"https:\/\/colegioarquitectos.com\/noticias\/#organization\"},\"articleSection\":[\"Actividades\",\"Charlas\",\"Colegio\",\"Delegaciones\"],\"inLanguage\":\"es\",\"potentialAction\":[{\"@type\":\"CommentAction\",\"name\":\"Comment\",\"target\":[\"https:\/\/colegioarquitectos.com\/noticias\/?p=2219#respond\"]}]},{\"@type\":\"WebPage\",\"@id\":\"https:\/\/colegioarquitectos.com\/noticias\/?p=2219\",\"url\":\"https:\/\/colegioarquitectos.com\/noticias\/?p=2219\",\"name\":\"Mi\u00e9rcoles 22 agosto \u2013 18.45 hrs. en La Serena. Conferencia \\\"Soluciones verdes para ba\u00f1os asociadas al Green Building Council\\\" \u2013 Delegaci\u00f3n Zonal La Serena, Colegio de Arquitectos - COLEGIO DE ARQUITECTOS DE CHILE\",\"isPartOf\":{\"@id\":\"https:\/\/colegioarquitectos.com\/noticias\/#website\"},\"datePublished\":\"2012-08-10T16:38:31+00:00\",\"dateModified\":\"2012-08-23T16:09:10+00:00\",\"breadcrumb\":{\"@id\":\"https:\/\/colegioarquitectos.com\/noticias\/?p=2219#breadcrumb\"},\"inLanguage\":\"es\",\"potentialAction\":[{\"@type\":\"ReadAction\",\"target\":[\"https:\/\/colegioarquitectos.com\/noticias\/?p=2219\"]}]},{\"@type\":\"BreadcrumbList\",\"@id\":\"https:\/\/colegioarquitectos.com\/noticias\/?p=2219#breadcrumb\",\"itemListElement\":[{\"@type\":\"ListItem\",\"position\":1,\"name\":\"Portada\",\"item\":\"https:\/\/colegioarquitectos.com\/noticias\"},{\"@type\":\"ListItem\",\"position\":2,\"name\":\"Mi\u00e9rcoles 22 agosto \u2013 18.45 hrs. en La Serena. Conferencia \u00abSoluciones verdes para ba\u00f1os asociadas al Green Building Council\u00bb \u2013 Delegaci\u00f3n Zonal La Serena, Colegio de Arquitectos\"}]},{\"@type\":\"WebSite\",\"@id\":\"https:\/\/colegioarquitectos.com\/noticias\/#website\",\"url\":\"https:\/\/colegioarquitectos.com\/noticias\/\",\"name\":\"COLEGIO DE ARQUITECTOS DE CHILE\",\"description\":\"\",\"publisher\":{\"@id\":\"https:\/\/colegioarquitectos.com\/noticias\/#organization\"},\"potentialAction\":[{\"@type\":\"SearchAction\",\"target\":{\"@type\":\"EntryPoint\",\"urlTemplate\":\"https:\/\/colegioarquitectos.com\/noticias\/?s={search_term_string}\"},\"query-input\":{\"@type\":\"PropertyValueSpecification\",\"valueRequired\":true,\"valueName\":\"search_term_string\"}}],\"inLanguage\":\"es\"},{\"@type\":\"Organization\",\"@id\":\"https:\/\/colegioarquitectos.com\/noticias\/#organization\",\"name\":\"COLEGIO DE ARQUITECTOS DE CHILE\",\"url\":\"https:\/\/colegioarquitectos.com\/noticias\/\",\"logo\":{\"@type\":\"ImageObject\",\"inLanguage\":\"es\",\"@id\":\"https:\/\/colegioarquitectos.com\/noticias\/#\/schema\/logo\/image\/\",\"url\":\"https:\/\/colegioarquitectos.com\/noticias\/wp-content\/uploads\/2021\/05\/ENCABEZADO-LOGO-CA.jpg\",\"contentUrl\":\"https:\/\/colegioarquitectos.com\/noticias\/wp-content\/uploads\/2021\/05\/ENCABEZADO-LOGO-CA.jpg\",\"width\":690,\"height\":350,\"caption\":\"COLEGIO DE ARQUITECTOS DE CHILE\"},\"image\":{\"@id\":\"https:\/\/colegioarquitectos.com\/noticias\/#\/schema\/logo\/image\/\"},\"sameAs\":[\"https:\/\/facebook.com\/Colegioarq\/\",\"https:\/\/x.com\/colegioarq\",\"https:\/\/instagram.com\/colegioarq\",\"https:\/\/youtube.com\/@ColegiodeArquitectosdeChile\"]},{\"@type\":\"Person\",\"@id\":\"https:\/\/colegioarquitectos.com\/noticias\/#\/schema\/person\/b6c7e912cd1283c089114093ed09741f\",\"name\":\"Gabriel Salgado S.\",\"url\":\"https:\/\/colegioarquitectos.com\/noticias\/?author=1\"}]}<\/script>\n<!-- \/ Yoast SEO plugin. -->","yoast_head_json":{"title":"Mi\u00e9rcoles 22 agosto \u2013 18.45 hrs. en La Serena. Conferencia \"Soluciones verdes para ba\u00f1os asociadas al Green Building Council\" \u2013 Delegaci\u00f3n Zonal La Serena, Colegio de Arquitectos  - COLEGIO DE ARQUITECTOS DE CHILE","robots":{"index":"index","follow":"follow","max-snippet":"max-snippet:-1","max-image-preview":"max-image-preview:large","max-video-preview":"max-video-preview:-1"},"canonical":"https:\/\/colegioarquitectos.com\/noticias\/?p=2219","og_locale":"es_ES","og_type":"article","og_title":"Mi\u00e9rcoles 22 agosto \u2013 18.45 hrs. en La Serena. Conferencia \"Soluciones verdes para ba\u00f1os asociadas al Green Building Council\" \u2013 Delegaci\u00f3n Zonal La Serena, Colegio de Arquitectos  - COLEGIO DE ARQUITECTOS DE CHILE","og_description":"Conferencia \u00abSoluciones verdes para ba\u00f1os asociadas al Green Building Council\u00bb Delegaci\u00f3n Zonal La Serena, Colegio de Arquitectos y Comercial Hispano Chilena &nbsp; Fecha: Mi\u00e9rcoles 22 de agosto a ls 18.45 hrs. &nbsp; Lugar: Sede Delegaci\u00f3n Zonal La Serena, ubicada en &hellip; ver m\u00e1s","og_url":"https:\/\/colegioarquitectos.com\/noticias\/?p=2219","og_site_name":"COLEGIO DE ARQUITECTOS DE CHILE","article_publisher":"https:\/\/facebook.com\/Colegioarq\/","article_published_time":"2012-08-10T16:38:31+00:00","article_modified_time":"2012-08-23T16:09:10+00:00","author":"Gabriel Salgado S.","twitter_card":"summary_large_image","twitter_creator":"@colegioarq","twitter_site":"@colegioarq","twitter_misc":{"Escrito por":"Gabriel Salgado S."},"schema":{"@context":"https:\/\/schema.org","@graph":[{"@type":"Article","@id":"https:\/\/colegioarquitectos.com\/noticias\/?p=2219#article","isPartOf":{"@id":"https:\/\/colegioarquitectos.com\/noticias\/?p=2219"},"author":{"name":"Gabriel Salgado S.","@id":"https:\/\/colegioarquitectos.com\/noticias\/#\/schema\/person\/b6c7e912cd1283c089114093ed09741f"},"headline":"Mi\u00e9rcoles 22 agosto \u2013 18.45 hrs. en La Serena. Conferencia \u00abSoluciones verdes para ba\u00f1os asociadas al Green Building Council\u00bb \u2013 Delegaci\u00f3n Zonal La Serena, Colegio de Arquitectos","datePublished":"2012-08-10T16:38:31+00:00","dateModified":"2012-08-23T16:09:10+00:00","mainEntityOfPage":{"@id":"https:\/\/colegioarquitectos.com\/noticias\/?p=2219"},"wordCount":73,"commentCount":0,"publisher":{"@id":"https:\/\/colegioarquitectos.com\/noticias\/#organization"},"articleSection":["Actividades","Charlas","Colegio","Delegaciones"],"inLanguage":"es","potentialAction":[{"@type":"CommentAction","name":"Comment","target":["https:\/\/colegioarquitectos.com\/noticias\/?p=2219#respond"]}]},{"@type":"WebPage","@id":"https:\/\/colegioarquitectos.com\/noticias\/?p=2219","url":"https:\/\/colegioarquitectos.com\/noticias\/?p=2219","name":"Mi\u00e9rcoles 22 agosto \u2013 18.45 hrs. en La Serena. Conferencia \"Soluciones verdes para ba\u00f1os asociadas al Green Building Council\" \u2013 Delegaci\u00f3n Zonal La Serena, Colegio de Arquitectos - COLEGIO DE ARQUITECTOS DE CHILE","isPartOf":{"@id":"https:\/\/colegioarquitectos.com\/noticias\/#website"},"datePublished":"2012-08-10T16:38:31+00:00","dateModified":"2012-08-23T16:09:10+00:00","breadcrumb":{"@id":"https:\/\/colegioarquitectos.com\/noticias\/?p=2219#breadcrumb"},"inLanguage":"es","potentialAction":[{"@type":"ReadAction","target":["https:\/\/colegioarquitectos.com\/noticias\/?p=2219"]}]},{"@type":"BreadcrumbList","@id":"https:\/\/colegioarquitectos.com\/noticias\/?p=2219#breadcrumb","itemListElement":[{"@type":"ListItem","position":1,"name":"Portada","item":"https:\/\/colegioarquitectos.com\/noticias"},{"@type":"ListItem","position":2,"name":"Mi\u00e9rcoles 22 agosto \u2013 18.45 hrs. en La Serena. Conferencia \u00abSoluciones verdes para ba\u00f1os asociadas al Green Building Council\u00bb \u2013 Delegaci\u00f3n Zonal La Serena, Colegio de Arquitectos"}]},{"@type":"WebSite","@id":"https:\/\/colegioarquitectos.com\/noticias\/#website","url":"https:\/\/colegioarquitectos.com\/noticias\/","name":"COLEGIO DE ARQUITECTOS DE CHILE","description":"","publisher":{"@id":"https:\/\/colegioarquitectos.com\/noticias\/#organization"},"potentialAction":[{"@type":"SearchAction","target":{"@type":"EntryPoint","urlTemplate":"https:\/\/colegioarquitectos.com\/noticias\/?s={search_term_string}"},"query-input":{"@type":"PropertyValueSpecification","valueRequired":true,"valueName":"search_term_string"}}],"inLanguage":"es"},{"@type":"Organization","@id":"https:\/\/colegioarquitectos.com\/noticias\/#organization","name":"COLEGIO DE ARQUITECTOS DE CHILE","url":"https:\/\/colegioarquitectos.com\/noticias\/","logo":{"@type":"ImageObject","inLanguage":"es","@id":"https:\/\/colegioarquitectos.com\/noticias\/#\/schema\/logo\/image\/","url":"https:\/\/colegioarquitectos.com\/noticias\/wp-content\/uploads\/2021\/05\/ENCABEZADO-LOGO-CA.jpg","contentUrl":"https:\/\/colegioarquitectos.com\/noticias\/wp-content\/uploads\/2021\/05\/ENCABEZADO-LOGO-CA.jpg","width":690,"height":350,"caption":"COLEGIO DE ARQUITECTOS DE CHILE"},"image":{"@id":"https:\/\/colegioarquitectos.com\/noticias\/#\/schema\/logo\/image\/"},"sameAs":["https:\/\/facebook.com\/Colegioarq\/","https:\/\/x.com\/colegioarq","https:\/\/instagram.com\/colegioarq","https:\/\/youtube.com\/@ColegiodeArquitectosdeChile"]},{"@type":"Person","@id":"https:\/\/colegioarquitectos.com\/noticias\/#\/schema\/person\/b6c7e912cd1283c089114093ed09741f","name":"Gabriel Salgado S.","url":"https:\/\/colegioarquitectos.com\/noticias\/?author=1"}]}},"_links":{"self":[{"href":"https:\/\/colegioarquitectos.com\/noticias\/index.php?rest_route=\/wp\/v2\/posts\/2219","targetHints":{"allow":["GET"]}}],"collection":[{"href":"https:\/\/colegioarquitectos.com\/noticias\/index.php?rest_route=\/wp\/v2\/posts"}],"about":[{"href":"https:\/\/colegioarquitectos.com\/noticias\/index.php?rest_route=\/wp\/v2\/types\/post"}],"author":[{"embeddable":true,"href":"https:\/\/colegioarquitectos.com\/noticias\/index.php?rest_route=\/wp\/v2\/users\/1"}],"replies":[{"embeddable":true,"href":"https:\/\/colegioarquitectos.com\/noticias\/index.php?rest_route=%2Fwp%2Fv2%2Fcomments&post=2219"}],"version-history":[{"count":0,"href":"https:\/\/colegioarquitectos.com\/noticias\/index.php?rest_route=\/wp\/v2\/posts\/2219\/revisions"}],"wp:attachment":[{"href":"https:\/\/colegioarquitectos.com\/noticias\/index.php?rest_route=%2Fwp%2Fv2%2Fmedia&parent=2219"}],"wp:term":[{"taxonomy":"category","embeddable":true,"href":"https:\/\/colegioarquitectos.com\/noticias\/index.php?rest_route=%2Fwp%2Fv2%2Fcategories&post=2219"},{"taxonomy":"post_tag","embeddable":true,"href":"https:\/\/colegioarquitectos.com\/noticias\/index.php?rest_route=%2Fwp%2Fv2%2Ftags&post=2219"}],"curies":[{"name":"wp","href":"https:\/\/api.w.org\/{rel}","templated":true}]}}