
{"id":22366,"date":"2018-11-15T14:53:24","date_gmt":"2018-11-15T14:53:24","guid":{"rendered":"http:\/\/colegioarquitectos.com\/?p=22366"},"modified":"2018-11-15T19:09:00","modified_gmt":"2018-11-15T19:09:00","slug":"se-realizara-en-chiloe-el-encuentro-arquitectura-sustentable-para-el-territorio-patagonico-enfoques-y-tendencias","status":"publish","type":"post","link":"https:\/\/colegioarquitectos.com\/noticias\/?p=22366","title":{"rendered":"Se realizar\u00e1 en Chilo\u00e9 el encuentro \u201cArquitectura sustentable para el Territorio Patag\u00f3nico: Enfoques y tendencias\u201d"},"content":{"rendered":"<p>El pr\u00f3ximo <strong>viernes 23 y s\u00e1bado 24 de noviembre<\/strong> en el <strong>Hotel Enjoy<\/strong> de<strong> Castro, Chilo\u00e9<\/strong>, se realizar\u00e1 el encuentro<strong> \u201cArquitectura sustentable para el Territorio Patag\u00f3nico: Enfoques y tendencias\u201d<\/strong>.<\/p>\n<p>El encuentro, de la<strong> Uni\u00f3n de Arquitectos Andino Patag\u00f3nicos (UAAP)<\/strong>, busca promover la discusi\u00f3n y debate de las l\u00edneas de acci\u00f3n tanto p\u00fablico como privadas que se est\u00e1n dando en Latinoam\u00e9rica para afrontar las problem\u00e1ticas asociadas a la expansi\u00f3n de las ciudades e impulsar el desarrollo de la arquitectura sustentable del territorio patag\u00f3nico.<\/p>\n<p>En esa direcci\u00f3n, contar\u00e1 con 9 ponencias de arquitectos chilenos y argentinos, teniendo en esta ocasi\u00f3n a los arquitectos chilenos <strong>Humberto Eliash<\/strong> (Presidente Nacional del Colegio de Arquitectos de Chile),<strong> Javiera Maira<\/strong> (Ex Seremi Minvu Regi\u00f3n de los R\u00edos, Activa Valdivia y Ciudaniza), <strong>Riola Gallardo<\/strong> (Minvu Los Lagos &#8211; Patrimonio), <strong>Andr\u00e9s Dimitriu<\/strong> (Argentina), <strong>An\u00edbal Lening<\/strong> (Argentina), <strong>Macarena Almonacid<\/strong> (Chile), entre otros.<\/p>\n<p><strong>\u00bfC\u00f3mo inscribirte?<\/strong> El costo por participante es de <strong>$40.000<\/strong> \u00f3 <strong>US60<\/strong>. Debes enviar un email a la siguiente cuenta de la organizaci\u00f3n del evento <a href=\"mailto:llanquihue@colegioarquitectos.com\">llanquihue@colegioarquitectos.com<\/a> con el\u00a0 <strong>nombre completo del participante<\/strong>, <strong>RUT o DNI<\/strong>, y <strong>Ciudad y Pa\u00eds de origen<\/strong>. El plazo m\u00e1ximo para inscribirse es el<strong> mi\u00e9rcoles 22 de noviembre<\/strong>.<\/p>\n<p>Los arquitectos chilenos deben depositar a la cuenta bancaria del Tesorero de la Delegaci\u00f3n Zonal de Llanquihue del Colegio de Arquitectos, Christi\u00e1n del R\u00edo Vald\u00e9s:<\/p>\n<p><strong>Christian del R\u00edo Vald\u00e9s<\/strong><\/p>\n<p><strong>RUT: 10.332.592\u20107<\/strong><\/p>\n<p><strong>Cta. Cte.: N\u00ba 00\u2010419\u201001579\u201005 | Banco de Chile<\/strong><\/p>\n<p>&nbsp;<\/p>\n<p>Puedes descargar el programa completo del encuentro <strong>\u201cArquitectura sustentable para el Territorio Patag\u00f3nico: Enfoques y tendencias\u201d<\/strong> <strong><a href=\"http:\/\/colegioarquitectos.com\/noticias\/wp-content\/uploads\/2018\/11\/UAAP-Chiloe\u0301-Presentacion-programa-1.pdf\">ac\u00e1<\/a><\/strong>.<\/p>\n<p><img loading=\"lazy\" decoding=\"async\" class=\"aligncenter size-large wp-image-22367\" src=\"http:\/\/colegioarquitectos.com\/noticias\/wp-content\/uploads\/2018\/11\/Afiche-UAAP-2018-chiloe-001-683x1024.jpg\" alt=\"\" width=\"683\" height=\"1024\" srcset=\"https:\/\/colegioarquitectos.com\/noticias\/wp-content\/uploads\/2018\/11\/Afiche-UAAP-2018-chiloe-001-683x1024.jpg 683w, https:\/\/colegioarquitectos.com\/noticias\/wp-content\/uploads\/2018\/11\/Afiche-UAAP-2018-chiloe-001-200x300.jpg 200w, https:\/\/colegioarquitectos.com\/noticias\/wp-content\/uploads\/2018\/11\/Afiche-UAAP-2018-chiloe-001-768x1152.jpg 768w\" sizes=\"auto, (max-width: 683px) 100vw, 683px\" \/><\/p>\n<p><\/p>","protected":false},"excerpt":{"rendered":"<p>El pr\u00f3ximo viernes 23 y s\u00e1bado 24 de noviembre en el Hotel Enjoy de Castro, Chilo\u00e9, se realizar\u00e1 el encuentro \u201cArquitectura sustentable para el Territorio Patag\u00f3nico: Enfoques y tendencias\u201d. El encuentro, de la Uni\u00f3n de Arquitectos Andino Patag\u00f3nicos (UAAP), busca &hellip; <a class=\"more-link\" href=\"https:\/\/colegioarquitectos.com\/noticias\/?p=22366\">ver m\u00e1s<\/a><\/p>","protected":false},"author":4,"featured_media":22370,"comment_status":"closed","ping_status":"closed","sticky":false,"template":"","format":"standard","meta":{"footnotes":""},"categories":[10],"tags":[],"class_list":["post-22366","post","type-post","status-publish","format-standard","has-post-thumbnail","hentry","category-delegaciones-zonales"],"yoast_head":"<!-- This site is optimized with the Yoast SEO plugin v24.2 - https:\/\/yoast.com\/wordpress\/plugins\/seo\/ -->\n<title>Se realizar\u00e1 en Chilo\u00e9 el encuentro \u201cArquitectura sustentable para el Territorio Patag\u00f3nico: Enfoques y tendencias\u201d - COLEGIO DE ARQUITECTOS DE CHILE<\/title>\n<meta name=\"robots\" content=\"index, follow, max-snippet:-1, max-image-preview:large, max-video-preview:-1\" \/>\n<link rel=\"canonical\" href=\"https:\/\/colegioarquitectos.com\/noticias\/?p=22366\" \/>\n<meta property=\"og:locale\" content=\"es_ES\" \/>\n<meta property=\"og:type\" content=\"article\" \/>\n<meta property=\"og:title\" content=\"Se realizar\u00e1 en Chilo\u00e9 el encuentro \u201cArquitectura sustentable para el Territorio Patag\u00f3nico: Enfoques y tendencias\u201d - COLEGIO DE ARQUITECTOS DE CHILE\" \/>\n<meta property=\"og:description\" content=\"El pr\u00f3ximo viernes 23 y s\u00e1bado 24 de noviembre en el Hotel Enjoy de Castro, Chilo\u00e9, se realizar\u00e1 el encuentro \u201cArquitectura sustentable para el Territorio Patag\u00f3nico: Enfoques y tendencias\u201d. El encuentro, de la Uni\u00f3n de Arquitectos Andino Patag\u00f3nicos (UAAP), busca &hellip; ver m\u00e1s\" \/>\n<meta property=\"og:url\" content=\"https:\/\/colegioarquitectos.com\/noticias\/?p=22366\" \/>\n<meta property=\"og:site_name\" content=\"COLEGIO DE ARQUITECTOS DE CHILE\" \/>\n<meta property=\"article:publisher\" content=\"https:\/\/facebook.com\/Colegioarq\/\" \/>\n<meta property=\"article:published_time\" content=\"2018-11-15T14:53:24+00:00\" \/>\n<meta property=\"article:modified_time\" content=\"2018-11-15T19:09:00+00:00\" \/>\n<meta property=\"og:image\" content=\"https:\/\/colegioarquitectos.com\/noticias\/wp-content\/uploads\/2018\/11\/ENCABEZADO-ENCUENTRO-PATAGONIA.jpg\" \/>\n\t<meta property=\"og:image:width\" content=\"690\" \/>\n\t<meta property=\"og:image:height\" content=\"350\" \/>\n\t<meta property=\"og:image:type\" content=\"image\/jpeg\" \/>\n<meta name=\"author\" content=\"Colegio de Arquitectos de Chile\" \/>\n<meta name=\"twitter:card\" content=\"summary_large_image\" \/>\n<meta name=\"twitter:creator\" content=\"@colegioarq\" \/>\n<meta name=\"twitter:site\" content=\"@colegioarq\" \/>\n<meta name=\"twitter:label1\" content=\"Escrito por\" \/>\n\t<meta name=\"twitter:data1\" content=\"Colegio de Arquitectos de Chile\" \/>\n\t<meta name=\"twitter:label2\" content=\"Tiempo de lectura\" \/>\n\t<meta name=\"twitter:data2\" content=\"1 minuto\" \/>\n<script type=\"application\/ld+json\" class=\"yoast-schema-graph\">{\"@context\":\"https:\/\/schema.org\",\"@graph\":[{\"@type\":\"Article\",\"@id\":\"https:\/\/colegioarquitectos.com\/noticias\/?p=22366#article\",\"isPartOf\":{\"@id\":\"https:\/\/colegioarquitectos.com\/noticias\/?p=22366\"},\"author\":{\"name\":\"Colegio de Arquitectos de Chile\",\"@id\":\"https:\/\/colegioarquitectos.com\/noticias\/#\/schema\/person\/685cc0aad148303c5608f049af8285ad\"},\"headline\":\"Se realizar\u00e1 en Chilo\u00e9 el encuentro \u201cArquitectura sustentable para el Territorio Patag\u00f3nico: Enfoques y tendencias\u201d\",\"datePublished\":\"2018-11-15T14:53:24+00:00\",\"dateModified\":\"2018-11-15T19:09:00+00:00\",\"mainEntityOfPage\":{\"@id\":\"https:\/\/colegioarquitectos.com\/noticias\/?p=22366\"},\"wordCount\":292,\"publisher\":{\"@id\":\"https:\/\/colegioarquitectos.com\/noticias\/#organization\"},\"image\":{\"@id\":\"https:\/\/colegioarquitectos.com\/noticias\/?p=22366#primaryimage\"},\"thumbnailUrl\":\"https:\/\/colegioarquitectos.com\/noticias\/wp-content\/uploads\/2018\/11\/ENCABEZADO-ENCUENTRO-PATAGONIA.jpg\",\"articleSection\":[\"Delegaciones\"],\"inLanguage\":\"es\"},{\"@type\":\"WebPage\",\"@id\":\"https:\/\/colegioarquitectos.com\/noticias\/?p=22366\",\"url\":\"https:\/\/colegioarquitectos.com\/noticias\/?p=22366\",\"name\":\"Se realizar\u00e1 en Chilo\u00e9 el encuentro \u201cArquitectura sustentable para el Territorio Patag\u00f3nico: Enfoques y tendencias\u201d - COLEGIO DE ARQUITECTOS DE CHILE\",\"isPartOf\":{\"@id\":\"https:\/\/colegioarquitectos.com\/noticias\/#website\"},\"primaryImageOfPage\":{\"@id\":\"https:\/\/colegioarquitectos.com\/noticias\/?p=22366#primaryimage\"},\"image\":{\"@id\":\"https:\/\/colegioarquitectos.com\/noticias\/?p=22366#primaryimage\"},\"thumbnailUrl\":\"https:\/\/colegioarquitectos.com\/noticias\/wp-content\/uploads\/2018\/11\/ENCABEZADO-ENCUENTRO-PATAGONIA.jpg\",\"datePublished\":\"2018-11-15T14:53:24+00:00\",\"dateModified\":\"2018-11-15T19:09:00+00:00\",\"breadcrumb\":{\"@id\":\"https:\/\/colegioarquitectos.com\/noticias\/?p=22366#breadcrumb\"},\"inLanguage\":\"es\",\"potentialAction\":[{\"@type\":\"ReadAction\",\"target\":[\"https:\/\/colegioarquitectos.com\/noticias\/?p=22366\"]}]},{\"@type\":\"ImageObject\",\"inLanguage\":\"es\",\"@id\":\"https:\/\/colegioarquitectos.com\/noticias\/?p=22366#primaryimage\",\"url\":\"https:\/\/colegioarquitectos.com\/noticias\/wp-content\/uploads\/2018\/11\/ENCABEZADO-ENCUENTRO-PATAGONIA.jpg\",\"contentUrl\":\"https:\/\/colegioarquitectos.com\/noticias\/wp-content\/uploads\/2018\/11\/ENCABEZADO-ENCUENTRO-PATAGONIA.jpg\",\"width\":690,\"height\":350},{\"@type\":\"BreadcrumbList\",\"@id\":\"https:\/\/colegioarquitectos.com\/noticias\/?p=22366#breadcrumb\",\"itemListElement\":[{\"@type\":\"ListItem\",\"position\":1,\"name\":\"Portada\",\"item\":\"https:\/\/colegioarquitectos.com\/noticias\"},{\"@type\":\"ListItem\",\"position\":2,\"name\":\"Se realizar\u00e1 en Chilo\u00e9 el encuentro \u201cArquitectura sustentable para el Territorio Patag\u00f3nico: Enfoques y tendencias\u201d\"}]},{\"@type\":\"WebSite\",\"@id\":\"https:\/\/colegioarquitectos.com\/noticias\/#website\",\"url\":\"https:\/\/colegioarquitectos.com\/noticias\/\",\"name\":\"COLEGIO DE ARQUITECTOS DE CHILE\",\"description\":\"\",\"publisher\":{\"@id\":\"https:\/\/colegioarquitectos.com\/noticias\/#organization\"},\"potentialAction\":[{\"@type\":\"SearchAction\",\"target\":{\"@type\":\"EntryPoint\",\"urlTemplate\":\"https:\/\/colegioarquitectos.com\/noticias\/?s={search_term_string}\"},\"query-input\":{\"@type\":\"PropertyValueSpecification\",\"valueRequired\":true,\"valueName\":\"search_term_string\"}}],\"inLanguage\":\"es\"},{\"@type\":\"Organization\",\"@id\":\"https:\/\/colegioarquitectos.com\/noticias\/#organization\",\"name\":\"COLEGIO DE ARQUITECTOS DE CHILE\",\"url\":\"https:\/\/colegioarquitectos.com\/noticias\/\",\"logo\":{\"@type\":\"ImageObject\",\"inLanguage\":\"es\",\"@id\":\"https:\/\/colegioarquitectos.com\/noticias\/#\/schema\/logo\/image\/\",\"url\":\"https:\/\/colegioarquitectos.com\/noticias\/wp-content\/uploads\/2021\/05\/ENCABEZADO-LOGO-CA.jpg\",\"contentUrl\":\"https:\/\/colegioarquitectos.com\/noticias\/wp-content\/uploads\/2021\/05\/ENCABEZADO-LOGO-CA.jpg\",\"width\":690,\"height\":350,\"caption\":\"COLEGIO DE ARQUITECTOS DE CHILE\"},\"image\":{\"@id\":\"https:\/\/colegioarquitectos.com\/noticias\/#\/schema\/logo\/image\/\"},\"sameAs\":[\"https:\/\/facebook.com\/Colegioarq\/\",\"https:\/\/x.com\/colegioarq\",\"https:\/\/instagram.com\/colegioarq\",\"https:\/\/youtube.com\/@ColegiodeArquitectosdeChile\"]},{\"@type\":\"Person\",\"@id\":\"https:\/\/colegioarquitectos.com\/noticias\/#\/schema\/person\/685cc0aad148303c5608f049af8285ad\",\"name\":\"Colegio de Arquitectos de Chile\",\"url\":\"https:\/\/colegioarquitectos.com\/noticias\/?author=4\"}]}<\/script>\n<!-- \/ Yoast SEO plugin. -->","yoast_head_json":{"title":"Se realizar\u00e1 en Chilo\u00e9 el encuentro \u201cArquitectura sustentable para el Territorio Patag\u00f3nico: Enfoques y tendencias\u201d - COLEGIO DE ARQUITECTOS DE CHILE","robots":{"index":"index","follow":"follow","max-snippet":"max-snippet:-1","max-image-preview":"max-image-preview:large","max-video-preview":"max-video-preview:-1"},"canonical":"https:\/\/colegioarquitectos.com\/noticias\/?p=22366","og_locale":"es_ES","og_type":"article","og_title":"Se realizar\u00e1 en Chilo\u00e9 el encuentro \u201cArquitectura sustentable para el Territorio Patag\u00f3nico: Enfoques y tendencias\u201d - COLEGIO DE ARQUITECTOS DE CHILE","og_description":"El pr\u00f3ximo viernes 23 y s\u00e1bado 24 de noviembre en el Hotel Enjoy de Castro, Chilo\u00e9, se realizar\u00e1 el encuentro \u201cArquitectura sustentable para el Territorio Patag\u00f3nico: Enfoques y tendencias\u201d. El encuentro, de la Uni\u00f3n de Arquitectos Andino Patag\u00f3nicos (UAAP), busca &hellip; ver m\u00e1s","og_url":"https:\/\/colegioarquitectos.com\/noticias\/?p=22366","og_site_name":"COLEGIO DE ARQUITECTOS DE CHILE","article_publisher":"https:\/\/facebook.com\/Colegioarq\/","article_published_time":"2018-11-15T14:53:24+00:00","article_modified_time":"2018-11-15T19:09:00+00:00","og_image":[{"width":690,"height":350,"url":"https:\/\/colegioarquitectos.com\/noticias\/wp-content\/uploads\/2018\/11\/ENCABEZADO-ENCUENTRO-PATAGONIA.jpg","type":"image\/jpeg"}],"author":"Colegio de Arquitectos de Chile","twitter_card":"summary_large_image","twitter_creator":"@colegioarq","twitter_site":"@colegioarq","twitter_misc":{"Escrito por":"Colegio de Arquitectos de Chile","Tiempo de lectura":"1 minuto"},"schema":{"@context":"https:\/\/schema.org","@graph":[{"@type":"Article","@id":"https:\/\/colegioarquitectos.com\/noticias\/?p=22366#article","isPartOf":{"@id":"https:\/\/colegioarquitectos.com\/noticias\/?p=22366"},"author":{"name":"Colegio de Arquitectos de Chile","@id":"https:\/\/colegioarquitectos.com\/noticias\/#\/schema\/person\/685cc0aad148303c5608f049af8285ad"},"headline":"Se realizar\u00e1 en Chilo\u00e9 el encuentro \u201cArquitectura sustentable para el Territorio Patag\u00f3nico: Enfoques y tendencias\u201d","datePublished":"2018-11-15T14:53:24+00:00","dateModified":"2018-11-15T19:09:00+00:00","mainEntityOfPage":{"@id":"https:\/\/colegioarquitectos.com\/noticias\/?p=22366"},"wordCount":292,"publisher":{"@id":"https:\/\/colegioarquitectos.com\/noticias\/#organization"},"image":{"@id":"https:\/\/colegioarquitectos.com\/noticias\/?p=22366#primaryimage"},"thumbnailUrl":"https:\/\/colegioarquitectos.com\/noticias\/wp-content\/uploads\/2018\/11\/ENCABEZADO-ENCUENTRO-PATAGONIA.jpg","articleSection":["Delegaciones"],"inLanguage":"es"},{"@type":"WebPage","@id":"https:\/\/colegioarquitectos.com\/noticias\/?p=22366","url":"https:\/\/colegioarquitectos.com\/noticias\/?p=22366","name":"Se realizar\u00e1 en Chilo\u00e9 el encuentro \u201cArquitectura sustentable para el Territorio Patag\u00f3nico: Enfoques y tendencias\u201d - COLEGIO DE ARQUITECTOS DE CHILE","isPartOf":{"@id":"https:\/\/colegioarquitectos.com\/noticias\/#website"},"primaryImageOfPage":{"@id":"https:\/\/colegioarquitectos.com\/noticias\/?p=22366#primaryimage"},"image":{"@id":"https:\/\/colegioarquitectos.com\/noticias\/?p=22366#primaryimage"},"thumbnailUrl":"https:\/\/colegioarquitectos.com\/noticias\/wp-content\/uploads\/2018\/11\/ENCABEZADO-ENCUENTRO-PATAGONIA.jpg","datePublished":"2018-11-15T14:53:24+00:00","dateModified":"2018-11-15T19:09:00+00:00","breadcrumb":{"@id":"https:\/\/colegioarquitectos.com\/noticias\/?p=22366#breadcrumb"},"inLanguage":"es","potentialAction":[{"@type":"ReadAction","target":["https:\/\/colegioarquitectos.com\/noticias\/?p=22366"]}]},{"@type":"ImageObject","inLanguage":"es","@id":"https:\/\/colegioarquitectos.com\/noticias\/?p=22366#primaryimage","url":"https:\/\/colegioarquitectos.com\/noticias\/wp-content\/uploads\/2018\/11\/ENCABEZADO-ENCUENTRO-PATAGONIA.jpg","contentUrl":"https:\/\/colegioarquitectos.com\/noticias\/wp-content\/uploads\/2018\/11\/ENCABEZADO-ENCUENTRO-PATAGONIA.jpg","width":690,"height":350},{"@type":"BreadcrumbList","@id":"https:\/\/colegioarquitectos.com\/noticias\/?p=22366#breadcrumb","itemListElement":[{"@type":"ListItem","position":1,"name":"Portada","item":"https:\/\/colegioarquitectos.com\/noticias"},{"@type":"ListItem","position":2,"name":"Se realizar\u00e1 en Chilo\u00e9 el encuentro \u201cArquitectura sustentable para el Territorio Patag\u00f3nico: Enfoques y tendencias\u201d"}]},{"@type":"WebSite","@id":"https:\/\/colegioarquitectos.com\/noticias\/#website","url":"https:\/\/colegioarquitectos.com\/noticias\/","name":"COLEGIO DE ARQUITECTOS DE CHILE","description":"","publisher":{"@id":"https:\/\/colegioarquitectos.com\/noticias\/#organization"},"potentialAction":[{"@type":"SearchAction","target":{"@type":"EntryPoint","urlTemplate":"https:\/\/colegioarquitectos.com\/noticias\/?s={search_term_string}"},"query-input":{"@type":"PropertyValueSpecification","valueRequired":true,"valueName":"search_term_string"}}],"inLanguage":"es"},{"@type":"Organization","@id":"https:\/\/colegioarquitectos.com\/noticias\/#organization","name":"COLEGIO DE ARQUITECTOS DE CHILE","url":"https:\/\/colegioarquitectos.com\/noticias\/","logo":{"@type":"ImageObject","inLanguage":"es","@id":"https:\/\/colegioarquitectos.com\/noticias\/#\/schema\/logo\/image\/","url":"https:\/\/colegioarquitectos.com\/noticias\/wp-content\/uploads\/2021\/05\/ENCABEZADO-LOGO-CA.jpg","contentUrl":"https:\/\/colegioarquitectos.com\/noticias\/wp-content\/uploads\/2021\/05\/ENCABEZADO-LOGO-CA.jpg","width":690,"height":350,"caption":"COLEGIO DE ARQUITECTOS DE CHILE"},"image":{"@id":"https:\/\/colegioarquitectos.com\/noticias\/#\/schema\/logo\/image\/"},"sameAs":["https:\/\/facebook.com\/Colegioarq\/","https:\/\/x.com\/colegioarq","https:\/\/instagram.com\/colegioarq","https:\/\/youtube.com\/@ColegiodeArquitectosdeChile"]},{"@type":"Person","@id":"https:\/\/colegioarquitectos.com\/noticias\/#\/schema\/person\/685cc0aad148303c5608f049af8285ad","name":"Colegio de Arquitectos de Chile","url":"https:\/\/colegioarquitectos.com\/noticias\/?author=4"}]}},"_links":{"self":[{"href":"https:\/\/colegioarquitectos.com\/noticias\/index.php?rest_route=\/wp\/v2\/posts\/22366","targetHints":{"allow":["GET"]}}],"collection":[{"href":"https:\/\/colegioarquitectos.com\/noticias\/index.php?rest_route=\/wp\/v2\/posts"}],"about":[{"href":"https:\/\/colegioarquitectos.com\/noticias\/index.php?rest_route=\/wp\/v2\/types\/post"}],"author":[{"embeddable":true,"href":"https:\/\/colegioarquitectos.com\/noticias\/index.php?rest_route=\/wp\/v2\/users\/4"}],"replies":[{"embeddable":true,"href":"https:\/\/colegioarquitectos.com\/noticias\/index.php?rest_route=%2Fwp%2Fv2%2Fcomments&post=22366"}],"version-history":[{"count":0,"href":"https:\/\/colegioarquitectos.com\/noticias\/index.php?rest_route=\/wp\/v2\/posts\/22366\/revisions"}],"wp:featuredmedia":[{"embeddable":true,"href":"https:\/\/colegioarquitectos.com\/noticias\/index.php?rest_route=\/wp\/v2\/media\/22370"}],"wp:attachment":[{"href":"https:\/\/colegioarquitectos.com\/noticias\/index.php?rest_route=%2Fwp%2Fv2%2Fmedia&parent=22366"}],"wp:term":[{"taxonomy":"category","embeddable":true,"href":"https:\/\/colegioarquitectos.com\/noticias\/index.php?rest_route=%2Fwp%2Fv2%2Fcategories&post=22366"},{"taxonomy":"post_tag","embeddable":true,"href":"https:\/\/colegioarquitectos.com\/noticias\/index.php?rest_route=%2Fwp%2Fv2%2Ftags&post=22366"}],"curies":[{"name":"wp","href":"https:\/\/api.w.org\/{rel}","templated":true}]}}