
{"id":22380,"date":"2018-11-19T13:36:36","date_gmt":"2018-11-19T13:36:36","guid":{"rendered":"http:\/\/colegioarquitectos.com\/?p=22380"},"modified":"2018-11-19T13:36:36","modified_gmt":"2018-11-19T13:36:36","slug":"proyecto-link-gano-el-concurso-paseos-peatonales-del-centro-de-santiago","status":"publish","type":"post","link":"https:\/\/colegioarquitectos.com\/noticias\/?p=22380","title":{"rendered":"Proyecto \u201cLink\u201d gan\u00f3 el Concurso Paseos Peatonales del Centro de Santiago"},"content":{"rendered":"<p><strong>Darle una nueva cara al Paseo Ahumada<\/strong>, ese ser\u00e1 el desaf\u00edo que tendr\u00e1 la oficina <strong>Plan Arquitectos<\/strong>, ganadora del Concurso Paseos Peatonales del Centro de Santiago.<strong> Esta intervenci\u00f3n ser\u00e1 la m\u00e1s importante desde que la calle se peatonaliz\u00f3 hace 40 a\u00f1os.<\/strong><\/p>\n<p>El nuevo Paseo Ahumada tendr\u00e1<strong> internet gratuito<\/strong>,<strong> 29 pantallas interactivas<\/strong> con informaci\u00f3n de distinto tipo, <strong>37 postes de iluminaci\u00f3n<\/strong> de alta tecnolog\u00eda, mantendr\u00e1 los quioscos existentes y permitir\u00e1 ordenar la infraestructura actual. Los trabajos de mejoramiento del espacio significar\u00e1n una inversi\u00f3n estimada de unos <strong>3 mil millones de pesos<\/strong> que ser\u00e1n aportados por privados, que comenzar\u00e1n a mediados del pr\u00f3ximo a\u00f1o y abarcar\u00e1n una superficie total de unos <strong>16 mil metros cuadrados<\/strong>, desde la Alameda hasta la Plaza de Armas.<\/p>\n<p>La ceremonia de premiaci\u00f3n del concurso patrocinado por el Colegio de Arquitectos, realizada en la Municipalidad de Santiago, fue encabezada por el Alcalde de la comuna y Presidente del Jurado,<strong> Felipe Alessandri<\/strong>, el Arquitecto Director de la iniciativa,<strong> Yves Besancon<\/strong>, y el Presidente del Directorio de Cordesan, <strong>Rodrigo Mekis<\/strong>, y cont\u00f3 con la presencia del concejal <strong>Miguel Morelli<\/strong>.<\/p>\n<p>\u201cTenemos un plan de recuperar el centro y nuestro diagn\u00f3stico es que los paseos ya hab\u00edan cumplido su vida \u00fatil y ten\u00edamos que remodelarlos. En Ahumada hicimos un concurso para mejorarlo porque hace varios a\u00f1os que no se invert\u00eda aqu\u00ed. Vamos a renovar cerca de un kil\u00f3metro, desde la Alameda hasta la Plaza de Armas, incluyendo tecnolog\u00eda, nuevo mobiliario y un dise\u00f1o futurista\u201d, coment\u00f3 el alcalde <strong>Felipe Alessandri<\/strong>.<\/p>\n<p>En tanto,<strong> Christian Yutronic<\/strong>, arquitecto de Plan Arquitectos, explic\u00f3 que el proyecto se hace cargo de todos los usuarios del paseo \u201cdesde las personas que tienen un negocio hasta los transe\u00fantes. Es un lugar que no tiene mucho espacio y que tiene una gran demanda diaria y nuestra principal preocupaci\u00f3n era c\u00f3mo ordenarlo y limpiarlo, para que los edificios patrimoniales se vean de mejor manera y que el espacio urbano de un salto tecnol\u00f3gico hacia el futuro\u201d.<\/p>\n<p>\u201cEsto se genera en base a una l\u00ednea que denominamos link, que es capaz de contener todo el mobiliario urbano del paseo de tal forma de ordenarlo y despejar el \u00e1rea. Esto significa poner en valor las fachadas para que sea un Paseo Ahumada del futuro, del siglo XXI\u201d, dijo <strong>Rodrigo C\u00e1ceres<\/strong>, de Plan Arquitectos.<\/p>\n<p><strong>\u201cLink\u201d<\/strong>, el proyecto ganador de la oficina Plan Arquitectos; estuvo a cargo de <strong>Rodrigo C\u00e1ceres<\/strong>, <strong>Alejandro Vargas<\/strong>, <strong>\u00c1lvaro Gonz\u00e1lez<\/strong> y <strong>Christian Yutronic<\/strong>; y cont\u00f3 con la colaboraci\u00f3n de <strong>Carolina Vargas<\/strong>, <strong>\u00c1lvaro Barrios<\/strong>,<strong> Renato Leyton<\/strong> y <strong>Emir G\u00f3mez<\/strong>.<\/p>\n<p>&nbsp;<\/p>\n<p>Fuente: <a href=\"https:\/\/www.munistgo.cl\/proyecto-link-fue-el-ganador-del-concurso-paseos-peatonales-del-centro-de-santiago\/\"><strong>Ilustre Municipalidad de Santiago<\/strong><\/a><\/p>\n<p><\/p>","protected":false},"excerpt":{"rendered":"<p>Darle una nueva cara al Paseo Ahumada, ese ser\u00e1 el desaf\u00edo que tendr\u00e1 la oficina Plan Arquitectos, ganadora del Concurso Paseos Peatonales del Centro de Santiago. Esta intervenci\u00f3n ser\u00e1 la m\u00e1s importante desde que la calle se peatonaliz\u00f3 hace 40 &hellip; <a class=\"more-link\" href=\"https:\/\/colegioarquitectos.com\/noticias\/?p=22380\">ver m\u00e1s<\/a><\/p>","protected":false},"author":4,"featured_media":22382,"comment_status":"closed","ping_status":"closed","sticky":false,"template":"","format":"standard","meta":{"footnotes":""},"categories":[11],"tags":[],"class_list":["post-22380","post","type-post","status-publish","format-standard","has-post-thumbnail","hentry","category-concursos"],"yoast_head":"<!-- This site is optimized with the Yoast SEO plugin v24.2 - https:\/\/yoast.com\/wordpress\/plugins\/seo\/ -->\n<title>Proyecto \u201cLink\u201d gan\u00f3 el Concurso Paseos Peatonales del Centro de Santiago - COLEGIO DE ARQUITECTOS DE CHILE<\/title>\n<meta name=\"robots\" content=\"index, follow, max-snippet:-1, max-image-preview:large, max-video-preview:-1\" \/>\n<link rel=\"canonical\" href=\"https:\/\/colegioarquitectos.com\/noticias\/?p=22380\" \/>\n<meta property=\"og:locale\" content=\"es_ES\" \/>\n<meta property=\"og:type\" content=\"article\" \/>\n<meta property=\"og:title\" content=\"Proyecto \u201cLink\u201d gan\u00f3 el Concurso Paseos Peatonales del Centro de Santiago - COLEGIO DE ARQUITECTOS DE CHILE\" \/>\n<meta property=\"og:description\" content=\"Darle una nueva cara al Paseo Ahumada, ese ser\u00e1 el desaf\u00edo que tendr\u00e1 la oficina Plan Arquitectos, ganadora del Concurso Paseos Peatonales del Centro de Santiago. Esta intervenci\u00f3n ser\u00e1 la m\u00e1s importante desde que la calle se peatonaliz\u00f3 hace 40 &hellip; ver m\u00e1s\" \/>\n<meta property=\"og:url\" content=\"https:\/\/colegioarquitectos.com\/noticias\/?p=22380\" \/>\n<meta property=\"og:site_name\" content=\"COLEGIO DE ARQUITECTOS DE CHILE\" \/>\n<meta property=\"article:publisher\" content=\"https:\/\/facebook.com\/Colegioarq\/\" \/>\n<meta property=\"article:published_time\" content=\"2018-11-19T13:36:36+00:00\" \/>\n<meta property=\"og:image\" content=\"https:\/\/colegioarquitectos.com\/noticias\/wp-content\/uploads\/2018\/11\/ENCABEZADO-PASEO-AHUMADA.jpg\" \/>\n\t<meta property=\"og:image:width\" content=\"690\" \/>\n\t<meta property=\"og:image:height\" content=\"350\" \/>\n\t<meta property=\"og:image:type\" content=\"image\/jpeg\" \/>\n<meta name=\"author\" content=\"Colegio de Arquitectos de Chile\" \/>\n<meta name=\"twitter:card\" content=\"summary_large_image\" \/>\n<meta name=\"twitter:creator\" content=\"@colegioarq\" \/>\n<meta name=\"twitter:site\" content=\"@colegioarq\" \/>\n<meta name=\"twitter:label1\" content=\"Escrito por\" \/>\n\t<meta name=\"twitter:data1\" content=\"Colegio de Arquitectos de Chile\" \/>\n\t<meta name=\"twitter:label2\" content=\"Tiempo de lectura\" \/>\n\t<meta name=\"twitter:data2\" content=\"2 minutos\" \/>\n<script type=\"application\/ld+json\" class=\"yoast-schema-graph\">{\"@context\":\"https:\/\/schema.org\",\"@graph\":[{\"@type\":\"Article\",\"@id\":\"https:\/\/colegioarquitectos.com\/noticias\/?p=22380#article\",\"isPartOf\":{\"@id\":\"https:\/\/colegioarquitectos.com\/noticias\/?p=22380\"},\"author\":{\"name\":\"Colegio de Arquitectos de Chile\",\"@id\":\"https:\/\/colegioarquitectos.com\/noticias\/#\/schema\/person\/685cc0aad148303c5608f049af8285ad\"},\"headline\":\"Proyecto \u201cLink\u201d gan\u00f3 el Concurso Paseos Peatonales del Centro de Santiago\",\"datePublished\":\"2018-11-19T13:36:36+00:00\",\"dateModified\":\"2018-11-19T13:36:36+00:00\",\"mainEntityOfPage\":{\"@id\":\"https:\/\/colegioarquitectos.com\/noticias\/?p=22380\"},\"wordCount\":461,\"publisher\":{\"@id\":\"https:\/\/colegioarquitectos.com\/noticias\/#organization\"},\"image\":{\"@id\":\"https:\/\/colegioarquitectos.com\/noticias\/?p=22380#primaryimage\"},\"thumbnailUrl\":\"https:\/\/colegioarquitectos.com\/noticias\/wp-content\/uploads\/2018\/11\/ENCABEZADO-PASEO-AHUMADA.jpg\",\"articleSection\":[\"Concursos\"],\"inLanguage\":\"es\"},{\"@type\":\"WebPage\",\"@id\":\"https:\/\/colegioarquitectos.com\/noticias\/?p=22380\",\"url\":\"https:\/\/colegioarquitectos.com\/noticias\/?p=22380\",\"name\":\"Proyecto \u201cLink\u201d gan\u00f3 el Concurso Paseos Peatonales del Centro de Santiago - COLEGIO DE ARQUITECTOS DE CHILE\",\"isPartOf\":{\"@id\":\"https:\/\/colegioarquitectos.com\/noticias\/#website\"},\"primaryImageOfPage\":{\"@id\":\"https:\/\/colegioarquitectos.com\/noticias\/?p=22380#primaryimage\"},\"image\":{\"@id\":\"https:\/\/colegioarquitectos.com\/noticias\/?p=22380#primaryimage\"},\"thumbnailUrl\":\"https:\/\/colegioarquitectos.com\/noticias\/wp-content\/uploads\/2018\/11\/ENCABEZADO-PASEO-AHUMADA.jpg\",\"datePublished\":\"2018-11-19T13:36:36+00:00\",\"dateModified\":\"2018-11-19T13:36:36+00:00\",\"breadcrumb\":{\"@id\":\"https:\/\/colegioarquitectos.com\/noticias\/?p=22380#breadcrumb\"},\"inLanguage\":\"es\",\"potentialAction\":[{\"@type\":\"ReadAction\",\"target\":[\"https:\/\/colegioarquitectos.com\/noticias\/?p=22380\"]}]},{\"@type\":\"ImageObject\",\"inLanguage\":\"es\",\"@id\":\"https:\/\/colegioarquitectos.com\/noticias\/?p=22380#primaryimage\",\"url\":\"https:\/\/colegioarquitectos.com\/noticias\/wp-content\/uploads\/2018\/11\/ENCABEZADO-PASEO-AHUMADA.jpg\",\"contentUrl\":\"https:\/\/colegioarquitectos.com\/noticias\/wp-content\/uploads\/2018\/11\/ENCABEZADO-PASEO-AHUMADA.jpg\",\"width\":690,\"height\":350},{\"@type\":\"BreadcrumbList\",\"@id\":\"https:\/\/colegioarquitectos.com\/noticias\/?p=22380#breadcrumb\",\"itemListElement\":[{\"@type\":\"ListItem\",\"position\":1,\"name\":\"Portada\",\"item\":\"https:\/\/colegioarquitectos.com\/noticias\"},{\"@type\":\"ListItem\",\"position\":2,\"name\":\"Proyecto \u201cLink\u201d gan\u00f3 el Concurso Paseos Peatonales del Centro de Santiago\"}]},{\"@type\":\"WebSite\",\"@id\":\"https:\/\/colegioarquitectos.com\/noticias\/#website\",\"url\":\"https:\/\/colegioarquitectos.com\/noticias\/\",\"name\":\"COLEGIO DE ARQUITECTOS DE CHILE\",\"description\":\"\",\"publisher\":{\"@id\":\"https:\/\/colegioarquitectos.com\/noticias\/#organization\"},\"potentialAction\":[{\"@type\":\"SearchAction\",\"target\":{\"@type\":\"EntryPoint\",\"urlTemplate\":\"https:\/\/colegioarquitectos.com\/noticias\/?s={search_term_string}\"},\"query-input\":{\"@type\":\"PropertyValueSpecification\",\"valueRequired\":true,\"valueName\":\"search_term_string\"}}],\"inLanguage\":\"es\"},{\"@type\":\"Organization\",\"@id\":\"https:\/\/colegioarquitectos.com\/noticias\/#organization\",\"name\":\"COLEGIO DE ARQUITECTOS DE CHILE\",\"url\":\"https:\/\/colegioarquitectos.com\/noticias\/\",\"logo\":{\"@type\":\"ImageObject\",\"inLanguage\":\"es\",\"@id\":\"https:\/\/colegioarquitectos.com\/noticias\/#\/schema\/logo\/image\/\",\"url\":\"https:\/\/colegioarquitectos.com\/noticias\/wp-content\/uploads\/2021\/05\/ENCABEZADO-LOGO-CA.jpg\",\"contentUrl\":\"https:\/\/colegioarquitectos.com\/noticias\/wp-content\/uploads\/2021\/05\/ENCABEZADO-LOGO-CA.jpg\",\"width\":690,\"height\":350,\"caption\":\"COLEGIO DE ARQUITECTOS DE CHILE\"},\"image\":{\"@id\":\"https:\/\/colegioarquitectos.com\/noticias\/#\/schema\/logo\/image\/\"},\"sameAs\":[\"https:\/\/facebook.com\/Colegioarq\/\",\"https:\/\/x.com\/colegioarq\",\"https:\/\/instagram.com\/colegioarq\",\"https:\/\/youtube.com\/@ColegiodeArquitectosdeChile\"]},{\"@type\":\"Person\",\"@id\":\"https:\/\/colegioarquitectos.com\/noticias\/#\/schema\/person\/685cc0aad148303c5608f049af8285ad\",\"name\":\"Colegio de Arquitectos de Chile\",\"url\":\"https:\/\/colegioarquitectos.com\/noticias\/?author=4\"}]}<\/script>\n<!-- \/ Yoast SEO plugin. -->","yoast_head_json":{"title":"Proyecto \u201cLink\u201d gan\u00f3 el Concurso Paseos Peatonales del Centro de Santiago - COLEGIO DE ARQUITECTOS DE CHILE","robots":{"index":"index","follow":"follow","max-snippet":"max-snippet:-1","max-image-preview":"max-image-preview:large","max-video-preview":"max-video-preview:-1"},"canonical":"https:\/\/colegioarquitectos.com\/noticias\/?p=22380","og_locale":"es_ES","og_type":"article","og_title":"Proyecto \u201cLink\u201d gan\u00f3 el Concurso Paseos Peatonales del Centro de Santiago - COLEGIO DE ARQUITECTOS DE CHILE","og_description":"Darle una nueva cara al Paseo Ahumada, ese ser\u00e1 el desaf\u00edo que tendr\u00e1 la oficina Plan Arquitectos, ganadora del Concurso Paseos Peatonales del Centro de Santiago. Esta intervenci\u00f3n ser\u00e1 la m\u00e1s importante desde que la calle se peatonaliz\u00f3 hace 40 &hellip; ver m\u00e1s","og_url":"https:\/\/colegioarquitectos.com\/noticias\/?p=22380","og_site_name":"COLEGIO DE ARQUITECTOS DE CHILE","article_publisher":"https:\/\/facebook.com\/Colegioarq\/","article_published_time":"2018-11-19T13:36:36+00:00","og_image":[{"width":690,"height":350,"url":"https:\/\/colegioarquitectos.com\/noticias\/wp-content\/uploads\/2018\/11\/ENCABEZADO-PASEO-AHUMADA.jpg","type":"image\/jpeg"}],"author":"Colegio de Arquitectos de Chile","twitter_card":"summary_large_image","twitter_creator":"@colegioarq","twitter_site":"@colegioarq","twitter_misc":{"Escrito por":"Colegio de Arquitectos de Chile","Tiempo de lectura":"2 minutos"},"schema":{"@context":"https:\/\/schema.org","@graph":[{"@type":"Article","@id":"https:\/\/colegioarquitectos.com\/noticias\/?p=22380#article","isPartOf":{"@id":"https:\/\/colegioarquitectos.com\/noticias\/?p=22380"},"author":{"name":"Colegio de Arquitectos de Chile","@id":"https:\/\/colegioarquitectos.com\/noticias\/#\/schema\/person\/685cc0aad148303c5608f049af8285ad"},"headline":"Proyecto \u201cLink\u201d gan\u00f3 el Concurso Paseos Peatonales del Centro de Santiago","datePublished":"2018-11-19T13:36:36+00:00","dateModified":"2018-11-19T13:36:36+00:00","mainEntityOfPage":{"@id":"https:\/\/colegioarquitectos.com\/noticias\/?p=22380"},"wordCount":461,"publisher":{"@id":"https:\/\/colegioarquitectos.com\/noticias\/#organization"},"image":{"@id":"https:\/\/colegioarquitectos.com\/noticias\/?p=22380#primaryimage"},"thumbnailUrl":"https:\/\/colegioarquitectos.com\/noticias\/wp-content\/uploads\/2018\/11\/ENCABEZADO-PASEO-AHUMADA.jpg","articleSection":["Concursos"],"inLanguage":"es"},{"@type":"WebPage","@id":"https:\/\/colegioarquitectos.com\/noticias\/?p=22380","url":"https:\/\/colegioarquitectos.com\/noticias\/?p=22380","name":"Proyecto \u201cLink\u201d gan\u00f3 el Concurso Paseos Peatonales del Centro de Santiago - COLEGIO DE ARQUITECTOS DE CHILE","isPartOf":{"@id":"https:\/\/colegioarquitectos.com\/noticias\/#website"},"primaryImageOfPage":{"@id":"https:\/\/colegioarquitectos.com\/noticias\/?p=22380#primaryimage"},"image":{"@id":"https:\/\/colegioarquitectos.com\/noticias\/?p=22380#primaryimage"},"thumbnailUrl":"https:\/\/colegioarquitectos.com\/noticias\/wp-content\/uploads\/2018\/11\/ENCABEZADO-PASEO-AHUMADA.jpg","datePublished":"2018-11-19T13:36:36+00:00","dateModified":"2018-11-19T13:36:36+00:00","breadcrumb":{"@id":"https:\/\/colegioarquitectos.com\/noticias\/?p=22380#breadcrumb"},"inLanguage":"es","potentialAction":[{"@type":"ReadAction","target":["https:\/\/colegioarquitectos.com\/noticias\/?p=22380"]}]},{"@type":"ImageObject","inLanguage":"es","@id":"https:\/\/colegioarquitectos.com\/noticias\/?p=22380#primaryimage","url":"https:\/\/colegioarquitectos.com\/noticias\/wp-content\/uploads\/2018\/11\/ENCABEZADO-PASEO-AHUMADA.jpg","contentUrl":"https:\/\/colegioarquitectos.com\/noticias\/wp-content\/uploads\/2018\/11\/ENCABEZADO-PASEO-AHUMADA.jpg","width":690,"height":350},{"@type":"BreadcrumbList","@id":"https:\/\/colegioarquitectos.com\/noticias\/?p=22380#breadcrumb","itemListElement":[{"@type":"ListItem","position":1,"name":"Portada","item":"https:\/\/colegioarquitectos.com\/noticias"},{"@type":"ListItem","position":2,"name":"Proyecto \u201cLink\u201d gan\u00f3 el Concurso Paseos Peatonales del Centro de Santiago"}]},{"@type":"WebSite","@id":"https:\/\/colegioarquitectos.com\/noticias\/#website","url":"https:\/\/colegioarquitectos.com\/noticias\/","name":"COLEGIO DE ARQUITECTOS DE CHILE","description":"","publisher":{"@id":"https:\/\/colegioarquitectos.com\/noticias\/#organization"},"potentialAction":[{"@type":"SearchAction","target":{"@type":"EntryPoint","urlTemplate":"https:\/\/colegioarquitectos.com\/noticias\/?s={search_term_string}"},"query-input":{"@type":"PropertyValueSpecification","valueRequired":true,"valueName":"search_term_string"}}],"inLanguage":"es"},{"@type":"Organization","@id":"https:\/\/colegioarquitectos.com\/noticias\/#organization","name":"COLEGIO DE ARQUITECTOS DE CHILE","url":"https:\/\/colegioarquitectos.com\/noticias\/","logo":{"@type":"ImageObject","inLanguage":"es","@id":"https:\/\/colegioarquitectos.com\/noticias\/#\/schema\/logo\/image\/","url":"https:\/\/colegioarquitectos.com\/noticias\/wp-content\/uploads\/2021\/05\/ENCABEZADO-LOGO-CA.jpg","contentUrl":"https:\/\/colegioarquitectos.com\/noticias\/wp-content\/uploads\/2021\/05\/ENCABEZADO-LOGO-CA.jpg","width":690,"height":350,"caption":"COLEGIO DE ARQUITECTOS DE CHILE"},"image":{"@id":"https:\/\/colegioarquitectos.com\/noticias\/#\/schema\/logo\/image\/"},"sameAs":["https:\/\/facebook.com\/Colegioarq\/","https:\/\/x.com\/colegioarq","https:\/\/instagram.com\/colegioarq","https:\/\/youtube.com\/@ColegiodeArquitectosdeChile"]},{"@type":"Person","@id":"https:\/\/colegioarquitectos.com\/noticias\/#\/schema\/person\/685cc0aad148303c5608f049af8285ad","name":"Colegio de Arquitectos de Chile","url":"https:\/\/colegioarquitectos.com\/noticias\/?author=4"}]}},"_links":{"self":[{"href":"https:\/\/colegioarquitectos.com\/noticias\/index.php?rest_route=\/wp\/v2\/posts\/22380","targetHints":{"allow":["GET"]}}],"collection":[{"href":"https:\/\/colegioarquitectos.com\/noticias\/index.php?rest_route=\/wp\/v2\/posts"}],"about":[{"href":"https:\/\/colegioarquitectos.com\/noticias\/index.php?rest_route=\/wp\/v2\/types\/post"}],"author":[{"embeddable":true,"href":"https:\/\/colegioarquitectos.com\/noticias\/index.php?rest_route=\/wp\/v2\/users\/4"}],"replies":[{"embeddable":true,"href":"https:\/\/colegioarquitectos.com\/noticias\/index.php?rest_route=%2Fwp%2Fv2%2Fcomments&post=22380"}],"version-history":[{"count":0,"href":"https:\/\/colegioarquitectos.com\/noticias\/index.php?rest_route=\/wp\/v2\/posts\/22380\/revisions"}],"wp:featuredmedia":[{"embeddable":true,"href":"https:\/\/colegioarquitectos.com\/noticias\/index.php?rest_route=\/wp\/v2\/media\/22382"}],"wp:attachment":[{"href":"https:\/\/colegioarquitectos.com\/noticias\/index.php?rest_route=%2Fwp%2Fv2%2Fmedia&parent=22380"}],"wp:term":[{"taxonomy":"category","embeddable":true,"href":"https:\/\/colegioarquitectos.com\/noticias\/index.php?rest_route=%2Fwp%2Fv2%2Fcategories&post=22380"},{"taxonomy":"post_tag","embeddable":true,"href":"https:\/\/colegioarquitectos.com\/noticias\/index.php?rest_route=%2Fwp%2Fv2%2Ftags&post=22380"}],"curies":[{"name":"wp","href":"https:\/\/api.w.org\/{rel}","templated":true}]}}