
{"id":22581,"date":"2018-12-21T14:09:14","date_gmt":"2018-12-21T14:09:14","guid":{"rendered":"http:\/\/colegioarquitectos.com\/?p=22581"},"modified":"2018-12-21T14:09:14","modified_gmt":"2018-12-21T14:09:14","slug":"colegios-profesionales-exigen-al-gobierno-que-se-acelere-la-discusion-de-la-reforma-tributaria","status":"publish","type":"post","link":"https:\/\/colegioarquitectos.com\/noticias\/?p=22581","title":{"rendered":"Colegios Profesionales exigen al Gobierno que se acelere la discusi\u00f3n de la reforma tributaria"},"content":{"rendered":"<p>Los presidentes de los Colegios de <strong>Contadores<\/strong>, <strong>Ingenieros<\/strong>, <strong>Constructores<\/strong>, <strong>Arquitectos<\/strong> y <strong>Abogados<\/strong> exigen al Gobierno acelerar la discusi\u00f3n del proyecto de ley de modernizaci\u00f3n tributaria. \u201cNecesitamos certeza en cuanto a las atribuciones que tendr\u00e1n tal o cual estamento gubernamental, con el fin de no ir acomodando las cosas en la marcha a medida que se producen los errores\u201d, comenta M\u00f3nica P\u00e9rez, presidenta del Colegio de Contadores.<\/p>\n<p>Actualmente existen dos sistemas tributarios, lo que constituy\u00f3 la reforma tributaria m\u00e1s grande en los \u00faltimos 30 a\u00f1os, siendo que esta ya tuvo un parche cuando se inici\u00f3 porque era inaplicable.\u201cDos sistemas tributarios es un problema mayor: 14 A y 14B. A\u00fan no sabemos con claridad qu\u00e9 criterio utilizar\u00e1 la autoridad. La certeza jur\u00eddica debe aplicarse a los actos y no a trav\u00e9s de una interpretaci\u00f3n del SII. El proyecto considera un Departamento de Defensor\u00eda del Contribuyente. Nos parece que es una idea que no debe ser desechada, tomando en cuenta que el 80% de las empresas del pa\u00eds son pymes; es claramente un tema transversal\u201d, precisa M\u00f3nica P\u00e9rez.<\/p>\n<p>\u201cEstamos dispuestos a actuar los cinco gremios en conjunto, desde un punto de vista t\u00e9cnico, no pol\u00edtico. No podemos seguir esperando.La declaraci\u00f3n de impuestos en todas partes del mundo es algo sencillo, ac\u00e1 es una complicaci\u00f3n mayor. No se nota de parte de las autoridades la preocupaci\u00f3n por los millones de personas que declaran impuestos, la incertidumbre es brutal y no se entiende\u201d, comenta Arturo Gana, presidente del Colegio de Ingenieros de Chile.<\/p>\n<p><strong>As\u00ed, concuerdan los gremios que es necesario definir el estatus del sistema tributario, porque genera incertidumbre a la inversi\u00f3n. Pronto a concluir el 2018, los colegios firmantes observan con preocupaci\u00f3n que el proyecto de modernizaci\u00f3n y simplificaci\u00f3n de la Reforma Tributaria no presenta avance alguno en su discusi\u00f3n parlamentaria.<\/strong><\/p>\n<p>Es indispensable contar con una ley corregida de Reforma Tributaria a la brevedad, atendiendo a los altos costos que trae para el pa\u00eds, tanto en lo econ\u00f3mico como tambi\u00e9n en cuanto a la decisi\u00f3n de poner o no en marcha proyectos y tomar decisiones de inversi\u00f3n, debido a la incertidumbre impositiva. Se requieren certeza normativa y reglas del juego claras para evitar este escenario.<\/p>\n<p>La modernizaci\u00f3n tributaria debe considerar: simplificaci\u00f3n ya que no pueden cohabitar dos sistemas tributarios dado su alto costo; justiciase requiere corregir la inequidad con respecto a la mayor tributaci\u00f3n que realizan los contribuyentes peque\u00f1os solo por su estructura o constituci\u00f3n societaria; certeza jur\u00eddica, igualdad,se debe solucionar el problema de las atribuciones de la autoridad fiscal, ya que hoy el contribuyente peque\u00f1o y mediano no tiene quien pueda defenderlo ante arbitrariedades de la Autoridad y promoci\u00f3n de pymes.<\/p>\n<p><\/p>","protected":false},"excerpt":{"rendered":"<p>Los presidentes de los Colegios de Contadores, Ingenieros, Constructores, Arquitectos y Abogados exigen al Gobierno acelerar la discusi\u00f3n del proyecto de ley de modernizaci\u00f3n tributaria. \u201cNecesitamos certeza en cuanto a las atribuciones que tendr\u00e1n tal o cual estamento gubernamental, con &hellip; <a class=\"more-link\" href=\"https:\/\/colegioarquitectos.com\/noticias\/?p=22581\">ver m\u00e1s<\/a><\/p>","protected":false},"author":4,"featured_media":22566,"comment_status":"closed","ping_status":"closed","sticky":false,"template":"","format":"standard","meta":{"footnotes":""},"categories":[8],"tags":[],"class_list":["post-22581","post","type-post","status-publish","format-standard","has-post-thumbnail","hentry","category-colegio-de-arquitectos"],"yoast_head":"<!-- This site is optimized with the Yoast SEO plugin v24.2 - https:\/\/yoast.com\/wordpress\/plugins\/seo\/ -->\n<title>Colegios Profesionales exigen al Gobierno que se acelere la discusi\u00f3n de la reforma tributaria - COLEGIO DE ARQUITECTOS DE CHILE<\/title>\n<meta name=\"robots\" content=\"index, follow, max-snippet:-1, max-image-preview:large, max-video-preview:-1\" \/>\n<link rel=\"canonical\" href=\"https:\/\/colegioarquitectos.com\/noticias\/?p=22581\" \/>\n<meta property=\"og:locale\" content=\"es_ES\" \/>\n<meta property=\"og:type\" content=\"article\" \/>\n<meta property=\"og:title\" content=\"Colegios Profesionales exigen al Gobierno que se acelere la discusi\u00f3n de la reforma tributaria - COLEGIO DE ARQUITECTOS DE CHILE\" \/>\n<meta property=\"og:description\" content=\"Los presidentes de los Colegios de Contadores, Ingenieros, Constructores, Arquitectos y Abogados exigen al Gobierno acelerar la discusi\u00f3n del proyecto de ley de modernizaci\u00f3n tributaria. \u201cNecesitamos certeza en cuanto a las atribuciones que tendr\u00e1n tal o cual estamento gubernamental, con &hellip; ver m\u00e1s\" \/>\n<meta property=\"og:url\" content=\"https:\/\/colegioarquitectos.com\/noticias\/?p=22581\" \/>\n<meta property=\"og:site_name\" content=\"COLEGIO DE ARQUITECTOS DE CHILE\" \/>\n<meta property=\"article:publisher\" content=\"https:\/\/facebook.com\/Colegioarq\/\" \/>\n<meta property=\"article:published_time\" content=\"2018-12-21T14:09:14+00:00\" \/>\n<meta property=\"og:image\" content=\"https:\/\/colegioarquitectos.com\/noticias\/wp-content\/uploads\/2018\/12\/Logo-CA-web-1.jpg\" \/>\n\t<meta property=\"og:image:width\" content=\"690\" \/>\n\t<meta property=\"og:image:height\" content=\"320\" \/>\n\t<meta property=\"og:image:type\" content=\"image\/jpeg\" \/>\n<meta name=\"author\" content=\"Colegio de Arquitectos de Chile\" \/>\n<meta name=\"twitter:card\" content=\"summary_large_image\" \/>\n<meta name=\"twitter:creator\" content=\"@colegioarq\" \/>\n<meta name=\"twitter:site\" content=\"@colegioarq\" \/>\n<meta name=\"twitter:label1\" content=\"Escrito por\" \/>\n\t<meta name=\"twitter:data1\" content=\"Colegio de Arquitectos de Chile\" \/>\n\t<meta name=\"twitter:label2\" content=\"Tiempo de lectura\" \/>\n\t<meta name=\"twitter:data2\" content=\"2 minutos\" \/>\n<script type=\"application\/ld+json\" class=\"yoast-schema-graph\">{\"@context\":\"https:\/\/schema.org\",\"@graph\":[{\"@type\":\"Article\",\"@id\":\"https:\/\/colegioarquitectos.com\/noticias\/?p=22581#article\",\"isPartOf\":{\"@id\":\"https:\/\/colegioarquitectos.com\/noticias\/?p=22581\"},\"author\":{\"name\":\"Colegio de Arquitectos de Chile\",\"@id\":\"https:\/\/colegioarquitectos.com\/noticias\/#\/schema\/person\/685cc0aad148303c5608f049af8285ad\"},\"headline\":\"Colegios Profesionales exigen al Gobierno que se acelere la discusi\u00f3n de la reforma tributaria\",\"datePublished\":\"2018-12-21T14:09:14+00:00\",\"dateModified\":\"2018-12-21T14:09:14+00:00\",\"mainEntityOfPage\":{\"@id\":\"https:\/\/colegioarquitectos.com\/noticias\/?p=22581\"},\"wordCount\":490,\"publisher\":{\"@id\":\"https:\/\/colegioarquitectos.com\/noticias\/#organization\"},\"image\":{\"@id\":\"https:\/\/colegioarquitectos.com\/noticias\/?p=22581#primaryimage\"},\"thumbnailUrl\":\"https:\/\/colegioarquitectos.com\/noticias\/wp-content\/uploads\/2018\/12\/Logo-CA-web-1.jpg\",\"articleSection\":[\"Colegio\"],\"inLanguage\":\"es\"},{\"@type\":\"WebPage\",\"@id\":\"https:\/\/colegioarquitectos.com\/noticias\/?p=22581\",\"url\":\"https:\/\/colegioarquitectos.com\/noticias\/?p=22581\",\"name\":\"Colegios Profesionales exigen al Gobierno que se acelere la discusi\u00f3n de la reforma tributaria - COLEGIO DE ARQUITECTOS DE CHILE\",\"isPartOf\":{\"@id\":\"https:\/\/colegioarquitectos.com\/noticias\/#website\"},\"primaryImageOfPage\":{\"@id\":\"https:\/\/colegioarquitectos.com\/noticias\/?p=22581#primaryimage\"},\"image\":{\"@id\":\"https:\/\/colegioarquitectos.com\/noticias\/?p=22581#primaryimage\"},\"thumbnailUrl\":\"https:\/\/colegioarquitectos.com\/noticias\/wp-content\/uploads\/2018\/12\/Logo-CA-web-1.jpg\",\"datePublished\":\"2018-12-21T14:09:14+00:00\",\"dateModified\":\"2018-12-21T14:09:14+00:00\",\"breadcrumb\":{\"@id\":\"https:\/\/colegioarquitectos.com\/noticias\/?p=22581#breadcrumb\"},\"inLanguage\":\"es\",\"potentialAction\":[{\"@type\":\"ReadAction\",\"target\":[\"https:\/\/colegioarquitectos.com\/noticias\/?p=22581\"]}]},{\"@type\":\"ImageObject\",\"inLanguage\":\"es\",\"@id\":\"https:\/\/colegioarquitectos.com\/noticias\/?p=22581#primaryimage\",\"url\":\"https:\/\/colegioarquitectos.com\/noticias\/wp-content\/uploads\/2018\/12\/Logo-CA-web-1.jpg\",\"contentUrl\":\"https:\/\/colegioarquitectos.com\/noticias\/wp-content\/uploads\/2018\/12\/Logo-CA-web-1.jpg\",\"width\":690,\"height\":320},{\"@type\":\"BreadcrumbList\",\"@id\":\"https:\/\/colegioarquitectos.com\/noticias\/?p=22581#breadcrumb\",\"itemListElement\":[{\"@type\":\"ListItem\",\"position\":1,\"name\":\"Portada\",\"item\":\"https:\/\/colegioarquitectos.com\/noticias\"},{\"@type\":\"ListItem\",\"position\":2,\"name\":\"Colegios Profesionales exigen al Gobierno que se acelere la discusi\u00f3n de la reforma tributaria\"}]},{\"@type\":\"WebSite\",\"@id\":\"https:\/\/colegioarquitectos.com\/noticias\/#website\",\"url\":\"https:\/\/colegioarquitectos.com\/noticias\/\",\"name\":\"COLEGIO DE ARQUITECTOS DE CHILE\",\"description\":\"\",\"publisher\":{\"@id\":\"https:\/\/colegioarquitectos.com\/noticias\/#organization\"},\"potentialAction\":[{\"@type\":\"SearchAction\",\"target\":{\"@type\":\"EntryPoint\",\"urlTemplate\":\"https:\/\/colegioarquitectos.com\/noticias\/?s={search_term_string}\"},\"query-input\":{\"@type\":\"PropertyValueSpecification\",\"valueRequired\":true,\"valueName\":\"search_term_string\"}}],\"inLanguage\":\"es\"},{\"@type\":\"Organization\",\"@id\":\"https:\/\/colegioarquitectos.com\/noticias\/#organization\",\"name\":\"COLEGIO DE ARQUITECTOS DE CHILE\",\"url\":\"https:\/\/colegioarquitectos.com\/noticias\/\",\"logo\":{\"@type\":\"ImageObject\",\"inLanguage\":\"es\",\"@id\":\"https:\/\/colegioarquitectos.com\/noticias\/#\/schema\/logo\/image\/\",\"url\":\"https:\/\/colegioarquitectos.com\/noticias\/wp-content\/uploads\/2021\/05\/ENCABEZADO-LOGO-CA.jpg\",\"contentUrl\":\"https:\/\/colegioarquitectos.com\/noticias\/wp-content\/uploads\/2021\/05\/ENCABEZADO-LOGO-CA.jpg\",\"width\":690,\"height\":350,\"caption\":\"COLEGIO DE ARQUITECTOS DE CHILE\"},\"image\":{\"@id\":\"https:\/\/colegioarquitectos.com\/noticias\/#\/schema\/logo\/image\/\"},\"sameAs\":[\"https:\/\/facebook.com\/Colegioarq\/\",\"https:\/\/x.com\/colegioarq\",\"https:\/\/instagram.com\/colegioarq\",\"https:\/\/youtube.com\/@ColegiodeArquitectosdeChile\"]},{\"@type\":\"Person\",\"@id\":\"https:\/\/colegioarquitectos.com\/noticias\/#\/schema\/person\/685cc0aad148303c5608f049af8285ad\",\"name\":\"Colegio de Arquitectos de Chile\",\"url\":\"https:\/\/colegioarquitectos.com\/noticias\/?author=4\"}]}<\/script>\n<!-- \/ Yoast SEO plugin. -->","yoast_head_json":{"title":"Colegios Profesionales exigen al Gobierno que se acelere la discusi\u00f3n de la reforma tributaria - COLEGIO DE ARQUITECTOS DE CHILE","robots":{"index":"index","follow":"follow","max-snippet":"max-snippet:-1","max-image-preview":"max-image-preview:large","max-video-preview":"max-video-preview:-1"},"canonical":"https:\/\/colegioarquitectos.com\/noticias\/?p=22581","og_locale":"es_ES","og_type":"article","og_title":"Colegios Profesionales exigen al Gobierno que se acelere la discusi\u00f3n de la reforma tributaria - COLEGIO DE ARQUITECTOS DE CHILE","og_description":"Los presidentes de los Colegios de Contadores, Ingenieros, Constructores, Arquitectos y Abogados exigen al Gobierno acelerar la discusi\u00f3n del proyecto de ley de modernizaci\u00f3n tributaria. \u201cNecesitamos certeza en cuanto a las atribuciones que tendr\u00e1n tal o cual estamento gubernamental, con &hellip; ver m\u00e1s","og_url":"https:\/\/colegioarquitectos.com\/noticias\/?p=22581","og_site_name":"COLEGIO DE ARQUITECTOS DE CHILE","article_publisher":"https:\/\/facebook.com\/Colegioarq\/","article_published_time":"2018-12-21T14:09:14+00:00","og_image":[{"width":690,"height":320,"url":"https:\/\/colegioarquitectos.com\/noticias\/wp-content\/uploads\/2018\/12\/Logo-CA-web-1.jpg","type":"image\/jpeg"}],"author":"Colegio de Arquitectos de Chile","twitter_card":"summary_large_image","twitter_creator":"@colegioarq","twitter_site":"@colegioarq","twitter_misc":{"Escrito por":"Colegio de Arquitectos de Chile","Tiempo de lectura":"2 minutos"},"schema":{"@context":"https:\/\/schema.org","@graph":[{"@type":"Article","@id":"https:\/\/colegioarquitectos.com\/noticias\/?p=22581#article","isPartOf":{"@id":"https:\/\/colegioarquitectos.com\/noticias\/?p=22581"},"author":{"name":"Colegio de Arquitectos de Chile","@id":"https:\/\/colegioarquitectos.com\/noticias\/#\/schema\/person\/685cc0aad148303c5608f049af8285ad"},"headline":"Colegios Profesionales exigen al Gobierno que se acelere la discusi\u00f3n de la reforma tributaria","datePublished":"2018-12-21T14:09:14+00:00","dateModified":"2018-12-21T14:09:14+00:00","mainEntityOfPage":{"@id":"https:\/\/colegioarquitectos.com\/noticias\/?p=22581"},"wordCount":490,"publisher":{"@id":"https:\/\/colegioarquitectos.com\/noticias\/#organization"},"image":{"@id":"https:\/\/colegioarquitectos.com\/noticias\/?p=22581#primaryimage"},"thumbnailUrl":"https:\/\/colegioarquitectos.com\/noticias\/wp-content\/uploads\/2018\/12\/Logo-CA-web-1.jpg","articleSection":["Colegio"],"inLanguage":"es"},{"@type":"WebPage","@id":"https:\/\/colegioarquitectos.com\/noticias\/?p=22581","url":"https:\/\/colegioarquitectos.com\/noticias\/?p=22581","name":"Colegios Profesionales exigen al Gobierno que se acelere la discusi\u00f3n de la reforma tributaria - COLEGIO DE ARQUITECTOS DE CHILE","isPartOf":{"@id":"https:\/\/colegioarquitectos.com\/noticias\/#website"},"primaryImageOfPage":{"@id":"https:\/\/colegioarquitectos.com\/noticias\/?p=22581#primaryimage"},"image":{"@id":"https:\/\/colegioarquitectos.com\/noticias\/?p=22581#primaryimage"},"thumbnailUrl":"https:\/\/colegioarquitectos.com\/noticias\/wp-content\/uploads\/2018\/12\/Logo-CA-web-1.jpg","datePublished":"2018-12-21T14:09:14+00:00","dateModified":"2018-12-21T14:09:14+00:00","breadcrumb":{"@id":"https:\/\/colegioarquitectos.com\/noticias\/?p=22581#breadcrumb"},"inLanguage":"es","potentialAction":[{"@type":"ReadAction","target":["https:\/\/colegioarquitectos.com\/noticias\/?p=22581"]}]},{"@type":"ImageObject","inLanguage":"es","@id":"https:\/\/colegioarquitectos.com\/noticias\/?p=22581#primaryimage","url":"https:\/\/colegioarquitectos.com\/noticias\/wp-content\/uploads\/2018\/12\/Logo-CA-web-1.jpg","contentUrl":"https:\/\/colegioarquitectos.com\/noticias\/wp-content\/uploads\/2018\/12\/Logo-CA-web-1.jpg","width":690,"height":320},{"@type":"BreadcrumbList","@id":"https:\/\/colegioarquitectos.com\/noticias\/?p=22581#breadcrumb","itemListElement":[{"@type":"ListItem","position":1,"name":"Portada","item":"https:\/\/colegioarquitectos.com\/noticias"},{"@type":"ListItem","position":2,"name":"Colegios Profesionales exigen al Gobierno que se acelere la discusi\u00f3n de la reforma tributaria"}]},{"@type":"WebSite","@id":"https:\/\/colegioarquitectos.com\/noticias\/#website","url":"https:\/\/colegioarquitectos.com\/noticias\/","name":"COLEGIO DE ARQUITECTOS DE CHILE","description":"","publisher":{"@id":"https:\/\/colegioarquitectos.com\/noticias\/#organization"},"potentialAction":[{"@type":"SearchAction","target":{"@type":"EntryPoint","urlTemplate":"https:\/\/colegioarquitectos.com\/noticias\/?s={search_term_string}"},"query-input":{"@type":"PropertyValueSpecification","valueRequired":true,"valueName":"search_term_string"}}],"inLanguage":"es"},{"@type":"Organization","@id":"https:\/\/colegioarquitectos.com\/noticias\/#organization","name":"COLEGIO DE ARQUITECTOS DE CHILE","url":"https:\/\/colegioarquitectos.com\/noticias\/","logo":{"@type":"ImageObject","inLanguage":"es","@id":"https:\/\/colegioarquitectos.com\/noticias\/#\/schema\/logo\/image\/","url":"https:\/\/colegioarquitectos.com\/noticias\/wp-content\/uploads\/2021\/05\/ENCABEZADO-LOGO-CA.jpg","contentUrl":"https:\/\/colegioarquitectos.com\/noticias\/wp-content\/uploads\/2021\/05\/ENCABEZADO-LOGO-CA.jpg","width":690,"height":350,"caption":"COLEGIO DE ARQUITECTOS DE CHILE"},"image":{"@id":"https:\/\/colegioarquitectos.com\/noticias\/#\/schema\/logo\/image\/"},"sameAs":["https:\/\/facebook.com\/Colegioarq\/","https:\/\/x.com\/colegioarq","https:\/\/instagram.com\/colegioarq","https:\/\/youtube.com\/@ColegiodeArquitectosdeChile"]},{"@type":"Person","@id":"https:\/\/colegioarquitectos.com\/noticias\/#\/schema\/person\/685cc0aad148303c5608f049af8285ad","name":"Colegio de Arquitectos de Chile","url":"https:\/\/colegioarquitectos.com\/noticias\/?author=4"}]}},"_links":{"self":[{"href":"https:\/\/colegioarquitectos.com\/noticias\/index.php?rest_route=\/wp\/v2\/posts\/22581","targetHints":{"allow":["GET"]}}],"collection":[{"href":"https:\/\/colegioarquitectos.com\/noticias\/index.php?rest_route=\/wp\/v2\/posts"}],"about":[{"href":"https:\/\/colegioarquitectos.com\/noticias\/index.php?rest_route=\/wp\/v2\/types\/post"}],"author":[{"embeddable":true,"href":"https:\/\/colegioarquitectos.com\/noticias\/index.php?rest_route=\/wp\/v2\/users\/4"}],"replies":[{"embeddable":true,"href":"https:\/\/colegioarquitectos.com\/noticias\/index.php?rest_route=%2Fwp%2Fv2%2Fcomments&post=22581"}],"version-history":[{"count":0,"href":"https:\/\/colegioarquitectos.com\/noticias\/index.php?rest_route=\/wp\/v2\/posts\/22581\/revisions"}],"wp:featuredmedia":[{"embeddable":true,"href":"https:\/\/colegioarquitectos.com\/noticias\/index.php?rest_route=\/wp\/v2\/media\/22566"}],"wp:attachment":[{"href":"https:\/\/colegioarquitectos.com\/noticias\/index.php?rest_route=%2Fwp%2Fv2%2Fmedia&parent=22581"}],"wp:term":[{"taxonomy":"category","embeddable":true,"href":"https:\/\/colegioarquitectos.com\/noticias\/index.php?rest_route=%2Fwp%2Fv2%2Fcategories&post=22581"},{"taxonomy":"post_tag","embeddable":true,"href":"https:\/\/colegioarquitectos.com\/noticias\/index.php?rest_route=%2Fwp%2Fv2%2Ftags&post=22581"}],"curies":[{"name":"wp","href":"https:\/\/api.w.org\/{rel}","templated":true}]}}