
{"id":22584,"date":"2018-12-21T14:57:35","date_gmt":"2018-12-21T14:57:35","guid":{"rendered":"http:\/\/colegioarquitectos.com\/?p=22584"},"modified":"2018-12-21T14:57:35","modified_gmt":"2018-12-21T14:57:35","slug":"hacia-una-mirada-global-la-experiencia-en-japon","status":"publish","type":"post","link":"https:\/\/colegioarquitectos.com\/noticias\/?p=22584","title":{"rendered":"Hacia una mirada global, la experiencia en Jap\u00f3n"},"content":{"rendered":"<p>Como parte del convenio de colaboraci\u00f3n entre la <strong>JICA<\/strong> y el <strong>Ministerio de Energ\u00eda<\/strong>, se desarroll\u00f3 entre el 29 de octubre y el 09 de noviembre un programa de capacitaci\u00f3n en<strong> Jap\u00f3n<\/strong>, con el fin de conocer sobre las pol\u00edticas p\u00fablicas en construcci\u00f3n sustentable, eficiencia energ\u00e9tica y certificaciones. Particip\u00f3 una delegaci\u00f3n compuesta por diez representantes de ocho instituciones p\u00fablicas y privadas, entre ellas la arquitecta <strong>Paola Molina<\/strong>, presidenta del <strong>Comit\u00e9 de Sustentabilidad y Energ\u00eda<\/strong> del <strong>Colegio de Arquitectos de Chile<\/strong> e integrante del <strong>Comit\u00e9 Directivo CES<\/strong>, quien realiz\u00f3 una serie de columnas de opini\u00f3n donde recoge los aspectos m\u00e1s relevantes de esta experiencia.<\/p>\n<p><strong>Ac\u00e1, Molina se refiere a las principales lecciones y desaf\u00edos que plantea a Chile el ejemplo de Jap\u00f3n, particularmente en el desarrollo de pol\u00edticas p\u00fablicas.<\/strong><\/p>\n<h2><\/h2>\n<h2>Hacia una mirada global, la experiencia en Jap\u00f3n<\/h2>\n<p>A trav\u00e9s de la transferencia de conocimiento recibido, tuvimos la oportunidad de compenetrarnos en la gestaci\u00f3n de las pol\u00edticas p\u00fablicas, incentivos y desarrollo del \u00e1rea de eficiencia energ\u00e9tica en la construcci\u00f3n en Jap\u00f3n, adem\u00e1s de un ba\u00f1o de su extraordinaria cultura, siendo esta \u00faltima el contexto \u00f3ptimo para que lo anterior se haya logrado concretar.<\/p>\n<p>La experiencia recibida por quienes viajamos a la isla, sin duda ser\u00e1 aquilatada y marcar\u00e1 un precedente y rumbo en nuestras carreras profesionales, y lo que desde ah\u00ed podamos irradiar a las instituciones de nuestro pa\u00eds que deben liderar estos procesos.<\/p>\n<p>Para empezar, los compromisos ambientales y energ\u00e9ticos suscritos a nivel internacional por Jap\u00f3n impulsan la aplicaci\u00f3n de pol\u00edticas conjuntas nacionales, con una mirada pa\u00eds de largo y mediano plazo. Van m\u00e1s all\u00e1 de soluciones a problemas puntuales o acciones aisladas.<\/p>\n<p>Para dimensionarlo, puedo comentar que existen variados tipos de subsidios e incentivos, tanto para nueva construcci\u00f3n como para edificios existentes, sin distinci\u00f3n del nivel de ingreso familiar. Esto, porque se tiene la claridad de que es el pa\u00eds completo el que debe cumplir con los compromisos adquiridos: si el enfoque se pone solo en los sectores m\u00e1s vulnerables o p\u00fablicos, se dejar\u00e1 de lado un porcentaje importante de las edificaciones que, sin la posibilidad de mejorar sus est\u00e1ndares, no permitir\u00e1 que el pa\u00eds sea capaz de cumplir, mientras que tambi\u00e9n se ralentizar\u00e1 la masificaci\u00f3n de la tecnolog\u00eda necesaria a precios asequibles, poniendo en riesgo su alcance.<\/p>\n<p>El alcance de las pol\u00edticas tambi\u00e9n es local: durante el viaje tuvimos la oportunidad de visitar el Gobierno Metropolitano de Tokio, que est\u00e1 trabajando con est\u00e1ndares y plazos para el desarrollo y establecimiento de cero emisiones, cero basura y la formaci\u00f3n de un equipo p\u00fablico-privado de difusi\u00f3n con miras a lograr una ciudad sustentable para los Juegos Ol\u00edmpicos que se realizar\u00e1n en 2020.<\/p>\n<p>Los est\u00e1ndares que se ha establecido el Municipio est\u00e1n basados en los est\u00e1ndares ambientales y de eficiencia energ\u00e9tica de Jap\u00f3n pero, en muchos casos, aumentan la exigencia para lograr sus metas trazadas.<\/p>\n<p>Esta mirada permite reflexionar sobre la necesidad de avanzar en las pol\u00edticas de gesti\u00f3n de residuos considerando todo el ciclo de vida de la edificaciones; incorporar la mirada de ciudades en la reducci\u00f3n de GEI desarrollando planes locales de eficiencia energ\u00e9tica con exigencias mayores al est\u00e1ndar; atender la mitigaci\u00f3n de islas de calor; conservar la biodiversidad y fortalecer la creaci\u00f3n de m\u00e1s \u00e1reas verdes de calidad dentro de la ciudad; incorporar en las ciudades la energ\u00eda distrital de alta eficiencia basada en fuentes de energ\u00eda renovable; levantar y registrar informaci\u00f3n a trav\u00e9s de monitorizaci\u00f3n y, por \u00faltimo, difundir los planes a trav\u00e9s de equipos organizados dentro de cada comuna.<\/p>\n<p>Queda planteado el desaf\u00edo para Chile, donde si bien hay municipios que han tomado la delantera y se encuentran trabajando en el desarrollo de planes de incentivo de producci\u00f3n de energ\u00edas renovables, uso de bicicletas, reciclaje y otras iniciativas, a\u00fan faltan los planes con metas y objetivos claros para lograr comunas sustentables, reduciendo al m\u00e1ximo el CO2 y el consumo de energ\u00eda comunal.<\/p>\n<p>Finalmente, un punto que no puede dejar de abordarse es ejemplo de la resiliencia frente a las cat\u00e1strofes provocadas por eventos naturales, donde Chile y Jap\u00f3n compartimos un escenario asemejable.<\/p>\n<p>Es importante comentar que en Jap\u00f3n planifican sus construcciones en base a la prevenci\u00f3n y no a la reacci\u00f3n, porque el costo de esto \u00faltimo es muy alto. De esta forma, generan un an\u00e1lisis acucioso de tendencias, cambios en la sociedad, efectos de los desastres naturales, etc., integrando estrategias desde etapas tempranas en el desarrollo y planificaci\u00f3n de la ciudad y sus edificaciones.<\/p>\n<p>Hay mucho que decir sobre este enfoque y el desaf\u00edo para Chile es avanzar en ciudades con alto est\u00e1ndar de prevenci\u00f3n, preparaci\u00f3n y resiliencia frente a eventos que, por las caracter\u00edsticas de nuestro territorio, no dejar\u00e1n de ocurrir.<\/p>\n<p><\/p>","protected":false},"excerpt":{"rendered":"<p>Como parte del convenio de colaboraci\u00f3n entre la JICA y el Ministerio de Energ\u00eda, se desarroll\u00f3 entre el 29 de octubre y el 09 de noviembre un programa de capacitaci\u00f3n en Jap\u00f3n, con el fin de conocer sobre las pol\u00edticas &hellip; <a class=\"more-link\" href=\"https:\/\/colegioarquitectos.com\/noticias\/?p=22584\">ver m\u00e1s<\/a><\/p>","protected":false},"author":4,"featured_media":22585,"comment_status":"closed","ping_status":"closed","sticky":false,"template":"","format":"standard","meta":{"footnotes":""},"categories":[9],"tags":[],"class_list":["post-22584","post","type-post","status-publish","format-standard","has-post-thumbnail","hentry","category-comites"],"yoast_head":"<!-- This site is optimized with the Yoast SEO plugin v24.2 - https:\/\/yoast.com\/wordpress\/plugins\/seo\/ -->\n<title>Hacia una mirada global, la experiencia en Jap\u00f3n - COLEGIO DE ARQUITECTOS DE CHILE<\/title>\n<meta name=\"robots\" content=\"index, follow, max-snippet:-1, max-image-preview:large, max-video-preview:-1\" \/>\n<link rel=\"canonical\" href=\"https:\/\/colegioarquitectos.com\/noticias\/?p=22584\" \/>\n<meta property=\"og:locale\" content=\"es_ES\" \/>\n<meta property=\"og:type\" content=\"article\" \/>\n<meta property=\"og:title\" content=\"Hacia una mirada global, la experiencia en Jap\u00f3n - COLEGIO DE ARQUITECTOS DE CHILE\" \/>\n<meta property=\"og:description\" content=\"Como parte del convenio de colaboraci\u00f3n entre la JICA y el Ministerio de Energ\u00eda, se desarroll\u00f3 entre el 29 de octubre y el 09 de noviembre un programa de capacitaci\u00f3n en Jap\u00f3n, con el fin de conocer sobre las pol\u00edticas &hellip; ver m\u00e1s\" \/>\n<meta property=\"og:url\" content=\"https:\/\/colegioarquitectos.com\/noticias\/?p=22584\" \/>\n<meta property=\"og:site_name\" content=\"COLEGIO DE ARQUITECTOS DE CHILE\" \/>\n<meta property=\"article:publisher\" content=\"https:\/\/facebook.com\/Colegioarq\/\" \/>\n<meta property=\"article:published_time\" content=\"2018-12-21T14:57:35+00:00\" \/>\n<meta property=\"og:image\" content=\"https:\/\/colegioarquitectos.com\/noticias\/wp-content\/uploads\/2018\/12\/ENCABEZADO-2.jpg\" \/>\n\t<meta property=\"og:image:width\" content=\"690\" \/>\n\t<meta property=\"og:image:height\" content=\"350\" \/>\n\t<meta property=\"og:image:type\" content=\"image\/jpeg\" \/>\n<meta name=\"author\" content=\"Colegio de Arquitectos de Chile\" \/>\n<meta name=\"twitter:card\" content=\"summary_large_image\" \/>\n<meta name=\"twitter:creator\" content=\"@colegioarq\" \/>\n<meta name=\"twitter:site\" content=\"@colegioarq\" \/>\n<meta name=\"twitter:label1\" content=\"Escrito por\" \/>\n\t<meta name=\"twitter:data1\" content=\"Colegio de Arquitectos de Chile\" \/>\n\t<meta name=\"twitter:label2\" content=\"Tiempo de lectura\" \/>\n\t<meta name=\"twitter:data2\" content=\"4 minutos\" \/>\n<script type=\"application\/ld+json\" class=\"yoast-schema-graph\">{\"@context\":\"https:\/\/schema.org\",\"@graph\":[{\"@type\":\"Article\",\"@id\":\"https:\/\/colegioarquitectos.com\/noticias\/?p=22584#article\",\"isPartOf\":{\"@id\":\"https:\/\/colegioarquitectos.com\/noticias\/?p=22584\"},\"author\":{\"name\":\"Colegio de Arquitectos de Chile\",\"@id\":\"https:\/\/colegioarquitectos.com\/noticias\/#\/schema\/person\/685cc0aad148303c5608f049af8285ad\"},\"headline\":\"Hacia una mirada global, la experiencia en Jap\u00f3n\",\"datePublished\":\"2018-12-21T14:57:35+00:00\",\"dateModified\":\"2018-12-21T14:57:35+00:00\",\"mainEntityOfPage\":{\"@id\":\"https:\/\/colegioarquitectos.com\/noticias\/?p=22584\"},\"wordCount\":872,\"publisher\":{\"@id\":\"https:\/\/colegioarquitectos.com\/noticias\/#organization\"},\"image\":{\"@id\":\"https:\/\/colegioarquitectos.com\/noticias\/?p=22584#primaryimage\"},\"thumbnailUrl\":\"https:\/\/colegioarquitectos.com\/noticias\/wp-content\/uploads\/2018\/12\/ENCABEZADO-2.jpg\",\"articleSection\":[\"Comit\u00e9s\"],\"inLanguage\":\"es\"},{\"@type\":\"WebPage\",\"@id\":\"https:\/\/colegioarquitectos.com\/noticias\/?p=22584\",\"url\":\"https:\/\/colegioarquitectos.com\/noticias\/?p=22584\",\"name\":\"Hacia una mirada global, la experiencia en Jap\u00f3n - COLEGIO DE ARQUITECTOS DE CHILE\",\"isPartOf\":{\"@id\":\"https:\/\/colegioarquitectos.com\/noticias\/#website\"},\"primaryImageOfPage\":{\"@id\":\"https:\/\/colegioarquitectos.com\/noticias\/?p=22584#primaryimage\"},\"image\":{\"@id\":\"https:\/\/colegioarquitectos.com\/noticias\/?p=22584#primaryimage\"},\"thumbnailUrl\":\"https:\/\/colegioarquitectos.com\/noticias\/wp-content\/uploads\/2018\/12\/ENCABEZADO-2.jpg\",\"datePublished\":\"2018-12-21T14:57:35+00:00\",\"dateModified\":\"2018-12-21T14:57:35+00:00\",\"breadcrumb\":{\"@id\":\"https:\/\/colegioarquitectos.com\/noticias\/?p=22584#breadcrumb\"},\"inLanguage\":\"es\",\"potentialAction\":[{\"@type\":\"ReadAction\",\"target\":[\"https:\/\/colegioarquitectos.com\/noticias\/?p=22584\"]}]},{\"@type\":\"ImageObject\",\"inLanguage\":\"es\",\"@id\":\"https:\/\/colegioarquitectos.com\/noticias\/?p=22584#primaryimage\",\"url\":\"https:\/\/colegioarquitectos.com\/noticias\/wp-content\/uploads\/2018\/12\/ENCABEZADO-2.jpg\",\"contentUrl\":\"https:\/\/colegioarquitectos.com\/noticias\/wp-content\/uploads\/2018\/12\/ENCABEZADO-2.jpg\",\"width\":690,\"height\":350},{\"@type\":\"BreadcrumbList\",\"@id\":\"https:\/\/colegioarquitectos.com\/noticias\/?p=22584#breadcrumb\",\"itemListElement\":[{\"@type\":\"ListItem\",\"position\":1,\"name\":\"Portada\",\"item\":\"https:\/\/colegioarquitectos.com\/noticias\"},{\"@type\":\"ListItem\",\"position\":2,\"name\":\"Hacia una mirada global, la experiencia en Jap\u00f3n\"}]},{\"@type\":\"WebSite\",\"@id\":\"https:\/\/colegioarquitectos.com\/noticias\/#website\",\"url\":\"https:\/\/colegioarquitectos.com\/noticias\/\",\"name\":\"COLEGIO DE ARQUITECTOS DE CHILE\",\"description\":\"\",\"publisher\":{\"@id\":\"https:\/\/colegioarquitectos.com\/noticias\/#organization\"},\"potentialAction\":[{\"@type\":\"SearchAction\",\"target\":{\"@type\":\"EntryPoint\",\"urlTemplate\":\"https:\/\/colegioarquitectos.com\/noticias\/?s={search_term_string}\"},\"query-input\":{\"@type\":\"PropertyValueSpecification\",\"valueRequired\":true,\"valueName\":\"search_term_string\"}}],\"inLanguage\":\"es\"},{\"@type\":\"Organization\",\"@id\":\"https:\/\/colegioarquitectos.com\/noticias\/#organization\",\"name\":\"COLEGIO DE ARQUITECTOS DE CHILE\",\"url\":\"https:\/\/colegioarquitectos.com\/noticias\/\",\"logo\":{\"@type\":\"ImageObject\",\"inLanguage\":\"es\",\"@id\":\"https:\/\/colegioarquitectos.com\/noticias\/#\/schema\/logo\/image\/\",\"url\":\"https:\/\/colegioarquitectos.com\/noticias\/wp-content\/uploads\/2021\/05\/ENCABEZADO-LOGO-CA.jpg\",\"contentUrl\":\"https:\/\/colegioarquitectos.com\/noticias\/wp-content\/uploads\/2021\/05\/ENCABEZADO-LOGO-CA.jpg\",\"width\":690,\"height\":350,\"caption\":\"COLEGIO DE ARQUITECTOS DE CHILE\"},\"image\":{\"@id\":\"https:\/\/colegioarquitectos.com\/noticias\/#\/schema\/logo\/image\/\"},\"sameAs\":[\"https:\/\/facebook.com\/Colegioarq\/\",\"https:\/\/x.com\/colegioarq\",\"https:\/\/instagram.com\/colegioarq\",\"https:\/\/youtube.com\/@ColegiodeArquitectosdeChile\"]},{\"@type\":\"Person\",\"@id\":\"https:\/\/colegioarquitectos.com\/noticias\/#\/schema\/person\/685cc0aad148303c5608f049af8285ad\",\"name\":\"Colegio de Arquitectos de Chile\",\"url\":\"https:\/\/colegioarquitectos.com\/noticias\/?author=4\"}]}<\/script>\n<!-- \/ Yoast SEO plugin. -->","yoast_head_json":{"title":"Hacia una mirada global, la experiencia en Jap\u00f3n - COLEGIO DE ARQUITECTOS DE CHILE","robots":{"index":"index","follow":"follow","max-snippet":"max-snippet:-1","max-image-preview":"max-image-preview:large","max-video-preview":"max-video-preview:-1"},"canonical":"https:\/\/colegioarquitectos.com\/noticias\/?p=22584","og_locale":"es_ES","og_type":"article","og_title":"Hacia una mirada global, la experiencia en Jap\u00f3n - COLEGIO DE ARQUITECTOS DE CHILE","og_description":"Como parte del convenio de colaboraci\u00f3n entre la JICA y el Ministerio de Energ\u00eda, se desarroll\u00f3 entre el 29 de octubre y el 09 de noviembre un programa de capacitaci\u00f3n en Jap\u00f3n, con el fin de conocer sobre las pol\u00edticas &hellip; ver m\u00e1s","og_url":"https:\/\/colegioarquitectos.com\/noticias\/?p=22584","og_site_name":"COLEGIO DE ARQUITECTOS DE CHILE","article_publisher":"https:\/\/facebook.com\/Colegioarq\/","article_published_time":"2018-12-21T14:57:35+00:00","og_image":[{"width":690,"height":350,"url":"https:\/\/colegioarquitectos.com\/noticias\/wp-content\/uploads\/2018\/12\/ENCABEZADO-2.jpg","type":"image\/jpeg"}],"author":"Colegio de Arquitectos de Chile","twitter_card":"summary_large_image","twitter_creator":"@colegioarq","twitter_site":"@colegioarq","twitter_misc":{"Escrito por":"Colegio de Arquitectos de Chile","Tiempo de lectura":"4 minutos"},"schema":{"@context":"https:\/\/schema.org","@graph":[{"@type":"Article","@id":"https:\/\/colegioarquitectos.com\/noticias\/?p=22584#article","isPartOf":{"@id":"https:\/\/colegioarquitectos.com\/noticias\/?p=22584"},"author":{"name":"Colegio de Arquitectos de Chile","@id":"https:\/\/colegioarquitectos.com\/noticias\/#\/schema\/person\/685cc0aad148303c5608f049af8285ad"},"headline":"Hacia una mirada global, la experiencia en Jap\u00f3n","datePublished":"2018-12-21T14:57:35+00:00","dateModified":"2018-12-21T14:57:35+00:00","mainEntityOfPage":{"@id":"https:\/\/colegioarquitectos.com\/noticias\/?p=22584"},"wordCount":872,"publisher":{"@id":"https:\/\/colegioarquitectos.com\/noticias\/#organization"},"image":{"@id":"https:\/\/colegioarquitectos.com\/noticias\/?p=22584#primaryimage"},"thumbnailUrl":"https:\/\/colegioarquitectos.com\/noticias\/wp-content\/uploads\/2018\/12\/ENCABEZADO-2.jpg","articleSection":["Comit\u00e9s"],"inLanguage":"es"},{"@type":"WebPage","@id":"https:\/\/colegioarquitectos.com\/noticias\/?p=22584","url":"https:\/\/colegioarquitectos.com\/noticias\/?p=22584","name":"Hacia una mirada global, la experiencia en Jap\u00f3n - COLEGIO DE ARQUITECTOS DE CHILE","isPartOf":{"@id":"https:\/\/colegioarquitectos.com\/noticias\/#website"},"primaryImageOfPage":{"@id":"https:\/\/colegioarquitectos.com\/noticias\/?p=22584#primaryimage"},"image":{"@id":"https:\/\/colegioarquitectos.com\/noticias\/?p=22584#primaryimage"},"thumbnailUrl":"https:\/\/colegioarquitectos.com\/noticias\/wp-content\/uploads\/2018\/12\/ENCABEZADO-2.jpg","datePublished":"2018-12-21T14:57:35+00:00","dateModified":"2018-12-21T14:57:35+00:00","breadcrumb":{"@id":"https:\/\/colegioarquitectos.com\/noticias\/?p=22584#breadcrumb"},"inLanguage":"es","potentialAction":[{"@type":"ReadAction","target":["https:\/\/colegioarquitectos.com\/noticias\/?p=22584"]}]},{"@type":"ImageObject","inLanguage":"es","@id":"https:\/\/colegioarquitectos.com\/noticias\/?p=22584#primaryimage","url":"https:\/\/colegioarquitectos.com\/noticias\/wp-content\/uploads\/2018\/12\/ENCABEZADO-2.jpg","contentUrl":"https:\/\/colegioarquitectos.com\/noticias\/wp-content\/uploads\/2018\/12\/ENCABEZADO-2.jpg","width":690,"height":350},{"@type":"BreadcrumbList","@id":"https:\/\/colegioarquitectos.com\/noticias\/?p=22584#breadcrumb","itemListElement":[{"@type":"ListItem","position":1,"name":"Portada","item":"https:\/\/colegioarquitectos.com\/noticias"},{"@type":"ListItem","position":2,"name":"Hacia una mirada global, la experiencia en Jap\u00f3n"}]},{"@type":"WebSite","@id":"https:\/\/colegioarquitectos.com\/noticias\/#website","url":"https:\/\/colegioarquitectos.com\/noticias\/","name":"COLEGIO DE ARQUITECTOS DE CHILE","description":"","publisher":{"@id":"https:\/\/colegioarquitectos.com\/noticias\/#organization"},"potentialAction":[{"@type":"SearchAction","target":{"@type":"EntryPoint","urlTemplate":"https:\/\/colegioarquitectos.com\/noticias\/?s={search_term_string}"},"query-input":{"@type":"PropertyValueSpecification","valueRequired":true,"valueName":"search_term_string"}}],"inLanguage":"es"},{"@type":"Organization","@id":"https:\/\/colegioarquitectos.com\/noticias\/#organization","name":"COLEGIO DE ARQUITECTOS DE CHILE","url":"https:\/\/colegioarquitectos.com\/noticias\/","logo":{"@type":"ImageObject","inLanguage":"es","@id":"https:\/\/colegioarquitectos.com\/noticias\/#\/schema\/logo\/image\/","url":"https:\/\/colegioarquitectos.com\/noticias\/wp-content\/uploads\/2021\/05\/ENCABEZADO-LOGO-CA.jpg","contentUrl":"https:\/\/colegioarquitectos.com\/noticias\/wp-content\/uploads\/2021\/05\/ENCABEZADO-LOGO-CA.jpg","width":690,"height":350,"caption":"COLEGIO DE ARQUITECTOS DE CHILE"},"image":{"@id":"https:\/\/colegioarquitectos.com\/noticias\/#\/schema\/logo\/image\/"},"sameAs":["https:\/\/facebook.com\/Colegioarq\/","https:\/\/x.com\/colegioarq","https:\/\/instagram.com\/colegioarq","https:\/\/youtube.com\/@ColegiodeArquitectosdeChile"]},{"@type":"Person","@id":"https:\/\/colegioarquitectos.com\/noticias\/#\/schema\/person\/685cc0aad148303c5608f049af8285ad","name":"Colegio de Arquitectos de Chile","url":"https:\/\/colegioarquitectos.com\/noticias\/?author=4"}]}},"_links":{"self":[{"href":"https:\/\/colegioarquitectos.com\/noticias\/index.php?rest_route=\/wp\/v2\/posts\/22584","targetHints":{"allow":["GET"]}}],"collection":[{"href":"https:\/\/colegioarquitectos.com\/noticias\/index.php?rest_route=\/wp\/v2\/posts"}],"about":[{"href":"https:\/\/colegioarquitectos.com\/noticias\/index.php?rest_route=\/wp\/v2\/types\/post"}],"author":[{"embeddable":true,"href":"https:\/\/colegioarquitectos.com\/noticias\/index.php?rest_route=\/wp\/v2\/users\/4"}],"replies":[{"embeddable":true,"href":"https:\/\/colegioarquitectos.com\/noticias\/index.php?rest_route=%2Fwp%2Fv2%2Fcomments&post=22584"}],"version-history":[{"count":0,"href":"https:\/\/colegioarquitectos.com\/noticias\/index.php?rest_route=\/wp\/v2\/posts\/22584\/revisions"}],"wp:featuredmedia":[{"embeddable":true,"href":"https:\/\/colegioarquitectos.com\/noticias\/index.php?rest_route=\/wp\/v2\/media\/22585"}],"wp:attachment":[{"href":"https:\/\/colegioarquitectos.com\/noticias\/index.php?rest_route=%2Fwp%2Fv2%2Fmedia&parent=22584"}],"wp:term":[{"taxonomy":"category","embeddable":true,"href":"https:\/\/colegioarquitectos.com\/noticias\/index.php?rest_route=%2Fwp%2Fv2%2Fcategories&post=22584"},{"taxonomy":"post_tag","embeddable":true,"href":"https:\/\/colegioarquitectos.com\/noticias\/index.php?rest_route=%2Fwp%2Fv2%2Ftags&post=22584"}],"curies":[{"name":"wp","href":"https:\/\/api.w.org\/{rel}","templated":true}]}}